{"id":1061,"date":"2024-12-16T17:04:43","date_gmt":"2024-12-16T16:04:43","guid":{"rendered":"https:\/\/mob-media.info\/?p=1061"},"modified":"2024-12-16T17:07:28","modified_gmt":"2024-12-16T16:07:28","slug":"droit-de-vote-a-16-ans-ecoutons-les-jeunes","status":"publish","type":"post","link":"https:\/\/mob-media.info\/index.php\/2024\/12\/16\/droit-de-vote-a-16-ans-ecoutons-les-jeunes\/","title":{"rendered":"Droit de vote \u00e0 16 ans : \u00e9coutons les jeunes"},"content":{"rendered":"\n<h2 class=\"wp-block-heading has-white-color has-vivid-purple-background-color has-text-color has-background has-link-color wp-elements-c85a0eeddd602c52314f550cc808cf59\">Droit de vote \u00e0 16 ans : \u00e9coutons les jeunes &#8211; 16\/12\/24<\/h2>\n\n\n\n<p>En France, la population est vieillissante et ce n&rsquo;est pas un scoop. Les plus de 70 ans repr\u00e9sentent pr\u00e8s de 16 % des habitants, soit l\u2019une des tranches d\u2019\u00e2ge les plus importantes. \u00c0 l\u2019inverse, les jeunes, donc les 18-29 ans, sont moins nombreux : autour de 14 %. Et parmi eux, seulement la moiti\u00e9 s\u2019est rendue aux urnes pour les l\u00e9gislatives anticip\u00e9es de juin dernier. Chez les plus \u00e2g\u00e9s, 80 % se sont mobilis\u00e9s.<\/p>\n\n\n\n<p>Mais alors, pourquoi est-ce qu\u2019on laisse les plus vieux d\u00e9cider en grande partie de notre avenir ? Et quelles leviers d&rsquo;engagement dans les urnes pourrions-nous imaginer ?<\/p>\n\n\n\n<figure class=\"wp-block-embed is-type-video is-provider-youtube wp-block-embed-youtube wp-embed-aspect-16-9 wp-has-aspect-ratio\"><div class=\"wp-block-embed__wrapper\">\n<iframe title=\"Droit de vote \u00e0 16 ans, \u00e9couter les jeunes\" width=\"950\" height=\"534\" src=\"https:\/\/www.youtube.com\/embed\/Oa_6kSRXpRc?feature=oembed\" frameborder=\"0\" allow=\"accelerometer; autoplay; clipboard-write; encrypted-media; gyroscope; picture-in-picture; web-share\" referrerpolicy=\"strict-origin-when-cross-origin\" allowfullscreen><\/iframe>\n<\/div><\/figure>\n\n\n\n<p>Ce ne sont pourtant pas les personnes \u00e2g\u00e9es qui vont devoir en subir les cons\u00e9quences sur le long terme. Au hasard, les cons\u00e9quences de la crise \u00e9cologique. D&rsquo;autant que, d\u2019apr\u00e8s la D\u00e9fenseuse des droits, Claire H\u00e9don, les enfants sont les premi\u00e8res victimes du d\u00e9r\u00e8glement climatique. C\u2019est pourquoi elle encourage \u00e0&nbsp;<strong>\u00e9couter<\/strong>&nbsp;et&nbsp;<strong>int\u00e9grer<\/strong>&nbsp;les plus jeunes aux d\u00e9bats environnementaux.<\/p>\n\n\n\n<p>Ce qui rejoint l\u2019id\u00e9e de l\u2019UNICEF, qui pr\u00e9conise, dans son dernier rapport, d\u2019<a href=\"https:\/\/www.unicef.fr\/wp-content\/uploads\/2024\/11\/Rapport-Droits-de-lenfant-et-democratie-2024-BD.pdf\">int\u00e9grer les jeunes mineurs dans les prises de d\u00e9cisions politiques<\/a>. Et pour \u00e7a,<strong>&nbsp;<\/strong>la mesure phare, c\u2019est <strong>l\u2019abaissement du droit de vote \u00e0 16 ans<\/strong> en France (pour les \u00e9lections municipales et europ\u00e9ennes dans un premier temps). Chose qui a d\u00e9j\u00e0 \u00e9t\u00e9 faite chez certains de nos voisins europ\u00e9ens : la Belgique, l\u2019Allemagne, la Hongrie, Malte ou encore l\u2019Autriche. Le Parlement europ\u00e9en s\u2019est d\u2019ailleurs empar\u00e9 du sujet, en demandant \u00e0 tous les \u00c9tats membres d\u2019envisager le droit de vote \u00e0 16 ans, pour garantir l\u2019\u00e9quit\u00e9 entre tous les citoyens.<\/p>\n\n\n\n<h3 class=\"wp-block-heading\">Avant le droit de vote, c&rsquo;\u00e9tait pour les hommes de plus de 21 ans<\/h3>\n\n\n\n<p>Pourquoi, alors, \u00e7a ne se met pas en place chez nous ? Ce n&rsquo;est pas la premi\u00e8re fois que l\u2019id\u00e9e vient sur la table, elle est pourtant vite balay\u00e9e par les politiques en place. Comme pour la prise en compte du vote blanc ou le droit de vote des \u00e9trangers (aux \u00e9lections locales encore une fois), ils ont peur que le vote des 16-18 ans change la donne&nbsp;<strong>politique<\/strong>&nbsp;(et qu\u2019il soit plus radical).<\/p>\n\n\n\n<p>\u00c7a a aussi \u00e9t\u00e9 le cas par le pass\u00e9 : pour le droit de vote des femmes, jusqu\u2019\u00e0 son adoption en 44, ou l\u2019abaissement de l\u2019\u00e2ge minimal de 21 \u00e0 18 ans en 1974.<strong>&nbsp;Toute soci\u00e9t\u00e9 met du temps \u00e0 accepter le changement.<\/strong><\/p>\n\n\n\n<p>Et puis pour le moment, on nous dit \u00ab <em>oui mais les jeunes, ils votent pas de toute fa\u00e7on, pourquoi en rajouter ?<\/em> \u00bb. Alors certes ils s\u2019abstiennent plus que leurs a\u00een\u00e9s, mais comme le rappelle Salom\u00e9 Saqu\u00e9 dans son livre <a href=\"https:\/\/www.payot-rivages.fr\/payot\/livre\/sois-jeune-et-tais-toi-9782228931632\">\u00ab Sois jeune et tais-toi \u00bb<\/a>, ce ph\u00e9nom\u00e8ne a toujours exist\u00e9 depuis la mise en place de la d\u00e9mocratie repr\u00e9sentative. Nos grands-parents votaient donc \u00e9galement moins quand ils \u00e9taient jeunes.<\/p>\n\n\n\n<p>Et puis surtout, comme le pointe l\u2019UNICEF, les donn\u00e9es sur la participation politique des mineurs sont peu nombreuses. La cat\u00e9gorie des jeunes est plut\u00f4t floue, souvent d\u00e9limit\u00e9e aux 15-29 ans, et ne permet donc pas d\u2019analyser sp\u00e9cifiquement les donn\u00e9es pour les moins de 18 ans.<\/p>\n\n\n\n<h3 class=\"wp-block-heading\">Des lyc\u00e9ens perdus politiquement mais pas d\u00e9sengag\u00e9s<\/h3>\n\n\n\n<p>Les premi\u00e8res ann\u00e9es de votant sont marqu\u00e9es par une d\u00e9couverte de la politique, il faut prendre le temps de s\u2019y int\u00e9resser, de comprendre, de se faire son opinion. C\u2019est pas facile, surtout si on est seuls\u2026 Moi la premi\u00e8re, je n\u2019y comprenais pas grand chose quand j\u2019\u00e9tais au lyc\u00e9e, et m\u00eame un peu apr\u00e8s.<\/p>\n\n\n\n<p>Donc, les int\u00e9grer dans la vie d\u00e9mocratique d\u00e8s que possible permettrait de les accompagner dans le cadre scolaire, et de d\u00e9velopper leurs connaissances des institutions, de leurs droits, du fonctionnement politique\u2026 en renfor\u00e7ant les cours d\u2019\u00e9ducation morale et civique, par exemple (on vous en parlait d\u00e9j\u00e0 dans <a href=\"https:\/\/mob-media.info\/index.php\/2024\/09\/17\/la-democratie-cest-comme-les-preservatifs\/\">un \u00e9dito pr\u00e9c\u00e9dent<\/a>).<\/p>\n\n\n\n<p>Parce que bon, pour le moment, les lyc\u00e9ens ils ont l\u2019air un peu perdus\u2026 D\u2019apr\u00e8s un rapport scientifique cit\u00e9 par l\u2019UNICEF :<\/p>\n\n\n\n<ul class=\"wp-block-list\">\n<li>un \u00e9l\u00e8ve de Terminale sur quatre n\u2019a pas du tout, ou peu, confiance dans le syst\u00e8me d\u00e9mocratique<\/li>\n\n\n\n<li>pr\u00e8s de 4 \u00e9l\u00e8ves sur 5 d\u00e9clarent faire peu, ou pas du tout, confiance au gouvernement.<\/li>\n\n\n\n<li>seuls 13 % des \u00e9l\u00e8ves de Terminale font confiance aux partis politiques.<\/li>\n<\/ul>\n\n\n\n<p>Dans son livre, Salom\u00e9 Saqu\u00e9 d\u00e9monte plein de clich\u00e9s sur les jeunes justement, des clich\u00e9s qui emp\u00eachent \u00e0 la soci\u00e9t\u00e9 de les prendre au s\u00e9rieux. Parmi toutes ces id\u00e9es re\u00e7ues, il y a celle disant que les jeunes ne sont pas politis\u00e9s. Alors que des figures comme Greta Thunberg ou Man\u00e8s Nadel comme les manifestations Climat nous ont prouv\u00e9 le contraire.<\/p>\n\n\n\n<h3 class=\"wp-block-heading\">conduire, travailler, reconna\u00eetre un enfant mais pas voter ?<\/h3>\n\n\n\n<p>Alors oui, ils prennent leurs distances avec les partis politiques classiques, dans lesquels ils ne se sentent pas repr\u00e9sent\u00e9s, mais ils r\u00e9inventent en parall\u00e8le leurs propres modes d\u2019action : manifs, p\u00e9titions, happening, militantisme sur les r\u00e9seaux, boycotts, etc.<\/p>\n\n\n\n<p>Les jeunes entre 16 et 18 ans sont engag\u00e9s politiquement mais exclus du processus d\u00e9mocratique (pas le droit de vote, pas le droit de se pr\u00e9senter). Alors qu\u2019\u00e0 c\u00f4t\u00e9 de \u00e7a, ils peuvent conduire, travailler, reconna\u00eetre un enfant ou encore cr\u00e9er une association \u00e0 16 ans\u2026 Pas s\u00fbre que ce soient des actions moins engageantes que le vote, si ?<\/p>\n\n\n\n<p>Les laisser voter d\u00e8s 16 ans, comme le sugg\u00e8re l&rsquo;UNICEF, c\u2019est leur permettre de d\u00e9cider eux-m\u00eames de la soci\u00e9t\u00e9 dans laquelle ils vont vivre. D&rsquo;autant que ce sont eux qui y vivront le plus longtemps !<\/p>\n\n\n\n<p><\/p>\n\n\n\n<p><strong>R\u00e9alisation et montage : Perrine Bontemps<\/strong><\/p>\n\n\n\n<p class=\"has-white-color has-vivid-purple-background-color has-text-color has-background has-link-color wp-elements-488b0f009941a516a0879313f44a53cd\">Sources : Insee, Population par sexe et groupe d&rsquo;\u00e2ges, 2024 \/ FranceInfo, R\u00e9sultats des l\u00e9gislatives 2024 : \u00e2ge, profession&#8230; Comment ont vot\u00e9 les Fran\u00e7ais ?, juin 2024 \/ Reporterre, Les enfants, des victimes de la crise \u00e9cologique \u00e0 prot\u00e9ger en urgence, novembre 2024 \/ D\u00e9fenseur des droits, Le droit des enfants \u00e0 un environnement sain : prot\u00e9ger l\u2019enfance, pr\u00e9server l\u2019avenir, 2024 \/ UNICEF France, Vers une d\u00e9mocratie inclusive : int\u00e9grer la voix des enfants dans les d\u00e9cisions politiques, 2024 \/ Ina Soci\u00e9t\u00e9, Histoire droit de vote des femmes, 1994 \/ FranceInfo-INA, La majorit\u00e9 \u00e9lectorale, un vieux d\u00e9bat, 2020 \/ Salom\u00e9 Saqu\u00e9, Sois jeune et tais-toi, 2022 \/ Cnesco, Engagements citoyens des lyc\u00e9ens : enqu\u00eate nationale, 2018 \/ France 3 Pays de la Loire, Nantes : 10 500 lyc\u00e9ens ont march\u00e9 pour le climat, 2019 \/ Man\u00e8s Nadel, La lutte ne fait que commencer ! &#8211; Discours du 7 septembre, 2024 \/ LCP, Greta Thunberg \u00e0 l\u2019Assembl\u00e9e nationale, 2019<\/p>\n","protected":false},"excerpt":{"rendered":"<p>Droit de vote \u00e0 16 ans : \u00e9coutons les jeunes &#8211; 16\/12\/24 En France, la population est vieillissante et ce n&rsquo;est pas un scoop. Les plus de 70 ans repr\u00e9sentent pr\u00e8s de 16 % des habitants, soit l\u2019une des tranches d\u2019\u00e2ge les plus importantes. \u00c0 l\u2019inverse, les jeunes, donc les 18-29 ans, sont moins nombreux &hellip; <\/p>\n<p class=\"link-more\"><a href=\"https:\/\/mob-media.info\/index.php\/2024\/12\/16\/droit-de-vote-a-16-ans-ecoutons-les-jeunes\/\" class=\"more-link\">Lire la suite de<span class=\"screen-reader-text\">\u00ab\u00a0Droit de vote \u00e0 16 ans : \u00e9coutons les jeunes\u00a0\u00bb<\/span><\/a><\/p>\n","protected":false},"author":3,"featured_media":1062,"comment_status":"closed","ping_status":"open","sticky":false,"template":"","format":"standard","meta":{"footnotes":""},"categories":[17,5,13,4],"tags":[],"class_list":["post-1061","post","type-post","status-publish","format-standard","has-post-thumbnail","hentry","category-edito","category-institutions","category-participation-citoyenne","category-video"],"featured_media_urls":{"thumbnail":["https:\/\/mob-media.info\/wp-content\/uploads\/2024\/12\/maxresVertical-22-e1734363729909-150x150.png",150,150,true],"medium":["https:\/\/mob-media.info\/wp-content\/uploads\/2024\/12\/maxresVertical-22-e1734363729909-296x300.png",296,300,true],"medium_large":["https:\/\/mob-media.info\/wp-content\/uploads\/2024\/12\/maxresVertical-22-e1734363729909.png",450,456,false],"large":["https:\/\/mob-media.info\/wp-content\/uploads\/2024\/12\/maxresVertical-22-e1734363729909.png",450,456,false],"1536x1536":["https:\/\/mob-media.info\/wp-content\/uploads\/2024\/12\/maxresVertical-22-e1734363729909.png",450,456,false],"2048x2048":["https:\/\/mob-media.info\/wp-content\/uploads\/2024\/12\/maxresVertical-22-e1734363729909.png",450,456,false],"inspiro-featured-image":["https:\/\/mob-media.info\/wp-content\/uploads\/2024\/12\/maxresVertical-22-e1734363729909.png",450,456,false],"inspiro-loop":["https:\/\/mob-media.info\/wp-content\/uploads\/2024\/12\/maxresVertical-22-e1734363729909-450x320.png",450,320,true],"inspiro-loop@2x":["https:\/\/mob-media.info\/wp-content\/uploads\/2024\/12\/maxresVertical-22-450x640.png",450,640,true],"portfolio_item-thumbnail":["https:\/\/mob-media.info\/wp-content\/uploads\/2024\/12\/maxresVertical-22-e1734363729909-450x400.png",450,400,true],"portfolio_item-thumbnail@2x":["https:\/\/mob-media.info\/wp-content\/uploads\/2024\/12\/maxresVertical-22-e1734363729909.png",450,456,false],"portfolio_item-masonry":["https:\/\/mob-media.info\/wp-content\/uploads\/2024\/12\/maxresVertical-22-e1734363729909.png",450,456,false],"portfolio_item-masonry@2x":["https:\/\/mob-media.info\/wp-content\/uploads\/2024\/12\/maxresVertical-22-e1734363729909.png",450,456,false],"portfolio_item-thumbnail_cinema":["https:\/\/mob-media.info\/wp-content\/uploads\/2024\/12\/maxresVertical-22-e1734363729909-450x335.png",450,335,true],"portfolio_item-thumbnail_portrait":["https:\/\/mob-media.info\/wp-content\/uploads\/2024\/12\/maxresVertical-22-e1734363729909.png",450,456,false],"portfolio_item-thumbnail_portrait@2x":["https:\/\/mob-media.info\/wp-content\/uploads\/2024\/12\/maxresVertical-22-e1734363729909.png",450,456,false],"portfolio_item-thumbnail_square":["https:\/\/mob-media.info\/wp-content\/uploads\/2024\/12\/maxresVertical-22-e1734363729909.png",450,456,false]},"_links":{"self":[{"href":"https:\/\/mob-media.info\/index.php\/wp-json\/wp\/v2\/posts\/1061","targetHints":{"allow":["GET"]}}],"collection":[{"href":"https:\/\/mob-media.info\/index.php\/wp-json\/wp\/v2\/posts"}],"about":[{"href":"https:\/\/mob-media.info\/index.php\/wp-json\/wp\/v2\/types\/post"}],"author":[{"embeddable":true,"href":"https:\/\/mob-media.info\/index.php\/wp-json\/wp\/v2\/users\/3"}],"replies":[{"embeddable":true,"href":"https:\/\/mob-media.info\/index.php\/wp-json\/wp\/v2\/comments?post=1061"}],"version-history":[{"count":2,"href":"https:\/\/mob-media.info\/index.php\/wp-json\/wp\/v2\/posts\/1061\/revisions"}],"predecessor-version":[{"id":1065,"href":"https:\/\/mob-media.info\/index.php\/wp-json\/wp\/v2\/posts\/1061\/revisions\/1065"}],"wp:featuredmedia":[{"embeddable":true,"href":"https:\/\/mob-media.info\/index.php\/wp-json\/wp\/v2\/media\/1062"}],"wp:attachment":[{"href":"https:\/\/mob-media.info\/index.php\/wp-json\/wp\/v2\/media?parent=1061"}],"wp:term":[{"taxonomy":"category","embeddable":true,"href":"https:\/\/mob-media.info\/index.php\/wp-json\/wp\/v2\/categories?post=1061"},{"taxonomy":"post_tag","embeddable":true,"href":"https:\/\/mob-media.info\/index.php\/wp-json\/wp\/v2\/tags?post=1061"}],"curies":[{"name":"wp","href":"https:\/\/api.w.org\/{rel}","templated":true}]}}