{"id":1118,"date":"2025-01-20T14:56:35","date_gmt":"2025-01-20T13:56:35","guid":{"rendered":"https:\/\/mob-media.info\/?p=1118"},"modified":"2025-02-10T18:27:55","modified_gmt":"2025-02-10T17:27:55","slug":"outre-mer-ces-oublies-de-la-republique","status":"publish","type":"post","link":"https:\/\/mob-media.info\/index.php\/2025\/01\/20\/outre-mer-ces-oublies-de-la-republique\/","title":{"rendered":"Outre-mer : ces oubli\u00e9s de la R\u00e9publique"},"content":{"rendered":"\n<h2 class=\"wp-block-heading has-white-color has-luminous-vivid-orange-background-color has-text-color has-background has-link-color wp-elements-d8d2e8417b16e17fce32ae9b85b96fe8\">OUTRE-MER : ces oubli\u00e9s de la R\u00e9publique &#8211; 20\/01\/25<\/h2>\n\n\n\n<p>Les d\u00e9partements et territoires d\u2019Outre-mer traversent diff\u00e9rentes crises ces derni\u00e8res ann\u00e9es: <strong>politique, \u00e9cologique, inflation, acc\u00e8s \u00e0 l\u2019eau<\/strong>\u2026<\/p>\n\n\n\n<p>Les 2,7 millions de <strong>citoyens<\/strong> <strong>ultramarins<\/strong> se sentent <strong>d\u00e9laiss\u00e9s<\/strong> par un gouvernement fran\u00e7ais qui ne semble que peu leur int\u00e9ress\u00e9 \u00e0 leur venir en aide.<\/p>\n\n\n\n<div class=\"wp-block-columns is-layout-flex wp-container-core-columns-is-layout-28f84493 wp-block-columns-is-layout-flex\">\n<div class=\"wp-block-column is-layout-flow wp-block-column-is-layout-flow\">\n<figure class=\"wp-block-image size-large\"><img fetchpriority=\"high\" decoding=\"async\" width=\"819\" height=\"1024\" src=\"https:\/\/mob-media.info\/wp-content\/uploads\/2025\/01\/3-819x1024.png\" alt=\"\" class=\"wp-image-1119\" srcset=\"https:\/\/mob-media.info\/wp-content\/uploads\/2025\/01\/3-819x1024.png 819w, https:\/\/mob-media.info\/wp-content\/uploads\/2025\/01\/3-240x300.png 240w, https:\/\/mob-media.info\/wp-content\/uploads\/2025\/01\/3-768x960.png 768w, https:\/\/mob-media.info\/wp-content\/uploads\/2025\/01\/3.png 1080w\" sizes=\"(max-width: 819px) 100vw, 819px\" \/><\/figure>\n<\/div>\n\n\n\n<div class=\"wp-block-column is-layout-flow wp-block-column-is-layout-flow\">\n<p>Le <strong>bilan humain<\/strong> s\u2019\u00e9l\u00e8ve pour le moment \u00e0 39 morts et 124 bless\u00e9s graves. Une <strong>loi d\u2019urgence pour la reconstruction<\/strong> de l\u2019\u00eele devrait \u00eatre adopt\u00e9e par le Parlement.<\/p>\n\n\n\n<p>En attendant, les politiques, \u00e0 commencer par le Premier ministre, <strong>n\u2019ont que la \u00ab crise migratoire \u00bb<\/strong> \u00e0 la bouche. Une crise bien r\u00e9elle pourtant cens\u00e9e passer au second plan avec les catastrophes naturelles qui ont submerg\u00e9 le d\u00e9partement depuis plus d&rsquo;un mois. <\/p>\n\n\n\n<p>Le cas tr\u00e8s r\u00e9cent de Mayotte n&rsquo;est qu&rsquo;un cas pr\u00e9cis dans la probl\u00e9matique du traitement gouvernemental des territoires d&rsquo;Outre-mer. Les r\u00e9cents d\u00e9bats sur l&rsquo;ind\u00e9pendance de la Nouvelle-Cal\u00e9donie rappellent l&rsquo;histoire de l&rsquo;acquisition de ces terres. Les mises en garde r\u00e9p\u00e9t\u00e9es sur la situation sanitaire, \u00e9cologique et sociale aux Antilles fran\u00e7aises restent \u00e9galement lettre morte.<\/p>\n<\/div>\n<\/div>\n\n\n\n<div class=\"wp-block-columns is-layout-flex wp-container-core-columns-is-layout-28f84493 wp-block-columns-is-layout-flex\">\n<div class=\"wp-block-column is-layout-flow wp-block-column-is-layout-flow\">\n<figure class=\"wp-block-image size-large\"><img decoding=\"async\" width=\"819\" height=\"1024\" src=\"https:\/\/mob-media.info\/wp-content\/uploads\/2025\/01\/5-819x1024.png\" alt=\"\" class=\"wp-image-1120\" srcset=\"https:\/\/mob-media.info\/wp-content\/uploads\/2025\/01\/5-819x1024.png 819w, https:\/\/mob-media.info\/wp-content\/uploads\/2025\/01\/5-240x300.png 240w, https:\/\/mob-media.info\/wp-content\/uploads\/2025\/01\/5-768x960.png 768w, https:\/\/mob-media.info\/wp-content\/uploads\/2025\/01\/5.png 1080w\" sizes=\"(max-width: 819px) 100vw, 819px\" \/><\/figure>\n<\/div>\n\n\n\n<div class=\"wp-block-column is-layout-flow wp-block-column-is-layout-flow\">\n<figure class=\"wp-block-image size-large\"><img decoding=\"async\" width=\"819\" height=\"1024\" src=\"https:\/\/mob-media.info\/wp-content\/uploads\/2025\/01\/6-819x1024.png\" alt=\"\" class=\"wp-image-1121\" srcset=\"https:\/\/mob-media.info\/wp-content\/uploads\/2025\/01\/6-819x1024.png 819w, https:\/\/mob-media.info\/wp-content\/uploads\/2025\/01\/6-240x300.png 240w, https:\/\/mob-media.info\/wp-content\/uploads\/2025\/01\/6-768x960.png 768w, https:\/\/mob-media.info\/wp-content\/uploads\/2025\/01\/6.png 1080w\" sizes=\"(max-width: 819px) 100vw, 819px\" \/><\/figure>\n<\/div>\n<\/div>\n\n\n\n<div class=\"wp-block-columns is-layout-flex wp-container-core-columns-is-layout-28f84493 wp-block-columns-is-layout-flex\">\n<div class=\"wp-block-column is-layout-flow wp-block-column-is-layout-flow\">\n<figure class=\"wp-block-image size-large\"><img loading=\"lazy\" decoding=\"async\" width=\"819\" height=\"1024\" src=\"https:\/\/mob-media.info\/wp-content\/uploads\/2025\/01\/7-819x1024.png\" alt=\"\" class=\"wp-image-1122\" srcset=\"https:\/\/mob-media.info\/wp-content\/uploads\/2025\/01\/7-819x1024.png 819w, https:\/\/mob-media.info\/wp-content\/uploads\/2025\/01\/7-240x300.png 240w, https:\/\/mob-media.info\/wp-content\/uploads\/2025\/01\/7-768x960.png 768w, https:\/\/mob-media.info\/wp-content\/uploads\/2025\/01\/7.png 1080w\" sizes=\"(max-width: 819px) 100vw, 819px\" \/><\/figure>\n<\/div>\n\n\n\n<div class=\"wp-block-column is-layout-flow wp-block-column-is-layout-flow\">\n<figure class=\"wp-block-image size-large\"><img loading=\"lazy\" decoding=\"async\" width=\"819\" height=\"1024\" src=\"https:\/\/mob-media.info\/wp-content\/uploads\/2025\/01\/8-819x1024.png\" alt=\"\" class=\"wp-image-1123\" srcset=\"https:\/\/mob-media.info\/wp-content\/uploads\/2025\/01\/8-819x1024.png 819w, https:\/\/mob-media.info\/wp-content\/uploads\/2025\/01\/8-240x300.png 240w, https:\/\/mob-media.info\/wp-content\/uploads\/2025\/01\/8-768x960.png 768w, https:\/\/mob-media.info\/wp-content\/uploads\/2025\/01\/8.png 1080w\" sizes=\"(max-width: 819px) 100vw, 819px\" \/><\/figure>\n<\/div>\n<\/div>\n\n\n\n<p>Et face \u00e0 ces crises vari\u00e9es, souvent historiques, Bayrou a sorti l&rsquo;artillerie \u00ab\u00a0lourde\u00a0\u00bb : Manuel Valls. L\u2019ancien Premier ministre a h\u00e9rit\u00e9 du minist\u00e8re des Outre-mer en d\u00e9cembre, hiss\u00e9 \u00e0 la <strong>3\u00e8me position<\/strong> protocolaire (avant la Justice et l\u2019Int\u00e9rieur). <\/p>\n\n\n\n<div class=\"wp-block-columns is-layout-flex wp-container-core-columns-is-layout-28f84493 wp-block-columns-is-layout-flex\">\n<div class=\"wp-block-column is-layout-flow wp-block-column-is-layout-flow\">\n<figure class=\"wp-block-image size-large\"><img loading=\"lazy\" decoding=\"async\" width=\"819\" height=\"1024\" src=\"https:\/\/mob-media.info\/wp-content\/uploads\/2025\/01\/10-819x1024.png\" alt=\"\" class=\"wp-image-1124\" srcset=\"https:\/\/mob-media.info\/wp-content\/uploads\/2025\/01\/10-819x1024.png 819w, https:\/\/mob-media.info\/wp-content\/uploads\/2025\/01\/10-240x300.png 240w, https:\/\/mob-media.info\/wp-content\/uploads\/2025\/01\/10-768x960.png 768w, https:\/\/mob-media.info\/wp-content\/uploads\/2025\/01\/10.png 1080w\" sizes=\"(max-width: 819px) 100vw, 819px\" \/><\/figure>\n<\/div>\n\n\n\n<div class=\"wp-block-column is-layout-flow wp-block-column-is-layout-flow\">\n<p>Selon <a href=\"https:\/\/www.francetvinfo.fr\/politique\/manuel-valls\/specialiste-de-la-nouvelle-caledonie-la-reunion-dans-le-pacifique-quels-sont-les-liens-entre-manuel-valls-et-les-outre-mer_6974399.html\">France Info<\/a>, le Premier ministre justifie ce choix par sa gestion de la crise cal\u00e9donienne quand Valls \u00e9tait d\u00e9put\u00e9 en 2017-2018. <\/p>\n\n\n\n<p>Au-del\u00e0 de ses soi-disant comp\u00e9tences de l&rsquo;ancien et controvers\u00e9 Premier ministre, on se demande comment il pourra, \u00e0 lui seul, g\u00e9rer <strong>autant de<\/strong> <strong>sujets br\u00fblants<\/strong>. D&rsquo;autant que le traitement de ces territoires suppose une r\u00e9flexion nationale sur notre pass\u00e9 colonial.<\/p>\n\n\n\n<p>Cette <strong>citoyennet\u00e9 \u00e0 deux vitesses <\/strong>provoque <strong>col\u00e8re et rejet<\/strong> de la classe politique chez les habitants ultramarins. Et c\u2019est bien l\u00e9gitime.<\/p>\n\n\n\n<p>Sans diff\u00e9rence de traitement avec les citoyens m\u00e9tropolitains, le <strong>dialogue<\/strong> serait s\u00fbrement plus apais\u00e9. Mais le gouvernement Bayrou en prendra-t-il la mesure ?<\/p>\n<\/div>\n<\/div>\n\n\n\n<p><strong>&#8211; <\/strong><\/p>\n\n\n\n<p><strong>Infographie : Perrine Bontemps<\/strong><\/p>\n\n\n\n<p class=\"has-white-color has-luminous-vivid-orange-background-color has-text-color has-background has-link-color wp-elements-c60046817e2798f73bc0c091d435dec3\">Sources : INSEE, La 1\u00e8re, Le Monde, Lib\u00e9ration, Minist\u00e8re de l\u2019Int\u00e9rieur, France Info<\/p>\n","protected":false},"excerpt":{"rendered":"<p>OUTRE-MER : ces oubli\u00e9s de la R\u00e9publique &#8211; 20\/01\/25 Les d\u00e9partements et territoires d\u2019Outre-mer traversent diff\u00e9rentes crises ces derni\u00e8res ann\u00e9es: politique, \u00e9cologique, inflation, acc\u00e8s \u00e0 l\u2019eau\u2026 Les 2,7 millions de citoyens ultramarins se sentent d\u00e9laiss\u00e9s par un gouvernement fran\u00e7ais qui ne semble que peu leur int\u00e9ress\u00e9 \u00e0 leur venir en aide. Le bilan humain s\u2019\u00e9l\u00e8ve &hellip; <\/p>\n<p class=\"link-more\"><a href=\"https:\/\/mob-media.info\/index.php\/2025\/01\/20\/outre-mer-ces-oublies-de-la-republique\/\" class=\"more-link\">Lire la suite de<span class=\"screen-reader-text\">\u00ab\u00a0Outre-mer : ces oubli\u00e9s de la R\u00e9publique\u00a0\u00bb<\/span><\/a><\/p>\n","protected":false},"author":3,"featured_media":1128,"comment_status":"closed","ping_status":"open","sticky":false,"template":"","format":"standard","meta":{"footnotes":""},"categories":[3,5,12],"tags":[],"class_list":["post-1118","post","type-post","status-publish","format-standard","has-post-thumbnail","hentry","category-infographie","category-institutions","category-lutte-sociale"],"featured_media_urls":{"thumbnail":["https:\/\/mob-media.info\/wp-content\/uploads\/2025\/01\/Outre-mer-150x150.png",150,150,true],"medium":["https:\/\/mob-media.info\/wp-content\/uploads\/2025\/01\/Outre-mer-300x300.png",300,300,true],"medium_large":["https:\/\/mob-media.info\/wp-content\/uploads\/2025\/01\/Outre-mer-768x768.png",768,768,true],"large":["https:\/\/mob-media.info\/wp-content\/uploads\/2025\/01\/Outre-mer-1024x1024.png",950,950,true],"1536x1536":["https:\/\/mob-media.info\/wp-content\/uploads\/2025\/01\/Outre-mer.png",1080,1080,false],"2048x2048":["https:\/\/mob-media.info\/wp-content\/uploads\/2025\/01\/Outre-mer.png",1080,1080,false],"inspiro-featured-image":["https:\/\/mob-media.info\/wp-content\/uploads\/2025\/01\/Outre-mer.png",1080,1080,false],"inspiro-loop":["https:\/\/mob-media.info\/wp-content\/uploads\/2025\/01\/Outre-mer-950x320.png",950,320,true],"inspiro-loop@2x":["https:\/\/mob-media.info\/wp-content\/uploads\/2025\/01\/Outre-mer-1080x640.png",1080,640,true],"portfolio_item-thumbnail":["https:\/\/mob-media.info\/wp-content\/uploads\/2025\/01\/Outre-mer-600x400.png",600,400,true],"portfolio_item-thumbnail@2x":["https:\/\/mob-media.info\/wp-content\/uploads\/2025\/01\/Outre-mer-1080x800.png",1080,800,true],"portfolio_item-masonry":["https:\/\/mob-media.info\/wp-content\/uploads\/2025\/01\/Outre-mer-600x600.png",600,600,true],"portfolio_item-masonry@2x":["https:\/\/mob-media.info\/wp-content\/uploads\/2025\/01\/Outre-mer.png",1080,1080,false],"portfolio_item-thumbnail_cinema":["https:\/\/mob-media.info\/wp-content\/uploads\/2025\/01\/Outre-mer-800x335.png",800,335,true],"portfolio_item-thumbnail_portrait":["https:\/\/mob-media.info\/wp-content\/uploads\/2025\/01\/Outre-mer-600x900.png",600,900,true],"portfolio_item-thumbnail_portrait@2x":["https:\/\/mob-media.info\/wp-content\/uploads\/2025\/01\/Outre-mer.png",1080,1080,false],"portfolio_item-thumbnail_square":["https:\/\/mob-media.info\/wp-content\/uploads\/2025\/01\/Outre-mer-800x800.png",800,800,true]},"_links":{"self":[{"href":"https:\/\/mob-media.info\/index.php\/wp-json\/wp\/v2\/posts\/1118","targetHints":{"allow":["GET"]}}],"collection":[{"href":"https:\/\/mob-media.info\/index.php\/wp-json\/wp\/v2\/posts"}],"about":[{"href":"https:\/\/mob-media.info\/index.php\/wp-json\/wp\/v2\/types\/post"}],"author":[{"embeddable":true,"href":"https:\/\/mob-media.info\/index.php\/wp-json\/wp\/v2\/users\/3"}],"replies":[{"embeddable":true,"href":"https:\/\/mob-media.info\/index.php\/wp-json\/wp\/v2\/comments?post=1118"}],"version-history":[{"count":3,"href":"https:\/\/mob-media.info\/index.php\/wp-json\/wp\/v2\/posts\/1118\/revisions"}],"predecessor-version":[{"id":1226,"href":"https:\/\/mob-media.info\/index.php\/wp-json\/wp\/v2\/posts\/1118\/revisions\/1226"}],"wp:featuredmedia":[{"embeddable":true,"href":"https:\/\/mob-media.info\/index.php\/wp-json\/wp\/v2\/media\/1128"}],"wp:attachment":[{"href":"https:\/\/mob-media.info\/index.php\/wp-json\/wp\/v2\/media?parent=1118"}],"wp:term":[{"taxonomy":"category","embeddable":true,"href":"https:\/\/mob-media.info\/index.php\/wp-json\/wp\/v2\/categories?post=1118"},{"taxonomy":"post_tag","embeddable":true,"href":"https:\/\/mob-media.info\/index.php\/wp-json\/wp\/v2\/tags?post=1118"}],"curies":[{"name":"wp","href":"https:\/\/api.w.org\/{rel}","templated":true}]}}