{"id":1164,"date":"2025-01-30T17:57:46","date_gmt":"2025-01-30T16:57:46","guid":{"rendered":"https:\/\/mob-media.info\/?p=1164"},"modified":"2025-11-18T19:33:37","modified_gmt":"2025-11-18T18:33:37","slug":"assemblee-citoyenne-2-4-arbitrer-la-decision-politique","status":"publish","type":"post","link":"https:\/\/mob-media.info\/index.php\/2025\/01\/30\/assemblee-citoyenne-2-4-arbitrer-la-decision-politique\/","title":{"rendered":"Assembl\u00e9e citoyenne (2\/4) \u2013 Arbitrer la d\u00e9cision politique"},"content":{"rendered":"\n<h2 class=\"wp-block-heading has-white-color has-vivid-purple-background-color has-text-color has-background has-link-color wp-elements-589f31d4066b17432bc0edb5010e2250\">Assembl\u00e9e citoyenne (2\/4) \u2013 Arbitrer la d\u00e9cision politique &#8211; 30\/01\/25<\/h2>\n\n\n\n<p>Est-ce que des \u00e9lus et des citoyens peuvent d\u00e9cider ensemble de ce qui est bon pour leur ville&nbsp;? Il y a quelques semaines, on vous parlait de l\u2019Assembl\u00e9e citoyenne et populaire de Poitiers&nbsp;! Une assembl\u00e9e de 50 habitants tir\u00e9es au sort afin de prendre une grande d\u00e9cision pour leur ville. Lors de leur premier rendez-vous en octobre, et <a href=\"https:\/\/mob-media.info\/index.php\/2024\/10\/31\/assemblee-citoyenne-1-4-a-poitiers-le-tirage-au-sort-rassemble\/\">notre premier \u00e9pisode<\/a>, ils avaient fait 10 propositions vari\u00e9es&nbsp;: r\u00e9novation des logements, stationnement en ville, alimentation ou insertion des jeunes. Mais, \u00e0 la fin, il ne doit en rester qu\u2019une et c\u2019\u00e9tait tout le sujet de la 2<sup>\u00e8me<\/sup> assembl\u00e9e, ouverte \u00e0 tous les habitants.<\/p>\n\n\n\n<p>L\u2019occasion de vous partager cette d\u00e9cision et de montrer comment citoyens, \u00e9lus et agents de la ville l\u2019ont choisi ensemble, sur un pied d\u2019\u00e9galit\u00e9. Mais surtout l\u2019opportunit\u00e9 de mettre en lumi\u00e8re le travail de m\u00e9diation, d\u2019accompagnement et de facilitation de Fr\u00e9quence commune. C\u2019est cette coop\u00e9rative qui fait le lien entre les participants, l\u2019arbitre de cette Assembl\u00e9e citoyenne.<\/p>\n\n\n\n<figure class=\"wp-block-embed is-type-video is-provider-youtube wp-block-embed-youtube wp-embed-aspect-16-9 wp-has-aspect-ratio\"><div class=\"wp-block-embed__wrapper\">\n<iframe title=\"Assembl\u00e9e citoyenne (2\/4) - Arbitrer la d\u00e9cision collective\" width=\"950\" height=\"534\" src=\"https:\/\/www.youtube.com\/embed\/CQ4XMJ6i4Sk?start=24&#038;feature=oembed\" frameborder=\"0\" allow=\"accelerometer; autoplay; clipboard-write; encrypted-media; gyroscope; picture-in-picture; web-share\" referrerpolicy=\"strict-origin-when-cross-origin\" allowfullscreen><\/iframe>\n<\/div><\/figure>\n\n\n\n<p>Les facilitateurs de Fr\u00e9quence Commune sont reconnaissables \u00e0 leurs t-shirts rouges au milieu de la petite foule d&rsquo;habitants de Poitiers. Et ils ont jou\u00e9 un r\u00f4le cl\u00e9. En amont, ils ont con\u00e7u la m\u00e9canique de l\u2019Assembl\u00e9e avec la ville et ses \u00e9lus. Leur mission est d\u2019accompagner les participants pour qu\u2019ils aient acc\u00e8s aux bonnes informations, puissent monter en comp\u00e9tences et s\u2019exprimer dans un cadre d\u2019\u00e9quivalence avec \u00e9lus et agents.<\/p>\n\n\n\n<p class=\"has-white-color has-vivid-purple-background-color has-text-color has-background has-link-color wp-elements-5e867f131ad36b86651560bf130dbd87\"><em>On a vraiment un r\u00f4le de facilitateur de m\u00e9diateur tu sais souvent les gens vont arriver dans ce genre d&rsquo;instance et en fait s&rsquo;ils ne prennent pas la parole tout de suite ils la prendront jamais et c&rsquo;est ce qui se passe dans tous les groupes sociaux et c&rsquo;est encore plus le cas si tu as des rapports de pouvoir tr\u00e8s fort des d\u00e9s\u00e9quilibres de pouvoir tr\u00e8s fort comme c&rsquo;est le cas par potentiellement entre des \u00e9lus et des habitants<\/em>\u00a0\u00bb <strong>Lisa Daoud, Fr\u00e9quence Commune<\/strong><\/p>\n\n\n\n<p>Pendant l\u2019assembl\u00e9e, un travail d\u2019\u00e9quilibre est r\u00e9alis\u00e9 pour \u00e9viter que certains groupes ne prennent trop de place dans la discussion. En effet, si des rapports de pouvoir existent, notamment entre \u00e9lus et habitants, cela peut emp\u00eacher certaines personnes de s\u2019exprimer. L\u2019objectif est de permettre \u00e0 chacun de se forger une opinion, de la partager sans crainte d\u2019\u00eatre jug\u00e9 et d\u2019\u00eatre dans les meilleures conditions pour participer pleinement \u00e0 la d\u00e9cision.<\/p>\n\n\n\n<h3 class=\"wp-block-heading\">Faire converger tous ces gens et leurs id\u00e9es<\/h3>\n\n\n\n<p>Fr\u00e9quence Commune cr\u00e9e du lien entre tous les participants et s&rsquo;assure du d\u00e9roul\u00e9 de l&rsquo;ensemble des 4 r\u00e9unions de cette Assembl\u00e9e citoyenne et populaire. Un processus en plusieurs phases a \u00e9t\u00e9 mis en place, ponctu\u00e9 d&rsquo;exercices issus de la sociocratie ou de la gouvernance partag\u00e9e. La d\u00e9mocratie au travail quoi. Avec plusieurs phases : <\/p>\n\n\n\n<ol class=\"wp-block-list\">\n<li><strong>L\u2019\u00e9mergence des id\u00e9es<\/strong> \u2013 Lors de la premi\u00e8re r\u00e9union de l&rsquo;Assembl\u00e9e, tous les sujets ont \u00e9t\u00e9 exprim\u00e9s librement et 10 propositions ont \u00e9merg\u00e9 des r\u00e9flexions citoyennes. <\/li>\n\n\n\n<li><strong>La convergence<\/strong> \u2013 Il a ensuite fallu r\u00e9duire le nombre de propositions pour arriver \u00e0 un choix final. C&rsquo;\u00e9tait tout l&rsquo;enjeu de cette seconde \u00e9dition. <\/li>\n<\/ol>\n\n\n\n<p>Le matin de l\u2019assembl\u00e9e, les participants ont explor\u00e9 les dix sujets retenus pr\u00e9c\u00e9demment. Mais en fin de journ\u00e9e, il ne devait en rester qu\u2019un. Cela s\u2019est fait par un vote, o\u00f9 chacun a s\u00e9lectionn\u00e9 trois sujets parmi les dix propos\u00e9s. \u00c0 l\u2019issue du vote final, trois th\u00e8mes sont arriv\u00e9s en t\u00eate :<\/p>\n\n\n\n<ol class=\"wp-block-list\">\n<li><strong>L\u2019alimentation<\/strong>, avec 108 votes<\/li>\n\n\n\n<li><strong>L\u2019emploi<\/strong>, avec 68 votes<\/li>\n\n\n\n<li><strong>La mixit\u00e9 sociale<\/strong>, avec 55 votes<\/li>\n<\/ol>\n\n\n\n<p>Une phase de d\u00e9bat suppl\u00e9mentaire a ensuite permis de confronter les points de vue et d\u2019affiner la d\u00e9cision pour la s\u00e9lection finale. Le sujet de l\u2019alimentation a donc \u00e9t\u00e9 retenu avec comme espoir de \u00ab\u00a0<em>mettre en place une s\u00e9curit\u00e9 sociale de l&rsquo;alimentation<\/em>\u00ab\u00a0. Cette d\u00e9cision a soulev\u00e9 quelques discussions, notamment sur la participation des \u00e9lus au vote final. Fr\u00e9d\u00e9rique, participante citoyenne, \u00e9tait \u00e9tonn\u00e9e : <\/p>\n\n\n\n<p class=\"has-white-color has-vivid-purple-background-color has-text-color has-background has-link-color wp-elements-525252686e3f52e3d641690c55ec6ce8\">\u00ab\u00a0<em>La majorit\u00e9 d\u2019entre eux avaient vot\u00e9 pour l\u2019alimentation, ce qui pouvait poser question sur leur r\u00f4le dans le processus. Cependant, le choix a \u00e9t\u00e9 valid\u00e9 d\u00e9mocratiquement donc allons de l&rsquo;avant<\/em>\u00a0\u00bb <strong>Fr\u00e9d\u00e9rique, habitante de Poitiers<\/strong> <strong>tir\u00e9e au sort<\/strong><\/p>\n\n\n\n<p>La suite du projet se d\u00e9roulera le <strong>8 f\u00e9vrier<\/strong>, avec une troisi\u00e8me assembl\u00e9e qui prendra la forme d\u2019un d\u00e9bat contradictoire. Des experts seront invit\u00e9s pour apporter des points de vue diff\u00e9rents sur la th\u00e9matique de l\u2019alimentation et aider les citoyens \u00e0 mieux comprendre la probl\u00e9matique et le champ des possibles. Le tout avant d&rsquo;\u00e9laborer des pistes de solutions lors de l&rsquo;A4, l&rsquo;ultime assembl\u00e9e.<\/p>\n\n\n\n<p>L\u2019op\u00e9ration de cette deuxi\u00e8me assembl\u00e9e est donc une r\u00e9ussite. Si citoyens et habitants reviennent pour continuer le travail ! Affaire \u00e0 suivre dans <a href=\"https:\/\/mob-media.info\/index.php\/2025\/03\/10\/assemblee-citoyenne-3-4-savoir-decider\/\" target=\"_blank\" rel=\"noreferrer noopener\">le troisi\u00e8me \u00e9pisode<\/a> de notre s\u00e9rie courant f\u00e9vrier.<\/p>\n\n\n\n<p>&#8211;<\/p>\n\n\n\n<p><strong>R\u00e9alisation et montage : Elliot Clarke<\/strong><\/p>\n","protected":false},"excerpt":{"rendered":"<p>Assembl\u00e9e citoyenne (2\/4) \u2013 Arbitrer la d\u00e9cision politique &#8211; 30\/01\/25 Est-ce que des \u00e9lus et des citoyens peuvent d\u00e9cider ensemble de ce qui est bon pour leur ville&nbsp;? Il y a quelques semaines, on vous parlait de l\u2019Assembl\u00e9e citoyenne et populaire de Poitiers&nbsp;! Une assembl\u00e9e de 50 habitants tir\u00e9es au sort afin de prendre une &hellip; <\/p>\n<p class=\"link-more\"><a href=\"https:\/\/mob-media.info\/index.php\/2025\/01\/30\/assemblee-citoyenne-2-4-arbitrer-la-decision-politique\/\" class=\"more-link\">Lire la suite de<span class=\"screen-reader-text\">\u00ab\u00a0Assembl\u00e9e citoyenne (2\/4) \u2013 Arbitrer la d\u00e9cision politique\u00a0\u00bb<\/span><\/a><\/p>\n","protected":false},"author":1,"featured_media":1166,"comment_status":"closed","ping_status":"open","sticky":false,"template":"","format":"standard","meta":{"footnotes":""},"categories":[11,13,19,4],"tags":[],"class_list":["post-1164","post","type-post","status-publish","format-standard","has-post-thumbnail","hentry","category-associations","category-participation-citoyenne","category-reportage","category-video"],"featured_media_urls":{"thumbnail":["https:\/\/mob-media.info\/wp-content\/uploads\/2025\/01\/Design-sans-titre-150x150.png",150,150,true],"medium":["https:\/\/mob-media.info\/wp-content\/uploads\/2025\/01\/Design-sans-titre-300x300.png",300,300,true],"medium_large":["https:\/\/mob-media.info\/wp-content\/uploads\/2025\/01\/Design-sans-titre-768x768.png",768,768,true],"large":["https:\/\/mob-media.info\/wp-content\/uploads\/2025\/01\/Design-sans-titre-1024x1024.png",950,950,true],"1536x1536":["https:\/\/mob-media.info\/wp-content\/uploads\/2025\/01\/Design-sans-titre.png",1080,1080,false],"2048x2048":["https:\/\/mob-media.info\/wp-content\/uploads\/2025\/01\/Design-sans-titre.png",1080,1080,false],"inspiro-featured-image":["https:\/\/mob-media.info\/wp-content\/uploads\/2025\/01\/Design-sans-titre.png",1080,1080,false],"inspiro-loop":["https:\/\/mob-media.info\/wp-content\/uploads\/2025\/01\/Design-sans-titre-950x320.png",950,320,true],"inspiro-loop@2x":["https:\/\/mob-media.info\/wp-content\/uploads\/2025\/01\/Design-sans-titre-1080x640.png",1080,640,true],"portfolio_item-thumbnail":["https:\/\/mob-media.info\/wp-content\/uploads\/2025\/01\/Design-sans-titre-600x400.png",600,400,true],"portfolio_item-thumbnail@2x":["https:\/\/mob-media.info\/wp-content\/uploads\/2025\/01\/Design-sans-titre-1080x800.png",1080,800,true],"portfolio_item-masonry":["https:\/\/mob-media.info\/wp-content\/uploads\/2025\/01\/Design-sans-titre-600x600.png",600,600,true],"portfolio_item-masonry@2x":["https:\/\/mob-media.info\/wp-content\/uploads\/2025\/01\/Design-sans-titre.png",1080,1080,false],"portfolio_item-thumbnail_cinema":["https:\/\/mob-media.info\/wp-content\/uploads\/2025\/01\/Design-sans-titre-800x335.png",800,335,true],"portfolio_item-thumbnail_portrait":["https:\/\/mob-media.info\/wp-content\/uploads\/2025\/01\/Design-sans-titre-600x900.png",600,900,true],"portfolio_item-thumbnail_portrait@2x":["https:\/\/mob-media.info\/wp-content\/uploads\/2025\/01\/Design-sans-titre.png",1080,1080,false],"portfolio_item-thumbnail_square":["https:\/\/mob-media.info\/wp-content\/uploads\/2025\/01\/Design-sans-titre-800x800.png",800,800,true]},"_links":{"self":[{"href":"https:\/\/mob-media.info\/index.php\/wp-json\/wp\/v2\/posts\/1164","targetHints":{"allow":["GET"]}}],"collection":[{"href":"https:\/\/mob-media.info\/index.php\/wp-json\/wp\/v2\/posts"}],"about":[{"href":"https:\/\/mob-media.info\/index.php\/wp-json\/wp\/v2\/types\/post"}],"author":[{"embeddable":true,"href":"https:\/\/mob-media.info\/index.php\/wp-json\/wp\/v2\/users\/1"}],"replies":[{"embeddable":true,"href":"https:\/\/mob-media.info\/index.php\/wp-json\/wp\/v2\/comments?post=1164"}],"version-history":[{"count":4,"href":"https:\/\/mob-media.info\/index.php\/wp-json\/wp\/v2\/posts\/1164\/revisions"}],"predecessor-version":[{"id":2221,"href":"https:\/\/mob-media.info\/index.php\/wp-json\/wp\/v2\/posts\/1164\/revisions\/2221"}],"wp:featuredmedia":[{"embeddable":true,"href":"https:\/\/mob-media.info\/index.php\/wp-json\/wp\/v2\/media\/1166"}],"wp:attachment":[{"href":"https:\/\/mob-media.info\/index.php\/wp-json\/wp\/v2\/media?parent=1164"}],"wp:term":[{"taxonomy":"category","embeddable":true,"href":"https:\/\/mob-media.info\/index.php\/wp-json\/wp\/v2\/categories?post=1164"},{"taxonomy":"post_tag","embeddable":true,"href":"https:\/\/mob-media.info\/index.php\/wp-json\/wp\/v2\/tags?post=1164"}],"curies":[{"name":"wp","href":"https:\/\/api.w.org\/{rel}","templated":true}]}}