{"id":1577,"date":"2025-04-26T10:00:00","date_gmt":"2025-04-26T08:00:00","guid":{"rendered":"https:\/\/mob-media.info\/?p=1577"},"modified":"2026-04-26T18:51:16","modified_gmt":"2026-04-26T16:51:16","slug":"les-4-actus-democratiques-de-la-semaine","status":"publish","type":"post","link":"https:\/\/mob-media.info\/index.php\/2025\/04\/26\/les-4-actus-democratiques-de-la-semaine\/","title":{"rendered":"Les actus d\u00e9mocratiques du 26\/04\/25"},"content":{"rendered":"\n<h2 class=\"wp-block-heading has-white-color has-text-color has-background has-link-color wp-elements-774df8c14ea93de229d47f082784589b\" style=\"background-color:#8662e8\">Les 4 actus d\u00e9mocratiques de la semaine &#8211; 26\/04\/2025<\/h2>\n\n\n\n<p><strong>La fin des vid\u00e9osurveillances algorithmiques, Pierre Edouard St\u00e9rin qui refuse de se pr\u00e9senter \u00e0 l&rsquo;Assembl\u00e9e nationale, un film censur\u00e9 en Bretagne et une exposition sur les banlieues, loin des clich\u00e9s&#8230; Voici les 4 actualit\u00e9s d\u00e9mocratiques de la semaine.<\/strong><\/p>\n\n\n\n<p><strong>La vid\u00e9osurveillance algorithmique, c\u2019est non<\/strong> &#8211; Jeudi, le Conseil constitutionnel a censur\u00e9 la prolongation de l\u2019exp\u00e9rimentation de la vid\u00e9osurveillance algorithmique (VSA) dans l\u2019espace public. Une tentative mise en place par la loi sur la s\u00e9curit\u00e9 dans les transports, o\u00f9 elle n&rsquo;avait apparemment rien \u00e0 faire relate <a href=\"https:\/\/www.liberation.fr\/societe\/police-justice\/videosurveillance-algorithmique-le-conseil-constitutionnel-censure-la-prolongation-du-dispositif-20250424_KNY6EEPZ2FB7PNYNA2RCP6WX4I\/\" data-type=\"link\" data-id=\"https:\/\/www.liberation.fr\/societe\/police-justice\/videosurveillance-algorithmique-le-conseil-constitutionnel-censure-la-prolongation-du-dispositif-20250424_KNY6EEPZ2FB7PNYNA2RCP6WX4I\/\">Lib\u00e9ration<\/a>. La VSA utilise l\u2019IA pour rep\u00e9rer notamment les comportements suspects, mais son bilan n\u2019est pas concluant. Les cam\u00e9ras auraient \u00e0 plusieurs reprises confondu des bancs, des panneaux et m\u00eame des sans-abris. De plus, ce syst\u00e8me est d\u00e9nonc\u00e9 par de nombreuses ONG, <a href=\"https:\/\/www.amnesty.fr\/actualites\/voici-comment-le-gouvernement-a-prolonge-la-videosurveillance-algorithmique\">comme Amnesty International,<\/a> pour \u00ab\u00a0atteintes aux libert\u00e9s publiques\u201d.&nbsp;<\/p>\n\n\n\n<div class=\"wp-block-columns is-layout-flex wp-container-core-columns-is-layout-28f84493 wp-block-columns-is-layout-flex\">\n<div class=\"wp-block-column is-layout-flow wp-block-column-is-layout-flow\">\n<figure class=\"wp-block-image size-large\"><img fetchpriority=\"high\" decoding=\"async\" width=\"819\" height=\"1024\" src=\"https:\/\/mob-media.info\/wp-content\/uploads\/2025\/04\/3-6-819x1024.png\" alt=\"\" class=\"wp-image-1583\" srcset=\"https:\/\/mob-media.info\/wp-content\/uploads\/2025\/04\/3-6-819x1024.png 819w, https:\/\/mob-media.info\/wp-content\/uploads\/2025\/04\/3-6-240x300.png 240w, https:\/\/mob-media.info\/wp-content\/uploads\/2025\/04\/3-6.png 1080w\" sizes=\"(max-width: 819px) 100vw, 819px\" \/><\/figure>\n<\/div>\n\n\n\n<div class=\"wp-block-column is-layout-flow wp-block-column-is-layout-flow\">\n<figure class=\"wp-block-image size-large\"><img decoding=\"async\" width=\"819\" height=\"1024\" src=\"https:\/\/mob-media.info\/wp-content\/uploads\/2025\/04\/4-6-819x1024.png\" alt=\"\" class=\"wp-image-1584\" srcset=\"https:\/\/mob-media.info\/wp-content\/uploads\/2025\/04\/4-6-819x1024.png 819w, https:\/\/mob-media.info\/wp-content\/uploads\/2025\/04\/4-6-240x300.png 240w, https:\/\/mob-media.info\/wp-content\/uploads\/2025\/04\/4-6.png 1080w\" sizes=\"(max-width: 819px) 100vw, 819px\" \/><\/figure>\n<\/div>\n<\/div>\n\n\n\n<p><strong>St\u00e9rin arrose l\u2019extr\u00eame-Droite et ignore l\u2019Assembl\u00e9e<\/strong> &#8211; R\u00e9v\u00e9l\u00e9 en 2024 par l\u2019<a href=\"https:\/\/www.humanite.fr\/politique\/assemblee-nationale\/attendu-sur-son-plan-pericles-pierre-edouard-sterin-se-defile-a-lassemblee-nationale\" data-type=\"link\" data-id=\"https:\/\/www.msn.com\/fr-fr\/actualite\/france\/attendu-sur-son-plan-p%C3%A9ricl%C3%A8s-pierre-edouard-st%C3%A9rin-se-d%C3%A9file-%C3%A0-l-assembl%C3%A9e-nationale\/ar-AA1DsDeD\">Humanit\u00e9<\/a>, le business plan P\u00e9ricl\u00e8s a pour objectif de faire gagner l\u2019extr\u00eame droite aux prochaines \u00e9lections, notamment en rachetant des m\u00e9dias, en soutenant des candidats et en investissant 150 millions d\u2019euros. Pierre-Edouard St\u00e9rin et son bras droit Arnaud R\u00e9rolle ont refus\u00e9 de se pr\u00e9senter \u00e0 leur audience \u00e0 l\u2019Assembl\u00e9e nationale pour l&rsquo;enqu\u00eate parlementaire sur ce sujet. Attention \u00e0 ces id\u00e9es naus\u00e9abondes qui irradient ensuite sur tout le territoire.<\/p>\n\n\n\n<div class=\"wp-block-columns is-layout-flex wp-container-core-columns-is-layout-28f84493 wp-block-columns-is-layout-flex\">\n<div class=\"wp-block-column is-layout-flow wp-block-column-is-layout-flow\">\n<figure class=\"wp-block-image size-large\"><img decoding=\"async\" width=\"819\" height=\"1024\" src=\"https:\/\/mob-media.info\/wp-content\/uploads\/2025\/04\/6-5-819x1024.png\" alt=\"\" class=\"wp-image-1585\" srcset=\"https:\/\/mob-media.info\/wp-content\/uploads\/2025\/04\/6-5-819x1024.png 819w, https:\/\/mob-media.info\/wp-content\/uploads\/2025\/04\/6-5-240x300.png 240w, https:\/\/mob-media.info\/wp-content\/uploads\/2025\/04\/6-5.png 1080w\" sizes=\"(max-width: 819px) 100vw, 819px\" \/><\/figure>\n<\/div>\n\n\n\n<div class=\"wp-block-column is-layout-flow wp-block-column-is-layout-flow\">\n<figure class=\"wp-block-image size-large\"><img loading=\"lazy\" decoding=\"async\" width=\"819\" height=\"1024\" src=\"https:\/\/mob-media.info\/wp-content\/uploads\/2025\/04\/7-4-819x1024.png\" alt=\"\" class=\"wp-image-1586\" srcset=\"https:\/\/mob-media.info\/wp-content\/uploads\/2025\/04\/7-4-819x1024.png 819w, https:\/\/mob-media.info\/wp-content\/uploads\/2025\/04\/7-4-240x300.png 240w, https:\/\/mob-media.info\/wp-content\/uploads\/2025\/04\/7-4.png 1080w\" sizes=\"(max-width: 819px) 100vw, 819px\" \/><\/figure>\n<\/div>\n<\/div>\n\n\n\n<p><strong>Silenced, le film d\u2019extr\u00eame droite et raciste, r\u00e9duit au silence<\/strong> &#8211; En Bretagne, par exemple, les villes de Saint-Brieuc, Lannion et Lorient interdisent la diffusion, par l\u2019association identitaire \u00ab\u00a0Cercle Tr\u00e9gor &amp; Go\u00eblo\u00a0\u00bb, du film Silenced. Selon <a href=\"https:\/\/france3-regions.francetvinfo.fr\/bretagne\/cotes-d-armor\/saint-brieuc\/apres-lannion-les-villes-de-saint-brieuc-et-lorient-interdisent-la-projection-de-silenced-film-juge-complotiste-et-raciste-3142784.html\" data-type=\"link\" data-id=\"https:\/\/france3-regions.francetvinfo.fr\/bretagne\/cotes-d-armor\/saint-brieuc\/apres-lannion-les-villes-de-saint-brieuc-et-lorient-interdisent-la-projection-de-silenced-film-juge-complotiste-et-raciste-3142784.html\">France 3 Bretagne<\/a>, les maires des trois villes ont publi\u00e9 chacun un arr\u00eat\u00e9, d\u00e9non\u00e7ant des \u201crisques de troubles \u00e0 l\u2019ordre public\u201d. Le r\u00e9alisateur, Tommy Robinson, est un activiste d\u2019extr\u00eame droite qui avait provoqu\u00e9 des \u00e9meutes anti-migrants l\u2019\u00e9t\u00e9 dernier au Royaume-Uni. Il a d&rsquo;ailleurs \u00e9t\u00e9 condamn\u00e9 en 2024 \u00e0 18 mois de prison ferme pour ses propos racistes. A lire dans <a href=\"https:\/\/www.lemonde.fr\/international\/article\/2024\/10\/28\/tommy-robinson-activiste-britannique-d-extreme-droite-condamne-a-dix-huit-mois-de-prison-ferme_6363288_3210.html\">Le Monde<\/a>.<\/p>\n\n\n\n<div class=\"wp-block-columns is-layout-flex wp-container-core-columns-is-layout-28f84493 wp-block-columns-is-layout-flex\">\n<div class=\"wp-block-column is-layout-flow wp-block-column-is-layout-flow\">\n<figure class=\"wp-block-image size-large\"><img loading=\"lazy\" decoding=\"async\" width=\"819\" height=\"1024\" src=\"https:\/\/mob-media.info\/wp-content\/uploads\/2025\/04\/9-6-819x1024.png\" alt=\"\" class=\"wp-image-1587\" srcset=\"https:\/\/mob-media.info\/wp-content\/uploads\/2025\/04\/9-6-819x1024.png 819w, https:\/\/mob-media.info\/wp-content\/uploads\/2025\/04\/9-6-240x300.png 240w, https:\/\/mob-media.info\/wp-content\/uploads\/2025\/04\/9-6.png 1080w\" sizes=\"(max-width: 819px) 100vw, 819px\" \/><\/figure>\n<\/div>\n\n\n\n<div class=\"wp-block-column is-layout-flow wp-block-column-is-layout-flow\">\n<figure class=\"wp-block-image size-large\"><img loading=\"lazy\" decoding=\"async\" width=\"819\" height=\"1024\" src=\"https:\/\/mob-media.info\/wp-content\/uploads\/2025\/04\/10-5-819x1024.png\" alt=\"\" class=\"wp-image-1588\" srcset=\"https:\/\/mob-media.info\/wp-content\/uploads\/2025\/04\/10-5-819x1024.png 819w, https:\/\/mob-media.info\/wp-content\/uploads\/2025\/04\/10-5-240x300.png 240w, https:\/\/mob-media.info\/wp-content\/uploads\/2025\/04\/10-5.png 1080w\" sizes=\"(max-width: 819px) 100vw, 819px\" \/><\/figure>\n<\/div>\n<\/div>\n\n\n\n<p><strong>Reco expo : avec \u00ab\u00a0Banlieues ch\u00e9ries\u00a0\u00bb, les quartiers par eux-m\u00eames<\/strong> &#8211; La bataille des id\u00e9es, le respect des communaut\u00e9s, la lutte contre les discriminations,&#8230; Et si on re d\u00e9couvrait la banlieue loin des clich\u00e9s ? C\u2019est l\u2019ambition de l<a href=\"https:\/\/www.histoire-immigration.fr\/programmation\/expositions\/banlieues-cheries\">\u2019exposition Banlieues Ch\u00e9ries<\/a>, du Mus\u00e9e de l\u2019histoire de l\u2019immigration. Pour la premi\u00e8re fois, un mus\u00e9e national met les banlieues au c\u0153ur d\u2019une exposition qui retrace son histoire sociale et politique. Une population souvent m\u00e9pris\u00e9e et invisibilis\u00e9e alors qu&rsquo;elle repr\u00e9sente 7% des fran\u00e7ais.<\/p>\n\n\n\n<div class=\"wp-block-columns is-layout-flex wp-container-core-columns-is-layout-28f84493 wp-block-columns-is-layout-flex\">\n<div class=\"wp-block-column is-layout-flow wp-block-column-is-layout-flow\">\n<figure class=\"wp-block-image size-large\"><img loading=\"lazy\" decoding=\"async\" width=\"819\" height=\"1024\" src=\"https:\/\/mob-media.info\/wp-content\/uploads\/2025\/04\/12-3-819x1024.png\" alt=\"\" class=\"wp-image-1589\" srcset=\"https:\/\/mob-media.info\/wp-content\/uploads\/2025\/04\/12-3-819x1024.png 819w, https:\/\/mob-media.info\/wp-content\/uploads\/2025\/04\/12-3-240x300.png 240w, https:\/\/mob-media.info\/wp-content\/uploads\/2025\/04\/12-3.png 1080w\" sizes=\"(max-width: 819px) 100vw, 819px\" \/><\/figure>\n<\/div>\n\n\n\n<div class=\"wp-block-column is-layout-flow wp-block-column-is-layout-flow\">\n<figure class=\"wp-block-image size-large\"><img loading=\"lazy\" decoding=\"async\" width=\"819\" height=\"1024\" src=\"https:\/\/mob-media.info\/wp-content\/uploads\/2025\/04\/13-2-819x1024.png\" alt=\"\" class=\"wp-image-1590\" srcset=\"https:\/\/mob-media.info\/wp-content\/uploads\/2025\/04\/13-2-819x1024.png 819w, https:\/\/mob-media.info\/wp-content\/uploads\/2025\/04\/13-2-240x300.png 240w, https:\/\/mob-media.info\/wp-content\/uploads\/2025\/04\/13-2.png 1080w\" sizes=\"(max-width: 819px) 100vw, 819px\" \/><\/figure>\n<\/div>\n<\/div>\n\n\n\n<p>C&rsquo;est tout pour les actus de cette semaine, on se dit \u00e0 bient\u00f4t pour plus d&rsquo;actualit\u00e9s d\u00e9mocratiques. <\/p>\n\n\n\n<p>&#8211;<\/p>\n\n\n\n<p><strong>Infographie : Flavie Roussel \/\/ L&rsquo;\u00e9quipe MOB<\/strong><\/p>\n\n\n\n<p><\/p>\n","protected":false},"excerpt":{"rendered":"<p>Les 4 actus d\u00e9mocratiques de la semaine &#8211; 26\/04\/2025 La fin des vid\u00e9osurveillances algorithmiques, Pierre Edouard St\u00e9rin qui refuse de se pr\u00e9senter \u00e0 l&rsquo;Assembl\u00e9e nationale, un film censur\u00e9 en Bretagne et une exposition sur les banlieues, loin des clich\u00e9s&#8230; Voici les 4 actualit\u00e9s d\u00e9mocratiques de la semaine. La vid\u00e9osurveillance algorithmique, c\u2019est non &#8211; Jeudi, le &hellip; <\/p>\n<p class=\"link-more\"><a href=\"https:\/\/mob-media.info\/index.php\/2025\/04\/26\/les-4-actus-democratiques-de-la-semaine\/\" class=\"more-link\">Lire la suite de<span class=\"screen-reader-text\">\u00ab\u00a0Les actus d\u00e9mocratiques du 26\/04\/25\u00a0\u00bb<\/span><\/a><\/p>\n","protected":false},"author":9,"featured_media":1580,"comment_status":"closed","ping_status":"open","sticky":false,"template":"","format":"standard","meta":{"footnotes":""},"categories":[3,68,5,12,13],"tags":[],"class_list":["post-1577","post","type-post","status-publish","format-standard","has-post-thumbnail","hentry","category-infographie","category-infolettre","category-institutions","category-lutte-sociale","category-participation-citoyenne"],"featured_media_urls":{"thumbnail":["https:\/\/mob-media.info\/wp-content\/uploads\/2025\/04\/1-10-150x150.png",150,150,true],"medium":["https:\/\/mob-media.info\/wp-content\/uploads\/2025\/04\/1-10-240x300.png",240,300,true],"medium_large":["https:\/\/mob-media.info\/wp-content\/uploads\/2025\/04\/1-10.png",768,960,false],"large":["https:\/\/mob-media.info\/wp-content\/uploads\/2025\/04\/1-10-819x1024.png",819,1024,true],"1536x1536":["https:\/\/mob-media.info\/wp-content\/uploads\/2025\/04\/1-10.png",1080,1350,false],"2048x2048":["https:\/\/mob-media.info\/wp-content\/uploads\/2025\/04\/1-10.png",1080,1350,false],"inspiro-featured-image":["https:\/\/mob-media.info\/wp-content\/uploads\/2025\/04\/1-10.png",1080,1350,false],"inspiro-loop":["https:\/\/mob-media.info\/wp-content\/uploads\/2025\/04\/1-10-950x320.png",950,320,true],"inspiro-loop@2x":["https:\/\/mob-media.info\/wp-content\/uploads\/2025\/04\/1-10-1080x640.png",1080,640,true],"portfolio_item-thumbnail":["https:\/\/mob-media.info\/wp-content\/uploads\/2025\/04\/1-10-600x400.png",600,400,true],"portfolio_item-thumbnail@2x":["https:\/\/mob-media.info\/wp-content\/uploads\/2025\/04\/1-10-1080x800.png",1080,800,true],"portfolio_item-masonry":["https:\/\/mob-media.info\/wp-content\/uploads\/2025\/04\/1-10-600x750.png",600,750,true],"portfolio_item-masonry@2x":["https:\/\/mob-media.info\/wp-content\/uploads\/2025\/04\/1-10.png",1080,1350,false],"portfolio_item-thumbnail_cinema":["https:\/\/mob-media.info\/wp-content\/uploads\/2025\/04\/1-10-800x335.png",800,335,true],"portfolio_item-thumbnail_portrait":["https:\/\/mob-media.info\/wp-content\/uploads\/2025\/04\/1-10-600x900.png",600,900,true],"portfolio_item-thumbnail_portrait@2x":["https:\/\/mob-media.info\/wp-content\/uploads\/2025\/04\/1-10.png",1080,1350,false],"portfolio_item-thumbnail_square":["https:\/\/mob-media.info\/wp-content\/uploads\/2025\/04\/1-10-800x800.png",800,800,true]},"_links":{"self":[{"href":"https:\/\/mob-media.info\/index.php\/wp-json\/wp\/v2\/posts\/1577","targetHints":{"allow":["GET"]}}],"collection":[{"href":"https:\/\/mob-media.info\/index.php\/wp-json\/wp\/v2\/posts"}],"about":[{"href":"https:\/\/mob-media.info\/index.php\/wp-json\/wp\/v2\/types\/post"}],"author":[{"embeddable":true,"href":"https:\/\/mob-media.info\/index.php\/wp-json\/wp\/v2\/users\/9"}],"replies":[{"embeddable":true,"href":"https:\/\/mob-media.info\/index.php\/wp-json\/wp\/v2\/comments?post=1577"}],"version-history":[{"count":9,"href":"https:\/\/mob-media.info\/index.php\/wp-json\/wp\/v2\/posts\/1577\/revisions"}],"predecessor-version":[{"id":1600,"href":"https:\/\/mob-media.info\/index.php\/wp-json\/wp\/v2\/posts\/1577\/revisions\/1600"}],"wp:featuredmedia":[{"embeddable":true,"href":"https:\/\/mob-media.info\/index.php\/wp-json\/wp\/v2\/media\/1580"}],"wp:attachment":[{"href":"https:\/\/mob-media.info\/index.php\/wp-json\/wp\/v2\/media?parent=1577"}],"wp:term":[{"taxonomy":"category","embeddable":true,"href":"https:\/\/mob-media.info\/index.php\/wp-json\/wp\/v2\/categories?post=1577"},{"taxonomy":"post_tag","embeddable":true,"href":"https:\/\/mob-media.info\/index.php\/wp-json\/wp\/v2\/tags?post=1577"}],"curies":[{"name":"wp","href":"https:\/\/api.w.org\/{rel}","templated":true}]}}