{"id":1973,"date":"2025-09-03T10:00:00","date_gmt":"2025-09-03T08:00:00","guid":{"rendered":"https:\/\/mob-media.info\/?p=1973"},"modified":"2025-11-11T17:28:51","modified_gmt":"2025-11-11T16:28:51","slug":"le-planning-familial-face-aux-attaques","status":"publish","type":"post","link":"https:\/\/mob-media.info\/index.php\/2025\/09\/03\/le-planning-familial-face-aux-attaques\/","title":{"rendered":"Le Planning familial face aux attaques"},"content":{"rendered":"\n<h2 class=\"wp-block-heading has-white-color has-text-color has-background has-link-color wp-elements-b0cb2b3b6b561e2d208355ac11937928\" style=\"background-color:#a658ea\">Le Planning familial face aux attaques &#8211; 03\/09\/25<\/h2>\n\n\n\n<p><strong>Il y a quelques mois, on vous parlait des difficult\u00e9s qui traversent le monde associatif, avec <a href=\"https:\/\/mob-media.info\/index.php\/2025\/03\/31\/associations-sans-argent-ou-libertes-comment-gerer\/\" target=\"_blank\" rel=\"noreferrer noopener\">Claire Thoury, la pr\u00e9sidente du mouvement associatif<\/a>. Et le Planning familial est en plein dedans. Avec ses 80 antennes, la structure informe et accompagne sur les questions de sant\u00e9 sexuelle, d&rsquo;acc\u00e8s aux droits et d\u2019\u00e9mancipation. Mais, alors que l\u2019association est plus que jamais essentielle pour garantir les droits et rendre compte des r\u00e9alit\u00e9s du terrain, elle fait face \u00e0 de multiples difficult\u00e9s : financi\u00e8res comme politiques. Pourtant, depuis bient\u00f4t 70 ans, l\u2019association f\u00e9ministe agit de mani\u00e8re significative sur tout le territoire.<\/strong><\/p>\n\n\n\n<figure class=\"wp-block-embed is-type-video is-provider-youtube wp-block-embed-youtube wp-embed-aspect-16-9 wp-has-aspect-ratio\"><div class=\"wp-block-embed__wrapper\">\n<iframe title=\"Le planning familial face aux attaques\" width=\"950\" height=\"534\" src=\"https:\/\/www.youtube.com\/embed\/UvpZfw2UXaE?feature=oembed\" frameborder=\"0\" allow=\"accelerometer; autoplay; clipboard-write; encrypted-media; gyroscope; picture-in-picture; web-share\" referrerpolicy=\"strict-origin-when-cross-origin\" allowfullscreen><\/iframe>\n<\/div><\/figure>\n\n\n\n<p>Chaque ann\u00e9e, pas moins de 500\u202f000 personnes sont accueillies dans les centres du <a href=\"https:\/\/www.planning-familial.org\/fr\" target=\"_blank\" rel=\"noreferrer noopener\">Planning familial<\/a> et des interventions d\u2019\u00e9ducation \u00e0 la vie affective et sexuelle sont organis\u00e9es aupr\u00e8s de 150\u202f000 jeunes. Malgr\u00e9 ces actions consid\u00e9rables et d\u2019int\u00e9r\u00eat public, l\u2019association d\u00e9nonce des attaques de plus en plus importantes. <\/p>\n\n\n\n<p>Sarah Durocher, pr\u00e9sidente du Planning familial \u00e0 l\u2019\u00e9chelle nationale, nous a aid\u00e9 \u00e0 comprendre les enjeux et les dynamiques qui se cachent derri\u00e8re, et surtout l\u2019importance de pouvoir poursuivre leurs missions.<\/p>\n\n\n\n<p class=\"has-white-color has-text-color has-background has-link-color wp-elements-1423a7c739d5eab41777c7826e69baed\" style=\"background-color:#a658ea\">\u00ab\u00a0<em>On a des menaces \u00e9videmment et puis,&nbsp;des attaques directes contre les antennes du Planning :&nbsp;<a href=\"https:\/\/www.bfmtv.com\/bfm-dici\/le-planning-familial-des-hautes-alpes-victime-d-actes-homophobes-sa-vitrine-vandalisee_AN-202309060667.html\" target=\"_blank\" rel=\"noreferrer noopener\">des vitrines qui sont attaqu\u00e9es<\/a>, des intimidations t\u00e9l\u00e9phoniques et \u00e7a, c&rsquo;est quelque chose qui s&rsquo;acc\u00e9l\u00e8re depuis deux ans.&nbsp;Et puis depuis quelques mois, on a aussi des coupes budg\u00e9taires qui sont annonc\u00e9es.<\/em>\u00a0\u00bb <strong>Sarah Durocher, Pr\u00e9sidente du Planning familial<\/strong><\/p>\n\n\n\n<p>La Pr\u00e9sidente du Planning familial est cat\u00e9gorique : le monde associatif est cibl\u00e9 pour ses actions. Et le Planning, pour ses positions sur le droit \u00e0 l&rsquo;avortement, l&rsquo;\u00e9mancipation et les droits des femmes ou des personnes transgenres, est aux premi\u00e8res loges. Ces attaques se ressentent particuli\u00e8rement \u00e0 l&rsquo;\u00e9chelon local o\u00f9 les baisses dans le budget \u00e9tatique aux collectivit\u00e9s l\u00e9gitiment de couper les vivres aux associations.<\/p>\n\n\n\n<h3 class=\"wp-block-heading\">C.E.R et coupes budg\u00e9taires pour les faire taire<\/h3>\n\n\n\n<p><a href=\"https:\/\/www.leparisien.fr\/loiret-45\/on-a-pris-un-uppercut-le-planning-familial-du-loiret-en-difficulte-a-cause-de-la-baisse-des-subventions-14-04-2025-6JNGQ3SNL5HGLHKHX6V5QFUNTY.php\" target=\"_blank\" rel=\"noreferrer noopener\">Le Parisien<\/a> retrace, par exemple, une coupe de 10% du budget de l&rsquo;association dans le Loiret en avril dernier. <a href=\"https:\/\/www.mediapart.fr\/journal\/france\/080325\/dans-la-drome-la-sante-sexuelle-est-mise-en-peril-par-des-coupes-budgetaires\" target=\"_blank\" rel=\"noreferrer noopener\">Mediapart<\/a> a \u00e9galement enqu\u00eat\u00e9 dans la Dr\u00f4me o\u00f9 le Planning mais aussi des CSS (centres de sant\u00e9 sexuelle) ont vu leurs subventions chut\u00e9 de 20%. Le ph\u00e9nom\u00e8ne essaime dans les d\u00e9partements o\u00f9 sont implant\u00e9 les antennes du Planning et obligent l&rsquo;association \u00e0 adapter ses actions.<\/p>\n\n\n\n<p class=\"has-white-color has-text-color has-background has-link-color wp-elements-94b29649a8037cfc762e1ea05c7191d2\" style=\"background-color:#a658ea\">\u00ab\u00a0<em>On a des actions qu&rsquo;on fait moins bien \u00e9videmment, \u00e7a a des cons\u00e9quences directes pour les personnes.&nbsp;Je pense par exemple \u00e0 des actions de permanences en milieu rural. Ce sont des actions qui sont <em>\u00e9videmment <\/em>hyper fragilis\u00e9es.\u00a0\u00bb&nbsp;<\/em><strong>Sarah Durocher, Pr\u00e9sidente du Planning familial<\/strong><\/p>\n\n\n\n<p>Les premiers \u00e0 souffrir de ces coupes et attaques, ce sont les premiers concern\u00e9s : les b\u00e9n\u00e9ficiaires du Planning. Et si les collectivit\u00e9s se cachent souvent derri\u00e8re les choix budg\u00e9taires li\u00e9s \u00e0 la crise \u00e9conomique, pour Sarah Durocher, le message est \u00e9galement extr\u00eamement politique. On demande au Planning familial, comme \u00e0 tout le monde associatif de respecter le <a href=\"http:\/\/chrome-extension:\/\/efaidnbmnnnibpcajpcglclefindmkaj\/https:\/\/www.associations.gouv.fr\/IMG\/pdf\/faq_cer_fevrier_2023_vf.pdf\" target=\"_blank\" rel=\"noreferrer noopener\">Contrat d&rsquo;engagement r\u00e9publicain<\/a> (CER). Un document \u00e0 signer pour toute aide publique et qui oblige l&rsquo;association \u00e0 la \u00ab\u00a0neutralit\u00e9\u00a0\u00bb et au \u00ab\u00a0r\u00e9publicanisme\u00a0\u00bb. Des adjectifs n\u00e9buleux qui ne r\u00e9pondent pas au m\u00eames r\u00e9alit\u00e9s en fonction des \u00e9lus qu&rsquo;on a en face.<\/p>\n\n\n\n<h3 class=\"wp-block-heading\">Un proc\u00e8s, m\u00eame gagn\u00e9, faut pouvoir l&rsquo;encaisser<\/h3>\n\n\n\n<p>Et c&rsquo;est tout l&rsquo;enjeu pour l&rsquo;association : continuer sa mission d&rsquo;utilit\u00e9 publique, donc avec des financements publics, alors que les collectivit\u00e9s leur tournent le dos.<\/p>\n\n\n\n<p class=\"has-white-color has-text-color has-background has-link-color wp-elements-e63f544b4ab65c059e013e00ab6cea1d\" style=\"background-color:#a658ea\"><em>\u00ab\u00a0On exerce des missions qui sont&nbsp;d\u00e9finies dans la loi. On milite donc au Planning pour que ce soit l&rsquo;Etat qui finance ces missions-l\u00e0. Ces baisses de subventions, \u00e7a nous oblige pourtant \u00e0 se tourner vers les financements priv\u00e9s. C&rsquo;est un changement de culture,&nbsp;un changement de strat\u00e9gie. C&rsquo;est surtout de l&rsquo;\u00e9nergie&nbsp;qu&rsquo;on ne met pas autre part.\u00a0\u00bb<\/em> <strong>Sarah Durocher, Pr\u00e9sidente du Planning familial<\/strong><\/p>\n\n\n\n<p>Cette \u00e9nergie, le Planning doit \u00e9galement la mettre dans les proc\u00e9dures judiciaires \u00e0 leur encontre. Car, avec le contrat r\u00e9publicain, ce sont aussi des proc\u00e8s qui leur sont intent\u00e9s. Le cas typique, mais pas isol\u00e9, que nous raconte Sarah Durocher, c&rsquo;est l&rsquo;affaire du <a href=\"https:\/\/www.lejsl.com\/faits-divers-justice\/2022\/03\/04\/femme-voilee-sur-une-affiche-le-maire-veut-interdire-la-manifestation-du-planning-familial\" target=\"_blank\" rel=\"noreferrer noopener\">8 mars 2022 \u00e0 Chalon-Sur-Sa\u00f4ne<\/a> : une affiche du Planning repr\u00e9sentait une femme voil\u00e9e, ce qui n&rsquo;a pas plu \u00e0 la mairie. R\u00e9sultat : annulation du pr\u00eat de mat\u00e9riel et de local et demande d&rsquo;interdiction de leur manifestation pour \u00ab\u00a0communautarisme\u00a0\u00bb, invoquant le CER. Le tribunal administratif saisi \u00e0 l&rsquo;\u00e9poque avait finalement statu\u00e9 en faveur du Planning familial, comme le raconte <a href=\"https:\/\/www.lemonde.fr\/societe\/article\/2025\/04\/09\/le-contrat-d-engagement-republicain-outil-contre-le-separatisme-parfois-detourne-de-son-objet_6593324_3224.html\" target=\"_blank\" rel=\"noreferrer noopener\">Le Monde<\/a>. <\/p>\n\n\n\n<p>Leurs journalistes font pourtant le m\u00eame constat que Sarah Durocher : le CER sert de plus en plus \u00e0 museler les associations qui d\u00e9plaisent au pouvoir politique, particuli\u00e8rement dans les collectivit\u00e9s o\u00f9 la Droite r\u00e9actionnaire et l&rsquo;Extr\u00eame droite gouvernent. Et si Sarah Durocher nous rassure en disant que le Planning familial continue \u00e0 mener la majorit\u00e9 de ses actions, elle ne peut s&#8217;emp\u00eacher de penser aux plus petites associations qui n&rsquo;ont pas leur r\u00e9seau ni leur tr\u00e9sorerie. De quoi museler le tissu associatif dense pourtant si essentiel aux respect des droits, \u00e0 la solidarit\u00e9 ou \u00e0 la sant\u00e9 quand l&rsquo;\u00c9tat vient \u00e0 manquer.<\/p>\n\n\n\n<p>&#8211;<\/p>\n\n\n\n<p><strong>R\u00e9alisation et montage vid\u00e9o : Perrine Bontemps \/ Article : Elliot Clarke<\/strong><\/p>\n","protected":false},"excerpt":{"rendered":"<p>Le Planning familial face aux attaques &#8211; 03\/09\/25 Il y a quelques mois, on vous parlait des difficult\u00e9s qui traversent le monde associatif, avec Claire Thoury, la pr\u00e9sidente du mouvement associatif. Et le Planning familial est en plein dedans. Avec ses 80 antennes, la structure informe et accompagne sur les questions de sant\u00e9 sexuelle, d&rsquo;acc\u00e8s &hellip; <\/p>\n<p class=\"link-more\"><a href=\"https:\/\/mob-media.info\/index.php\/2025\/09\/03\/le-planning-familial-face-aux-attaques\/\" class=\"more-link\">Lire la suite de<span class=\"screen-reader-text\">\u00ab\u00a0Le Planning familial face aux attaques\u00a0\u00bb<\/span><\/a><\/p>\n","protected":false},"author":3,"featured_media":1974,"comment_status":"closed","ping_status":"open","sticky":false,"template":"","format":"standard","meta":{"footnotes":""},"categories":[11,18,4],"tags":[],"class_list":["post-1973","post","type-post","status-publish","format-standard","has-post-thumbnail","hentry","category-associations","category-entretien","category-video"],"featured_media_urls":{"thumbnail":["https:\/\/mob-media.info\/wp-content\/uploads\/2025\/09\/Couv-Reels-Insta-e1756822102441-150x150.png",150,150,true],"medium":["https:\/\/mob-media.info\/wp-content\/uploads\/2025\/09\/Couv-Reels-Insta-e1756822102441-235x300.png",235,300,true],"medium_large":["https:\/\/mob-media.info\/wp-content\/uploads\/2025\/09\/Couv-Reels-Insta-e1756822102441-768x980.png",768,980,true],"large":["https:\/\/mob-media.info\/wp-content\/uploads\/2025\/09\/Couv-Reels-Insta-e1756822102441-802x1024.png",802,1024,true],"1536x1536":["https:\/\/mob-media.info\/wp-content\/uploads\/2025\/09\/Couv-Reels-Insta-e1756822102441.png",1078,1376,false],"2048x2048":["https:\/\/mob-media.info\/wp-content\/uploads\/2025\/09\/Couv-Reels-Insta-e1756822102441.png",1078,1376,false],"inspiro-featured-image":["https:\/\/mob-media.info\/wp-content\/uploads\/2025\/09\/Couv-Reels-Insta-e1756822102441.png",1078,1376,false],"inspiro-loop":["https:\/\/mob-media.info\/wp-content\/uploads\/2025\/09\/Couv-Reels-Insta-e1756822102441-950x320.png",950,320,true],"inspiro-loop@2x":["https:\/\/mob-media.info\/wp-content\/uploads\/2025\/09\/Couv-Reels-Insta-e1756822102441-1078x640.png",1078,640,true],"portfolio_item-thumbnail":["https:\/\/mob-media.info\/wp-content\/uploads\/2025\/09\/Couv-Reels-Insta-e1756822102441-600x400.png",600,400,true],"portfolio_item-thumbnail@2x":["https:\/\/mob-media.info\/wp-content\/uploads\/2025\/09\/Couv-Reels-Insta-e1756822102441-1078x800.png",1078,800,true],"portfolio_item-masonry":["https:\/\/mob-media.info\/wp-content\/uploads\/2025\/09\/Couv-Reels-Insta-e1756822102441-600x766.png",600,766,true],"portfolio_item-masonry@2x":["https:\/\/mob-media.info\/wp-content\/uploads\/2025\/09\/Couv-Reels-Insta-e1756822102441.png",1078,1376,false],"portfolio_item-thumbnail_cinema":["https:\/\/mob-media.info\/wp-content\/uploads\/2025\/09\/Couv-Reels-Insta-e1756822102441-800x335.png",800,335,true],"portfolio_item-thumbnail_portrait":["https:\/\/mob-media.info\/wp-content\/uploads\/2025\/09\/Couv-Reels-Insta-e1756822102441-600x900.png",600,900,true],"portfolio_item-thumbnail_portrait@2x":["https:\/\/mob-media.info\/wp-content\/uploads\/2025\/09\/Couv-Reels-Insta-e1756822102441.png",1078,1376,false],"portfolio_item-thumbnail_square":["https:\/\/mob-media.info\/wp-content\/uploads\/2025\/09\/Couv-Reels-Insta-e1756822102441-800x800.png",800,800,true]},"_links":{"self":[{"href":"https:\/\/mob-media.info\/index.php\/wp-json\/wp\/v2\/posts\/1973","targetHints":{"allow":["GET"]}}],"collection":[{"href":"https:\/\/mob-media.info\/index.php\/wp-json\/wp\/v2\/posts"}],"about":[{"href":"https:\/\/mob-media.info\/index.php\/wp-json\/wp\/v2\/types\/post"}],"author":[{"embeddable":true,"href":"https:\/\/mob-media.info\/index.php\/wp-json\/wp\/v2\/users\/3"}],"replies":[{"embeddable":true,"href":"https:\/\/mob-media.info\/index.php\/wp-json\/wp\/v2\/comments?post=1973"}],"version-history":[{"count":5,"href":"https:\/\/mob-media.info\/index.php\/wp-json\/wp\/v2\/posts\/1973\/revisions"}],"predecessor-version":[{"id":2201,"href":"https:\/\/mob-media.info\/index.php\/wp-json\/wp\/v2\/posts\/1973\/revisions\/2201"}],"wp:featuredmedia":[{"embeddable":true,"href":"https:\/\/mob-media.info\/index.php\/wp-json\/wp\/v2\/media\/1974"}],"wp:attachment":[{"href":"https:\/\/mob-media.info\/index.php\/wp-json\/wp\/v2\/media?parent=1973"}],"wp:term":[{"taxonomy":"category","embeddable":true,"href":"https:\/\/mob-media.info\/index.php\/wp-json\/wp\/v2\/categories?post=1973"},{"taxonomy":"post_tag","embeddable":true,"href":"https:\/\/mob-media.info\/index.php\/wp-json\/wp\/v2\/tags?post=1973"}],"curies":[{"name":"wp","href":"https:\/\/api.w.org\/{rel}","templated":true}]}}