{"id":1985,"date":"2025-09-06T14:07:00","date_gmt":"2025-09-06T12:07:00","guid":{"rendered":"https:\/\/mob-media.info\/?p=1985"},"modified":"2025-09-08T14:47:18","modified_gmt":"2025-09-08T12:47:18","slug":"10-septembre-bloquons-tout","status":"publish","type":"post","link":"https:\/\/mob-media.info\/index.php\/2025\/09\/06\/10-septembre-bloquons-tout\/","title":{"rendered":"10 septembre : bloquons tout ?"},"content":{"rendered":"\n<h2 class=\"wp-block-heading has-white-color has-text-color has-background has-link-color wp-elements-f06d6e034f42a5d03b4d0c1507091489\" style=\"background-color:#f07c00\">10 septembre : on bloque tout ? &#8211; 06\/09\/25<\/h2>\n\n\n\n<p><strong>\u00ab\u00a0Bloquons-tout\u00a0\u00bb, c&rsquo;est le mot d&rsquo;ordre du mouvement populaire explosif de cette rentr\u00e9e. Auto-confinement, blocages, boycotts et sabotages sont annonc\u00e9s dans toute la France. Avec comme moteur la col\u00e8re contre le budget de Bayrou et le quinquennat de Macron.\u00a0 On a voulu vous retracer le mouvement (et ses organisateurs) et la mani\u00e8re dont il \u00e9tait trait\u00e9 par m\u00e9dias et classe politique. Tour d&rsquo;horizon impossible de ce balbutiement de r\u00e9volte populaire.<\/strong><\/p>\n\n\n\n<figure class=\"wp-block-embed is-type-video is-provider-youtube wp-block-embed-youtube wp-embed-aspect-16-9 wp-has-aspect-ratio\"><div class=\"wp-block-embed__wrapper\">\n<iframe title=\"10 Septembre - Bloquer tout ?\" width=\"950\" height=\"534\" src=\"https:\/\/www.youtube.com\/embed\/IL634R6pQW4?feature=oembed\" frameborder=\"0\" allow=\"accelerometer; autoplay; clipboard-write; encrypted-media; gyroscope; picture-in-picture; web-share\" referrerpolicy=\"strict-origin-when-cross-origin\" allowfullscreen><\/iframe>\n<\/div><\/figure>\n\n\n\n<p>L\u2019appel qui tourne en boucle, alimente les conversations, interroge les m\u00e9dias et inqui\u00e8te les pouvoirs publics. M\u00eame si c\u2019est assez confus, l\u2019origine du mouvement c\u2019est <em><a href=\"https:\/\/lesessentiels-france.fr\/\" target=\"_blank\" rel=\"noreferrer noopener\">les Essentiels<\/a><\/em>, un canal Telegram souverainiste, complotiste, plut\u00f4t ancr\u00e9 \u00e0 l\u2019extr\u00eame droite. \u00c7a se diffuse pas mal en mai et puis \u00e7a explose vraiment avec l\u2019annonce du Budget 2026.<\/p>\n\n\n\n<p>Suppression de jours f\u00e9ri\u00e9s, serrage de ceinture g\u00e9n\u00e9ralis\u00e9, et protection des grandes fortunes. Pour les gens, trop c\u2019est trop&nbsp;! Deux grosses tendances se r\u00e9pandent alors sur les r\u00e9seaux avec comme date commune le 10 septembre. Un appel \u00e0 s\u2019autoconfiner d\u2019un c\u00f4t\u00e9, de l\u2019autre \u00e0 bloquer le pays. Et c\u2019est ce dernier qui va, aliment\u00e9 par de faux comptes \u00e9trangers <a href=\"https:\/\/www.francebleu.fr\/infos\/societe\/bloquons-tout-le-10-septembre-la-mobilisation-autour-du-mouvement-amplifiee-par-des-faux-comptes-5383188\" target=\"_blank\" rel=\"noreferrer noopener\">souligne<em> France Bleu<\/em><\/a>, prendre de l\u2019ampleur pendant le mois d\u2019ao\u00fbt. Et surtout s\u2019organiser&nbsp;! Si \u00e7a vous int\u00e9resse, un site, <a href=\"https:\/\/indignonsnous.fr\/\">\u00ab&nbsp;Indignons-nous&nbsp;\u00bb<\/a>, recense les groupes informels, canaux Telegram et autres r\u00e9unions de pr\u00e9paration de cette journ\u00e9e d\u2019action citoyenne.<\/p>\n\n\n\n<h3 class=\"wp-block-heading\">Gilets jaunes, col\u00e8re rouge<\/h3>\n\n\n\n<p>Une mobilisation citoyenne venue des petites villes, zones p\u00e9riurbaines et campagnes. \u00c7a ne vous rappelle pas 2018 et les Gilets jaunes d&rsquo;ailleurs ? Pour vous rafra\u00eechir la m\u00e9moire, on vous conseille <a href=\"https:\/\/www.youtube.com\/watch?v=qslQ27vK2gw\" target=\"_blank\" rel=\"noreferrer noopener\">le reportage du <em>M\u00e9dia<\/em><\/a> \u00e0 l&rsquo;\u00e9poque. Nombreux renfilent leur Gilet jaune dans les Assembl\u00e9es populaires qui \u00e9mergent dans toute la France. C\u2019est \u00e7a &nbsp;que les m\u00e9dias ne veulent pas rater, c\u2019est \u00e7a qui inqui\u00e8te aussi la classe politique au pouvoir. Et, m\u00eame s\u2019il semblerait que les personnes mobilis\u00e9es ne soient pas les m\u00eames qu\u2019en 2018, nombreux se rallient \u00e0 cet appel.<\/p>\n\n\n\n<p>Syndicats, associations et m\u00eames partis politiques rejoignent eux aussi le mouvement qui tente, localement, de ne pas se faire r\u00e9cup\u00e9rer. <em><a href=\"https:\/\/connexion.liberation.fr\/autorefresh?referer=https%3a%2f%2fwww.liberation.fr%2fpolitique%2fbloquons-tout-le-rn-ne-veut-pas-sassocier-au-mouvement-pour-ne-pas-laffaiblir-20250822_4DQIJ4P6YJBWJDWQ2TOI6A4BRU%2f\" target=\"_blank\" rel=\"noreferrer noopener\">Lib\u00e9ration<\/a><\/em> s&rsquo;est pas mal pench\u00e9 sur la question. Parce que, les Indign\u00e9s de ce mouvement sont globalement anti-syst\u00e8me. Ils sont surtout contre Macron et sa politique. Comme \u00e0 l\u2019\u00e9poque des Gilets jaunes, le mouvement est dispers\u00e9, citoyen, local. Et c\u2019est ce qui fait sa force d\u00e9mocratique\u00a0: la diversit\u00e9 des lieux et des gens concern\u00e9s. M\u00eame si <a href=\"https:\/\/www.mediapart.fr\/journal\/france\/040925\/sait-qui-va-manger-en-premier-lieu-dans-les-quartiers-populaires-une-mobilisation-encore-timide-l-aube-du\" target=\"_blank\" rel=\"noreferrer noopener\"><em>Mediapart <\/em>nous alerte<\/a> sur le fait que les habitants des quartiers populaires ne semblent pas invit\u00e9s \u00e0 la f\u00eate. Du moins, leurs revendications sur les violences polici\u00e8res ou le mal-logement.<\/p>\n\n\n\n<h3 class=\"wp-block-heading\">63% des gens soutiennent le mouvement<\/h3>\n\n\n\n<p>Mais bon, rien n\u2019est encore act\u00e9. Le mouvement est balbutiant et les actions \u00e0 venir encore floues&nbsp;: blocages, manifestations, boycotts, sabotages. C\u2019est cette dispersion et ce fouillis qui inqui\u00e8tent le plus les renseignements&nbsp;territoriaux. Dans un communiqu\u00e9, consult\u00e9 par <a href=\"https:\/\/www.leparisien.fr\/faits-divers\/mouvement-du-10-septembre-greves-blocages-sabotages-la-note-dalerte-des-services-de-renseignement-02-09-2025-2EUT4PQTFNHGTKWTYAH53WBANQ.php\" target=\"_blank\" rel=\"noreferrer noopener\"><em>Le Parisien<\/em><\/a>, ils pr\u00e9voient \u00ab&nbsp;une journ\u00e9e explosive&nbsp;\u00bb le 10 septembre. Entendre&nbsp;: des probables r\u00e9pressions polici\u00e8res \u00e0 la pelle. L\u2019ex\u00e9cutif s\u2019affole et tente de contr\u00f4ler la mobilisation&nbsp;: Bayrou et son vote de confiance le 8 septembre voudrait apaiser les foules, mais \u00e7a ne semble pas marcher. 63% des gens soutiennent le mouvement du 10 septembre selon la <em><a href=\"https:\/\/www.jean-jaures.org\/publication\/bloquons-tout-tentative-de-portrait-robot-dun-mouvement-nebuleux\/\" target=\"_blank\" rel=\"noreferrer noopener\">Fondation Jean Jaur\u00e8s<\/a><\/em>.<\/p>\n\n\n\n<p>Et, malheureusement, la carte de l\u2019extr\u00e9misme est \u00e0 nouveau agit\u00e9e. Comme pour les Gilets jaunes, sauf que cette fois, ce serait l\u2019extr\u00eame Gauche aux manettes. Surtout depuis le ralliement opportuniste de M\u00e9lenchon \u00e0 la cause. Bruno Retailleau, ministre de l&rsquo;int\u00e9rieur, attise d&rsquo;ailleurs ces braises \u00e0 quelques jours de la mobilisation devant <a href=\"https:\/\/www.youtube.com\/watch?v=JSUGf2fndys\" target=\"_blank\" rel=\"noreferrer noopener\">la cam\u00e9ra de l&rsquo;<em>AFP<\/em><\/a>. Agiter l\u2019extr\u00e9misme du mouvement, c\u2019est justifier la r\u00e9pression \u00e0 venir. C&rsquo;est avant tout d\u00e9l\u00e9gitimer une col\u00e8re populaire qui est en train de se diffuser \u00e0 Droite comme \u00e0 Gauche. Comme le montre tr\u00e8s bien, dans ses graphiques, <a href=\"https:\/\/www.visibrain.com\/fr\/blog\/10-septembre\" target=\"_blank\" rel=\"noreferrer noopener\"><em>l\u2019agence Visibrain<\/em><\/a>. M\u00eame si c\u2019est \u00e9videmment l\u2019opposition, donc la Gauche, qui se positionne le plus contre le plan Bayrou et le quinquennat de Macron. Au risque, <a href=\"https:\/\/www.politis.fr\/articles\/2025\/09\/les-initiatives-citoyennes-disent-et-font-plus-que-les-organisations-traditionnelles\/\" target=\"_blank\" rel=\"noreferrer noopener\">pour <em>Politis<\/em><\/a>, de transformer le mouvement et donc de lui retirer sa force principale\u00a0: d\u2019\u00eatre populaire et apartisan.<\/p>\n\n\n\n<p class=\"has-white-color has-text-color has-background has-link-color wp-elements-f4006ccf2aecc1991fdcf6b825b4a92f\" style=\"background-color:#f07c00\">Le vent r\u00e9volutionnaire souffle dans nos rues mais aussi dans les films ! Particuli\u00e8rement dans les mangas, tr\u00e8s pris\u00e9s des jeunes, y compris dans les quartiers populaires maltrait\u00e9s. C&rsquo;\u00e9tait le sujet de notre dernier \u00e9pisode de <a href=\"https:\/\/mob-media.info\/index.php\/2025\/05\/26\/filmocratie-6-avec-les-mangas-la-revolution-sanime-26-05-2025\/\"><em>Filmocratie &#8211; La r\u00e9volution s&rsquo;anime<\/em><\/a>.<\/p>\n\n\n\n<p>Chez MOB, on trouve \u00e7a beau que les gens se retrouvent, \u00e9changent et veuillent agir contre les in\u00e9galit\u00e9s croissantes dans le pays et la surdit\u00e9 de la classe politique. C\u2019est justement ce d\u00e9ni de d\u00e9mocratie qui cr\u00e9e le besoin de se rassembler autrement et de bloquer un Etat qui ne les \u00e9coute pas. On ira voir ce que \u00e7a donne en tout cas. Et vous, le 10 septembre, vous faites quoi&nbsp;?<\/p>\n\n\n\n<p>&#8211;<\/p>\n\n\n\n<p><strong>R\u00e9alisation et montage : Elliot Clarke<\/strong><\/p>\n","protected":false},"excerpt":{"rendered":"<p>10 septembre : on bloque tout ? &#8211; 06\/09\/25 \u00ab\u00a0Bloquons-tout\u00a0\u00bb, c&rsquo;est le mot d&rsquo;ordre du mouvement populaire explosif de cette rentr\u00e9e. Auto-confinement, blocages, boycotts et sabotages sont annonc\u00e9s dans toute la France. Avec comme moteur la col\u00e8re contre le budget de Bayrou et le quinquennat de Macron.\u00a0 On a voulu vous retracer le mouvement (et &hellip; <\/p>\n<p class=\"link-more\"><a href=\"https:\/\/mob-media.info\/index.php\/2025\/09\/06\/10-septembre-bloquons-tout\/\" class=\"more-link\">Lire la suite de<span class=\"screen-reader-text\">\u00ab\u00a010 septembre : bloquons tout ?\u00a0\u00bb<\/span><\/a><\/p>\n","protected":false},"author":1,"featured_media":1986,"comment_status":"closed","ping_status":"open","sticky":false,"template":"","format":"standard","meta":{"footnotes":""},"categories":[17,12,4],"tags":[],"class_list":["post-1985","post","type-post","status-publish","format-standard","has-post-thumbnail","hentry","category-edito","category-lutte-sociale","category-video"],"featured_media_urls":{"thumbnail":["https:\/\/mob-media.info\/wp-content\/uploads\/2025\/09\/Couv-Reels-Insta-1-e1757334757665-150x150.png",150,150,true],"medium":["https:\/\/mob-media.info\/wp-content\/uploads\/2025\/09\/Couv-Reels-Insta-1-e1757334757665-217x300.png",217,300,true],"medium_large":["https:\/\/mob-media.info\/wp-content\/uploads\/2025\/09\/Couv-Reels-Insta-1-e1757334757665-768x1060.png",768,1060,true],"large":["https:\/\/mob-media.info\/wp-content\/uploads\/2025\/09\/Couv-Reels-Insta-1-e1757334757665-742x1024.png",742,1024,true],"1536x1536":["https:\/\/mob-media.info\/wp-content\/uploads\/2025\/09\/Couv-Reels-Insta-1-e1757334757665.png",1078,1488,false],"2048x2048":["https:\/\/mob-media.info\/wp-content\/uploads\/2025\/09\/Couv-Reels-Insta-1-e1757334757665.png",1078,1488,false],"inspiro-featured-image":["https:\/\/mob-media.info\/wp-content\/uploads\/2025\/09\/Couv-Reels-Insta-1-e1757334757665.png",1078,1488,false],"inspiro-loop":["https:\/\/mob-media.info\/wp-content\/uploads\/2025\/09\/Couv-Reels-Insta-1-e1757334757665-950x320.png",950,320,true],"inspiro-loop@2x":["https:\/\/mob-media.info\/wp-content\/uploads\/2025\/09\/Couv-Reels-Insta-1-e1757334757665-1078x640.png",1078,640,true],"portfolio_item-thumbnail":["https:\/\/mob-media.info\/wp-content\/uploads\/2025\/09\/Couv-Reels-Insta-1-e1757334757665-600x400.png",600,400,true],"portfolio_item-thumbnail@2x":["https:\/\/mob-media.info\/wp-content\/uploads\/2025\/09\/Couv-Reels-Insta-1-e1757334757665-1078x800.png",1078,800,true],"portfolio_item-masonry":["https:\/\/mob-media.info\/wp-content\/uploads\/2025\/09\/Couv-Reels-Insta-1-e1757334757665-600x828.png",600,828,true],"portfolio_item-masonry@2x":["https:\/\/mob-media.info\/wp-content\/uploads\/2025\/09\/Couv-Reels-Insta-1-e1757334757665.png",1078,1488,false],"portfolio_item-thumbnail_cinema":["https:\/\/mob-media.info\/wp-content\/uploads\/2025\/09\/Couv-Reels-Insta-1-e1757334757665-800x335.png",800,335,true],"portfolio_item-thumbnail_portrait":["https:\/\/mob-media.info\/wp-content\/uploads\/2025\/09\/Couv-Reels-Insta-1-e1757334757665-600x900.png",600,900,true],"portfolio_item-thumbnail_portrait@2x":["https:\/\/mob-media.info\/wp-content\/uploads\/2025\/09\/Couv-Reels-Insta-1-e1757334757665.png",1078,1488,false],"portfolio_item-thumbnail_square":["https:\/\/mob-media.info\/wp-content\/uploads\/2025\/09\/Couv-Reels-Insta-1-e1757334757665-800x800.png",800,800,true]},"_links":{"self":[{"href":"https:\/\/mob-media.info\/index.php\/wp-json\/wp\/v2\/posts\/1985","targetHints":{"allow":["GET"]}}],"collection":[{"href":"https:\/\/mob-media.info\/index.php\/wp-json\/wp\/v2\/posts"}],"about":[{"href":"https:\/\/mob-media.info\/index.php\/wp-json\/wp\/v2\/types\/post"}],"author":[{"embeddable":true,"href":"https:\/\/mob-media.info\/index.php\/wp-json\/wp\/v2\/users\/1"}],"replies":[{"embeddable":true,"href":"https:\/\/mob-media.info\/index.php\/wp-json\/wp\/v2\/comments?post=1985"}],"version-history":[{"count":10,"href":"https:\/\/mob-media.info\/index.php\/wp-json\/wp\/v2\/posts\/1985\/revisions"}],"predecessor-version":[{"id":1988,"href":"https:\/\/mob-media.info\/index.php\/wp-json\/wp\/v2\/posts\/1985\/revisions\/1988"}],"wp:featuredmedia":[{"embeddable":true,"href":"https:\/\/mob-media.info\/index.php\/wp-json\/wp\/v2\/media\/1986"}],"wp:attachment":[{"href":"https:\/\/mob-media.info\/index.php\/wp-json\/wp\/v2\/media?parent=1985"}],"wp:term":[{"taxonomy":"category","embeddable":true,"href":"https:\/\/mob-media.info\/index.php\/wp-json\/wp\/v2\/categories?post=1985"},{"taxonomy":"post_tag","embeddable":true,"href":"https:\/\/mob-media.info\/index.php\/wp-json\/wp\/v2\/tags?post=1985"}],"curies":[{"name":"wp","href":"https:\/\/api.w.org\/{rel}","templated":true}]}}