{"id":1997,"date":"2025-09-11T18:01:26","date_gmt":"2025-09-11T16:01:26","guid":{"rendered":"https:\/\/mob-media.info\/?p=1997"},"modified":"2025-09-11T18:01:26","modified_gmt":"2025-09-11T16:01:26","slug":"jeune-elue-mais-engagee-depuis-toujours","status":"publish","type":"post","link":"https:\/\/mob-media.info\/index.php\/2025\/09\/11\/jeune-elue-mais-engagee-depuis-toujours\/","title":{"rendered":"Jeune \u00e9lue mais engag\u00e9e depuis toujours"},"content":{"rendered":"\n<h2 class=\"wp-block-heading has-white-color has-text-color has-background has-link-color wp-elements-041b2449722ee1ce13389229530eee42\" style=\"background-color:#ea6709\">Jeune \u00e9lue mais engag\u00e9e depuis toujours &#8211; 11\/09\/25<\/h2>\n\n\n\n<p><strong>Athithiya Anantharajah se d\u00e9finit elle-m\u00eame comme un \u00ab\u00a0profil atypique\u00a0\u00bb : une jeune, femme, racis\u00e9e et \u00e9lue \u00e0 Pontault-Combault depuis 2020. Conseill\u00e8re municipale, sans \u00e9tiquette, elle nous raconte pourtant cette \u00e9vidence de l&rsquo;engagement dans sa ville. D&rsquo;abord dans le tissu associatif puis \u00e0 la mairie o\u00f9 elle est d\u00e9l\u00e9gu\u00e9e \u00e0 la jeunesse, en cette fin de mandat, \u00e0 seulement 25 ans.<\/strong><\/p>\n\n\n\n<figure class=\"wp-block-embed is-type-video is-provider-youtube wp-block-embed-youtube wp-embed-aspect-16-9 wp-has-aspect-ratio\"><div class=\"wp-block-embed__wrapper\">\n<iframe title=\"Jeune \u00e9lue, engag\u00e9e de puis toujours\" width=\"950\" height=\"534\" src=\"https:\/\/www.youtube.com\/embed\/U4-oHfPYw-Y?feature=oembed\" frameborder=\"0\" allow=\"accelerometer; autoplay; clipboard-write; encrypted-media; gyroscope; picture-in-picture; web-share\" referrerpolicy=\"strict-origin-when-cross-origin\" allowfullscreen><\/iframe>\n<\/div><\/figure>\n\n\n\n<p class=\"has-white-color has-text-color has-background has-link-color wp-elements-8447659f576708ec5ccf79b22534a8d8\" style=\"background-color:#ea6709\">\u00ab\u00a0<em>On ne s&rsquo;attend pas \u00e0 ce qu&rsquo;une femme, qui s&rsquo;appelle Athithiya Anantharajah, issue de la premi\u00e8re g\u00e9n\u00e9ration, Sri-lankaise Tamoul, prenne des responsabilit\u00e9s [politiques], porte une voix, des valeurs, et brille finalement. C&rsquo;est pour \u00e7a que beaucoup de personnes savent que je suis \u00e9lue locale aussi.\u00a0\u00bb <\/em><strong>Athithiya Anantharajah, conseill\u00e8re municipale \u00e0 la jeunesse<\/strong><\/p>\n\n\n\n<p>La jeune conseill\u00e8re municipale r\u00e9sume \u00e0 merveille son originalit\u00e9 dans l&rsquo;\u00e9cosyst\u00e8me politique. Mais, quand de plus en plus de jeunes se sentent d\u00e9sabus\u00e9s du syst\u00e8me \u00e9lectoral et de la repr\u00e9sentation politique \u2013 des vieux, hommes, blancs au pouvoir \u2013 Athithiya trouve tout naturel de prolonger son engagement local, \u00e0 la mairie de sa ville, depuis 2020.<\/p>\n\n\n\n<p>C&rsquo;est dans son histoire familiale qu&rsquo;elle puise les origines de ce d\u00e9vouement. Enfant d&rsquo;immigr\u00e9s tamouls, sri-lankais, venus en France pour fuir la guerre, elle a d\u00fb, tr\u00e8s t\u00f4t, participer aux responsabilit\u00e9s familiales :<\/p>\n\n\n\n<p class=\"has-white-color has-text-color has-background has-link-color wp-elements-686e825dde1fc5c93520711b00e08e0b\" style=\"background-color:#ea6709\">\u00ab\u00a0<em>Les gens me disent toujours que, pour moi, c&rsquo;est inn\u00e9. Alors que, quand j&rsquo;y r\u00e9fl\u00e9chis, ce sont des valeurs qui m&rsquo;ont \u00e9t\u00e9 transmises d\u00e8s l&rsquo;enfance. A 6-7 ans, j&rsquo;\u00e9tais d\u00e9j\u00e0 en train de remplir des documents pour la banque, de faire des rendez-vous chez le m\u00e9decin. \u00c7a m&rsquo;a forg\u00e9e tr\u00e8s t\u00f4t et j&rsquo;ai pris en maturit\u00e9.\u00a0\u00bb <\/em><strong>Athithiya Anantharajah, conseill\u00e8re municipale \u00e0 la jeunesse<\/strong><\/p>\n\n\n\n<p>Aidante \u00ab\u00a0administrative\u00a0\u00bb pour ses parents, comme beaucoup d&rsquo;enfants d&rsquo;immigr\u00e9s, elle doit, tr\u00e8s jeune, se d\u00e9brouiller seule. \u00c0 11 ans, elle d\u00e9cide pourtant d&rsquo;en faire plus et se lance dans l&rsquo;accompagnement \u00e0 la scolarit\u00e9. <\/p>\n\n\n\n<h3 class=\"wp-block-heading\">\u00c9lue sans avoir fait l&rsquo;ENA ou Sciences Po !<\/h3>\n\n\n\n<p>Elle monte ensuite des projets pour pouvoir partir en vacances avec ses amis, de belles r\u00e9ussites \u00e0 \u00ab\u00a0petite\u00a0\u00bb \u00e9chelle qui lui ont donn\u00e9 le go\u00fbt de l&rsquo;engagement collectif et l&rsquo;envie de \u00ab\u00a0faire bouger les lignes\u00a0\u00bb. Des initiatives qu&rsquo;elle a pu porter au centre social et culturel de Pontault-Combault o\u00f9 elle fait sa \u00ab\u00a0formation de terrain\u00a0\u00bb. Ce qui lui vaut, \u00e0 la sortie du lyc\u00e9e, d&rsquo;\u00eatre contact\u00e9e par Gilles Bord, le maire de sa ville.<\/p>\n\n\n\n<p class=\"has-white-color has-text-color has-background has-link-color wp-elements-3b6ed7ea283d00a7fdcff140ff8f8c4e\" style=\"background-color:#ea6709\">\u00ab\u00a0<em>Au d\u00e9but, j&rsquo;avais dit \u00ab\u00a0mais la politique, Ouh l\u00e0 l\u00e0 ! Moi non, non, non, je ne fais pas de la politique, \u00e7a ne m&rsquo;int\u00e9resse pas de rentrer dans un parti<\/em>.<em>\u00a0\u00bb Et puis apr\u00e8s, il m&rsquo;a expliqu\u00e9 sa vision. Il m&rsquo;a dit que je pourrais agir non plus \u00e0 l&rsquo;\u00e9chelle d&rsquo;un quartier mais d&rsquo;une ville et avec un plus gros budget. Et il m&rsquo;a rappel\u00e9 que la politique c&rsquo;est l\u00e0 pour aider les gens.<\/em>\u00a0\u00bb <strong>Athithiya Anantharajah, conseill\u00e8re municipale \u00e0 la jeunesse<\/strong><\/p>\n\n\n\n<p>L&rsquo;\u00e9quipe et son maire PS sont \u00e9lus au 1er tour en 2020 avec 60% des suffrages et Athithiya d\u00e9marre sa carri\u00e8re politique. Sans \u00eatre pass\u00e9e par l&rsquo;ENA ou Sciences Po, nous souligne-t-elle avec fiert\u00e9. Elle est d&rsquo;ailleurs tr\u00e8s contente que sa liste refl\u00e8te cette diversit\u00e9 des parcours politiques. \u00c0 la fois des partis de Gauche repr\u00e9sent\u00e9s (PS et \u00e9colos nous dit-elle) mais aussi du tissu associatif.<\/p>\n\n\n\n<p class=\"has-white-color has-text-color has-background has-link-color wp-elements-d22892a402c9c875ae4bfafef6348933\" style=\"background-color:#a947ff\">Derri\u00e8re ces profils dits \u00ab\u00a0atypiques\u00a0\u00bb se cachent aussi souvent des enjeux de repr\u00e9sentation. Pour creuser, on vous conseille de regarder <a href=\"https:\/\/mob-media.info\/index.php\/2025\/04\/23\/parite-politique-ou-sont-les-femmes-2\/\">notre vid\u00e9o sur la parit\u00e9 politique avec L\u00e9a Chamboncel<\/a>.<\/p>\n\n\n\n<p>Elle ressent quand m\u00eame pendant son mandat le besoin de se former, de monter en comp\u00e9tences et c&rsquo;est \u00e0 HEC qu&rsquo;elle se sp\u00e9cialise dans l&rsquo;entrepreneuriat social. Une fa\u00e7on de perfectionner sa formation mais aussi de ne pas se faire \u00ab\u00a0manger\u00a0\u00bb par la machine partisane.<\/p>\n\n\n\n<p class=\"has-white-color has-text-color has-background has-link-color wp-elements-8d3eb0112a2cd566b3d4756ca6c37c3c\" style=\"background-color:#ea6709\"><em>\u00ab\u00a0J&rsquo;avais peur de rentrer dans un parti et derri\u00e8re de ne pas pouvoir d\u00e9fendre mes valeurs, ma vision, jusqu&rsquo;au bout. Dans un parti politique, j&rsquo;ai le sentiment qu&rsquo;on doit aussi d\u00e9fendre des choses avec lesquelles on n&rsquo;est pas d&rsquo;accord, de devoir rentrer dans un moule. C&rsquo;est pour \u00e7a que je dis toujours on part du diagnostic, on part de ce qui se passe dans la ville, des probl\u00e8mes et apr\u00e8s \u00e0 chaque probl\u00e8me, une solution. Pour moi c&rsquo;est \u00e7a la politique.\u00a0\u00bb<\/em> <strong>Athithiya Anantharajah, conseill\u00e8re municipale \u00e0 la jeunesse<\/strong><\/p>\n\n\n\n<p>Une vision ancr\u00e9e dans le concret, son exp\u00e9rience de terrain dans sa ville en boussole, c&rsquo;est ce qui fait, selon elle, l&rsquo;originalit\u00e9 de son profil mais aussi sa pertinence. Et c&rsquo;est l\u00e0 qu&rsquo;elle esp\u00e8re faire bouger les lignes politiques. Un mandat municipal ne l&rsquo;a, en tout cas, pas d\u00e9go\u00fbt\u00e9e du monde politique vu qu&rsquo;elle rempile avec son \u00e9quipe en 2026.<\/p>\n\n\n\n<p>&#8211;<\/p>\n\n\n\n<p><strong>R\u00e9alisation et montage : Perrine Bontemps \/ Article : Elliot Clarke<\/strong><\/p>\n","protected":false},"excerpt":{"rendered":"<p>Jeune \u00e9lue mais engag\u00e9e depuis toujours &#8211; 11\/09\/25 Athithiya Anantharajah se d\u00e9finit elle-m\u00eame comme un \u00ab\u00a0profil atypique\u00a0\u00bb : une jeune, femme, racis\u00e9e et \u00e9lue \u00e0 Pontault-Combault depuis 2020. Conseill\u00e8re municipale, sans \u00e9tiquette, elle nous raconte pourtant cette \u00e9vidence de l&rsquo;engagement dans sa ville. D&rsquo;abord dans le tissu associatif puis \u00e0 la mairie o\u00f9 elle est &hellip; <\/p>\n<p class=\"link-more\"><a href=\"https:\/\/mob-media.info\/index.php\/2025\/09\/11\/jeune-elue-mais-engagee-depuis-toujours\/\" class=\"more-link\">Lire la suite de<span class=\"screen-reader-text\">\u00ab\u00a0Jeune \u00e9lue mais engag\u00e9e depuis toujours\u00a0\u00bb<\/span><\/a><\/p>\n","protected":false},"author":3,"featured_media":2004,"comment_status":"closed","ping_status":"open","sticky":false,"template":"","format":"standard","meta":{"footnotes":""},"categories":[5,13,24,4],"tags":[],"class_list":["post-1997","post","type-post","status-publish","format-standard","has-post-thumbnail","hentry","category-institutions","category-participation-citoyenne","category-temoignage","category-video"],"featured_media_urls":{"thumbnail":["https:\/\/mob-media.info\/wp-content\/uploads\/2025\/09\/Jeune-elue-Une-e1757427174559-150x150.png",150,150,true],"medium":["https:\/\/mob-media.info\/wp-content\/uploads\/2025\/09\/Jeune-elue-Une-e1757427174559-226x300.png",226,300,true],"medium_large":["https:\/\/mob-media.info\/wp-content\/uploads\/2025\/09\/Jeune-elue-Une-e1757427174559-768x1019.png",768,1019,true],"large":["https:\/\/mob-media.info\/wp-content\/uploads\/2025\/09\/Jeune-elue-Une-e1757427174559-772x1024.png",772,1024,true],"1536x1536":["https:\/\/mob-media.info\/wp-content\/uploads\/2025\/09\/Jeune-elue-Une-e1757427174559.png",1078,1430,false],"2048x2048":["https:\/\/mob-media.info\/wp-content\/uploads\/2025\/09\/Jeune-elue-Une-e1757427174559.png",1078,1430,false],"inspiro-featured-image":["https:\/\/mob-media.info\/wp-content\/uploads\/2025\/09\/Jeune-elue-Une-e1757427174559.png",1078,1430,false],"inspiro-loop":["https:\/\/mob-media.info\/wp-content\/uploads\/2025\/09\/Jeune-elue-Une-e1757427174559-950x320.png",950,320,true],"inspiro-loop@2x":["https:\/\/mob-media.info\/wp-content\/uploads\/2025\/09\/Jeune-elue-Une-e1757427174559-1078x640.png",1078,640,true],"portfolio_item-thumbnail":["https:\/\/mob-media.info\/wp-content\/uploads\/2025\/09\/Jeune-elue-Une-e1757427174559-600x400.png",600,400,true],"portfolio_item-thumbnail@2x":["https:\/\/mob-media.info\/wp-content\/uploads\/2025\/09\/Jeune-elue-Une-e1757427174559-1078x800.png",1078,800,true],"portfolio_item-masonry":["https:\/\/mob-media.info\/wp-content\/uploads\/2025\/09\/Jeune-elue-Une-e1757427174559-600x796.png",600,796,true],"portfolio_item-masonry@2x":["https:\/\/mob-media.info\/wp-content\/uploads\/2025\/09\/Jeune-elue-Une-e1757427174559.png",1078,1430,false],"portfolio_item-thumbnail_cinema":["https:\/\/mob-media.info\/wp-content\/uploads\/2025\/09\/Jeune-elue-Une-e1757427174559-800x335.png",800,335,true],"portfolio_item-thumbnail_portrait":["https:\/\/mob-media.info\/wp-content\/uploads\/2025\/09\/Jeune-elue-Une-e1757427174559-600x900.png",600,900,true],"portfolio_item-thumbnail_portrait@2x":["https:\/\/mob-media.info\/wp-content\/uploads\/2025\/09\/Jeune-elue-Une-e1757427174559.png",1078,1430,false],"portfolio_item-thumbnail_square":["https:\/\/mob-media.info\/wp-content\/uploads\/2025\/09\/Jeune-elue-Une-e1757427174559-800x800.png",800,800,true]},"_links":{"self":[{"href":"https:\/\/mob-media.info\/index.php\/wp-json\/wp\/v2\/posts\/1997","targetHints":{"allow":["GET"]}}],"collection":[{"href":"https:\/\/mob-media.info\/index.php\/wp-json\/wp\/v2\/posts"}],"about":[{"href":"https:\/\/mob-media.info\/index.php\/wp-json\/wp\/v2\/types\/post"}],"author":[{"embeddable":true,"href":"https:\/\/mob-media.info\/index.php\/wp-json\/wp\/v2\/users\/3"}],"replies":[{"embeddable":true,"href":"https:\/\/mob-media.info\/index.php\/wp-json\/wp\/v2\/comments?post=1997"}],"version-history":[{"count":8,"href":"https:\/\/mob-media.info\/index.php\/wp-json\/wp\/v2\/posts\/1997\/revisions"}],"predecessor-version":[{"id":2014,"href":"https:\/\/mob-media.info\/index.php\/wp-json\/wp\/v2\/posts\/1997\/revisions\/2014"}],"wp:featuredmedia":[{"embeddable":true,"href":"https:\/\/mob-media.info\/index.php\/wp-json\/wp\/v2\/media\/2004"}],"wp:attachment":[{"href":"https:\/\/mob-media.info\/index.php\/wp-json\/wp\/v2\/media?parent=1997"}],"wp:term":[{"taxonomy":"category","embeddable":true,"href":"https:\/\/mob-media.info\/index.php\/wp-json\/wp\/v2\/categories?post=1997"},{"taxonomy":"post_tag","embeddable":true,"href":"https:\/\/mob-media.info\/index.php\/wp-json\/wp\/v2\/tags?post=1997"}],"curies":[{"name":"wp","href":"https:\/\/api.w.org\/{rel}","templated":true}]}}