{"id":2054,"date":"2025-10-07T15:48:02","date_gmt":"2025-10-07T13:48:02","guid":{"rendered":"https:\/\/mob-media.info\/?p=2054"},"modified":"2025-10-07T17:49:32","modified_gmt":"2025-10-07T15:49:32","slug":"tirage-au-sort-convention-citoyenne-climat-politique","status":"publish","type":"post","link":"https:\/\/mob-media.info\/index.php\/2025\/10\/07\/tirage-au-sort-convention-citoyenne-climat-politique\/","title":{"rendered":"Tirage au sort, de la Convention Citoyenne Climat \u00e0 la politique"},"content":{"rendered":"\n<h2 class=\"wp-block-heading has-white-color has-text-color has-background has-link-color wp-elements-08de0a1f0fab69aea34c6d20797b728f\" style=\"background-color:#a959d1\">Tir\u00e9 au sort, il s&rsquo;engage en politique &#8211; 07\/10\/25<\/h2>\n\n\n\n<p><strong>William Aucant fait partie des 150 citoyen-nes tir\u00e9-es au sort lors de la <a href=\"https:\/\/www.conventioncitoyennepourleclimat.fr\/\" target=\"_blank\" rel=\"noreferrer noopener\">Convention Citoyenne Climat<\/a> lanc\u00e9e par Macron en 2019. Une exp\u00e9rience de participation citoyenne transformatrice pour ce Nantais aujourd&rsquo;hui engag\u00e9 en politique. D&rsquo;abord aupr\u00e8s des \u00c9cologistes puis de La France Insoumise. Il retrace, avec quelques ann\u00e9es de recul, cet engouement pour la d\u00e9mocratie participative comme sa d\u00e9ception envers la classe politique. Il part aujourd&rsquo;hui en bataille pour les Municipales \u00e0 Nantes et nous a racont\u00e9 ce cheminement citoyen et politique.<\/strong><\/p>\n\n\n\n<figure class=\"wp-block-embed is-type-video is-provider-youtube wp-block-embed-youtube wp-embed-aspect-16-9 wp-has-aspect-ratio\"><div class=\"wp-block-embed__wrapper\">\n<iframe title=\"William Aucant : Tir\u00e9 au sort, il s&#039;engage en politique\" width=\"950\" height=\"534\" src=\"https:\/\/www.youtube.com\/embed\/Jj3ReoWFNPk?feature=oembed\" frameborder=\"0\" allow=\"accelerometer; autoplay; clipboard-write; encrypted-media; gyroscope; picture-in-picture; web-share\" referrerpolicy=\"strict-origin-when-cross-origin\" allowfullscreen><\/iframe>\n<\/div><\/figure>\n\n\n\n<p>Il ne savait pas ce qu&rsquo;\u00e9tait une convention citoyenne quand son t\u00e9l\u00e9phone a sonn\u00e9 pour la premi\u00e8re fois en ao\u00fbt 2019. Six ans plus tard, William Aucant est un fervent d\u00e9fenseur de la d\u00e9mocratie participative et un militant politique. Cet architecte consid\u00e8re la Convention citoyenne Climat comme un point de bascule dans ce changement de trajectoire personnelle.<\/p>\n\n\n\n<p class=\"has-white-color has-text-color has-background has-link-color wp-elements-4453ad6f1769c9deae8b4527f182c613\" style=\"background-color:#a959d1\">\u00ab\u00a0<em>On a vraiment eu le sentiment de faire quelque chose d&rsquo;assez in\u00e9dit. C\u00a0\u00bb\u00e9tait assez grisant de voir tous ces gens dans le m\u00eame bateau, de Normandie, de Marseille, et c&rsquo;est ensemble qu&rsquo;on s&rsquo;est pris la claque climatique.\u00a0\u00bb <\/em><strong>William Aucant, architecte et candidat LFI aux Municipales nantaises<\/strong><\/p>\n\n\n\n<p>La claque climatique fait r\u00e9f\u00e9rence aux nombreuses conclusions d&rsquo;experts, rapports, interventions et conf\u00e9rences qui ont nourri leurs r\u00e9flexions tout au long de leurs week-ends de travail. Un terme qui revient dans de nombreux t\u00e9moignages des \u00ab\u00a0conventionn\u00e9s\u00a0\u00bb, \u00ab\u00a0les 150\u00a0\u00bb comme les m\u00e9dias les ont appel\u00e9 pendant leurs neuf mois d&rsquo;engagement ; Covid oblige. La pand\u00e9mie a rajout\u00e9 au caract\u00e8re exceptionnel de ce dispositif national de d\u00e9mocratie participative voulu par Emmanuel Macron pour orienter sa politique \u00e9cologique. <\/p>\n\n\n\n<h3 class=\"wp-block-heading\">500 pages, 149 mesures, 0 respect<\/h3>\n\n\n\n<p>C&rsquo;\u00e9tait du moins la mission propos\u00e9e par le pr\u00e9sident de la R\u00e9publique. Et les citoyens, \u00e0 l&rsquo;image de William, s&rsquo;en sont saisi avec grand s\u00e9rieux dans leurs groupes de travail respectifs. <\/p>\n\n\n\n<p class=\"has-white-color has-text-color has-background has-link-color wp-elements-e0ff4a8947bc89d612107a19b1355b32\" style=\"background-color:#a959d1\"><em>D\u00e9j\u00e0 \u00eatre tir\u00e9 au sort, c&rsquo;est gagner le loto, \u00eatre architecte et tir\u00e9 au sort dans le groupe \u00ab\u00a0se loger\u00a0\u00bb, c&rsquo;est le super loto<\/em> ! <em>Et j&rsquo;ai \u00e9t\u00e9 un des porte-paroles de ces mesures-l\u00e0.<\/em>\u00a0\u00bb <strong>William Aucant, architecte et candidat LFI aux Municipales nantaises<\/strong><\/p>\n\n\n\n<p>William et ses \u00ab\u00a0coll\u00e8gues\u00a0\u00bb ont pass\u00e9 de longues semaines de r\u00e9flexion collective, de formation sur ces enjeux environnementaux et de formulations de pr\u00e9conisations tangibles. Parmi les mesures propos\u00e9es par William (and co !) : un grand chantier de r\u00e9novation thermique des logements. Une division par deux des \u00e9missions de CO2 \u00e0 horizon 2030. Une grande fiert\u00e9 pour ces \u00ab\u00a0primo-arrivants\u00a0\u00bb en politique qui ont d\u00e9couvert la fabrique de la loi mais aussi le go\u00fbt de la d\u00e9cision collective. William \u00e9tait tr\u00e8s fier du rapport de 500 pages d\u00e9pos\u00e9 au <a href=\"https:\/\/www.lecese.fr\/\" target=\"_blank\" rel=\"noreferrer noopener\">CESE (Conseil \u00e9conomique social et environnemental)<\/a>, la 3\u00e8me chambre du Parlement, \u00e0 l&rsquo;attention du Pr\u00e9sident de la R\u00e9publique et de son gouvernement. \u00ab\u00a0Une fiert\u00e9 monstre\u00a0\u00bb nous dit-il, encore souriant, le regard \u00e9mu par ce souvenir.<\/p>\n\n\n\n<p class=\"has-white-color has-text-color has-background has-link-color wp-elements-7833813f0b6d96f1353821762c001ae2\" style=\"background-color:#a959d1\">\u00ab\u00a0<em>[Le CESE] il vibrait comme un stade. C&rsquo;\u00e9tait assez marrant cette \u00ab\u00a0d\u00e9mocratie des gens\u00a0\u00bb. Pas la d\u00e9mocratie, telle qu&rsquo;on peut le voir aujourd&rsquo;hui, qui est un peu fig\u00e9e. Vraiment, \u00e7a m&rsquo;a donn\u00e9 une nouvelle image assez bluffante de la politique.<\/em> <em>Par contre, on nous avait promis du <\/em>sans filtre<em> mais les choses ont \u00e9t\u00e9 boug\u00e9 et amoindries.<\/em>\u00a0\u00bb <strong>William Aucant, architecte et candidat LFI aux Municipales nantaises<\/strong><\/p>\n\n\n\n<p>Amoindries, c&rsquo;est peu dire. L&rsquo;histoire de cette convention et de ses mesures a d&rsquo;ailleurs \u00e9t\u00e9 superbement racont\u00e9e dans une BD : <a href=\"https:\/\/vert.eco\/articles\/avec-apporter-demain-la-convention-citoyenne-pour-le-climat-renait-en-bd\" target=\"_blank\" rel=\"noreferrer noopener\">\u00ab\u00a0Apporter demain\u00a0\u00bb<\/a> de Jonas Teboul, T\u00e9o Saal et Lucas Zufic. Emmanuel Macron devait adopter les 149 mesures, il s&rsquo;est r\u00e9serv\u00e9 \u00ab\u00a02-3 Jokers\u00a0\u00bb \u00e0 la r\u00e9ception du rapport des citoyens tir\u00e9s au sort. Leurs mesures ont fini par \u00eatre d\u00e9tricot\u00e9es et \u00ab\u00a0d\u00e9gonfl\u00e9es\u00a0\u00bb \u00e0 coup de reformulations l\u00e9gislatives. Le retour de la politique nous dit William : des ministres, en panique face \u00e0 la radicalit\u00e9 \u00e9cologique de ces propositions citoyennes, ont tout \u00e9lagu\u00e9. L&rsquo;esprit est rest\u00e9 mais pas l&rsquo;application et c&rsquo;est ce qu&rsquo;ont <a href=\"https:\/\/www.lemonde.fr\/politique\/article\/2021\/02\/28\/la-convention-citoyenne-pour-le-climat-juge-severement-la-prise-en-compte-de-ses-propositions-par-le-gouvernement_6071474_823448.html\" target=\"_blank\" rel=\"noreferrer noopener\">critiqu\u00e9 les participants<\/a> apr\u00e8s les travaux parlementaires.<\/p>\n\n\n\n<h3 class=\"wp-block-heading\">Changer le syst\u00e8me de l&rsquo;int\u00e9rieur<\/h3>\n\n\n\n<p>Une \u00ab\u00a0d\u00e9ception d\u00e9mocratique\u00a0\u00bb qui a servi de moteur \u00e0 William dans les ann\u00e9es qui ont suivi. Et c&rsquo;est en politique qu&rsquo;il a voulu porter ses combats, au c\u0153ur des institutions qui n&rsquo;avaient pas respect\u00e9 la d\u00e9cision citoyenne ; pour changer le syst\u00e8me de l&rsquo;int\u00e9rieur. D&rsquo;abord, il s&rsquo;est engag\u00e9 au conseil r\u00e9gional des Pays de la Loire. Fort de sa m\u00e9diatisation lors de la convention citoyenne Climat, <a href=\"https:\/\/ecologie-ensemble-pdl.fr\/\" target=\"_blank\" rel=\"noreferrer noopener\">une liste \u00e9cologiste<\/a> est venu le chercher en lui proposant de porter ses mesures \u00e0 l&rsquo;\u00e9chelon r\u00e9gional. Une entr\u00e9e dans la politique politicienne qui a laiss\u00e9 des traces, une fois \u00e9lu dans l&rsquo;opposition.<\/p>\n\n\n\n<p class=\"has-white-color has-text-color has-background has-link-color wp-elements-1ef0fd12f5c06e5f07eb97a0c08625a6\" style=\"background-color:#a959d1\"><em>\u00ab\u00a0Je suis arriv\u00e9 dans une institution o\u00f9 tout est codifi\u00e9, moi qui ne voulait pas \u00eatre dans le conformisme. Je me rappelle dans une des sessions avoir brandi un morceau de b\u00e9ton sur une assiette, par exemple. Pour leur montrer qu&rsquo;on peut faire de la politique et interpeller autrement.<\/em>\u00a0\u00bb <strong>William Aucant, architecte et candidat LFI aux Municipales nantaises<\/strong><\/p>\n\n\n\n<p>Toujours \u00e9lu au conseil r\u00e9gional, William Aucant s&rsquo;est aventur\u00e9 avec les \u00e9colos sur la campagne de Yannick Jadot \u00e0 la Pr\u00e9sidentielle avant de progressivement rejoindre les \u00ab\u00a0rangs\u00a0\u00bb de La France Insoumise (LFI). Apr\u00e8s quelques d\u00e9boires sur sa possible candidature aux Municipales, <a href=\"https:\/\/www.ouest-france.fr\/elections\/municipales\/municipales-2026-a-nantes-apres-la-crise-les-insoumis-repartent-en-campagne-avec-un-nouveau-binome-c9a358f8-9fb4-11f0-b8c9-cb434b3a2a4e\" target=\"_blank\" rel=\"noreferrer noopener\">Ouest France<\/a> confirme aujourd&rsquo;hui qu&rsquo;il sera bel et bien t\u00eate de liste dans la m\u00e9tropole nantaise en mars 2026 avec les Insoumis.<\/p>\n\n\n\n<h3 class=\"wp-block-heading\">Transformer le \u00ab\u00a0sort\u00a0\u00bb en destin<\/h3>\n\n\n\n<p>Ind\u00e9pendamment des partis dans lesquels il navigue, William nous dit vouloir rester cet \u00e9lu de terrain, fort de ses convictions d\u00e9mocratiques d\u00e9couvertes pendant la Convention citoyenne Climat. Et c&rsquo;est ce parcours qui nous int\u00e9ressait, au-del\u00e0 du bord politique : de voir comment un dispositif de d\u00e9mocratie participative a \u00e9veill\u00e9 une vocation. M\u00eame si, faute d&rsquo;avoir abouti \u00e0 un engagement pr\u00e9sidentiel aura suscit\u00e9 plusieurs engagements citoyens, comme le sien. <\/p>\n\n\n\n<p>On vous conseille d&rsquo;ailleurs de retrouver certains d&rsquo;entre elles et eux dans un documentaire de Yann Arthus-Bertrand :<a href=\"https:\/\/www.youtube.com\/watch?v=qkIVH2Lr-sE\"> Les 150 : des citoyens s\u2019engagent apr\u00e8s la Convention Citoyenne pour le Climat<\/a> ou d&rsquo;aller regarder notre s\u00e9rie sur<a href=\"https:\/\/mob-media.info\/index.php\/2024\/10\/31\/assemblee-citoyenne-1-4-a-poitiers-le-tirage-au-sort-rassemble\/\"> l&rsquo;Assembl\u00e9e citoyenne et populaire de Poitiers<\/a>. <\/p>\n\n\n\n<p>&#8211;<\/p>\n\n\n\n<p><strong>R\u00e9alisation et montage : Perrine Bontemps \/ Article : Elliot Clarke<\/strong><\/p>\n\n\n\n<p><\/p>\n","protected":false},"excerpt":{"rendered":"<p>Tir\u00e9 au sort, il s&rsquo;engage en politique &#8211; 07\/10\/25 William Aucant fait partie des 150 citoyen-nes tir\u00e9-es au sort lors de la Convention Citoyenne Climat lanc\u00e9e par Macron en 2019. Une exp\u00e9rience de participation citoyenne transformatrice pour ce Nantais aujourd&rsquo;hui engag\u00e9 en politique. D&rsquo;abord aupr\u00e8s des \u00c9cologistes puis de La France Insoumise. Il retrace, avec &hellip; <\/p>\n<p class=\"link-more\"><a href=\"https:\/\/mob-media.info\/index.php\/2025\/10\/07\/tirage-au-sort-convention-citoyenne-climat-politique\/\" class=\"more-link\">Lire la suite de<span class=\"screen-reader-text\">\u00ab\u00a0Tirage au sort, de la Convention Citoyenne Climat \u00e0 la politique\u00a0\u00bb<\/span><\/a><\/p>\n","protected":false},"author":3,"featured_media":2056,"comment_status":"closed","ping_status":"open","sticky":false,"template":"","format":"standard","meta":{"footnotes":""},"categories":[6,13,24,4],"tags":[],"class_list":["post-2054","post","type-post","status-publish","format-standard","has-post-thumbnail","hentry","category-ecologie","category-participation-citoyenne","category-temoignage","category-video"],"featured_media_urls":{"thumbnail":["https:\/\/mob-media.info\/wp-content\/uploads\/2025\/10\/Miniature-IG-Aucant-e1759843574539-150x150.png",150,150,true],"medium":["https:\/\/mob-media.info\/wp-content\/uploads\/2025\/10\/Miniature-IG-Aucant-e1759843574539-227x300.png",227,300,true],"medium_large":["https:\/\/mob-media.info\/wp-content\/uploads\/2025\/10\/Miniature-IG-Aucant-e1759843574539-768x1015.png",768,1015,true],"large":["https:\/\/mob-media.info\/wp-content\/uploads\/2025\/10\/Miniature-IG-Aucant-e1759843574539-775x1024.png",775,1024,true],"1536x1536":["https:\/\/mob-media.info\/wp-content\/uploads\/2025\/10\/Miniature-IG-Aucant-e1759843574539.png",1078,1424,false],"2048x2048":["https:\/\/mob-media.info\/wp-content\/uploads\/2025\/10\/Miniature-IG-Aucant-e1759843574539.png",1078,1424,false],"inspiro-featured-image":["https:\/\/mob-media.info\/wp-content\/uploads\/2025\/10\/Miniature-IG-Aucant-e1759843574539.png",1078,1424,false],"inspiro-loop":["https:\/\/mob-media.info\/wp-content\/uploads\/2025\/10\/Miniature-IG-Aucant-e1759843574539-950x320.png",950,320,true],"inspiro-loop@2x":["https:\/\/mob-media.info\/wp-content\/uploads\/2025\/10\/Miniature-IG-Aucant-e1759843574539-1078x640.png",1078,640,true],"portfolio_item-thumbnail":["https:\/\/mob-media.info\/wp-content\/uploads\/2025\/10\/Miniature-IG-Aucant-e1759843574539-600x400.png",600,400,true],"portfolio_item-thumbnail@2x":["https:\/\/mob-media.info\/wp-content\/uploads\/2025\/10\/Miniature-IG-Aucant-e1759843574539-1078x800.png",1078,800,true],"portfolio_item-masonry":["https:\/\/mob-media.info\/wp-content\/uploads\/2025\/10\/Miniature-IG-Aucant-e1759843574539-600x793.png",600,793,true],"portfolio_item-masonry@2x":["https:\/\/mob-media.info\/wp-content\/uploads\/2025\/10\/Miniature-IG-Aucant-e1759843574539.png",1078,1424,false],"portfolio_item-thumbnail_cinema":["https:\/\/mob-media.info\/wp-content\/uploads\/2025\/10\/Miniature-IG-Aucant-e1759843574539-800x335.png",800,335,true],"portfolio_item-thumbnail_portrait":["https:\/\/mob-media.info\/wp-content\/uploads\/2025\/10\/Miniature-IG-Aucant-e1759843574539-600x900.png",600,900,true],"portfolio_item-thumbnail_portrait@2x":["https:\/\/mob-media.info\/wp-content\/uploads\/2025\/10\/Miniature-IG-Aucant-e1759843574539.png",1078,1424,false],"portfolio_item-thumbnail_square":["https:\/\/mob-media.info\/wp-content\/uploads\/2025\/10\/Miniature-IG-Aucant-e1759843574539-800x800.png",800,800,true]},"_links":{"self":[{"href":"https:\/\/mob-media.info\/index.php\/wp-json\/wp\/v2\/posts\/2054","targetHints":{"allow":["GET"]}}],"collection":[{"href":"https:\/\/mob-media.info\/index.php\/wp-json\/wp\/v2\/posts"}],"about":[{"href":"https:\/\/mob-media.info\/index.php\/wp-json\/wp\/v2\/types\/post"}],"author":[{"embeddable":true,"href":"https:\/\/mob-media.info\/index.php\/wp-json\/wp\/v2\/users\/3"}],"replies":[{"embeddable":true,"href":"https:\/\/mob-media.info\/index.php\/wp-json\/wp\/v2\/comments?post=2054"}],"version-history":[{"count":4,"href":"https:\/\/mob-media.info\/index.php\/wp-json\/wp\/v2\/posts\/2054\/revisions"}],"predecessor-version":[{"id":2061,"href":"https:\/\/mob-media.info\/index.php\/wp-json\/wp\/v2\/posts\/2054\/revisions\/2061"}],"wp:featuredmedia":[{"embeddable":true,"href":"https:\/\/mob-media.info\/index.php\/wp-json\/wp\/v2\/media\/2056"}],"wp:attachment":[{"href":"https:\/\/mob-media.info\/index.php\/wp-json\/wp\/v2\/media?parent=2054"}],"wp:term":[{"taxonomy":"category","embeddable":true,"href":"https:\/\/mob-media.info\/index.php\/wp-json\/wp\/v2\/categories?post=2054"},{"taxonomy":"post_tag","embeddable":true,"href":"https:\/\/mob-media.info\/index.php\/wp-json\/wp\/v2\/tags?post=2054"}],"curies":[{"name":"wp","href":"https:\/\/api.w.org\/{rel}","templated":true}]}}