{"id":2067,"date":"2025-10-16T08:00:17","date_gmt":"2025-10-16T06:00:17","guid":{"rendered":"https:\/\/mob-media.info\/?p=2067"},"modified":"2025-10-17T12:36:33","modified_gmt":"2025-10-17T10:36:33","slug":"kanaky-lurgence-de-lindependance","status":"publish","type":"post","link":"https:\/\/mob-media.info\/index.php\/2025\/10\/16\/kanaky-lurgence-de-lindependance\/","title":{"rendered":"Kanaky : l&rsquo;urgence de l&rsquo;ind\u00e9pendance"},"content":{"rendered":"\n<h2 class=\"wp-block-heading has-white-color has-text-color has-background has-link-color wp-elements-cdb353d0f0f1d2aa47bbb9bc56613040\" style=\"background-color:#7d59c4\">Kanaky : l&rsquo;urgence de l\u2019ind\u00e9pendance &#8211; 16\/10\/25<\/h2>\n\n\n\n<p><strong>Avant de nommer son gouvernement, l&rsquo;actuel Premier Ministre S\u00e9bastien Lecornu a d\u00e9clar\u00e9 avoir deux priorit\u00e9s\u00a0: le budget 2026 et la Nouvelle-Cal\u00e9donie.\u00a0Une insistance rare sur cette collectivit\u00e9 d&rsquo;Outre-mer (COM) qui s&rsquo;explique pourtant. Les Cal\u00e9doniens sont en plein processus d&rsquo;ind\u00e9pendance vis-\u00e0-vis de l&rsquo;\u00c9tat fran\u00e7ais. Et l&rsquo;urgence \u00e9lectorale locale de novembre incite le gouvernement a acc\u00e9l\u00e9r\u00e9 la signature de l&rsquo;accord de Bougival de cet \u00e9t\u00e9. Au risque de d\u00e9plaire aux ind\u00e9pendantistes kanaks, originaires de l&rsquo;Archipel. Brenda Wanabo-Ipeze, porte-parole du FLNKS y voit une tentative de maintenir la \u00ab\u00a0Kanaky\u00a0\u00bb dans la France. <\/strong><\/p>\n\n\n\n<figure class=\"wp-block-embed is-type-video is-provider-youtube wp-block-embed-youtube wp-embed-aspect-16-9 wp-has-aspect-ratio\"><div class=\"wp-block-embed__wrapper\">\n<iframe title=\"Kanaky \/ Nouvelle-Cal\u00e9donie : l&#039;urgence de l&#039;ind\u00e9pendance ?\" width=\"950\" height=\"534\" src=\"https:\/\/www.youtube.com\/embed\/Ea9mdv_QumI?start=13&#038;feature=oembed\" frameborder=\"0\" allow=\"accelerometer; autoplay; clipboard-write; encrypted-media; gyroscope; picture-in-picture; web-share\" referrerpolicy=\"strict-origin-when-cross-origin\" allowfullscreen><\/iframe>\n<\/div><\/figure>\n\n\n\n<p>\u00c0 18 000km de l\u2019Hexagone, cette collectivit\u00e9 d\u2019outre-mer (COM) fait beaucoup parler d\u2019elle. Et pour cause, elle est consid\u00e9r\u00e9e par l\u2019ONU comme un <a href=\"https:\/\/www.un.org\/dppa\/decolonization\/fr\/nsgt\" target=\"_blank\" rel=\"noreferrer noopener\">\u00ab\u00a0Territoire non-autonome\u00a0\u00bb<\/a>, un \u00e9tat non souverain. En d&rsquo;autres termes, une colonie fran\u00e7aise. Un processus de d\u00e9colonisation est lanc\u00e9 en 1988, confirm\u00e9 dans <a href=\"https:\/\/la1ere.franceinfo.fr\/dossier-accord-de-noumea-une-demarche-unique-en-france-1390166.html\" target=\"_blank\" rel=\"noreferrer noopener\">l\u2019accord de Noum\u00e9a de 1998<\/a>. Tout se passait plut\u00f4t bien jusqu\u2019\u00e0 l\u2019arriv\u00e9e du Pr\u00e9sident Emmanuel Macron au pouvoir et plus r\u00e9cemment l&rsquo;accord de Bougival. Des modalit\u00e9s d&rsquo;ind\u00e9pendance qui d\u00e9rangent les ind\u00e9pendantistes kanaks.<\/p>\n\n\n\n<p class=\"has-white-color has-text-color has-background has-link-color wp-elements-a46b0c2b684636d303d80c5aa100fe80\" style=\"background-color:#7d59c4\">\u00ab\u00a0<em>La Kanaky c&rsquo;est 162 ans de colonisation fran\u00e7aise. Il y a eu diff\u00e9rentes r\u00e9voltes dans l&rsquo;histoire du peuple Kanak avec les soul\u00e8vements des grands chefs coutumiers durant les diff\u00e9rentes phases de colonisation de notre pays. En 1998 a \u00e9t\u00e9 sign\u00e9 l&rsquo;accord de Noum\u00e9a. C&rsquo;est l&rsquo;accord qu&rsquo;on appelle l&rsquo;accord de d\u00e9colonisation. Celui de Bougival va \u00e0 l&rsquo;encontre de ce qui avait \u00e9t\u00e9 n\u00e9goci\u00e9.<\/em>\u00a0\u00bb <strong>Brenda Wanabo-Ipeze<\/strong>,<strong> porte-parole du FLNKS<\/strong><\/p>\n\n\n\n<p>Depuis 2021, le Pr\u00e9sident et ses ministres s\u2019attaquent \u00e0 ce probl\u00e8me complexe avec maladresse&#8230; peut-\u00eatre \u00e0 dessein. Celui de maintenir une forme d\u2019emprise fran\u00e7aise sur ce territoire. Ce qui ne pla\u00eet pas aux ind\u00e9pendantistes kanaks du FLNKS. Le Front de lib\u00e9ration national kanak et socialiste est compos\u00e9 de partis, groupes politiques et syndicats. Ils combattent pour l\u2019ind\u00e9pendance de l\u2019archipel, mais surtout pour la reconnaissance d\u2019une identit\u00e9 kanak, le peuple originaire du territoire avant la colonisation fran\u00e7aise. Ils ne d\u00e9fendent d\u2019ailleurs pas la reconnaissance de la Nouvelle-Cal\u00e9donie, mais bien de la Kanaky, et tentent de pr\u00e9server leur identit\u00e9 alors m\u00eame qu\u2019ils ne repr\u00e9sentent plus que 41% de la population habitante des \u00eeles.<\/p>\n\n\n\n<h3 class=\"wp-block-heading\">Minoritaires mais pas vaincus <\/h3>\n\n\n\n<p>C\u2019est un des enjeux majeurs du territoire, et la cause de la complexit\u00e9 de ce dossier&nbsp;: les ind\u00e9pendantistes, peuples originaires, sont minoritaires chez eux. Mais gr\u00e2ce au \u00ab&nbsp;gel du corps \u00e9lectoral&nbsp;\u00bb r\u00e9sultant des accords de 1998, qui limite l&rsquo;acc\u00e8s aux \u00e9lections locales, ils arrivent \u00e0 faire entendre leur voix et revendications. Un gel qui peut sembler \u00e9trange en \u00ab\u00a0m\u00e9tropole\u00a0\u00bb vu qu&rsquo;il implique l&rsquo;exclusion d&rsquo;habitants, fran\u00e7ais, dans les \u00e9lections locales. Il est pourtant tout \u00e0 fait l\u00e9gitime r\u00e9affirme r\u00e9cemment le <a href=\"https:\/\/www.conseil-constitutionnel.fr\/actualites\/communique\/decision-n-2025-11631167-qpc-du-19-septembre-2025-communique-de-presse\" target=\"_blank\" rel=\"noreferrer noopener\">Conseil constitutionnel<\/a>, compte tenu du pass\u00e9 colonial sur ce territoire.<\/p>\n\n\n\n<p>C\u2019est ce sujet l\u00e9gislatif technique bien pr\u00e9cis qui met le feu au poudre en mai 2024. Une loi de \u00ab\u00a0d\u00e9gel du corps \u00e9lectoral\u00a0\u00bb est vot\u00e9e \u00e0 l&rsquo;Assembl\u00e9e, loi qu&rsquo;on avait d\u00e9cortiqu\u00e9 \u00e0 l&rsquo;\u00e9poque <a href=\"https:\/\/mob-media.info\/index.php\/2024\/05\/21\/nouvelle-caledonie-la-loi-derriere-les-emeutes\/\">dans une infographie<\/a>. Le peuple se soul\u00e8ve pour contester le d\u00e9gel, et donc l\u2019ouverture du droit de vote aux non-natifs. Une proposition de loi qui a entra\u00een\u00e9 des r\u00e9voltes et la mort de 14 personnes. En majorit\u00e9 des <a href=\"https:\/\/mob-media.info\/index.php\/2025\/09\/25\/violences-policieres-reclamer-justice\/\" target=\"_blank\" rel=\"noreferrer noopener\">\u00ab\u00a0crimes policiers\u00a0\u00bb<\/a>, dont on parlait r\u00e9cemment avec des familles endeuill\u00e9es et collectifs de soutien, ici dans l&rsquo;Hexagone.<\/p>\n\n\n\n<p class=\"has-white-color has-text-color has-background has-link-color wp-elements-d761921b944ce68fe62611b99b2e59f8\" style=\"background-color:#7d59c4\">\u00ab\u00a0<em>Il faut rappeler que tout cela s&rsquo;est pass\u00e9 \u00e0 la suite de diff\u00e9rentes mobilisations pacifiques qu&rsquo;avait lanc\u00e9 la cellule de coordination des actions de terrains (CCAT). Plus d&rsquo;une vingtaine dans l&rsquo;ensemble du pays, pour dire non \u00e0 un projet de loi constitutionnel que voulait nous imposer le gouvernement Macron.<\/em>\u00a0\u00bb <strong>Brenda Wanabo-Ipeze<\/strong>,<strong> porte-parole du FLNKS<\/strong><\/p>\n\n\n\n<p>C\u2019est \u00e0 nouveau ce sujet qui inqui\u00e8te le FLNKS depuis cet \u00e9t\u00e9&nbsp;: Manuel Valls a sign\u00e9 l\u2019accord de Bougival pour <em>\u00ab&nbsp;l\u2019ind\u00e9pendance de la Nouvelle Cal\u00e9donie&nbsp;\u00bb<\/em>, un accord fid\u00e8le au \u00ab\u00a0pari sur l&rsquo;intelligence\u00a0\u00bb des accords de Noum\u00e9a d\u00e9crypte <a href=\"https:\/\/www.lemonde.fr\/idees\/article\/2025\/07\/17\/nouvelle-caledonie-l-accord-de-bougival-est-le-retour-a-la-logique-du-pari-sur-l-intelligence-qu-avait-souhaite-jean-marie-tjibaou_6621783_3232.html\" target=\"_blank\" rel=\"noreferrer noopener\">Le Monde<\/a>. Un accord qui va \u00e0 l\u2019encontre de l\u2019Histoire selon Brenda Wanabo-Ipeze, porte-parole du FLNKS. Emprisonn\u00e9e puis lib\u00e9r\u00e9e sous contr\u00f4le judiciaire dans l\u2019Hexagone, o\u00f9 elle continue son combat pour la Kanaky libre et souveraine lit-on dans <a href=\"https:\/\/basta.media\/brenda-wanabo-ipeze-visage-de-la-lutte-kanak-que-la-france-accepte-enfin-que\" target=\"_blank\" rel=\"noreferrer noopener\">Basta!<\/a>.<\/p>\n\n\n\n<h3 class=\"wp-block-heading\">Prot\u00e9ger les int\u00e9r\u00eats fran\u00e7ais<\/h3>\n\n\n\n<p>Ce sujet, bien que complexe, montre bien \u00e0 quel point les lois et le vote impactent la vie d\u00e9mocratique. Et surtout \u00e0 quel point la France a du mal \u00e0 l\u00e2cher sa colonie, c&rsquo;est ce qu&rsquo;on comprend du calendrier d\u00e9crypt\u00e9 par <a href=\"https:\/\/www.mediapart.fr\/journal\/france\/081025\/nouvelle-caledonie-l-empressement-du-pouvoir-cache-un-nouveau-passage-en-force\" target=\"_blank\" rel=\"noreferrer noopener\">Mediapart<\/a>. En d\u00e9gelant le corps \u00e9lectoral, et surtout en voulant le faire avant les \u00e9lections locales pr\u00e9vues en Novembre en Nouvelle-Cal\u00e9donie, le gouvernement fran\u00e7ais voulait s\u2019assurer que la composition du Congr\u00e8s cal\u00e9donien (54 membres) lui soit favorable. Pour cela deux leviers&nbsp;: D\u2019abord, permettre \u00e0 plus de ressortissants \u00ab&nbsp;\u00e9trangers&nbsp;\u00bb, Cal\u00e9doniens d\u2019origine europ\u00e9enne, de voter aux \u00e9lections. Ainsi, il r\u00e9cup\u00e8re plus de voix des loyalistes, des personnes et partis qui auraient tout int\u00e9r\u00eat \u00e0 maintenir la Kanaky\/Nouvelle-Cal\u00e9donie en France.&nbsp;<\/p>\n\n\n\n<p>Ensuite, l&rsquo;accord pr\u00e9voit de renforcer l\u2019autonomie des provinces. La province Sud, loyaliste et majoritaire au Congr\u00e8s, pourra donc continuer \u00e0 collaborer et \u00e0 voter dans le sens d\u2019un attachement de la collectivit\u00e9 d\u2019outre-mer \u00e0 l\u2019Etat fran\u00e7ais.&nbsp;Pour quoi faire ? Un enjeu g\u00e9opolitique (avoir des enclaves dans le Pacifique) mais aussi \u00e9conomique : la Nouvelle-Cal\u00e9donie concentre au moins 20% des r\u00e9serves mondiales de nickel rappelle <a href=\"https:\/\/www.lemonde.fr\/politique\/article\/2024\/05\/18\/nickel-en-nouvelle-caledonie-une-ressource-cle-pour-l-archipel-et-les-independantistes_6233986_823448.html\" target=\"_blank\" rel=\"noreferrer noopener\">Le Monde<\/a>.<\/p>\n\n\n\n<h3 class=\"wp-block-heading\">Kanaky VS. Nouvelle-Cal\u00e9donie<\/h3>\n\n\n\n<p>Pour r\u00e9sumer, le futur statut de la Nouvelle-Cal\u00e9donie d\u00e9pend de ces choix l\u00e9gislatifs, techniques mais structurant, pour cet \u00c9tat en devenir. \u00c9tat \u00ab\u00a0f\u00e9d\u00e9ral\u00a0\u00bb, \u00ab\u00a0associ\u00e9\u00a0\u00bb, autre ? <a href=\"https:\/\/www.jean-jaures.org\/publication\/accord-de-bougival-les-difficultes-de-trouver-le-chemin-vers-le-nous-en-nouvelle-caledonie\/\" target=\"_blank\" rel=\"noreferrer noopener\">La fondation Jean Jaur\u00e8s<\/a> note que l&rsquo;accord de Bougival sign\u00e9 \u00e0 l&rsquo;\u00e9t\u00e9 est unique et donc fragile. Et il ne reprend aucune mention de la Kanaky, appelation ch\u00e8re aux ind\u00e9pendantistes. <\/p>\n\n\n\n<p class=\"has-white-color has-text-color has-background has-link-color wp-elements-003be7449e5e9b99b44a884d4c66d497\" style=\"background-color:#7d59c4\">\u00ab\u00a0<em>Nous sommes minoritaire chez nous. [\u2026] On est un petit peuple, mais on aspire depuis des ann\u00e9es \u00e0 pouvoir \u00eatre parmi le concert des Nations et parmi les peuples libres du monde. [\u2026] Pour nous l&rsquo;accord de Bougival c&rsquo;est fixer la Nouvelle-Cal\u00e9donie dans la France. Mais on ne peut pas \u00eatre ind\u00e9pendant dans un autre pays<\/em>.\u00a0\u00bb <strong>Brenda Wanabo-Ipeze<\/strong>,<strong> porte-parole du FLNKS<\/strong><\/p>\n\n\n\n<p>Brenda Wanabo-Ipeze esp\u00e8re que l\u2019Etat fran\u00e7ais, gr\u00e2ce aux citoyens fran\u00e7ais mobilis\u00e9s et \u00e0 leurs \u00e9lus, agiront dans le bon sens de l\u2019Histoire&nbsp;: celui d\u2019une souverainet\u00e9 totale mais surtout respectueuse des kanaks colonis\u00e9s en 1853, qui risquent d\u2019\u00eatre invisibilis\u00e9s dans le processus d\u2019ind\u00e9pendance. Reste \u00e0 voir si ce nouveau gouvernement et la ministre en charge du dossier, Na\u00efma Moutchou, sauront trouver la voie et \u00e9couter les leurs.<\/p>\n\n\n\n<p>&#8211;<\/p>\n\n\n\n<p><strong>R\u00e9alisation et montage : Elliot Clarke<\/strong><\/p>\n","protected":false},"excerpt":{"rendered":"<p>Kanaky : l&rsquo;urgence de l\u2019ind\u00e9pendance &#8211; 16\/10\/25 Avant de nommer son gouvernement, l&rsquo;actuel Premier Ministre S\u00e9bastien Lecornu a d\u00e9clar\u00e9 avoir deux priorit\u00e9s\u00a0: le budget 2026 et la Nouvelle-Cal\u00e9donie.\u00a0Une insistance rare sur cette collectivit\u00e9 d&rsquo;Outre-mer (COM) qui s&rsquo;explique pourtant. Les Cal\u00e9doniens sont en plein processus d&rsquo;ind\u00e9pendance vis-\u00e0-vis de l&rsquo;\u00c9tat fran\u00e7ais. Et l&rsquo;urgence \u00e9lectorale locale de novembre &hellip; <\/p>\n<p class=\"link-more\"><a href=\"https:\/\/mob-media.info\/index.php\/2025\/10\/16\/kanaky-lurgence-de-lindependance\/\" class=\"more-link\">Lire la suite de<span class=\"screen-reader-text\">\u00ab\u00a0Kanaky : l&rsquo;urgence de l&rsquo;ind\u00e9pendance\u00a0\u00bb<\/span><\/a><\/p>\n","protected":false},"author":1,"featured_media":2080,"comment_status":"closed","ping_status":"open","sticky":false,"template":"","format":"standard","meta":{"footnotes":""},"categories":[18,5,12,4],"tags":[],"class_list":["post-2067","post","type-post","status-publish","format-standard","has-post-thumbnail","hentry","category-entretien","category-institutions","category-lutte-sociale","category-video"],"featured_media_urls":{"thumbnail":["https:\/\/mob-media.info\/wp-content\/uploads\/2025\/10\/Miniatures-IG-Kanaky-e1760591774428-150x150.png",150,150,true],"medium":["https:\/\/mob-media.info\/wp-content\/uploads\/2025\/10\/Miniatures-IG-Kanaky-e1760591774428-247x300.png",247,300,true],"medium_large":["https:\/\/mob-media.info\/wp-content\/uploads\/2025\/10\/Miniatures-IG-Kanaky-e1760591774428-768x933.png",768,933,true],"large":["https:\/\/mob-media.info\/wp-content\/uploads\/2025\/10\/Miniatures-IG-Kanaky-e1760591774428-843x1024.png",843,1024,true],"1536x1536":["https:\/\/mob-media.info\/wp-content\/uploads\/2025\/10\/Miniatures-IG-Kanaky-e1760591774428.png",1070,1300,false],"2048x2048":["https:\/\/mob-media.info\/wp-content\/uploads\/2025\/10\/Miniatures-IG-Kanaky-e1760591774428.png",1070,1300,false],"inspiro-featured-image":["https:\/\/mob-media.info\/wp-content\/uploads\/2025\/10\/Miniatures-IG-Kanaky-e1760591774428.png",1070,1300,false],"inspiro-loop":["https:\/\/mob-media.info\/wp-content\/uploads\/2025\/10\/Miniatures-IG-Kanaky-e1760591774428-950x320.png",950,320,true],"inspiro-loop@2x":["https:\/\/mob-media.info\/wp-content\/uploads\/2025\/10\/Miniatures-IG-Kanaky-e1760591774428-1070x640.png",1070,640,true],"portfolio_item-thumbnail":["https:\/\/mob-media.info\/wp-content\/uploads\/2025\/10\/Miniatures-IG-Kanaky-e1760591774428-600x400.png",600,400,true],"portfolio_item-thumbnail@2x":["https:\/\/mob-media.info\/wp-content\/uploads\/2025\/10\/Miniatures-IG-Kanaky-e1760591774428-1070x800.png",1070,800,true],"portfolio_item-masonry":["https:\/\/mob-media.info\/wp-content\/uploads\/2025\/10\/Miniatures-IG-Kanaky-e1760591774428-600x729.png",600,729,true],"portfolio_item-masonry@2x":["https:\/\/mob-media.info\/wp-content\/uploads\/2025\/10\/Miniatures-IG-Kanaky-e1760591774428.png",1070,1300,false],"portfolio_item-thumbnail_cinema":["https:\/\/mob-media.info\/wp-content\/uploads\/2025\/10\/Miniatures-IG-Kanaky-e1760591774428-800x335.png",800,335,true],"portfolio_item-thumbnail_portrait":["https:\/\/mob-media.info\/wp-content\/uploads\/2025\/10\/Miniatures-IG-Kanaky-e1760591774428-600x900.png",600,900,true],"portfolio_item-thumbnail_portrait@2x":["https:\/\/mob-media.info\/wp-content\/uploads\/2025\/10\/Miniatures-IG-Kanaky-e1760591774428.png",1070,1300,false],"portfolio_item-thumbnail_square":["https:\/\/mob-media.info\/wp-content\/uploads\/2025\/10\/Miniatures-IG-Kanaky-e1760591774428-800x800.png",800,800,true]},"_links":{"self":[{"href":"https:\/\/mob-media.info\/index.php\/wp-json\/wp\/v2\/posts\/2067","targetHints":{"allow":["GET"]}}],"collection":[{"href":"https:\/\/mob-media.info\/index.php\/wp-json\/wp\/v2\/posts"}],"about":[{"href":"https:\/\/mob-media.info\/index.php\/wp-json\/wp\/v2\/types\/post"}],"author":[{"embeddable":true,"href":"https:\/\/mob-media.info\/index.php\/wp-json\/wp\/v2\/users\/1"}],"replies":[{"embeddable":true,"href":"https:\/\/mob-media.info\/index.php\/wp-json\/wp\/v2\/comments?post=2067"}],"version-history":[{"count":19,"href":"https:\/\/mob-media.info\/index.php\/wp-json\/wp\/v2\/posts\/2067\/revisions"}],"predecessor-version":[{"id":2092,"href":"https:\/\/mob-media.info\/index.php\/wp-json\/wp\/v2\/posts\/2067\/revisions\/2092"}],"wp:featuredmedia":[{"embeddable":true,"href":"https:\/\/mob-media.info\/index.php\/wp-json\/wp\/v2\/media\/2080"}],"wp:attachment":[{"href":"https:\/\/mob-media.info\/index.php\/wp-json\/wp\/v2\/media?parent=2067"}],"wp:term":[{"taxonomy":"category","embeddable":true,"href":"https:\/\/mob-media.info\/index.php\/wp-json\/wp\/v2\/categories?post=2067"},{"taxonomy":"post_tag","embeddable":true,"href":"https:\/\/mob-media.info\/index.php\/wp-json\/wp\/v2\/tags?post=2067"}],"curies":[{"name":"wp","href":"https:\/\/api.w.org\/{rel}","templated":true}]}}