{"id":2281,"date":"2025-12-09T15:06:11","date_gmt":"2025-12-09T14:06:11","guid":{"rendered":"https:\/\/mob-media.info\/?p=2281"},"modified":"2025-12-09T16:12:18","modified_gmt":"2025-12-09T15:12:18","slug":"cooperative-funeraire-mortel","status":"publish","type":"post","link":"https:\/\/mob-media.info\/index.php\/2025\/12\/09\/cooperative-funeraire-mortel\/","title":{"rendered":"Une coop\u00e9rative fun\u00e9raire, c&rsquo;est mortel"},"content":{"rendered":"\n<h2 class=\"wp-block-heading has-white-color has-text-color has-background has-link-color wp-elements-cc23c71a3668233c059da5ad6b2901cc\" style=\"background-color:#8f55c2\">Une coop\u00e9rative fun\u00e9raire, c&rsquo;est mortel &#8211; 09\/12\/25<\/h2>\n\n\n\n<p><strong>La mort, c\u2019est comme l\u2019argent, c&rsquo;est encore tr\u00e8s tabou en France. Et surtout, on y est peu pr\u00e9par\u00e9s. Heureusement, certains citoyens essaient d&rsquo;y rem\u00e9dier. <strong>Nous sommes all\u00e9s \u00e0 la rencontre de la <a href=\"https:\/\/www.lacoopfunerairederennes.fr\/\" target=\"_blank\" rel=\"noreferrer noopener\">Coop\u00e9rative fun\u00e9raire de Rennes<\/a>. Ce groupe de soci\u00e9taires tente d&rsquo;insuffler plus de d\u00e9mocratie et de l\u00e9g\u00e8ret\u00e9 dans le secteur.<\/strong> Une d\u00e9marche d&rsquo;importance \u00e0 l&rsquo;heure o\u00f9 des entreprises fun\u00e9raires se font \u00e9pingler pour leurs pratiques, comme le d\u00e9non\u00e7ait r\u00e9cemment le livre des journalistes Matthieu Slisse et Brianne Huguerre-Cousin, <a href=\"https:\/\/www.mediacites.fr\/enquete\/national\/2025\/10\/13\/les-charognards-le-livre-enquete-qui-disseque-le-business-de-la-mort\/\" target=\"_blank\" rel=\"noreferrer noopener\">Les Charognards<\/a>. <\/strong><\/p>\n\n\n\n<p><strong>On a voulu comprendre la place des coop\u00e9ratives dans le vaste et comp\u00e9titif milieu fun\u00e9raire mais surtout comment changer la place de la mort dans nos vies.&nbsp;C\u2019est pour \u00e7a qu&rsquo;on est all\u00e9 dans leurs locaux au nord de Rennes, mais surtout assister \u00e0 un de leur caf\u00e9 mortel.<\/strong><\/p>\n\n\n\n<figure class=\"wp-block-embed is-type-video is-provider-youtube wp-block-embed-youtube wp-embed-aspect-16-9 wp-has-aspect-ratio\"><div class=\"wp-block-embed__wrapper\">\n<iframe title=\"Une coop\u00e9rative fun\u00e9raire, c&#039;est mortel !\" width=\"950\" height=\"534\" src=\"https:\/\/www.youtube.com\/embed\/SjCq2sr4IgE?feature=oembed\" frameborder=\"0\" allow=\"accelerometer; autoplay; clipboard-write; encrypted-media; gyroscope; picture-in-picture; web-share\" referrerpolicy=\"strict-origin-when-cross-origin\" allowfullscreen><\/iframe>\n<\/div><\/figure>\n\n\n\n<p>\u00ab\u00a0<em>On veut que la question de la mort sur notre territoire devienne presque un sujet du quotidien\u00a0\u00bb, <\/em>nous raconte Gr\u00e9gory Nieuvarts, cofondateur de la Coop\u00e9rative fun\u00e9raire de Rennes<em>. \u00ab\u00a0Un espace o\u00f9 l\u2019on puisse avoir des rep\u00e8res et un acc\u00e8s transparent \u00e0 l&rsquo;information.<\/em>\u00a0\u00bb En 2020, le collectif rennais se lance dans l&rsquo;aventure coop\u00e9rative avec un mod\u00e8le en t\u00eate : le Qu\u00e9bec, o\u00f9 les coop\u00e9ratives fun\u00e9raires existent d\u00e9j\u00e0 depuis une cinquantaine d&rsquo;ann\u00e9es. Alors qu&rsquo;\u00e0 ce moment-l\u00e0, en France, il n&rsquo;en existe qu&rsquo;une \u00e0 Nantes. Ils d\u00e9cident de se lancer sous forme de SCIC (soci\u00e9t\u00e9 coop\u00e9rative d&rsquo;int\u00e9r\u00eat collectif) ce qui leur permet d&rsquo;ouvrir les parts \u00e0 diff\u00e9rents profils.<\/p>\n\n\n\n<h3 class=\"wp-block-heading\">Vilaine frayeur, joli moment<\/h3>\n\n\n\n<p>L&rsquo;entreprise est donc d\u00e9tenue &nbsp;aujourd&rsquo;hui \u00e0 30&nbsp;% par ses fondatrices, 30&nbsp;% par les salari\u00e9s, 25&nbsp;% par les familles b\u00e9n\u00e9ficiaires et 15&nbsp;% par des structures partenaires. Chaque soci\u00e9taire peut ainsi participer \u00e0 la prise de d\u00e9cision mais aussi s&rsquo;impliquer dans la coop\u00e9rative. Ce qui explique en partie la diversit\u00e9 d&rsquo;activit\u00e9s qu&rsquo;elle porte. Parce qu&rsquo;on ne parle pas seulement d&rsquo;acheter un cercueil ou d&rsquo;organiser des obs\u00e8ques, il s&rsquo;agit aussi de d\u00e9mocratiser la mort. Pour cela, la coop&rsquo; organise des temps de partage et d\u2019information, comme le Festival de la Mort ou les caf\u00e9s mortels.<\/p>\n\n\n\n<p class=\"has-white-color has-text-color has-background has-link-color wp-elements-86acb5d40c7b523862af803956cc703c\" style=\"background-color:#8f4bc3\">\u00ab\u00a0<em>Quand on sort d&rsquo;un caf\u00e9 mortel, parfois les jours suivants, on peut en parler avec des proches, avec des enfants. Donc je crois que \u00e7a ram\u00e8ne le sujet, et c&rsquo;est notre but. Il faut qu&rsquo;on se saisisse de cette question comme on peut se saisir de la question de la naissance.<\/em><strong>\u00ab\u00a0<\/strong><strong> Isabelle Bertrand, cofondatrice de la coop\u00e9rative fun\u00e9raire de Rennes<\/strong><\/p>\n\n\n\n<p>Ces temps d&rsquo;information conviviaux, la coop\u00e9rative fun\u00e9raire les organise dans des lieux de convivialit\u00e9 et s&rsquo;arrange pour les rendre bien vivants. Mission r\u00e9ussie : la salle est comble en cette fin octobre lors du <em><a href=\"https:\/\/www.lesateliersduvent.org\/la-vilaine-frayeur-2025\/\" target=\"_blank\" rel=\"noreferrer noopener\">festival La vilaine frayeur<\/a><\/em> organis\u00e9 aux Ateliers du vent. Louise Katz, journaliste, anime une table ronde, des repr\u00e9sentations traitent avec humour de la question de la Mort. \u00ab\u00a0<em>J&rsquo;adore l&rsquo;ambiance : caf\u00e9, on discute, on rigole.<\/em> <em>Moi, je ne parle pas tellement de la mort autour de moi, mais l\u00e0, ici je peux y aller.<\/em>\u00a0\u00bb Armina est retrait\u00e9e, soci\u00e9taire de la coop\u00e9rative et convaincue de longue date des bienfaits de tels \u00e9v\u00e9nements. D&rsquo;autant qu&rsquo;ils sont gratuits.<\/p>\n\n\n\n<h3 class=\"wp-block-heading\">Ankou gouvernance, RH ou \u00ab\u00a0fun\u00a0\u00bb<\/h3>\n\n\n\n<p>Un point d&rsquo;honneur \u00e0 la coop\u00e9rative nous pr\u00e9cise Isabelle Bertrand, l&rsquo;une des cofondatrices. Contrairement \u00e0 des caf\u00e9s mortels \u00ab\u00a0professionnels\u00a0\u00bb, ceux de la coop&rsquo; sont anim\u00e9s par des b\u00e9n\u00e9voles, un d\u00e9sir d&rsquo;accessibilit\u00e9 qui se refl\u00e8te dans toute la structure. <\/p>\n\n\n\n<p class=\"has-white-color has-text-color has-background has-link-color wp-elements-19abfd6f85400a91b36054e00f20d4a7\" style=\"background-color:#8f4bc3\">\u00ab\u00a0<em>La part sociale est \u00e0 20&nbsp;\u20ac, on la voulait basse de mani\u00e8re \u00e0 ce que \u00e7a puisse inclure justement ceux qui n<\/em>&lsquo;<em>ont pas n\u00e9cessairement de grands moyens. Ceux qui en ont prennent plein de parts sociales, mais c&rsquo;est toujours pareil : un homme = une voix, une femme = une voix.<\/em>\u00a0\u00bb <strong>Gr\u00e9gory Nieuvarts, cofondateur de la coop\u00e9rative fun\u00e9raire de Rennes<\/strong><\/p>\n\n\n\n<p>Les soci\u00e9taires membres peuvent alors rejoindre des commissions, un peu comme celles qu&rsquo;avait mis en place <a href=\"https:\/\/mob-media.info\/index.php\/2024\/05\/13\/scop-democratisons-le-travail\/\" target=\"_blank\" rel=\"noreferrer noopener\">l&rsquo;\u00e9quipe du Pain des Cairns \u00e0 Grenoble<\/a>. Dans la coop\u00e9rative rennaise, elles sont appel\u00e9es \u00ab\u00a0Ankou\u00a0\u00bb (figure de la \u00ab\u00a0mort\u00a0\u00bb dans la mythologie bretonne\/celtique). L&rsquo;Ankou \u00ab\u00a0gouvernance\u00a0\u00bb g\u00e8re l&rsquo;organisation collective, l&rsquo;Ankou \u00ab\u00a0RH\u00a0\u00bb, le relationnel et ils ont m\u00eame mis en place un Ankou \u00ab\u00a0fun\u00a0\u00bb. Cette commission a, par exemple, repens\u00e9 l&rsquo;espace d&rsquo;accueil des familles des locaux de la coop\u00e9rative. Les b\u00e9n\u00e9ficiaires peuvent y personnaliser des cercueils. Une famille dessine d&rsquo;ailleurs des \u00e9l\u00e9ments de d\u00e9coration lors de notre passage discret dans ses pr\u00e9paratifs. Les outils sont \u00e0 port\u00e9e et c&rsquo;est important pour Gr\u00e9gory Nieuvarts, pour que \u00ab\u00a0<em>\u00e7a puisse faire infuser des d\u00e9sirs ou de se dire \u201cah tiens, je peux graver\u201d. \u201cBeh oui, je peux graver\u201d \u201cah je peux faire \u00e7a\u201d&#8230; \u00c7a ouvre plein de portes quoi.<\/em>\u00ab\u00a0<\/p>\n\n\n\n<h3 class=\"wp-block-heading\">D\u00e9mocratiser la mort, \u00e7a marche<\/h3>\n\n\n\n<p>Rendre ce temps de deuil plus convivial pour celles et ceux qui restent, faciliter ces moments difficiles et faire communaut\u00e9 sont les ma\u00eetres mots des soci\u00e9taires. Et c&rsquo;est aussi pour \u00e7a qu&rsquo;Armina adh\u00e8re.<\/p>\n\n\n\n<p class=\"has-white-color has-text-color has-background has-link-color wp-elements-5afb8b014e1e44616d7f45cecf7aeb25\" style=\"background-color:#8f4bc3\">\u00ab\u00a0<em>Je suis une enfant qui a perdu sa maman tr\u00e8s t\u00f4t \u00e0 neuf ans. Sans aucune parole d&rsquo;adulte, sans aucun encouragement, sans aucune consolation, sans rien du tout. Et je n&rsquo;ai m\u00eame pas pu aller \u00e0 l&rsquo;enterrement. Donc pour moi, des caf\u00e9s mortels o\u00f9 on familiarise comme \u00e7a les personnes pour qu&rsquo;elles osent un peu penser autrement l&rsquo;accompagnement et le deuil, c&rsquo;est fondamental<\/em>.\u00a0\u00bb <strong>Armina, soci\u00e9taire de la coop&rsquo;<\/strong><\/p>\n\n\n\n<p>Gr\u00e9gory Nieuvart en est aussi persuad\u00e9. Il d\u00e9finit cette coop\u00e9rative comme un \u00e9crin pour les premi\u00e8r-es concern\u00e9-es, un espace d&rsquo;action et de formation pour les familles et leurs proches. Un accompagnement et une d\u00e9mocratisation de la mort demande beaucoup de pr\u00e9paration pour les \u00ab\u00a0usagers\u00a0\u00bb de la coop&rsquo;. Un investissement humain des soci\u00e9taires qui n&#8217;emp\u00eache pas la structure de faire du profit (<a href=\"https:\/\/www.pappers.fr\/entreprise\/cooperative-funeraire-de-rennes-852608330\" target=\"_blank\" rel=\"noreferrer noopener\">+37k en r\u00e9sultat net en 2024<\/a>) mais \u00ab\u00a0<em>le profit va rester \u00e0 l&rsquo;int\u00e9rieur de la coop\u00e9rative, donc elle va servir le territoir<\/em>e\u00a0\u00bb. Une mani\u00e8re de dire que ce sont soci\u00e9taires et usagers qui b\u00e9n\u00e9ficient localement du succ\u00e8s de l&rsquo;entreprise collective et de sa m\u00e9thodologie innovante dans un secteur qu&rsquo;on n&rsquo;imaginait pas porteur d&rsquo;engagement.<\/p>\n\n\n\n<p>C&rsquo;est pourtant une des choses qui \u00e9merveille encore Isabelle Bertrand, six ans apr\u00e8s le d\u00e9p\u00f4t des statuts en 2019 : la fid\u00e9lit\u00e9 des soci\u00e9taires. Certains reviennent \u00e0 chaque caf\u00e9, livrent leurs t\u00e9moignages, sans retenue. \u00ab\u00a0<em>C&rsquo;est l&rsquo;objectif qu&rsquo;on s&rsquo;est donn\u00e9, mais moi \u00e7a me touche \u00e0 chaque fois.<\/em>\u00a0\u00bb Un espace de bienveillance et de partage qui a fini de nous convaincre lors de la cl\u00f4ture de ce caf\u00e9 mortel, en chanson.<\/p>\n\n\n\n<p>&#8211;<\/p>\n\n\n\n<p><strong>R\u00e9alisation et montage : Perrine Bontemps \/ Article : Elliot Clarke<\/strong><\/p>\n","protected":false},"excerpt":{"rendered":"<p>Une coop\u00e9rative fun\u00e9raire, c&rsquo;est mortel &#8211; 09\/12\/25 La mort, c\u2019est comme l\u2019argent, c&rsquo;est encore tr\u00e8s tabou en France. Et surtout, on y est peu pr\u00e9par\u00e9s. Heureusement, certains citoyens essaient d&rsquo;y rem\u00e9dier. Nous sommes all\u00e9s \u00e0 la rencontre de la Coop\u00e9rative fun\u00e9raire de Rennes. Ce groupe de soci\u00e9taires tente d&rsquo;insuffler plus de d\u00e9mocratie et de l\u00e9g\u00e8ret\u00e9 &hellip; <\/p>\n<p class=\"link-more\"><a href=\"https:\/\/mob-media.info\/index.php\/2025\/12\/09\/cooperative-funeraire-mortel\/\" class=\"more-link\">Lire la suite de<span class=\"screen-reader-text\">\u00ab\u00a0Une coop\u00e9rative fun\u00e9raire, c&rsquo;est mortel\u00a0\u00bb<\/span><\/a><\/p>\n","protected":false},"author":3,"featured_media":2288,"comment_status":"closed","ping_status":"open","sticky":false,"template":"","format":"standard","meta":{"footnotes":""},"categories":[20,13,19,8],"tags":[],"class_list":["post-2281","post","type-post","status-publish","format-standard","has-post-thumbnail","hentry","category-alternatives","category-participation-citoyenne","category-reportage","category-travail"],"featured_media_urls":{"thumbnail":["https:\/\/mob-media.info\/wp-content\/uploads\/2025\/12\/Miniature-coop-funeraire-IG-e1765287865365-150x150.png",150,150,true],"medium":["https:\/\/mob-media.info\/wp-content\/uploads\/2025\/12\/Miniature-coop-funeraire-IG-e1765287865365-227x300.png",227,300,true],"medium_large":["https:\/\/mob-media.info\/wp-content\/uploads\/2025\/12\/Miniature-coop-funeraire-IG-e1765287865365-768x1017.png",768,1017,true],"large":["https:\/\/mob-media.info\/wp-content\/uploads\/2025\/12\/Miniature-coop-funeraire-IG-e1765287865365-774x1024.png",774,1024,true],"1536x1536":["https:\/\/mob-media.info\/wp-content\/uploads\/2025\/12\/Miniature-coop-funeraire-IG-e1765287865365.png",1078,1427,false],"2048x2048":["https:\/\/mob-media.info\/wp-content\/uploads\/2025\/12\/Miniature-coop-funeraire-IG-e1765287865365.png",1078,1427,false],"inspiro-featured-image":["https:\/\/mob-media.info\/wp-content\/uploads\/2025\/12\/Miniature-coop-funeraire-IG-e1765287865365.png",1078,1427,false],"inspiro-loop":["https:\/\/mob-media.info\/wp-content\/uploads\/2025\/12\/Miniature-coop-funeraire-IG-e1765287865365-950x320.png",950,320,true],"inspiro-loop@2x":["https:\/\/mob-media.info\/wp-content\/uploads\/2025\/12\/Miniature-coop-funeraire-IG-e1765287865365-1078x640.png",1078,640,true],"portfolio_item-thumbnail":["https:\/\/mob-media.info\/wp-content\/uploads\/2025\/12\/Miniature-coop-funeraire-IG-e1765287865365-600x400.png",600,400,true],"portfolio_item-thumbnail@2x":["https:\/\/mob-media.info\/wp-content\/uploads\/2025\/12\/Miniature-coop-funeraire-IG-e1765287865365-1078x800.png",1078,800,true],"portfolio_item-masonry":["https:\/\/mob-media.info\/wp-content\/uploads\/2025\/12\/Miniature-coop-funeraire-IG-e1765287865365-600x794.png",600,794,true],"portfolio_item-masonry@2x":["https:\/\/mob-media.info\/wp-content\/uploads\/2025\/12\/Miniature-coop-funeraire-IG-e1765287865365.png",1078,1427,false],"portfolio_item-thumbnail_cinema":["https:\/\/mob-media.info\/wp-content\/uploads\/2025\/12\/Miniature-coop-funeraire-IG-e1765287865365-800x335.png",800,335,true],"portfolio_item-thumbnail_portrait":["https:\/\/mob-media.info\/wp-content\/uploads\/2025\/12\/Miniature-coop-funeraire-IG-e1765287865365-600x900.png",600,900,true],"portfolio_item-thumbnail_portrait@2x":["https:\/\/mob-media.info\/wp-content\/uploads\/2025\/12\/Miniature-coop-funeraire-IG-e1765287865365.png",1078,1427,false],"portfolio_item-thumbnail_square":["https:\/\/mob-media.info\/wp-content\/uploads\/2025\/12\/Miniature-coop-funeraire-IG-e1765287865365-800x800.png",800,800,true]},"_links":{"self":[{"href":"https:\/\/mob-media.info\/index.php\/wp-json\/wp\/v2\/posts\/2281","targetHints":{"allow":["GET"]}}],"collection":[{"href":"https:\/\/mob-media.info\/index.php\/wp-json\/wp\/v2\/posts"}],"about":[{"href":"https:\/\/mob-media.info\/index.php\/wp-json\/wp\/v2\/types\/post"}],"author":[{"embeddable":true,"href":"https:\/\/mob-media.info\/index.php\/wp-json\/wp\/v2\/users\/3"}],"replies":[{"embeddable":true,"href":"https:\/\/mob-media.info\/index.php\/wp-json\/wp\/v2\/comments?post=2281"}],"version-history":[{"count":7,"href":"https:\/\/mob-media.info\/index.php\/wp-json\/wp\/v2\/posts\/2281\/revisions"}],"predecessor-version":[{"id":2297,"href":"https:\/\/mob-media.info\/index.php\/wp-json\/wp\/v2\/posts\/2281\/revisions\/2297"}],"wp:featuredmedia":[{"embeddable":true,"href":"https:\/\/mob-media.info\/index.php\/wp-json\/wp\/v2\/media\/2288"}],"wp:attachment":[{"href":"https:\/\/mob-media.info\/index.php\/wp-json\/wp\/v2\/media?parent=2281"}],"wp:term":[{"taxonomy":"category","embeddable":true,"href":"https:\/\/mob-media.info\/index.php\/wp-json\/wp\/v2\/categories?post=2281"},{"taxonomy":"post_tag","embeddable":true,"href":"https:\/\/mob-media.info\/index.php\/wp-json\/wp\/v2\/tags?post=2281"}],"curies":[{"name":"wp","href":"https:\/\/api.w.org\/{rel}","templated":true}]}}