{"id":2635,"date":"2026-04-21T08:39:00","date_gmt":"2026-04-21T06:39:00","guid":{"rendered":"https:\/\/mob-media.info\/?p=2635"},"modified":"2026-04-26T15:50:29","modified_gmt":"2026-04-26T13:50:29","slug":"assos-danger-revoltes-populaires-antidote-bollore","status":"publish","type":"post","link":"https:\/\/mob-media.info\/index.php\/2026\/04\/21\/assos-danger-revoltes-populaires-antidote-bollore\/","title":{"rendered":"Assos en danger, r\u00e9voltes populaires et antidote \u00e0 Bollor\u00e9"},"content":{"rendered":"\n<h2 class=\"wp-block-heading has-white-color has-text-color has-background has-link-color wp-elements-2eb3063d4fdee51e92f50e8b09cfc9a5\" style=\"background-color:#8662e8\">Assos en danger, r\u00e9voltes populaires et antidote \u00e0 Bollor\u00e9 &#8211; 21\/04\/26<\/h2>\n\n\n\n<p><strong>On a un peu souffl\u00e9 la semaine derni\u00e8re, d\u2019autant qu\u2019on devait sortir les 3 premiers \u00e9pisodes de notre s\u00e9rie \u201cR\u00e9voltes\u201d (\u00e0 d\u00e9couvrir ci-dessous). On n\u2019a quand m\u00eame pas rat\u00e9 l\u2019\u00e9chec de la loi Yadan (pression citoyenne oblige), ou de celle pour \u00ab\u00a0faire sauter\u00a0\u00bb le 1er mai, ni l\u2019adoubement d\u2019un \u00e9ni\u00e8me candidat \u00e0 la Pr\u00e9sidentielle (Retailleau). On a surtout \u00e9t\u00e9 outr\u00e9 de d\u00e9couvrir les nombreux licenciements forc\u00e9s dans le monde associatif, faute de subventions suffisantes. Un point d\u2019alerte d\u00e9taill\u00e9 dans&nbsp;un article MOB&nbsp;qui, faute d\u2019annoncer le printemps, pointe les zones \u00e0 d\u00e9fendre.<\/strong><\/p>\n\n\n\n<p><strong>Enfin,&nbsp;la bataille culturelle contre les id\u00e9es r\u00e9actionnaires fait rage, le licenciement du patron de Grasset par Bollor\u00e9 en t\u00e9moigne, Climax a des solutions pour vous. Livres, films, s\u00e9ries sont aussi des secteurs en danger, car vecteurs de r\u00e9sistance, c\u2019est pour \u00e7a qu\u2019on conclura en vous proposant un cin\u00e9-d\u00e9bat ! Bonne lecture.<\/strong><\/p>\n\n\n\n<figure class=\"wp-block-image size-large is-resized\"><img fetchpriority=\"high\" decoding=\"async\" width=\"1024\" height=\"489\" src=\"https:\/\/mob-media.info\/wp-content\/uploads\/2026\/04\/ca-ne-tient-plus-1024x489.jpg\" alt=\"\" class=\"wp-image-2636\" style=\"aspect-ratio:2.0941044895350696;width:861px;height:auto\" srcset=\"https:\/\/mob-media.info\/wp-content\/uploads\/2026\/04\/ca-ne-tient-plus-1024x489.jpg 1024w, https:\/\/mob-media.info\/wp-content\/uploads\/2026\/04\/ca-ne-tient-plus-300x143.jpg 300w, https:\/\/mob-media.info\/wp-content\/uploads\/2026\/04\/ca-ne-tient-plus.jpg 1039w\" sizes=\"(max-width: 1024px) 100vw, 1024px\" \/><\/figure>\n\n\n\n<p>Cr\u00e9dit photo \u00a9 <em>Le mouvement associatif<\/em><\/p>\n\n\n\n<h2 class=\"wp-block-heading\"><strong>Sans argent ni libert\u00e9, les assos en danger<\/strong><\/h2>\n\n\n\n<p><strong>Le Mouvement associatif alerte. Depuis maintenant plusieurs mois, les associations doivent faire face \u00e0 de multiples difficult\u00e9s, financi\u00e8res comme politiques. Le Planning familial ne fait pas exception. Apr\u00e8s 70 ans d\u2019accompagnement sur les questions de sant\u00e9 sexuelle, d\u2019acc\u00e8s aux droits et d\u2019\u00e9mancipation, il est aujourd\u2019hui en crise. Un ph\u00e9nom\u00e8ne g\u00e9n\u00e9ralis\u00e9 qui incite les associations \u00e0 se mobiliser.<\/strong><\/p>\n\n\n\n<p>\u00ab&nbsp;<em>Vitrines attaqu\u00e9es, intimidations t\u00e9l\u00e9phoniques, assauts physiques ou coupes budg\u00e9taires\u2026 \u00bb&nbsp;<\/em>Sarah Durocher, pr\u00e9sidente du Planning familial \u00e0 l\u2019\u00e9chelle nationale, \u00e9nonce gravement les d\u00e9fis de son association. Elle est cat\u00e9gorique : le monde associatif est cibl\u00e9 pour ses actions. En affirmant ses positions sur le droit \u00e0 l\u2019avortement, l\u2019\u00e9mancipation et les droits des femmes et des personnes transgenres, le Planning s\u2019est assur\u00e9 une place de choix dans leur viseur.<\/p>\n\n\n\n<p>En avril dernier, l\u2019asso a subi&nbsp;<a target=\"_blank\" href=\"https:\/\/www.leparisien.fr\/loiret-45\/on-a-pris-un-uppercut-le-planning-familial-du-loiret-en-difficulte-a-cause-de-la-baisse-des-subventions-14-04-2025-6JNGQ3SNL5HGLHKHX6V5QFUNTY.php\" rel=\"noreferrer noopener\"><strong>une r\u00e9duction budg\u00e9taire de 10 % dans le Loiret<\/strong><\/a>. Dans la Dr\u00f4me,&nbsp;<a target=\"_blank\" href=\"https:\/\/www.mediapart.fr\/journal\/france\/080325\/dans-la-drome-la-sante-sexuelle-est-mise-en-peril-par-des-coupes-budgetaires\" rel=\"noreferrer noopener\"><strong>c\u2019est 20% pour le Planning<\/strong><\/a>, mais aussi pour les CSS (centres de sant\u00e9 sexuelle). Ces attaques se ressentent particuli\u00e8rement \u00e0 l\u2019\u00e9chelon local, o\u00f9 les baisses du budget des collectivit\u00e9s l\u00e9gitiment de couper les vivres aux associations.<\/p>\n\n\n\n<p>Celles-ci&nbsp;<em>\u00ab sont travers\u00e9es par une tension relative \u00e0 leur libert\u00e9, et une tension relative \u00e0 leur financement \u00bb,<\/em>&nbsp;d\u00e9plore Claire Thoury, pr\u00e9sidente de Mouvement associatif, et membre du CESE.&nbsp;<\/p>\n\n\n\n<p><strong>Convictions politiques, cons\u00e9quences \u00e9conomiques<\/strong><\/p>\n\n\n\n<p>Si le droit \u00e0 l\u2019association est constitutionnalis\u00e9 depuis 1971, le droit au financement de l\u2019association n\u2019est lui pas prot\u00e9g\u00e9. En 20 ans,&nbsp;<em>\u00ab la part de la subvention dans les budgets a diminu\u00e9 consid\u00e9rablement au profit de la commande publique. On ne vous subventionne pas en<\/em>&nbsp;<em>disant qu\u2019on soutient votre projet, on vous demande de r\u00e9pondre \u00e0 des appels \u00e0 projets pour r\u00e9pondre \u00e0 des besoins \u00e9valu\u00e9s par les pouvoirs publics \u00bb,&nbsp;<\/em>explique Claire Thoury. Une mise en concurrence entre assos, voire avec des entreprises qui&nbsp;<em>\u00ab ne jouent&nbsp;pas avec les m\u00eames armes \u00bb<\/em>. Les finances associatives doivent \u00ab cocher \u00bb les cases de leurs financeurs plus que les besoins de leurs structures.&nbsp;<em>\u00ab Certaines, ne r\u00e9pondent plus, et donc perdent des financements publics \u00bb<\/em>. Pour survivre, d\u2019autres finissent par se regrouper, faute de dispara\u00eetre.<\/p>\n\n\n\n<p>Au Planning familial, on pr\u00e9f\u00e8re se tourner vers des financements priv\u00e9s.&nbsp;<em>\u00ab C\u2019est un changement de culture, un changement de strat\u00e9gie et c\u2019est encore de l\u2019\u00e9nergie qu\u2019on ne met pas autre part. \u00bb<\/em>&nbsp;Mais l\u2019asso n\u2019est pas dispos\u00e9e \u00e0 accepter tous les financements pour autant.&nbsp;<em>\u00ab Le Planning, c\u2019est un mouvement politique aussi. On est intersectionnel et on lutte \u00e9videmment aussi contre le capitalisme. \u00bb<\/em><\/p>\n\n\n\n<div class=\"wp-block-columns has-background is-layout-flex wp-container-core-columns-is-layout-28f84493 wp-block-columns-is-layout-flex\" style=\"background-color:#ec6500\">\n<div class=\"wp-block-column is-layout-flow wp-block-column-is-layout-flow\">\n<figure class=\"wp-block-image size-large\"><img decoding=\"async\" width=\"1024\" height=\"711\" src=\"https:\/\/mob-media.info\/wp-content\/uploads\/2026\/04\/contre-pouvoir-1024x711.png\" alt=\"\" class=\"wp-image-2637\" srcset=\"https:\/\/mob-media.info\/wp-content\/uploads\/2026\/04\/contre-pouvoir-1024x711.png 1024w, https:\/\/mob-media.info\/wp-content\/uploads\/2026\/04\/contre-pouvoir-300x208.png 300w, https:\/\/mob-media.info\/wp-content\/uploads\/2026\/04\/contre-pouvoir.png 1466w\" sizes=\"(max-width: 1024px) 100vw, 1024px\" \/><\/figure>\n<\/div>\n\n\n\n<div class=\"wp-block-column is-layout-flow wp-block-column-is-layout-flow\">\n<p class=\"has-white-color has-text-color has-link-color wp-elements-67b32cbd457f21782d8a3db20da82d19\">Cet article fait partie de la rubrique \u201cContre-pouvoirs\u201d de notre magazine hors-s\u00e9rie paru en f\u00e9vrier ! Un condens\u00e9 de notre travail de l\u2019ann\u00e9e,en papier, \u00e0&nbsp;<a href=\"https:\/\/www.helloasso.com\/associations\/mob-le-media-de-la-democratie\/collectes\/mob-saison-3-pour-la-democratie-jouons-collectif\" target=\"_blank\" rel=\"noreferrer noopener\"><strong>commander pour nous soutenir sur HelloAsso<\/strong><\/a>.<\/p>\n\n\n\n<p class=\"has-white-color has-text-color has-link-color wp-elements-4bee2282481049faf3234ea9d91c4c0e\">Une contrepartie d\u00e9fiscalis\u00e9e pour soutenir un m\u00e9dia ind\u00e9pendant qui joue collectif !<\/p>\n<\/div>\n<\/div>\n\n\n\n<p><\/p>\n\n\n\n<p>Et c\u2019est tout l\u2019enjeu pour l\u2019association : continuer sa mission d\u2019utilit\u00e9 publique, donc avec des financements publics, alors que les collectivit\u00e9s leur tournent le dos. Les premier\u00b7es \u00e0 souffrir de ces coupes et attaques sont \u00e9videmment les b\u00e9n\u00e9ficiaires de ces organismes. Pour rappel, chaque ann\u00e9e, le Planning accueille plus de 500 000 personnes, et organise des interventions d\u2019\u00e9ducation \u00e0 la vie affective et sexuelle aupr\u00e8s de 150 000 jeunes.&nbsp;<\/p>\n\n\n\n<p>Ce ph\u00e9nom\u00e8ne, en se r\u00e9pandant dans les d\u00e9partements o\u00f9 sont implant\u00e9es les antennes du de l\u2019association, l&#8217;emp\u00eache de mener \u00e0 bien certaines actions.&nbsp;<em>\u00ab Je pense aux permanences en milieu rural, qui sont \u00e9videmment hyper fragilis\u00e9es \u00bb<\/em>, pr\u00e9cise Sarah Durocher.&nbsp;<em>\u00ab Si on ne comprend pas que le tissu associatif est un \u00e9l\u00e9ment qui structure notre vivre-ensemble, que sans associations, notre soci\u00e9t\u00e9 ne tiendrait pas, on amplifie un probl\u00e8me qu\u2019on essaie de r\u00e9soudre \u00bb,<\/em>&nbsp;explique Claire Thoury.<\/p>\n\n\n\n<p><strong>CER, contrat \u00ab d\u2019entravement \u00bb r\u00e9publicain<\/strong><\/p>\n\n\n\n<p>Si les collectivit\u00e9s se cachent souvent derri\u00e8re les choix budg\u00e9taires li\u00e9s \u00e0 la crise \u00e9conomique, pour Sarah Durocher, le message est \u00e9galement extr\u00eamement politique. On demande au Planning familial, comme \u00e0 tout le monde associatif, de respecter le Contrat d\u2019engagement r\u00e9publicain (CER). Un document \u00e0 signer pour toute aide publique et qui oblige l\u2019association \u00e0 la \u00ab neutralit\u00e9 \u00bb et au \u00ab r\u00e9publicanisme \u00bb. Des adjectifs n\u00e9buleux qui ne r\u00e9pondent pas aux m\u00eames r\u00e9alit\u00e9s en fonction des \u00e9lu\u00b7es. Et qui peuvent parfois co\u00fbter gros \u00e0 l\u2019association.&nbsp;<\/p>\n\n\n\n<p class=\"has-white-color has-text-color has-background has-link-color wp-elements-05210c07febf2d2399522652a9038221\" style=\"background-color:#ec6500\">[Le contrat d\u2019engagement r\u00e9publicain],&nbsp;<em>\u00ab \u00e7a a ouvert une bo\u00eete de Pandore, puisque tout \u00e0 coup, on s&rsquo;est mis \u00e0 dire tout et n\u2019importe quoi sur les associations \u00bb&nbsp;<\/em><strong>Claire Thoury, Le mouvement associatif<\/strong><\/p>\n\n\n\n<p>Depuis sa mise en application en 2022, le Contrat d\u2019engagement r\u00e9publicain est essentiellement retourn\u00e9 contre les assos environnementales, ainsi que les assos de droit et de cause. Un usage arbitraire et ill\u00e9gitime, si bien que&nbsp;<em>\u00ab chaque fois qu\u2019on fait un recours, on gagne \u00bb<\/em>, raconte Claire Thoury. Seulement,&nbsp;<em>\u00ab \u00e7a a ouvert une bo\u00eete de Pandore, puisque tout \u00e0 coup, on s&rsquo;est mis \u00e0 dire tout et n\u2019importe quoi sur les associations \u00bb<\/em>.<\/p>\n\n\n\n<p>Le cas typique, mais pas isol\u00e9, dont se rappelle Sarah Durocher, c\u2019est l\u2019affaire du&nbsp;<a href=\"https:\/\/www.lejsl.com\/faits-divers-justice\/2022\/03\/04\/femme-voilee-sur-une-affiche-le-maire-veut-interdire-la-manifestation-du-planning-familial\">8 mars 2022 \u00e0 Chalon-Sur-Sa\u00f4ne<\/a>&nbsp;: une affiche du Planning repr\u00e9sentait une femme voil\u00e9e, ce qui n\u2019a pas plu \u00e0 la mairie. R\u00e9sultat : annulation du pr\u00eat de mat\u00e9riel et de local, et demande d\u2019interdiction de leur manifestation pour \u00ab communautarisme \u00bb, invoquant le CER. Le tribunal administratif saisi \u00e0 l\u2019\u00e9poque avait finalement statu\u00e9 en faveur du Planning familial.&nbsp;<\/p>\n\n\n\n<p><strong>On leur doit la CMU ou le droit \u00e0 l\u2019avortement<\/strong><\/p>\n\n\n\n<p><a target=\"_blank\" href=\"https:\/\/www.lemonde.fr\/societe\/article\/2025\/04\/09\/le-contrat-d-engagement-republicain-outil-contre-le-separatisme-parfois-detourne-de-son-objet_6593324_3224.html\" rel=\"noreferrer noopener\"><strong>L\u2019article du&nbsp;<\/strong><em><strong>Monde<\/strong><\/em><\/a>&nbsp;qui avait alors relat\u00e9 les faits en \u00e9tait venu \u00e0 la m\u00eame conclusion que les deux femmes : le CER sert de plus en plus \u00e0 museler les associations qui d\u00e9plaisent au pouvoir politique, particuli\u00e8rement dans les collectivit\u00e9s o\u00f9 la Droite r\u00e9actionnaire et l\u2019Extr\u00eame-droite gouvernent. Si Sarah Durocher nous rassure sur la p\u00e9rennit\u00e9 du Planning familial, elle ne peut s\u2019emp\u00eacher de penser aux plus petites associations qui n\u2019ont pas leur r\u00e9seau ni leur tr\u00e9sorerie. De quoi museler le tissu associatif dense pourtant si essentiel aux respect des droits, \u00e0 la solidarit\u00e9 ou \u00e0 la sant\u00e9 quand l\u2019\u00c9tat vient \u00e0 manquer.<\/p>\n\n\n\n<p>Depuis des ann\u00e9es, le combat des associations ont permis d\u2019avoir, entre autres, une CMU (couverture maladie universelle), le droit \u00e0 l\u2019avortement, un service civique ou encore une politique de recherche sur le SIDA. Si certaines sont all\u00e9es \u00e0 l\u2019encontre de l\u2019ordre, elles sont toutes essentielles au bon fonctionnement de notre d\u00e9mocratie.<\/p>\n\n\n\n<p>Pour alerter sur leurs conditions, Le Mouvement associatif a lanc\u00e9 \u00ab \u00c7a ne tient plus ! \u00bb, un appel des assos \u00e0 se mobiliser, le 11 octobre 2025. Claire Thoury a rappel\u00e9 des chiffres alarmants : 20 millions de b\u00e9n\u00e9voles, 1,8 million de salari\u00e9\u00b7s et 67 millions de Fran\u00e7ais\u00b7es touch\u00e9\u00b7es par les actions des associations.&nbsp;<em>\u00ab Notre tissu associatif est quelque chose de merveilleux, un bien commun qui nous rend fiers et qui ne doit pas \u00eatre sacrifi\u00e9 par les coupes budg\u00e9taires. \u00bb&nbsp;<\/em>&nbsp;Des donn\u00e9es ignor\u00e9es par les gouvernements successifs du Pr\u00e9sident Macron. Le budget 2026 a encore amput\u00e9 encore un milliard au financement des associations&nbsp;<a target=\"_blank\" href=\"https:\/\/www.mediapart.fr\/journal\/economie-et-social\/140426\/12-305-emplois-disparus-en-un-dans-le-secteur-associatif-la-grande-saignee\" rel=\"noreferrer noopener\"><strong>alerte r\u00e9cemment le Mouvement associatif sur Mediapart<\/strong><\/a>.<\/p>\n\n\n\n<p>Des coupes de 40 % dans les subventions aux associations en trois ans de mandat. R\u00e9sultat, d\u00e9j\u00e0 12 305 emplois supprim\u00e9s en un an. L\u2019alerte est donn\u00e9e.<\/p>\n\n\n\n<p class=\"has-text-align-right\"><strong>Perrine Bontemps, Elliot Clarke, Justine Kouassi<\/strong><\/p>\n\n\n\n<p><\/p>\n\n\n\n<div class=\"wp-block-group has-background has-global-padding is-layout-constrained wp-block-group-is-layout-constrained\" style=\"background-color:#8662e8\">\n<div class=\"wp-block-group has-global-padding is-layout-constrained wp-block-group-is-layout-constrained\">\n<div class=\"wp-block-columns has-background is-layout-flex wp-container-core-columns-is-layout-28f84493 wp-block-columns-is-layout-flex\" style=\"background-color:#8662e8\">\n<div class=\"wp-block-column is-layout-flow wp-block-column-is-layout-flow\">\n<figure class=\"wp-block-image size-large\"><img decoding=\"async\" width=\"1024\" height=\"576\" src=\"https:\/\/mob-media.info\/wp-content\/uploads\/2026\/04\/miniature-1-1024x576.png\" alt=\"\" class=\"wp-image-2638\" srcset=\"https:\/\/mob-media.info\/wp-content\/uploads\/2026\/04\/miniature-1-1024x576.png 1024w, https:\/\/mob-media.info\/wp-content\/uploads\/2026\/04\/miniature-1-300x169.png 300w, https:\/\/mob-media.info\/wp-content\/uploads\/2026\/04\/miniature-1.png 1280w\" sizes=\"(max-width: 1024px) 100vw, 1024px\" \/><\/figure>\n<\/div>\n\n\n\n<div class=\"wp-block-column is-layout-flow wp-block-column-is-layout-flow\">\n<figure class=\"wp-block-image size-large\"><img loading=\"lazy\" decoding=\"async\" width=\"1024\" height=\"576\" src=\"https:\/\/mob-media.info\/wp-content\/uploads\/2026\/04\/miniature-2-1024x576.png\" alt=\"\" class=\"wp-image-2639\" srcset=\"https:\/\/mob-media.info\/wp-content\/uploads\/2026\/04\/miniature-2-1024x576.png 1024w, https:\/\/mob-media.info\/wp-content\/uploads\/2026\/04\/miniature-2-300x169.png 300w, https:\/\/mob-media.info\/wp-content\/uploads\/2026\/04\/miniature-2.png 1280w\" sizes=\"(max-width: 1024px) 100vw, 1024px\" \/><\/figure>\n<\/div>\n\n\n\n<div class=\"wp-block-column is-layout-flow wp-block-column-is-layout-flow\">\n<figure class=\"wp-block-image size-large\"><img loading=\"lazy\" decoding=\"async\" width=\"1024\" height=\"576\" src=\"https:\/\/mob-media.info\/wp-content\/uploads\/2026\/04\/miniature-3-1024x576.png\" alt=\"\" class=\"wp-image-2640\" srcset=\"https:\/\/mob-media.info\/wp-content\/uploads\/2026\/04\/miniature-3-1024x576.png 1024w, https:\/\/mob-media.info\/wp-content\/uploads\/2026\/04\/miniature-3-300x169.png 300w, https:\/\/mob-media.info\/wp-content\/uploads\/2026\/04\/miniature-3.png 1280w\" sizes=\"(max-width: 1024px) 100vw, 1024px\" \/><\/figure>\n<\/div>\n<\/div>\n\n\n\n<h2 class=\"wp-block-heading has-white-color has-text-color has-background has-link-color wp-elements-c0a426a7062857a7b0e6d91dab322ebb\" style=\"background-color:#8662e8\">[VIDEOS] <a href=\"https:\/\/www.youtube.com\/playlist?list=PLDMsiR-yow38G2SR3HH1m2BIkZ2NDehFG\" target=\"_blank\" rel=\"noreferrer noopener\"><strong>R\u00e9voltes &#8211; une s\u00e9rie &nbsp;pour mieux comprendre les luttes sociales et environnementales<\/strong><\/a><\/h2>\n<\/div>\n<\/div>\n\n\n\n<p>On a connu de nombreuses mobilisations ces derni\u00e8res ann\u00e9es. Gilets jaunes, Climat, retraites ont pouss\u00e9 les gens \u00e0 descendre dans les rues. Avec plus ou moins de r\u00e9ussite. Mais alors, c\u2019est quoi les ingr\u00e9dients \u00e0 la r\u00e9volte populaire ? Vaste sujet qui m\u00e9ritait de prendre le temps.<\/p>\n\n\n\n<p>Dans cette s\u00e9rie, Perrine Bontemps et Elliot Clarke vous proposent de comprendre les ressorts psychologiques, sociologiques, m\u00e9diatiques et culturelles des luttes sociales et environnementales.<\/p>\n\n\n\n<p><a target=\"_blank\" href=\"https:\/\/www.youtube.com\/playlist?list=PLDMsiR-yow38G2SR3HH1m2BIkZ2NDehFG\" rel=\"noreferrer noopener\"><strong>Les trois premiers \u00e9pisodes (3\/6) sont en ligne sur notre cha\u00eene<\/strong><\/a><strong>&nbsp;<\/strong>:<\/p>\n\n\n\n<p>1- La r\u00e9volution fran\u00e7aise, l\u2019\u00e9quation parfaite ? (Avec Sophie Wahnich, historienne)<\/p>\n\n\n\n<p>2- La lutte climatique c\u2019est (aussi) dans la t\u00eate (avec Aurore Grandin docteure en sciences cognitives)<\/p>\n\n\n\n<p>3- Gilets jaunes, l\u2019inattendue mobilisation (avec les sociologues Antoine Bernard de Raymond &nbsp;et Sylvain Bordiec)<\/p>\n\n\n\n<p>Bon visionnage !<\/p>\n\n\n\n<p><\/p>\n\n\n\n<h2 class=\"wp-block-heading has-white-color has-text-color has-background has-link-color wp-elements-25d5f2f2fe7b5dbc39887c8bf00fadae\" style=\"background-color:#8662e8\">Les recommandations\/actus de la r\u00e9dac<\/h2>\n\n\n\n<div class=\"wp-block-columns is-layout-flex wp-container-core-columns-is-layout-28f84493 wp-block-columns-is-layout-flex\">\n<div class=\"wp-block-column is-layout-flow wp-block-column-is-layout-flow\">\n<figure class=\"wp-block-image size-full is-resized\"><a href=\"https:\/\/www.instagram.com\/p\/DXRYSsejDy4\/?img_index=5\" target=\"_blank\" rel=\" noreferrer noopener\"><img loading=\"lazy\" decoding=\"async\" width=\"766\" height=\"958\" src=\"https:\/\/mob-media.info\/wp-content\/uploads\/2026\/04\/climax.png\" alt=\"\" class=\"wp-image-2641\" style=\"aspect-ratio:0.7995841598355758;width:377px;height:auto\" srcset=\"https:\/\/mob-media.info\/wp-content\/uploads\/2026\/04\/climax.png 766w, https:\/\/mob-media.info\/wp-content\/uploads\/2026\/04\/climax-240x300.png 240w\" sizes=\"(max-width: 766px) 100vw, 766px\" \/><\/a><\/figure>\n<\/div>\n\n\n\n<div class=\"wp-block-column is-layout-flow wp-block-column-is-layout-flow\">\n<h3 class=\"wp-block-heading\"><a target=\"_blank\" href=\"https:\/\/climaxfanzine.fr\/\" rel=\"noreferrer noopener\"><strong>Climax&nbsp;<\/strong><\/a><strong>se la joue vaccination m\u00e9diatique<\/strong><\/h3>\n\n\n\n<p>Et on est ravi de faire partie de la mixture \u201ccontre\u201d l\u2019influence grandissante et probl\u00e9matique de Vincent Bollor\u00e9 et de son empire culturo-m\u00e9diatique.<\/p>\n\n\n\n<p>Il faut dire que le milliardaire breton a encore fait fort en virant Olivier Nora, PDG de chez Grasset. R\u00e9sultat :&nbsp;<a target=\"_blank\" href=\"https:\/\/www.lemonde.fr\/idees\/article\/2026\/04\/18\/avec-la-desertion-de-la-majorite-de-ses-auteurs-grasset-risque-la-mort-pour-avoir-tente-de-se-derober-a-une-ideologie-qu-on-veut-lui-imposer_6681172_3232.html\" rel=\"noreferrer noopener\"><strong>170 auteur-ices quittent la maison d\u2019\u00e9dition<\/strong><\/a>&nbsp;pour raisons id\u00e9ologiques. A la recherche maisons plus ind\u00e9pendantes ? Edition, m\u00e9dias, m\u00eame combat contre les id\u00e9es r\u00e9actionnaires.<\/p>\n<\/div>\n<\/div>\n\n\n\n<div class=\"wp-block-columns is-layout-flex wp-container-core-columns-is-layout-28f84493 wp-block-columns-is-layout-flex\">\n<div class=\"wp-block-column is-layout-flow wp-block-column-is-layout-flow\">\n<p><\/p>\n\n\n\n<h3 class=\"wp-block-heading\"><a target=\"_blank\" href=\"https:\/\/www.ugc.fr\/reservationSeances.html?id=330051038069\" rel=\"noreferrer noopener\"><strong>The cost of growth &#8211; Anuna de Wever et Lena Hartog (Cin\u00e9-d\u00e9bat)<\/strong><\/a><\/h3>\n\n\n\n<p>Greta Thunberg ouvre le bal de<a target=\"_blank\" href=\"https:\/\/www.youtube.com\/watch?v=yjKHHbwyEzg\" rel=\"noreferrer noopener\"><strong>&nbsp;la bande-annonce<\/strong><\/a>&nbsp;de ce documentaire \u00e9colo. Une narration tiraill\u00e9e entre le constat dramatique de la crise climatique et la mise en lumi\u00e8re des gens qui tentent de lutter contre.<\/p>\n\n\n\n<p>Le d\u00e9bat autour du film, \u00e0 l\u2019Od\u00e9on \u00e0 Paris, entre journaliste (Paloma Moritz), militant-e (Oxfam) et chercheur (Yves Perret), promet d\u2019\u00eatre int\u00e9ressant !<\/p>\n\n\n\n<p>A bient\u00f4t, et prenez soin de vous,<\/p>\n\n\n\n<p><strong>L\u2019\u00e9quipe MOB<\/strong><\/p>\n<\/div>\n\n\n\n<div class=\"wp-block-column is-layout-flow wp-block-column-is-layout-flow\">\n<figure class=\"wp-block-image size-full is-resized\"><img loading=\"lazy\" decoding=\"async\" width=\"716\" height=\"924\" src=\"https:\/\/mob-media.info\/wp-content\/uploads\/2026\/04\/cinedebat.png\" alt=\"\" class=\"wp-image-2642\" style=\"aspect-ratio:0.7748801445213886;width:386px;height:auto\" srcset=\"https:\/\/mob-media.info\/wp-content\/uploads\/2026\/04\/cinedebat.png 716w, https:\/\/mob-media.info\/wp-content\/uploads\/2026\/04\/cinedebat-232x300.png 232w\" sizes=\"(max-width: 716px) 100vw, 716px\" \/><\/figure>\n<\/div>\n<\/div>\n\n\n\n<h3 class=\"wp-block-heading has-text-align-center has-white-color has-text-color has-background has-link-color wp-elements-b4d86e873252777a5dc37e89e3bdba06\" style=\"background-color:#8662e8\">Et pour ne rien rater de nos contenus, on vous propose une newsletter toutes les semaines, pour s&rsquo;abonner :<\/h3>\n\n\n\n<div class=\"wp-block-columns has-background is-layout-flex wp-container-core-columns-is-layout-28f84493 wp-block-columns-is-layout-flex\" style=\"background-color:#8662e8\">\n<div class=\"wp-block-column is-layout-flow wp-block-column-is-layout-flow\">\n<figure class=\"wp-block-image size-large is-resized is-style-default\"><a href=\"https:\/\/mob-media.us21.list-manage.com\/subscribe?u=8a80eecf9dcb7e85d7c18aa10&amp;id=a2edb6c814\" target=\"_blank\" rel=\" noreferrer noopener\"><img loading=\"lazy\" decoding=\"async\" width=\"840\" height=\"1024\" src=\"https:\/\/mob-media.info\/wp-content\/uploads\/2026\/03\/Newsletter-modele-e1775037288407-840x1024.png\" alt=\"\" class=\"wp-image-2564\" style=\"aspect-ratio:0.8203059873486;width:334px;height:auto\" srcset=\"https:\/\/mob-media.info\/wp-content\/uploads\/2026\/03\/Newsletter-modele-e1775037288407-840x1024.png 840w, https:\/\/mob-media.info\/wp-content\/uploads\/2026\/03\/Newsletter-modele-e1775037288407-246x300.png 246w, https:\/\/mob-media.info\/wp-content\/uploads\/2026\/03\/Newsletter-modele-e1775037288407-768x936.png 768w, https:\/\/mob-media.info\/wp-content\/uploads\/2026\/03\/Newsletter-modele-e1775037288407-600x731.png 600w, https:\/\/mob-media.info\/wp-content\/uploads\/2026\/03\/Newsletter-modele-e1775037288407.png 1075w\" sizes=\"(max-width: 840px) 100vw, 840px\" \/><\/a><\/figure>\n<\/div>\n\n\n\n<div class=\"wp-block-column is-layout-flow wp-block-column-is-layout-flow\"><script>(function() {\n\twindow.mc4wp = window.mc4wp || {\n\t\tlisteners: [],\n\t\tforms: {\n\t\t\ton: function(evt, cb) {\n\t\t\t\twindow.mc4wp.listeners.push(\n\t\t\t\t\t{\n\t\t\t\t\t\tevent   : evt,\n\t\t\t\t\t\tcallback: cb\n\t\t\t\t\t}\n\t\t\t\t);\n\t\t\t}\n\t\t}\n\t}\n})();\n<\/script><!-- Mailchimp for WordPress v4.12.1 - https:\/\/wordpress.org\/plugins\/mailchimp-for-wp\/ --><form id=\"mc4wp-form-1\" class=\"mc4wp-form mc4wp-form-2563\" method=\"post\" data-id=\"2563\" data-name=\"Je m&#039;abonne \u00e0 la newsletter !\" data-typo-check=\"1\" ><div class=\"mc4wp-form-fields\"><\/p>\r\n<p>\r\n    <label>Pr\u00e9nom<\/label>\r\n    <input type=\"text\" name=\"FNAME\" autocomplete=\"given-name\">\r\n<\/p>\r\n<p>\r\n    <label>Nom de famille<\/label>\r\n    <input type=\"text\" name=\"LNAME\" autocomplete=\"family-name\">\r\n<\/p>\r\n<p>\r\n\t<label for=\"email\">Adresse e-mail: \r\n\t\t<input type=\"email\" id=\"email\" name=\"EMAIL\" placeholder=\"Votre adresse e-mail\" autocomplete=\"email\" required>\r\n\t<\/label>\r\n<\/p>\r\n\r\n<input type=\"hidden\" name=\"procaptcha\">\r\n\r\n\r\n<p>\r\n\t<input type=\"submit\" value=\"Je m'abonne\">\r\n<\/p><\/div><label style=\"display: none !important;\">Laissez ce champ vide si vous \u00eates humain\u00a0: <input type=\"text\" name=\"_mc4wp_honeypot\" value=\"\" tabindex=\"-1\" autocomplete=\"off\" \/><\/label><input type=\"hidden\" name=\"_mc4wp_timestamp\" value=\"1777233632\" \/><input type=\"hidden\" name=\"_mc4wp_form_id\" value=\"2563\" \/><input type=\"hidden\" name=\"_mc4wp_form_element_id\" value=\"mc4wp-form-1\" \/><div class=\"mc4wp-response\"><\/div><\/form><!-- \/ Mailchimp for WordPress Plugin --><\/div>\n<\/div>\n\n\n\n<p><\/p>\n","protected":false},"excerpt":{"rendered":"<p>Assos en danger, r\u00e9voltes populaires et antidote \u00e0 Bollor\u00e9 &#8211; 21\/04\/26 On a un peu souffl\u00e9 la semaine derni\u00e8re, d\u2019autant qu\u2019on devait sortir les 3 premiers \u00e9pisodes de notre s\u00e9rie \u201cR\u00e9voltes\u201d (\u00e0 d\u00e9couvrir ci-dessous). On n\u2019a quand m\u00eame pas rat\u00e9 l\u2019\u00e9chec de la loi Yadan (pression citoyenne oblige), ou de celle pour \u00ab\u00a0faire sauter\u00a0\u00bb le &hellip; <\/p>\n<p class=\"link-more\"><a href=\"https:\/\/mob-media.info\/index.php\/2026\/04\/21\/assos-danger-revoltes-populaires-antidote-bollore\/\" class=\"more-link\">Lire la suite de<span class=\"screen-reader-text\">\u00ab\u00a0Assos en danger, r\u00e9voltes populaires et antidote \u00e0 Bollor\u00e9\u00a0\u00bb<\/span><\/a><\/p>\n","protected":false},"author":1,"featured_media":2648,"comment_status":"closed","ping_status":"open","sticky":false,"template":"","format":"standard","meta":{"footnotes":""},"categories":[11,68,12],"tags":[71,69,70,55,52,72],"class_list":["post-2635","post","type-post","status-publish","format-standard","has-post-thumbnail","hentry","category-associations","category-infolettre","category-lutte-sociale","tag-associations","tag-bollore","tag-edition","tag-medias","tag-politique","tag-revolte"],"featured_media_urls":{"thumbnail":["https:\/\/mob-media.info\/wp-content\/uploads\/2026\/04\/Miniature-21-avril-150x150.png",150,150,true],"medium":["https:\/\/mob-media.info\/wp-content\/uploads\/2026\/04\/Miniature-21-avril-240x300.png",240,300,true],"medium_large":["https:\/\/mob-media.info\/wp-content\/uploads\/2026\/04\/Miniature-21-avril.png",768,960,false],"large":["https:\/\/mob-media.info\/wp-content\/uploads\/2026\/04\/Miniature-21-avril-819x1024.png",819,1024,true],"1536x1536":["https:\/\/mob-media.info\/wp-content\/uploads\/2026\/04\/Miniature-21-avril.png",1080,1350,false],"2048x2048":["https:\/\/mob-media.info\/wp-content\/uploads\/2026\/04\/Miniature-21-avril.png",1080,1350,false],"inspiro-featured-image":["https:\/\/mob-media.info\/wp-content\/uploads\/2026\/04\/Miniature-21-avril.png",1080,1350,false],"inspiro-loop":["https:\/\/mob-media.info\/wp-content\/uploads\/2026\/04\/Miniature-21-avril-950x320.png",950,320,true],"inspiro-loop@2x":["https:\/\/mob-media.info\/wp-content\/uploads\/2026\/04\/Miniature-21-avril-1080x640.png",1080,640,true],"portfolio_item-thumbnail":["https:\/\/mob-media.info\/wp-content\/uploads\/2026\/04\/Miniature-21-avril-600x400.png",600,400,true],"portfolio_item-thumbnail@2x":["https:\/\/mob-media.info\/wp-content\/uploads\/2026\/04\/Miniature-21-avril-1080x800.png",1080,800,true],"portfolio_item-masonry":["https:\/\/mob-media.info\/wp-content\/uploads\/2026\/04\/Miniature-21-avril-600x750.png",600,750,true],"portfolio_item-masonry@2x":["https:\/\/mob-media.info\/wp-content\/uploads\/2026\/04\/Miniature-21-avril.png",1080,1350,false],"portfolio_item-thumbnail_cinema":["https:\/\/mob-media.info\/wp-content\/uploads\/2026\/04\/Miniature-21-avril-800x335.png",800,335,true],"portfolio_item-thumbnail_portrait":["https:\/\/mob-media.info\/wp-content\/uploads\/2026\/04\/Miniature-21-avril-600x900.png",600,900,true],"portfolio_item-thumbnail_portrait@2x":["https:\/\/mob-media.info\/wp-content\/uploads\/2026\/04\/Miniature-21-avril.png",1080,1350,false],"portfolio_item-thumbnail_square":["https:\/\/mob-media.info\/wp-content\/uploads\/2026\/04\/Miniature-21-avril-800x800.png",800,800,true]},"_links":{"self":[{"href":"https:\/\/mob-media.info\/index.php\/wp-json\/wp\/v2\/posts\/2635","targetHints":{"allow":["GET"]}}],"collection":[{"href":"https:\/\/mob-media.info\/index.php\/wp-json\/wp\/v2\/posts"}],"about":[{"href":"https:\/\/mob-media.info\/index.php\/wp-json\/wp\/v2\/types\/post"}],"author":[{"embeddable":true,"href":"https:\/\/mob-media.info\/index.php\/wp-json\/wp\/v2\/users\/1"}],"replies":[{"embeddable":true,"href":"https:\/\/mob-media.info\/index.php\/wp-json\/wp\/v2\/comments?post=2635"}],"version-history":[{"count":6,"href":"https:\/\/mob-media.info\/index.php\/wp-json\/wp\/v2\/posts\/2635\/revisions"}],"predecessor-version":[{"id":2671,"href":"https:\/\/mob-media.info\/index.php\/wp-json\/wp\/v2\/posts\/2635\/revisions\/2671"}],"wp:featuredmedia":[{"embeddable":true,"href":"https:\/\/mob-media.info\/index.php\/wp-json\/wp\/v2\/media\/2648"}],"wp:attachment":[{"href":"https:\/\/mob-media.info\/index.php\/wp-json\/wp\/v2\/media?parent=2635"}],"wp:term":[{"taxonomy":"category","embeddable":true,"href":"https:\/\/mob-media.info\/index.php\/wp-json\/wp\/v2\/categories?post=2635"},{"taxonomy":"post_tag","embeddable":true,"href":"https:\/\/mob-media.info\/index.php\/wp-json\/wp\/v2\/tags?post=2635"}],"curies":[{"name":"wp","href":"https:\/\/api.w.org\/{rel}","templated":true}]}}