{"id":2649,"date":"2026-04-10T08:08:00","date_gmt":"2026-04-10T06:08:00","guid":{"rendered":"https:\/\/mob-media.info\/?p=2649"},"modified":"2026-04-26T15:51:24","modified_gmt":"2026-04-26T13:51:24","slug":"loi-yadan-lure-solaire-services-publics-dematerialiser-discriminer-free-parties","status":"publish","type":"post","link":"https:\/\/mob-media.info\/index.php\/2026\/04\/10\/loi-yadan-lure-solaire-services-publics-dematerialiser-discriminer-free-parties\/","title":{"rendered":"Loi Yadan \/\/ Lure sous le solaire \/\/ Services publics : d\u00e9mat\u00e9rialiser c\u2019est discriminer \/\/ Free ? Parties\u2026"},"content":{"rendered":"\n<h2 class=\"wp-block-heading has-white-color has-text-color has-background has-link-color wp-elements-98f49774a5921221122fb8a978b95d00\" style=\"background-color:#ec6500\">Loi Yadan sous p\u00e9tition \/\/ Lure : \u00e9cologies sous le solaire \/\/ Services publics : d\u00e9mat\u00e9rialiser c\u2019est discriminer \/\/ Free ? Parties\u2026<\/h2>\n\n\n\n<div class=\"wp-block-columns is-layout-flex wp-container-core-columns-is-layout-28f84493 wp-block-columns-is-layout-flex\">\n<div class=\"wp-block-column is-layout-flow wp-block-column-is-layout-flow\">\n<figure class=\"wp-block-image aligncenter size-large is-resized\"><img fetchpriority=\"high\" decoding=\"async\" width=\"819\" height=\"1024\" src=\"https:\/\/mob-media.info\/wp-content\/uploads\/2026\/04\/actus-15-avril-819x1024.png\" alt=\"\" class=\"wp-image-2650\" style=\"aspect-ratio:0.799801632715343;width:443px;height:auto\" srcset=\"https:\/\/mob-media.info\/wp-content\/uploads\/2026\/04\/actus-15-avril-819x1024.png 819w, https:\/\/mob-media.info\/wp-content\/uploads\/2026\/04\/actus-15-avril-240x300.png 240w, https:\/\/mob-media.info\/wp-content\/uploads\/2026\/04\/actus-15-avril-600x750.png 600w, https:\/\/mob-media.info\/wp-content\/uploads\/2026\/04\/actus-15-avril.png 1080w\" sizes=\"(max-width: 819px) 100vw, 819px\" \/><\/figure>\n<\/div>\n\n\n\n<div class=\"wp-block-column is-layout-flow wp-block-column-is-layout-flow\">\n<p><strong>Cette semaine, pas de cessez-le-feu pour la r\u00e9daction, m\u00eame si c\u2019est (temporairement ?) le cas entre l\u2019Iran et les Etats-Unis. Nous, on passe pas mal de temps \u00e0 l\u2019Assembl\u00e9e nationale : d\u2019abord avec la loi Yadan et la p\u00e9tition populaire contre son adoption (1.). Mais aussi pour parler e la criminalisation des&nbsp;<em>free party<\/em>&nbsp;(4.). Quand ce n\u2019est pas pour \u201crire jaune\u201d devant la commission d\u2019enqu\u00eate sur l\u2019audiovisuel public&nbsp;(voir article).<\/strong><\/p>\n\n\n\n<p><strong>On fait aussi un tour dans le Vaucluse o\u00f9 deux \u00e9cologies s\u2019affrontent autour d\u2019un projet de parc de panneaux solaires (2.). Dans la m\u00eame lign\u00e9e, un collectif se bat contre l\u2019organisation sans concertation des Jeux olympiques d\u2019hiver en France en 2030 (du c\u00f4t\u00e9 de chez MOB). <\/strong><\/p>\n\n\n\n<p><strong>Et c\u2019est en ligne que l\u2019Etat d\u00e9\u00e7oit la D\u00e9fenseuse des droits : nos service publics sont discriminants car d\u00e9mat\u00e9rialis\u00e9s (3.). Ce sont les actus de la semaine !<\/strong><\/p>\n<\/div>\n<\/div>\n\n\n\n<p><\/p>\n\n\n\n<h3 class=\"wp-block-heading\"><strong>1- Loi Yadan : P\u00e9tition 1 &#8211; D\u00e9put\u00e9e 0<\/strong><\/h3>\n\n\n\n<p>Plus de 600 000 personnes ont sign\u00e9&nbsp;<a href=\"https:\/\/petitions.assemblee-nationale.fr\/initiatives\/i-5158\"><strong>une p\u00e9tition contre la loi Yadan<\/strong><\/a>. Un fait rare sur cette plateforme de l\u2019Assembl\u00e9e nationale. L\u2019enjeu : la lutte contre l\u2019antis\u00e9mitisme. Derri\u00e8re ce combat, plus que n\u00e9cessaire, la proposition de loi bient\u00f4t vot\u00e9e \u00e0 l\u2019Assembl\u00e9e est tr\u00e8s contest\u00e9e. Certaines formulations vagues et l\u2019amalgame \u00e9vident entre \u201cantis\u00e9mitisme\u201d, \u201cantisionisme\u201d et \u201canti-Netanyahou\u201d.&nbsp;<\/p>\n\n\n\n<p>Ce dernier volet, la critique d\u2019un gouvernement, \u00e9tant tout \u00e0 fait l\u00e9gitime et audible, selon les p\u00e9titionnaires, compte tenu du g\u00e9nocide en cours \u00e0 Gaza, des exactions coloniales en Cisjordanie ou des attaques au Liban. Par ailleurs, la proximit\u00e9 de Caroline Yadan, la d\u00e9put\u00e9e \u00e0 l\u2019origine de la proposition, avec le<a href=\"https:\/\/www.mediapart.fr\/journal\/politique\/070426\/antisemitisme-et-critique-d-israel-l-assemblee-la-mobilisation-monte-d-un-cran-contre-la-loi-yadan\">&nbsp;<\/a><a href=\"https:\/\/www.mediapart.fr\/journal\/politique\/070426\/antisemitisme-et-critique-d-israel-l-assemblee-la-mobilisation-monte-d-un-cran-contre-la-loi-yadan\"><strong>lobby isra\u00e9lien Elnet<\/strong><\/a>, financ\u00e9 par le pouvoir en place, interroge.&nbsp;<\/p>\n\n\n\n<p>Le nombre de signataires suffira-t-il \u00e0 faire entendre raison aux d\u00e9put\u00e9-es sur le contenu de cette loi ? R\u00e9ponse le 16 avril.<\/p>\n\n\n\n<figure class=\"wp-block-image size-large is-resized\"><img decoding=\"async\" width=\"1024\" height=\"640\" src=\"https:\/\/mob-media.info\/wp-content\/uploads\/2026\/04\/Slide-1-actus-15-avril-1024x640.png\" alt=\"\" class=\"wp-image-2651\" style=\"aspect-ratio:1.6000146487951366;width:619px;height:auto\" srcset=\"https:\/\/mob-media.info\/wp-content\/uploads\/2026\/04\/Slide-1-actus-15-avril-1024x640.png 1024w, https:\/\/mob-media.info\/wp-content\/uploads\/2026\/04\/Slide-1-actus-15-avril-300x188.png 300w, https:\/\/mob-media.info\/wp-content\/uploads\/2026\/04\/Slide-1-actus-15-avril-2000x1250.png 2000w\" sizes=\"(max-width: 1024px) 100vw, 1024px\" \/><\/figure>\n\n\n\n<h3 class=\"wp-block-heading\"><strong>2- A Lure, solaire pleure<\/strong><\/h3>\n\n\n\n<p>Le collectif citoyen&nbsp;<a target=\"_blank\" href=\"https:\/\/www.lureenresistance.fr\/\" rel=\"noreferrer noopener\"><strong>\u00abElzeard, Lure en r\u00e9sistance\u00bb<\/strong><\/a>&nbsp;milite dans les Alpes de Haute Provence pour l\u2019\u00e9cologie mais<a href=\"https:\/\/vert.eco\/articles\/cest-lexemple-meme-du-manque-de-dialogue-sur-la-montagne-de-lure-lecologie-affronte-lecologie-autour-de-centrales-solaires\"><strong>&nbsp;contre l\u2019installation de centrales solaires<\/strong><\/a>. Un combat entre des entreprises qui veulent verdir leur production d\u2019\u00e9nergie, \u201caux d\u00e9pens de la pr\u00e9servation de la biodiversit\u00e9 locale\u201d et des citoyens qui pensent \u00e0 leur territoire \u201cavant la transition \u00e9cologique de la France\u201d. C\u2019est du moins ce que pr\u00e9tendent respectivement les camps oppos\u00e9s. Deux visions qui se d\u00e9fendent, deux \u00e9cologies, deux \u00e9chelles, et un grand conflit local qui s\u2019\u00e9tire sur plusieurs ann\u00e9es et territoires.<\/p>\n\n\n\n<p>France Nature Environnement leur propose une troisi\u00e8me voie, celle de la transparence, du dialogue et du compromis. La balle est surtout dans le camp des industriels dont les r\u00e8gles de jeu auraient pu, comme souvent, \u00eatre pr\u00e9cis\u00e9es en amont du projet\u2026<\/p>\n\n\n\n<figure class=\"wp-block-image size-large is-resized\"><img decoding=\"async\" width=\"1024\" height=\"640\" src=\"https:\/\/mob-media.info\/wp-content\/uploads\/2026\/04\/Slide-2-actus-15-avril-1024x640.png\" alt=\"\" class=\"wp-image-2652\" style=\"aspect-ratio:1.6000146487951366;width:648px;height:auto\" srcset=\"https:\/\/mob-media.info\/wp-content\/uploads\/2026\/04\/Slide-2-actus-15-avril-1024x640.png 1024w, https:\/\/mob-media.info\/wp-content\/uploads\/2026\/04\/Slide-2-actus-15-avril-300x188.png 300w, https:\/\/mob-media.info\/wp-content\/uploads\/2026\/04\/Slide-2-actus-15-avril-2000x1250.png 2000w\" sizes=\"(max-width: 1024px) 100vw, 1024px\" \/><\/figure>\n\n\n\n<h3 class=\"wp-block-heading\"><strong>3- Services publics : d\u00e9mat\u00e9rialiser c\u2019est discriminer<\/strong><\/h3>\n\n\n\n<p>Nouvelle preuve du d\u00e9tricotage permanent des services publics, le rapport de Claire H\u00e9don, D\u00e9fenseure des droits (DDD) est sans appel : les hausses r\u00e9p\u00e9t\u00e9es des sollicitations envers cet organe de contr\u00f4le, entre autres, de l\u2019acc\u00e8s aux services publics, inqui\u00e8te. +70% depuis 2020. Des atteintes aux droits des citoyens fran\u00e7ais ou des \u00e9trangers en grande majorit\u00e9 dues \u00e0 la d\u00e9mat\u00e9rialisation des services relaie<strong>&nbsp;<\/strong><a href=\"https:\/\/www.liberation.fr\/societe\/services-publics-la-dematerialisation-accelere-la-degradation-de-lacces-aux-droits-alerte-la-defenseuse-des-droits-20260409_KKWWKMZP5JBKXB6LEN4XJJTTRQ\/\"><strong>Lib\u00e9ration<\/strong><\/a>.<\/p>\n\n\n\n<p>Proc\u00e9dures complexes, incapacit\u00e9 \u00e0 joindre des conseillers, bugs sont autant de freins au bon fonctionnement de ces d\u00e9marches, pourtant essentielles aux plus pr\u00e9caires : ch\u00f4meur-ses, \u00e9tranger-es, d\u00e9tenu-es, retrait\u00e9-es.&nbsp;<a href=\"https:\/\/lapresselibre.info\/rue89bordeaux\/defenseur-droits-bordeaux-montaigne\"><strong>Rue89 Bordeaux&nbsp;<\/strong><\/a>ajoute qu\u2019une permanence de la DDD sera install\u00e9e \u00e0 l\u2019universit\u00e9 Bordeaux-Montaigne \u00e0 partir du 23 avril pour faire remonter les probl\u00e9matiques \u00e9tudiantes, \u00e9galement concern\u00e9-es par ces probl\u00e8mes.<\/p>\n\n\n\n<figure class=\"wp-block-image size-large is-resized\"><img loading=\"lazy\" decoding=\"async\" width=\"1024\" height=\"640\" src=\"https:\/\/mob-media.info\/wp-content\/uploads\/2026\/04\/Slide-3-actus-15-avril-1024x640.png\" alt=\"\" class=\"wp-image-2653\" style=\"aspect-ratio:1.6000146487951366;width:635px;height:auto\" srcset=\"https:\/\/mob-media.info\/wp-content\/uploads\/2026\/04\/Slide-3-actus-15-avril-1024x640.png 1024w, https:\/\/mob-media.info\/wp-content\/uploads\/2026\/04\/Slide-3-actus-15-avril-300x188.png 300w, https:\/\/mob-media.info\/wp-content\/uploads\/2026\/04\/Slide-3-actus-15-avril-2000x1250.png 2000w\" sizes=\"(max-width: 1024px) 100vw, 1024px\" \/><\/figure>\n\n\n\n<h3 class=\"wp-block-heading\"><strong>4- Free ? Parties\u2026<\/strong><\/h3>\n\n\n\n<p>Orelsan nous avait pr\u00e9venu : la f\u00eate est finie. Du moins, pour les&nbsp;<em>free party<\/em>. Une \u201ccharge\u201d l\u00e9gislative<\/p>\n\n\n\n<p>\u00e0 l\u2019encontre de celles et ceux qui font la f\u00eate \u201cill\u00e9galement\u201d, plut\u00f4t en zone rurale, raconte&nbsp;<a href=\"https:\/\/www.mediapart.fr\/journal\/france\/100426\/les-deputes-sonnent-la-charge-contre-les-free-parties\"><strong>Mediapart<\/strong><\/a>. Le texte de loi, vot\u00e9 le 9 avril \u00e0 l\u2019Assembl\u00e9e, criminalise fortement les organisateur-ices de ce genre d\u2019\u00e9v\u00e9nements avec des amendes sal\u00e9es voire des peines d\u2019emprisonnement. Les participant-es pourraient aussi \u00eatre sanctionn\u00e9-es.&nbsp;<\/p>\n\n\n\n<p>Alors m\u00eame que les jeunes sortent de moins en moins \u00e0 cause de la crise \u00e9conomique, des r\u00e9seaux sociaux souligne<strong>&nbsp;<\/strong><a href=\"https:\/\/www.presse-citron.net\/les-jeunes-sortent-de-moins-en-moins-les-coupables-sont-connus\/\"><strong>Reporterre<\/strong><\/a>,&nbsp;ET de la disparition des espaces de libre f\u00eate. Des lieux physiques de rencontre, d\u2019\u00e9change et de co-construction, dans le cas des&nbsp;<em>free party,<\/em>&nbsp;qui ne m\u00e9ritaient peut-\u00eatre pas ce s\u00e9v\u00e8re coup de projecteur.<\/p>\n\n\n\n<figure class=\"wp-block-image size-large is-resized\"><img loading=\"lazy\" decoding=\"async\" width=\"1024\" height=\"640\" src=\"https:\/\/mob-media.info\/wp-content\/uploads\/2026\/04\/Slide-4-actus-15-avril-1024x640.png\" alt=\"\" class=\"wp-image-2654\" style=\"aspect-ratio:1.6000146487951366;width:641px;height:auto\" srcset=\"https:\/\/mob-media.info\/wp-content\/uploads\/2026\/04\/Slide-4-actus-15-avril-1024x640.png 1024w, https:\/\/mob-media.info\/wp-content\/uploads\/2026\/04\/Slide-4-actus-15-avril-300x188.png 300w, https:\/\/mob-media.info\/wp-content\/uploads\/2026\/04\/Slide-4-actus-15-avril-2000x1250.png 2000w\" sizes=\"(max-width: 1024px) 100vw, 1024px\" \/><\/figure>\n\n\n\n<h2 class=\"wp-block-heading has-white-color has-text-color has-background has-link-color wp-elements-57f70397de6066bd9cc694f218f89cfe\" style=\"background-color:#ec6500\">L&rsquo;article de la semaine : <strong>Commissions d\u2019enqu\u00eate : inspecteurs ou gadgets ?<\/strong><\/h2>\n\n\n\n<figure class=\"wp-block-image aligncenter is-resized\"><img decoding=\"async\" src=\"https:\/\/mcusercontent.com\/8a80eecf9dcb7e85d7c18aa10\/images\/84cafb20-36ea-6b22-df95-5e48ad4e8f37.png\" alt=\"\" style=\"aspect-ratio:1.7777632950990616;width:672px;height:auto\"\/><\/figure>\n\n\n\n<p><strong>Betharram, Tiktok, violences dans le cin\u00e9ma\u2026 et plus r\u00e9cemment le cirque sur l\u2019audiovisuel public La m\u00e9diatisation des derni\u00e8res commissions d\u2019enqu\u00eate parlementaires a mis en lumi\u00e8re un outil d\u00e9mocratique essentiel. Loin d\u2019\u00eatre (normalement) de simples shows politiques, ces commissions permettent de recueillir des t\u00e9moignages, de r\u00e9v\u00e9ler des dysfonctionnements et de faire bouger les lignes.<\/strong><\/p>\n\n\n\n<p>Bayrou, Hanouna, AD Laurent, St\u00e9rin\u2026 Tous ont \u00e9t\u00e9 auditionn\u00e9s dans le cadre de commissions d\u2019enqu\u00eate parlementaires : un exercice syst\u00e9matis\u00e9 sous la V\u00e8me&nbsp;R\u00e9publique, et m\u00eame constitutionnalis\u00e9 en 2008. Ces commissions, temporaires, se tiennent \u00e0 l\u2019Assembl\u00e9e nationale ou au S\u00e9nat, et permettent aux \u00e9lu\u00b7es de r\u00e9colter de l\u2019information, au titre du contr\u00f4le de l\u2019action gouvernementale.&nbsp;<\/p>\n\n\n\n<p>Elles peuvent porter sur la gestion d\u2019un service public, d\u2019une entreprise nationale ou de grandes questions soci\u00e9tales. Certaines font suite \u00e0 des r\u00e9v\u00e9lations m\u00e9diatiques, comme l\u2019affaire des Ehpad Orp\u00e9a, r\u00e9v\u00e9l\u00e9e par le journaliste Victor Castanet ; ou celle sur Betharram, d\u00e9voil\u00e9e par la presse locale puis \u00e9tay\u00e9e par des r\u00e9v\u00e9lations de&nbsp;<em>Mediapart&nbsp;<\/em>et&nbsp;<em>Lib\u00e9ration<\/em>, notamment sur le r\u00f4le de Fran\u00e7ois Bayrou.<\/p>\n\n\n\n<p><strong>Tous convoqu\u00e9s !<\/strong><\/p>\n\n\n\n<p>La cr\u00e9ation d\u2019une commission doit \u00eatre \u00e0 l\u2019initiative d\u2019un groupe parlementaire, puis \u00eatre valid\u00e9e par un vote ; les groupes d\u2019opposition, ou minoritaires, disposent toutefois d\u2019un&nbsp;\u00ab&nbsp;droit de tirage&nbsp;\u00bb, leur garantissant une commission d\u2019enqu\u00eate par an. Des \u00e9lu\u00b7es de chaque groupe y si\u00e8gent, d\u00e9sign\u00e9\u00b7es \u00e0 la proportionnelle. Ils \u00e9lisent ensuite un bureau, dont la pr\u00e9sidence ou le rapporteur est obligatoirement issu de l\u2019opposition, afin d\u2019y assurer le pluralisme politique. La commission dure jusqu\u2019\u00e0 six mois, \u00e0 l\u2019issue desquels un rapport est rendu. Des recommandations, voire une proposition de loi, y sont g\u00e9n\u00e9ralement formul\u00e9es dans le but d\u2019am\u00e9liorer la situation \u00e9tudi\u00e9e.<\/p>\n\n\n\n<p>Mentir ou refuser de se pr\u00e9senter est passible de sanctions : Pierre-Edouard St\u00e9rin, qui a esquiv\u00e9 la commission d\u2019enqu\u00eate sur l\u2019organisation des \u00e9lections en mai 2025, encourt jusqu\u2019\u00e0 7 500 euros d\u2019amende<\/p>\n\n\n\n<p>Ce dispositif parlementaire agit donc comme un contre-pouvoir de l\u2019ex\u00e9cutif. Deput\u00e9\u00b7es ou s\u00e9nateur\u00b7rices cherchent \u00e0 voir si des m\u00e9caniques cach\u00e9es ne pourraient pas porter pr\u00e9judice au secteur observ\u00e9. \u00c0 cette occasion, ils convoquent diff\u00e9rentes personnalit\u00e9s cl\u00e9s &#8211; concern\u00e9es, impliqu\u00e9es ou expertes des domaines concern\u00e9s. Et celles-ci sont tenues de s\u2019y pr\u00e9senter. Ce fut le cas du milliardaire Vincent Bollor\u00e9, entendu lors de la commission sur la TNT en 2024, ou du producteur Dominique Besnehard, auditionn\u00e9 \u00e0 l\u2019occasion de l\u2019enqu\u00eate sur les violences commises dans le milieu du cin\u00e9ma, de la mode et de la publicit\u00e9.&nbsp;<\/p>\n\n\n\n<p>Mentir ou refuser de se pr\u00e9senter est passible de sanctions : Pierre-Edouard St\u00e9rin, qui a esquiv\u00e9 la commission d\u2019enqu\u00eate sur l\u2019organisation des \u00e9lections en mai 2025, encourt jusqu\u2019\u00e0 7 500 euros d\u2019amende (\u00ab&nbsp;<em>une paille pour lui&nbsp;<\/em>\u00bb, ironise&nbsp;<em>L\u2019Humanit\u00e9<\/em>) et deux ans de prison.<\/p>\n\n\n\n<p><strong>Pas un tribunal<\/strong><\/p>\n\n\n\n<p>Souvent qualifi\u00e9es de tribunaux politiques et r\u00e9guli\u00e8rement critiqu\u00e9es pour l\u2019usage partisan qu\u2019en font certain\u00b7es \u00e9lu\u00b7es, ces commissions doivent pourtant respecter la s\u00e9paration des pouvoirs. Elles ne peuvent empi\u00e9ter sur une proc\u00e9dure judiciaire en cours. Les parlementaires ne sont pas des juges ; ils peuvent n\u00e9anmoins saisir le procureur si les faits rapport\u00e9s leur paraissent suffisamment graves.&nbsp;<\/p>\n\n\n\n<p>On parle aussi de tribunal m\u00e9diatique, tant certaines auditions ont \u00e9t\u00e9 scrut\u00e9es de pr\u00e8s par la presse. En r\u00e9alit\u00e9, il s\u2019agit simplement de porter des sujets importants \u00e0 l\u2019attention du grand public. Ce fut le cas de la commission d\u2019enqu\u00eate men\u00e9e en 2025 sur les effets psychologiques de TikTok sur les mineur\u00b7es. Des influenceur\u00b7ses et cr\u00e9ateurs\u00b7rices de contenus, comme le masculiniste Alex Hitchens ou le journaliste Hugo Travers (HugoD\u00e9crypte), y avaient \u00e9t\u00e9 entendu\u00b7es.&nbsp;<\/p>\n\n\n\n<p>Ces rendez-vous servent surtout \u00e0 remettre la parole de la soci\u00e9t\u00e9 civile au c\u0153ur de la fabrique des lois : les informations recueillies sont essentielles au bon fonctionnement du Parlement. Une commission d\u2019enqu\u00eate, c\u2019est donc un temps n\u00e9cessaire \u00e0 une d\u00e9mocratie saine ; et c\u2019est l\u2019un des rares pouvoirs de contr\u00f4le dont disposent les parlementaires, qui sont plut\u00f4t l\u00e0 pour proposer de nouvelles lois, et approuver ou non les projets du gouvernement. Quand il ne sort pas un 49.3.&nbsp;<\/p>\n\n\n\n<p><strong>Perrine Bontemps (vid\u00e9o), Cl\u00e9ment Aulnette<\/strong><\/p>\n\n\n\n<p>&#8211;<\/p>\n\n\n\n<p><\/p>\n\n\n\n<h2 class=\"wp-block-heading has-white-color has-text-color has-background has-link-color wp-elements-f40d2071c521925b7facbd074c8362aa\" style=\"background-color:#ec6500\">Du c\u00f4t\u00e9 de chez MOB : <a href=\"https:\/\/mob-media.info\/index.php\/2026\/04\/08\/jop-2030-chantiers-impact-zero-debat\/\" target=\"_blank\" rel=\"noreferrer noopener\"><strong>JOP 2030 : gros impact \u00e9cologique, z\u00e9ro d\u00e9bat citoyen<\/strong><\/a><\/h2>\n\n\n\n<figure class=\"wp-block-embed is-type-video is-provider-youtube wp-block-embed-youtube wp-embed-aspect-16-9 wp-has-aspect-ratio\"><div class=\"wp-block-embed__wrapper\">\n<iframe title=\"JOP 2030 : gros impact \u00e9cologique, z\u00e9ro d\u00e9bat citoyen\" width=\"950\" height=\"534\" src=\"https:\/\/www.youtube.com\/embed\/Eh8xGu504ZY?start=67&#038;feature=oembed\" frameborder=\"0\" allow=\"accelerometer; autoplay; clipboard-write; encrypted-media; gyroscope; picture-in-picture; web-share\" referrerpolicy=\"strict-origin-when-cross-origin\" allowfullscreen><\/iframe>\n<\/div><\/figure>\n\n\n\n<p>C&rsquo;est quoi le lien entre l&rsquo;installation de m\u00e9gabassines, l&rsquo;autoroute A69 ou les Jeux Olympiques d&rsquo;hiver ? On ne demande pas l&rsquo;avis des citoyen-nes sur ces gros projets, et c&rsquo;est probl\u00e9matique. Pendant les JO de cet hiver, un combat a d&rsquo;ailleurs \u00e9t\u00e9 peu m\u00e9diatis\u00e9 : celui du&nbsp;<a target=\"_blank\" href=\"https:\/\/www.collectifcitoyenjop2030.fr\/\" rel=\"noreferrer noopener\"><strong>Collectif Citoyen JOP 2030<\/strong><\/a>.<\/p>\n\n\n\n<p>Ils se battent en justice, en France et \u00e0 l&rsquo;ONU, pour obliger la Solid\u00e9o, la Soci\u00e9t\u00e9 de livraison des ouvrages olympiques, \u00e0 organiser un d\u00e9bat public. Delphine Larat, cofondatrice du Collectif Citoyen JOP 2030, et Me J\u00e9r\u00f4me Graefe, un de leur avocat, tentent ainsi de faire entendre la voix des premier-es concern\u00e9-es : les habitant-es des Hautes Alpes. [<a href=\"https:\/\/mob-media.info\/index.php\/2026\/04\/08\/jop-2030-chantiers-impact-zero-debat\/\" target=\"_blank\" rel=\"noreferrer noopener\"><strong>LIRE LA SUITE<\/strong><\/a><strong>]<\/strong><\/p>\n\n\n\n<p><\/p>\n\n\n\n<h2 class=\"wp-block-heading has-white-color has-text-color has-background has-link-color wp-elements-e3653a7bb06f33e657d2393bf9872e2d\" style=\"background-color:#ec6500\">La recommandation de la r\u00e9dac<\/h2>\n\n\n\n<div class=\"wp-block-columns is-layout-flex wp-container-core-columns-is-layout-28f84493 wp-block-columns-is-layout-flex\">\n<div class=\"wp-block-column is-layout-flow wp-block-column-is-layout-flow\">\n<figure class=\"wp-block-image size-large is-resized\"><a href=\"https:\/\/evenements.mediapart.fr\/la-grande-revolte-2026\" target=\"_blank\" rel=\" noreferrer noopener\"><img loading=\"lazy\" decoding=\"async\" width=\"713\" height=\"1024\" src=\"https:\/\/mob-media.info\/wp-content\/uploads\/2026\/04\/festival-cinoche-713x1024.png\" alt=\"\" class=\"wp-image-2658\" style=\"aspect-ratio:0.6962810347339285;width:377px;height:auto\" srcset=\"https:\/\/mob-media.info\/wp-content\/uploads\/2026\/04\/festival-cinoche-713x1024.png 713w, https:\/\/mob-media.info\/wp-content\/uploads\/2026\/04\/festival-cinoche-209x300.png 209w, https:\/\/mob-media.info\/wp-content\/uploads\/2026\/04\/festival-cinoche.png 1080w\" sizes=\"(max-width: 713px) 100vw, 713px\" \/><\/a><\/figure>\n<\/div>\n\n\n\n<div class=\"wp-block-column is-layout-flow wp-block-column-is-layout-flow\">\n<h3 class=\"wp-block-heading\"><a target=\"_blank\" href=\"https:\/\/evenements.mediapart.fr\/la-grande-revolte-2026\" rel=\"noreferrer noopener\"><strong>La grande r\u00e9volte (festival de cin\u00e9ma)<\/strong><\/a><\/h3>\n\n\n\n<p>Mediapart n\u2019arr\u00eate pas de nous surprendre ! D\u00e8s la semaine prochaine, ils co-portent avec La grande distribution, un festival de cin\u00e9ma.<\/p>\n\n\n\n<p>Une programmation entre Paris, Ivry et Marseille avec comme fil rouge la corruption.<\/p>\n\n\n\n<p>Vous y retrouverez leur film sur l\u2019affaire libyenne de Sarkozy (<em><strong>Personne n\u2019y comprend rien<\/strong><\/em>) mais aussi un coup de coeur de la r\u00e9dac :&nbsp;<em><strong>El Reino<\/strong><\/em><strong>&nbsp;de Sorogoyen.<\/strong>&nbsp;Magistral thriller sur la descente aux enfers d\u2019un politicien v\u00e9reux espagnol.&nbsp;<a target=\"_blank\" href=\"https:\/\/evenements.mediapart.fr\/la-grande-revolte-2026\" rel=\"noreferrer noopener\"><strong>[PROGRAMMATION]<\/strong><\/a><\/p>\n\n\n\n<p>On revient vite avec de nouvelles actus d\u00e9mocratiques. En attendant, prenez soin de vous,<\/p>\n\n\n\n<p><strong>L\u2019\u00e9quipe MOB<\/strong><\/p>\n<\/div>\n<\/div>\n\n\n\n<h3 class=\"wp-block-heading has-text-align-center has-white-color has-text-color has-background has-link-color wp-elements-a7ca048e1c85cc4f1f409306625e368d\" style=\"background-color:#ec6500\">Et pour ne rien rater de nos contenus, on vous propose une newsletter toutes les semaines, pour s&rsquo;abonner :<\/h3>\n\n\n\n<div class=\"wp-block-columns has-background is-layout-flex wp-container-core-columns-is-layout-28f84493 wp-block-columns-is-layout-flex\" style=\"background-color:#ec6500\">\n<div class=\"wp-block-column is-layout-flow wp-block-column-is-layout-flow\">\n<figure class=\"wp-block-image size-large is-resized is-style-default\"><a href=\"https:\/\/mob-media.us21.list-manage.com\/subscribe?u=8a80eecf9dcb7e85d7c18aa10&amp;id=a2edb6c814\" target=\"_blank\" rel=\" noreferrer noopener\"><img loading=\"lazy\" decoding=\"async\" width=\"840\" height=\"1024\" src=\"https:\/\/mob-media.info\/wp-content\/uploads\/2026\/03\/Newsletter-modele-e1775037288407-840x1024.png\" alt=\"\" class=\"wp-image-2564\" style=\"aspect-ratio:0.8203059873486;width:334px;height:auto\" srcset=\"https:\/\/mob-media.info\/wp-content\/uploads\/2026\/03\/Newsletter-modele-e1775037288407-840x1024.png 840w, https:\/\/mob-media.info\/wp-content\/uploads\/2026\/03\/Newsletter-modele-e1775037288407-246x300.png 246w, https:\/\/mob-media.info\/wp-content\/uploads\/2026\/03\/Newsletter-modele-e1775037288407-768x936.png 768w, https:\/\/mob-media.info\/wp-content\/uploads\/2026\/03\/Newsletter-modele-e1775037288407-600x731.png 600w, https:\/\/mob-media.info\/wp-content\/uploads\/2026\/03\/Newsletter-modele-e1775037288407.png 1075w\" sizes=\"(max-width: 840px) 100vw, 840px\" \/><\/a><\/figure>\n<\/div>\n\n\n\n<div class=\"wp-block-column is-layout-flow wp-block-column-is-layout-flow\"><script>(function() {\n\twindow.mc4wp = window.mc4wp || {\n\t\tlisteners: [],\n\t\tforms: {\n\t\t\ton: function(evt, cb) {\n\t\t\t\twindow.mc4wp.listeners.push(\n\t\t\t\t\t{\n\t\t\t\t\t\tevent   : evt,\n\t\t\t\t\t\tcallback: cb\n\t\t\t\t\t}\n\t\t\t\t);\n\t\t\t}\n\t\t}\n\t}\n})();\n<\/script><!-- Mailchimp for WordPress v4.12.1 - https:\/\/wordpress.org\/plugins\/mailchimp-for-wp\/ --><form id=\"mc4wp-form-1\" class=\"mc4wp-form mc4wp-form-2563\" method=\"post\" data-id=\"2563\" data-name=\"Je m&#039;abonne \u00e0 la newsletter !\" data-typo-check=\"1\" ><div class=\"mc4wp-form-fields\"><\/p>\r\n<p>\r\n    <label>Pr\u00e9nom<\/label>\r\n    <input type=\"text\" name=\"FNAME\" autocomplete=\"given-name\">\r\n<\/p>\r\n<p>\r\n    <label>Nom de famille<\/label>\r\n    <input type=\"text\" name=\"LNAME\" autocomplete=\"family-name\">\r\n<\/p>\r\n<p>\r\n\t<label for=\"email\">Adresse e-mail: \r\n\t\t<input type=\"email\" id=\"email\" name=\"EMAIL\" placeholder=\"Votre adresse e-mail\" autocomplete=\"email\" required>\r\n\t<\/label>\r\n<\/p>\r\n\r\n<input type=\"hidden\" name=\"procaptcha\">\r\n\r\n\r\n<p>\r\n\t<input type=\"submit\" value=\"Je m'abonne\">\r\n<\/p><\/div><label style=\"display: none !important;\">Laissez ce champ vide si vous \u00eates humain\u00a0: <input type=\"text\" name=\"_mc4wp_honeypot\" value=\"\" tabindex=\"-1\" autocomplete=\"off\" \/><\/label><input type=\"hidden\" name=\"_mc4wp_timestamp\" value=\"1777233748\" \/><input type=\"hidden\" name=\"_mc4wp_form_id\" value=\"2563\" \/><input type=\"hidden\" name=\"_mc4wp_form_element_id\" value=\"mc4wp-form-1\" \/><div class=\"mc4wp-response\"><\/div><\/form><!-- \/ Mailchimp for WordPress Plugin --><\/div>\n<\/div>\n","protected":false},"excerpt":{"rendered":"<p>Loi Yadan sous p\u00e9tition \/\/ Lure : \u00e9cologies sous le solaire \/\/ Services publics : d\u00e9mat\u00e9rialiser c\u2019est discriminer \/\/ Free ? Parties\u2026 Cette semaine, pas de cessez-le-feu pour la r\u00e9daction, m\u00eame si c\u2019est (temporairement ?) le cas entre l\u2019Iran et les Etats-Unis. Nous, on passe pas mal de temps \u00e0 l\u2019Assembl\u00e9e nationale : d\u2019abord avec &hellip; <\/p>\n<p class=\"link-more\"><a href=\"https:\/\/mob-media.info\/index.php\/2026\/04\/10\/loi-yadan-lure-solaire-services-publics-dematerialiser-discriminer-free-parties\/\" class=\"more-link\">Lire la suite de<span class=\"screen-reader-text\">\u00ab\u00a0Loi Yadan \/\/ Lure sous le solaire \/\/ Services publics : d\u00e9mat\u00e9rialiser c\u2019est discriminer \/\/ Free ? Parties\u2026\u00a0\u00bb<\/span><\/a><\/p>\n","protected":false},"author":1,"featured_media":2650,"comment_status":"closed","ping_status":"open","sticky":false,"template":"","format":"standard","meta":{"footnotes":""},"categories":[68,5,13],"tags":[32,57,74,76,73,75],"class_list":["post-2649","post","type-post","status-publish","format-standard","has-post-thumbnail","hentry","category-infolettre","category-institutions","category-participation-citoyenne","tag-ecologie","tag-jeux-olympiques","tag-loi","tag-participation-citoyenne","tag-petition","tag-solaire"],"featured_media_urls":{"thumbnail":["https:\/\/mob-media.info\/wp-content\/uploads\/2026\/04\/actus-15-avril-150x150.png",150,150,true],"medium":["https:\/\/mob-media.info\/wp-content\/uploads\/2026\/04\/actus-15-avril-240x300.png",240,300,true],"medium_large":["https:\/\/mob-media.info\/wp-content\/uploads\/2026\/04\/actus-15-avril.png",768,960,false],"large":["https:\/\/mob-media.info\/wp-content\/uploads\/2026\/04\/actus-15-avril-819x1024.png",819,1024,true],"1536x1536":["https:\/\/mob-media.info\/wp-content\/uploads\/2026\/04\/actus-15-avril.png",1080,1350,false],"2048x2048":["https:\/\/mob-media.info\/wp-content\/uploads\/2026\/04\/actus-15-avril.png",1080,1350,false],"inspiro-featured-image":["https:\/\/mob-media.info\/wp-content\/uploads\/2026\/04\/actus-15-avril.png",1080,1350,false],"inspiro-loop":["https:\/\/mob-media.info\/wp-content\/uploads\/2026\/04\/actus-15-avril-950x320.png",950,320,true],"inspiro-loop@2x":["https:\/\/mob-media.info\/wp-content\/uploads\/2026\/04\/actus-15-avril-1080x640.png",1080,640,true],"portfolio_item-thumbnail":["https:\/\/mob-media.info\/wp-content\/uploads\/2026\/04\/actus-15-avril-600x400.png",600,400,true],"portfolio_item-thumbnail@2x":["https:\/\/mob-media.info\/wp-content\/uploads\/2026\/04\/actus-15-avril-1080x800.png",1080,800,true],"portfolio_item-masonry":["https:\/\/mob-media.info\/wp-content\/uploads\/2026\/04\/actus-15-avril-600x750.png",600,750,true],"portfolio_item-masonry@2x":["https:\/\/mob-media.info\/wp-content\/uploads\/2026\/04\/actus-15-avril.png",1080,1350,false],"portfolio_item-thumbnail_cinema":["https:\/\/mob-media.info\/wp-content\/uploads\/2026\/04\/actus-15-avril-800x335.png",800,335,true],"portfolio_item-thumbnail_portrait":["https:\/\/mob-media.info\/wp-content\/uploads\/2026\/04\/actus-15-avril-600x900.png",600,900,true],"portfolio_item-thumbnail_portrait@2x":["https:\/\/mob-media.info\/wp-content\/uploads\/2026\/04\/actus-15-avril.png",1080,1350,false],"portfolio_item-thumbnail_square":["https:\/\/mob-media.info\/wp-content\/uploads\/2026\/04\/actus-15-avril-800x800.png",800,800,true]},"_links":{"self":[{"href":"https:\/\/mob-media.info\/index.php\/wp-json\/wp\/v2\/posts\/2649","targetHints":{"allow":["GET"]}}],"collection":[{"href":"https:\/\/mob-media.info\/index.php\/wp-json\/wp\/v2\/posts"}],"about":[{"href":"https:\/\/mob-media.info\/index.php\/wp-json\/wp\/v2\/types\/post"}],"author":[{"embeddable":true,"href":"https:\/\/mob-media.info\/index.php\/wp-json\/wp\/v2\/users\/1"}],"replies":[{"embeddable":true,"href":"https:\/\/mob-media.info\/index.php\/wp-json\/wp\/v2\/comments?post=2649"}],"version-history":[{"count":9,"href":"https:\/\/mob-media.info\/index.php\/wp-json\/wp\/v2\/posts\/2649\/revisions"}],"predecessor-version":[{"id":2696,"href":"https:\/\/mob-media.info\/index.php\/wp-json\/wp\/v2\/posts\/2649\/revisions\/2696"}],"wp:featuredmedia":[{"embeddable":true,"href":"https:\/\/mob-media.info\/index.php\/wp-json\/wp\/v2\/media\/2650"}],"wp:attachment":[{"href":"https:\/\/mob-media.info\/index.php\/wp-json\/wp\/v2\/media?parent=2649"}],"wp:term":[{"taxonomy":"category","embeddable":true,"href":"https:\/\/mob-media.info\/index.php\/wp-json\/wp\/v2\/categories?post=2649"},{"taxonomy":"post_tag","embeddable":true,"href":"https:\/\/mob-media.info\/index.php\/wp-json\/wp\/v2\/tags?post=2649"}],"curies":[{"name":"wp","href":"https:\/\/api.w.org\/{rel}","templated":true}]}}