{"id":2663,"date":"2026-04-02T08:23:00","date_gmt":"2026-04-02T06:23:00","guid":{"rendered":"https:\/\/mob-media.info\/?p=2663"},"modified":"2026-04-26T15:49:40","modified_gmt":"2026-04-26T13:49:40","slug":"democratie-jouer-collectif","status":"publish","type":"post","link":"https:\/\/mob-media.info\/index.php\/2026\/04\/02\/democratie-jouer-collectif\/","title":{"rendered":"\u00ab\u00a0D\u00e9mocratie : \u00e7a veut dire quoi jouer collectif ?\u00a0\u00bb"},"content":{"rendered":"\n<h2 class=\"wp-block-heading has-white-color has-text-color has-background has-link-color wp-elements-d830f944b2216365b56d8213baabfb85\" style=\"background-color:#8760ff\">\u00ab\u00a0D\u00e9mocratie : \u00e7a veut dire quoi jouer collectif ?\u00a0\u00bb &#8211; 02\/04\/26<\/h2>\n\n\n\n<p>C\u2019est la question qu\u2019on va se poser\u00a0<strong>mardi 7 avril au Point Eph\u00e9m\u00e8re \u00e0 Paris<\/strong>\u00a0autour d\u2019une table ronde de haute vol\u00e9e ! Une soir\u00e9e au rythme des\u00a0<strong>grandes rubriques de notre magazine<\/strong>\u00a0: le chantier des institutions (avec Lo\u00efc Blondiaux,\u00a0<em>politologue<\/em>), les enjeux de repr\u00e9sentation politique (Ayodele Ikuesan<em>, D\u00e9mocratiser la politique<\/em>\u00a0et\u00a0Julie Reynard,\u00a0<em>Fr\u00e9quence Commune<\/em>), la d\u00e9fense des contre-pouvoirs (Elodie Nace,\u00a0<em>Maison des lanceurs d\u2019alerte<\/em>) et la d\u00e9mocratie au travail (B\u00e9atrice Delpech,\u00a0<em>Enercoop\/Les Licoornes<\/em>).<\/p>\n\n\n\n<p>Magazine qu\u2019on distribuera d\u2019ailleurs\u00a0<strong>\u00e0 prix libre<\/strong>\u00a0pour l\u2019occasion !\u00a0<a href=\"https:\/\/www.helloasso.com\/associations\/mob-le-media-de-la-democratie\/evenements\/mob-une-soiree-pour-jouer-collectif\" target=\"_blank\" rel=\"noreferrer noopener\"><strong>N\u2019h\u00e9sitez pas \u00e0 vous inscrire gratuitement<\/strong><\/a>\u00a0pour qu\u2019on s\u2019organise au mieux pour vous accueillir. Ce temps d\u2019\u00e9change sera suivi d\u2019une \u201cr\u00e9union de r\u00e9dac collaborative\u201d pour d\u00e9cider de quelques sujets \u00e0 traiter par la r\u00e9daction avec vous, ainsi que d\u2019un DJ set de la lumineuse Kiala Ogawa. Parce que jouer collectif c\u2019est aussi prendre vos id\u00e9es et vos bonnes \u00e9nergies.<\/p>\n\n\n\n<p>On a h\u00e2te de partager tout \u00e7a avec vous \u201cen vrai\u201d, une captation r\u00e9confortera les absent-es. Et pour vous donner envie, on vous laisse avec l\u2019\u00e9ditorial d\u2019Ariane Lavrilleux, journaliste d\u2019investigation chez&nbsp;<em>Disclose<\/em>, qui \u201cpr\u00e9face\u201d le magazine. Et rendez-vous la semaine prochaine avec de nouvelles actus d\u00e9mocratiques.<\/p>\n\n\n\n<figure class=\"wp-block-image aligncenter size-large is-resized\"><img fetchpriority=\"high\" decoding=\"async\" width=\"724\" height=\"1024\" src=\"https:\/\/mob-media.info\/wp-content\/uploads\/2026\/04\/soiree-MOB-724x1024.png\" alt=\"\" class=\"wp-image-2664\" style=\"aspect-ratio:0.7070267795834287;width:406px;height:auto\" srcset=\"https:\/\/mob-media.info\/wp-content\/uploads\/2026\/04\/soiree-MOB-724x1024.png 724w, https:\/\/mob-media.info\/wp-content\/uploads\/2026\/04\/soiree-MOB-212x300.png 212w, https:\/\/mob-media.info\/wp-content\/uploads\/2026\/04\/soiree-MOB-1086x1536.png 1086w, https:\/\/mob-media.info\/wp-content\/uploads\/2026\/04\/soiree-MOB-600x849.png 600w, https:\/\/mob-media.info\/wp-content\/uploads\/2026\/04\/soiree-MOB-1200x1697.png 1200w, https:\/\/mob-media.info\/wp-content\/uploads\/2026\/04\/soiree-MOB.png 1414w\" sizes=\"(max-width: 724px) 100vw, 724px\" \/><\/figure>\n\n\n\n<h2 class=\"wp-block-heading has-white-color has-text-color has-background has-link-color wp-elements-c959fc04e679060186d9ba771226bade\" style=\"background-color:#8760ff\"><strong>R\u00e9parer nos d\u00e9mocraties en prot\u00e9geant les contre-pouvoirs<\/strong> &#8211; Ariane Lavrilleux<\/h2>\n\n\n\n<p>Pour la premi\u00e8re fois depuis vingt ans, les autocraties sont plus nombreuses que les d\u00e9mocraties. 91 contre 88. En termes de population, cela signifie que pr\u00e8s des trois quarts de la plan\u00e8te sont dirig\u00e9s par une seule personne (le plus souvent un homme) qui, \u00e9lue ou non, pi\u00e9tine les libert\u00e9s et se dispense de rendre des comptes, selon\u00a0<a href=\"https:\/\/www.v-dem.net\/publications\/democracy-reports\/\" target=\"_blank\" rel=\"noreferrer noopener\"><strong>l\u2019institut V-dem en Su\u00e8de<\/strong><\/a>. Et encore, son rapport publi\u00e9 en mars 2025 ne prenait pas en compte le retour de Donald Trump \u00e0 la Maison Blanche. Un nouveau mandat qui s\u2019est traduit par des milliers d\u2019arrestations et le d\u00e9ploiement de l\u2019arm\u00e9e contre les manifestants. Comme le montre le cas am\u00e9ricain, cette \u00ab vague d\u2019autocratisation \u00bb nous contamine tous : la \u00ab\u00a0<em>qualit\u00e9 des d\u00e9mocraties d\u00e9cline<\/em>\u00a0\u00bb en m\u00eame temps que les dictatures sont de plus en plus brutales. Notre syst\u00e8me d\u00e9mocratique bas\u00e9 sur la souverainet\u00e9 du peuple, dont la construction nous occupe en France depuis pr\u00e8s de deux si\u00e8cles, serait-il d\u00e9sormais condamn\u00e9 \u00e0 dispara\u00eetre ?<\/p>\n\n\n\n<p>En r\u00e9alit\u00e9, nous avons la possibilit\u00e9, et m\u00eame, l\u2019obligation de le ranimer.\u00a0<a href=\"https:\/\/www.sevenstories.com\/books\/4410-you-have-not-yet-been-defeated?srsltid=AfmBOoopJhBCHZhT6C7834FBnSNWSKwo1knNZnmw-_jJLX1t6YxPaYIS\" target=\"_blank\" rel=\"noreferrer noopener\"><strong>\u00ab\u00a0<\/strong><em><strong>Vous n\u2019avez pas \u00e9t\u00e9 vaincus<\/strong><\/em><strong>\u00a0\u00bb<\/strong><\/a>, nous interpelle Alaa Abdel Fattah, figure de la r\u00e9volution \u00e9gyptienne de 2011 et ex-prisonnier politique du mar\u00e9chal al-Sissi. Pour nous qui ne sommes ni en prison, ni priv\u00e9s d\u2019\u00e9crire ou de nous r\u00e9unir, il est encore temps. Il est temps, non seulement temps, mais de plus en plus urgent de revitaliser nos d\u00e9mocraties lib\u00e9rales. Tout \u00ab\u00a0<em>recul dans une d\u00e9mocratie aux racines profondes encouragera des abus encore plus graves dans les soci\u00e9t\u00e9s o\u00f9 les droits sont plus fragiles<\/em>\u00a0\u00bb. La tendance ne s\u2019inversera pas \u00e0 coup d\u2019enl\u00e8vements de dictateurs et d\u2019interventions militaires ill\u00e9gales.<\/p>\n\n\n\n<p>Il faudra plut\u00f4t \u00ab<em>\u00a0r\u00e9parer<\/em>\u00a0\u00bb nos propres syst\u00e8mes de repr\u00e9sentation, d\u00e9faillants et affaiblis par un exercice du pouvoir de plus en plus autoritaire. Ce num\u00e9ro sp\u00e9cial est une premi\u00e8re pierre. Pour rendre ce grand chantier d\u00e9sirable et concret, nous avons besoin d\u2019un m\u00e9dia qui d\u00e9cortique les enjeux d\u00e9mocratiques tout au long de l\u2019ann\u00e9e en vid\u00e9o et\/ou en kiosque. M\u00eame si une part grandissante de la population doute de l\u2019utilit\u00e9 des m\u00e9dias, les dictateurs ont tr\u00e8s bien per\u00e7u leur potentielle puissance : les m\u00e9dias publics ou critiques sont les premiers \u00e0 subir purges et proc\u00e9dures-b\u00e2illons. Une fois les derniers porte-voix des contre pouvoirs associatifs, syndicaux et populaires \u00e9limin\u00e9s, ils peuvent ainsi r\u00e9gner en cr\u00e9ant l\u2019illusion d\u2019\u00eatre aim\u00e9 de tous.<\/p>\n\n\n\n<p>La peur que l\u2019on inspire chez les puissants, de l\u2019\u00c9tat comme des milliardaires, doit \u00eatre notre carburant. Comme\u00a0<em>MOB<\/em>, j\u2019appartiens avec\u00a0<em>Disclose\u00a0<\/em>\u00e0 la famille, de plus en plus grande, de m\u00e9dias ind\u00e9pendants, et suis convaincue que le journalisme peut rendre le pouvoir au peuple.<\/p>\n\n\n\n<p class=\"has-text-align-right\"><strong>Ariane Lavrilleux, r\u00e9dactrice en chef adjointe \u00e0&nbsp;<\/strong><a target=\"_blank\" href=\"https:\/\/disclose.ngo\/fr\" rel=\"noreferrer noopener\"><strong>Disclose.ngo<\/strong><\/a><\/p>\n\n\n\n<p>&#8211;<\/p>\n\n\n\n<h2 class=\"wp-block-heading has-white-color has-text-color has-background has-link-color wp-elements-b4bcf1ac2f82c0d2c58c685b069d2e44\" style=\"background-color:#8760ff\"><strong>Les recommandations de la r\u00e9dac<\/strong><\/h2>\n\n\n\n<div class=\"wp-block-columns is-layout-flex wp-container-core-columns-is-layout-28f84493 wp-block-columns-is-layout-flex\">\n<div class=\"wp-block-column is-layout-flow wp-block-column-is-layout-flow\">\n<figure class=\"wp-block-image size-large is-resized\"><img decoding=\"async\" width=\"816\" height=\"1024\" src=\"https:\/\/mob-media.info\/wp-content\/uploads\/2026\/04\/lieux-luttes-816x1024.png\" alt=\"\" class=\"wp-image-2665\" style=\"aspect-ratio:0.7968608583813652;width:426px;height:auto\" srcset=\"https:\/\/mob-media.info\/wp-content\/uploads\/2026\/04\/lieux-luttes-816x1024.png 816w, https:\/\/mob-media.info\/wp-content\/uploads\/2026\/04\/lieux-luttes-239x300.png 239w, https:\/\/mob-media.info\/wp-content\/uploads\/2026\/04\/lieux-luttes.png 940w\" sizes=\"(max-width: 816px) 100vw, 816px\" \/><\/figure>\n<\/div>\n\n\n\n<div class=\"wp-block-column is-layout-flow wp-block-column-is-layout-flow\">\n<h3 class=\"wp-block-heading\"><a target=\"_blank\" href=\"https:\/\/terresdeluttes.fr\/cycle-de-webinaires-outiller-nos-luttes-et-nos-territoires\/\" rel=\"noreferrer noopener\"><strong>Des lieux pour nos luttes&nbsp;<\/strong><\/a>(Webinaire)<\/h3>\n\n\n\n<p>Terre de luttes milite localement et fait du plaidoyer contre les grands projets impos\u00e9s polluants. Ils \u201coutillent\u201d \u00e9galement l\u2019organisation d\u2019actions de son r\u00e9seau militant. Un acteur majeur des luttes sociales environnementales.<\/p>\n\n\n\n<p>Ils cl\u00f4turent&nbsp;<a target=\"_blank\" href=\"https:\/\/terresdeluttes.fr\/cycle-de-webinaires-outiller-nos-luttes-et-nos-territoires\/\" rel=\"noreferrer noopener\"><strong>le 16 avril prochain un cycle de webinaires<\/strong><\/a>&nbsp;avec une focale sur les lieux de la lutte. L\u2019occasion de parler&nbsp;<a target=\"_blank\" href=\"https:\/\/www.socialter.fr\/article\/la-fonciere-antidote-fond-dotation-lutte\" rel=\"noreferrer noopener\">autogestion avec la fonci\u00e8re Antidote<\/a>, d\u2019accueil des personnes exil\u00e9es avec le&nbsp;<a target=\"_blank\" href=\"https:\/\/reporterre.net\/Pres-de-Paris-ce-reseau-agricole-lutte-contre-les-violences-de-l-exil\" rel=\"noreferrer noopener\">r\u00e9seau A4<\/a>&nbsp;ou des&nbsp;<a target=\"_blank\" href=\"https:\/\/alternatiba.eu\/nos-actions\/alternatibases\/\" rel=\"noreferrer noopener\">\u201cBases\u201d d\u2019Alternatiba<\/a>.<\/p>\n<\/div>\n<\/div>\n\n\n\n<div class=\"wp-block-columns is-layout-flex wp-container-core-columns-is-layout-28f84493 wp-block-columns-is-layout-flex\">\n<div class=\"wp-block-column is-layout-flow wp-block-column-is-layout-flow\">\n<h3 class=\"wp-block-heading\"><a href=\"https:\/\/www.editionsducerf.fr\/librairie\/jeux-de-pouvoir\/\" target=\"_blank\" rel=\"noreferrer noopener\"><strong>Jeux de pouvoir<\/strong><\/a> (lecture)<\/h3>\n\n\n\n<p>Que disent les productions audiovisuelles des d\u00e9cisions collectives ? De l\u2019impact des m\u00e9dias sur les \u00e9lections ou des r\u00e9seaux sur nos opinions ? Comment les s\u00e9ries nous permettent-elles de plonger dans l\u2019ombre des tractations politiques ? D\u2019imaginer, aussi, des solutions souhaitables \u00e0 la crise d\u00e9mocratique ?<\/p>\n\n\n\n<p>Autant de questions analys\u00e9es au prisme des s\u00e9ries dans cet ouvrage collaboratif dirig\u00e9 par Virginie Martin et Bruno Cautr\u00e8s. Passionnant et inspirant pour notre rubrique Filmocratie !<\/p>\n\n\n\n<p>Bonne lecture, et surtout, prenez soin de vous,<\/p>\n\n\n\n<p><strong>L\u2019\u00e9quipe MOB<\/strong><\/p>\n<\/div>\n\n\n\n<div class=\"wp-block-column is-layout-flow wp-block-column-is-layout-flow\">\n<figure class=\"wp-block-image size-full is-resized\"><img decoding=\"async\" width=\"181\" height=\"278\" src=\"https:\/\/mob-media.info\/wp-content\/uploads\/2026\/04\/livre-pouvoir.jpg\" alt=\"\" class=\"wp-image-2666\" style=\"aspect-ratio:0.651059524478669;width:365px;height:auto\"\/><\/figure>\n<\/div>\n<\/div>\n\n\n\n<h3 class=\"wp-block-heading has-text-align-center has-white-color has-text-color has-background has-link-color wp-elements-f4b03d1c75c714cc840cd4254c9d6802\" style=\"background-color:#8760ff\">Et pour ne rien rater de nos contenus, on vous propose une newsletter toutes les semaines, pour s&rsquo;abonner :<\/h3>\n\n\n\n<div class=\"wp-block-columns has-background is-layout-flex wp-container-core-columns-is-layout-28f84493 wp-block-columns-is-layout-flex\" style=\"background-color:#8760ff\">\n<div class=\"wp-block-column is-layout-flow wp-block-column-is-layout-flow\">\n<figure class=\"wp-block-image size-large is-resized is-style-default\"><a href=\"https:\/\/mob-media.us21.list-manage.com\/subscribe?u=8a80eecf9dcb7e85d7c18aa10&amp;id=a2edb6c814\" target=\"_blank\" rel=\" noreferrer noopener\"><img loading=\"lazy\" decoding=\"async\" width=\"840\" height=\"1024\" src=\"https:\/\/mob-media.info\/wp-content\/uploads\/2026\/03\/Newsletter-modele-e1775037288407-840x1024.png\" alt=\"\" class=\"wp-image-2564\" style=\"aspect-ratio:0.8203059873486;width:334px;height:auto\" srcset=\"https:\/\/mob-media.info\/wp-content\/uploads\/2026\/03\/Newsletter-modele-e1775037288407-840x1024.png 840w, https:\/\/mob-media.info\/wp-content\/uploads\/2026\/03\/Newsletter-modele-e1775037288407-246x300.png 246w, https:\/\/mob-media.info\/wp-content\/uploads\/2026\/03\/Newsletter-modele-e1775037288407-768x936.png 768w, https:\/\/mob-media.info\/wp-content\/uploads\/2026\/03\/Newsletter-modele-e1775037288407-600x731.png 600w, https:\/\/mob-media.info\/wp-content\/uploads\/2026\/03\/Newsletter-modele-e1775037288407.png 1075w\" sizes=\"(max-width: 840px) 100vw, 840px\" \/><\/a><\/figure>\n<\/div>\n\n\n\n<div class=\"wp-block-column is-layout-flow wp-block-column-is-layout-flow\"><script>(function() {\n\twindow.mc4wp = window.mc4wp || {\n\t\tlisteners: [],\n\t\tforms: {\n\t\t\ton: function(evt, cb) {\n\t\t\t\twindow.mc4wp.listeners.push(\n\t\t\t\t\t{\n\t\t\t\t\t\tevent   : evt,\n\t\t\t\t\t\tcallback: cb\n\t\t\t\t\t}\n\t\t\t\t);\n\t\t\t}\n\t\t}\n\t}\n})();\n<\/script><!-- Mailchimp for WordPress v4.12.1 - https:\/\/wordpress.org\/plugins\/mailchimp-for-wp\/ --><form id=\"mc4wp-form-1\" class=\"mc4wp-form mc4wp-form-2563\" method=\"post\" data-id=\"2563\" data-name=\"Je m&#039;abonne \u00e0 la newsletter !\" data-typo-check=\"1\" ><div class=\"mc4wp-form-fields\"><\/p>\r\n<p>\r\n    <label>Pr\u00e9nom<\/label>\r\n    <input type=\"text\" name=\"FNAME\" autocomplete=\"given-name\">\r\n<\/p>\r\n<p>\r\n    <label>Nom de famille<\/label>\r\n    <input type=\"text\" name=\"LNAME\" autocomplete=\"family-name\">\r\n<\/p>\r\n<p>\r\n\t<label for=\"email\">Adresse e-mail: \r\n\t\t<input type=\"email\" id=\"email\" name=\"EMAIL\" placeholder=\"Votre adresse e-mail\" autocomplete=\"email\" required>\r\n\t<\/label>\r\n<\/p>\r\n\r\n<input type=\"hidden\" name=\"procaptcha\">\r\n\r\n\r\n<p>\r\n\t<input type=\"submit\" value=\"Je m'abonne\">\r\n<\/p><\/div><label style=\"display: none !important;\">Laissez ce champ vide si vous \u00eates humain\u00a0: <input type=\"text\" name=\"_mc4wp_honeypot\" value=\"\" tabindex=\"-1\" autocomplete=\"off\" \/><\/label><input type=\"hidden\" name=\"_mc4wp_timestamp\" value=\"1777233354\" \/><input type=\"hidden\" name=\"_mc4wp_form_id\" value=\"2563\" \/><input type=\"hidden\" name=\"_mc4wp_form_element_id\" value=\"mc4wp-form-1\" \/><div class=\"mc4wp-response\"><\/div><\/form><!-- \/ Mailchimp for WordPress Plugin --><\/div>\n<\/div>\n","protected":false},"excerpt":{"rendered":"<p>\u00ab\u00a0D\u00e9mocratie : \u00e7a veut dire quoi jouer collectif ?\u00a0\u00bb &#8211; 02\/04\/26 C\u2019est la question qu\u2019on va se poser\u00a0mardi 7 avril au Point Eph\u00e9m\u00e8re \u00e0 Paris\u00a0autour d\u2019une table ronde de haute vol\u00e9e ! Une soir\u00e9e au rythme des\u00a0grandes rubriques de notre magazine\u00a0: le chantier des institutions (avec Lo\u00efc Blondiaux,\u00a0politologue), les enjeux de repr\u00e9sentation politique (Ayodele Ikuesan, &hellip; <\/p>\n<p class=\"link-more\"><a href=\"https:\/\/mob-media.info\/index.php\/2026\/04\/02\/democratie-jouer-collectif\/\" class=\"more-link\">Lire la suite de<span class=\"screen-reader-text\">\u00ab\u00a0\u00ab\u00a0D\u00e9mocratie : \u00e7a veut dire quoi jouer collectif ?\u00a0\u00bb\u00a0\u00bb<\/span><\/a><\/p>\n","protected":false},"author":1,"featured_media":2664,"comment_status":"closed","ping_status":"open","sticky":false,"template":"","format":"standard","meta":{"footnotes":""},"categories":[62,68,10],"tags":[77,53,78,80,55,79],"class_list":["post-2663","post","type-post","status-publish","format-standard","has-post-thumbnail","hentry","category-culture","category-infolettre","category-medias","tag-contre-pouvoir","tag-democratie","tag-journalisme","tag-lutte-sociale","tag-medias","tag-soiree"],"featured_media_urls":{"thumbnail":["https:\/\/mob-media.info\/wp-content\/uploads\/2026\/04\/soiree-MOB-150x150.png",150,150,true],"medium":["https:\/\/mob-media.info\/wp-content\/uploads\/2026\/04\/soiree-MOB-212x300.png",212,300,true],"medium_large":["https:\/\/mob-media.info\/wp-content\/uploads\/2026\/04\/soiree-MOB.png",768,1086,false],"large":["https:\/\/mob-media.info\/wp-content\/uploads\/2026\/04\/soiree-MOB-724x1024.png",724,1024,true],"1536x1536":["https:\/\/mob-media.info\/wp-content\/uploads\/2026\/04\/soiree-MOB-1086x1536.png",1086,1536,true],"2048x2048":["https:\/\/mob-media.info\/wp-content\/uploads\/2026\/04\/soiree-MOB.png",1414,2000,false],"inspiro-featured-image":["https:\/\/mob-media.info\/wp-content\/uploads\/2026\/04\/soiree-MOB.png",1414,2000,false],"inspiro-loop":["https:\/\/mob-media.info\/wp-content\/uploads\/2026\/04\/soiree-MOB-950x320.png",950,320,true],"inspiro-loop@2x":["https:\/\/mob-media.info\/wp-content\/uploads\/2026\/04\/soiree-MOB-1414x640.png",1414,640,true],"portfolio_item-thumbnail":["https:\/\/mob-media.info\/wp-content\/uploads\/2026\/04\/soiree-MOB-600x400.png",600,400,true],"portfolio_item-thumbnail@2x":["https:\/\/mob-media.info\/wp-content\/uploads\/2026\/04\/soiree-MOB-1200x800.png",1200,800,true],"portfolio_item-masonry":["https:\/\/mob-media.info\/wp-content\/uploads\/2026\/04\/soiree-MOB-600x849.png",600,849,true],"portfolio_item-masonry@2x":["https:\/\/mob-media.info\/wp-content\/uploads\/2026\/04\/soiree-MOB-1200x1697.png",1200,1697,true],"portfolio_item-thumbnail_cinema":["https:\/\/mob-media.info\/wp-content\/uploads\/2026\/04\/soiree-MOB-800x335.png",800,335,true],"portfolio_item-thumbnail_portrait":["https:\/\/mob-media.info\/wp-content\/uploads\/2026\/04\/soiree-MOB-600x900.png",600,900,true],"portfolio_item-thumbnail_portrait@2x":["https:\/\/mob-media.info\/wp-content\/uploads\/2026\/04\/soiree-MOB-1200x1800.png",1200,1800,true],"portfolio_item-thumbnail_square":["https:\/\/mob-media.info\/wp-content\/uploads\/2026\/04\/soiree-MOB-800x800.png",800,800,true]},"_links":{"self":[{"href":"https:\/\/mob-media.info\/index.php\/wp-json\/wp\/v2\/posts\/2663","targetHints":{"allow":["GET"]}}],"collection":[{"href":"https:\/\/mob-media.info\/index.php\/wp-json\/wp\/v2\/posts"}],"about":[{"href":"https:\/\/mob-media.info\/index.php\/wp-json\/wp\/v2\/types\/post"}],"author":[{"embeddable":true,"href":"https:\/\/mob-media.info\/index.php\/wp-json\/wp\/v2\/users\/1"}],"replies":[{"embeddable":true,"href":"https:\/\/mob-media.info\/index.php\/wp-json\/wp\/v2\/comments?post=2663"}],"version-history":[{"count":3,"href":"https:\/\/mob-media.info\/index.php\/wp-json\/wp\/v2\/posts\/2663\/revisions"}],"predecessor-version":[{"id":2669,"href":"https:\/\/mob-media.info\/index.php\/wp-json\/wp\/v2\/posts\/2663\/revisions\/2669"}],"wp:featuredmedia":[{"embeddable":true,"href":"https:\/\/mob-media.info\/index.php\/wp-json\/wp\/v2\/media\/2664"}],"wp:attachment":[{"href":"https:\/\/mob-media.info\/index.php\/wp-json\/wp\/v2\/media?parent=2663"}],"wp:term":[{"taxonomy":"category","embeddable":true,"href":"https:\/\/mob-media.info\/index.php\/wp-json\/wp\/v2\/categories?post=2663"},{"taxonomy":"post_tag","embeddable":true,"href":"https:\/\/mob-media.info\/index.php\/wp-json\/wp\/v2\/tags?post=2663"}],"curies":[{"name":"wp","href":"https:\/\/api.w.org\/{rel}","templated":true}]}}