{"id":2673,"date":"2026-03-27T08:08:00","date_gmt":"2026-03-27T07:08:00","guid":{"rendered":"https:\/\/mob-media.info\/?p=2673"},"modified":"2026-04-26T16:11:43","modified_gmt":"2026-04-26T14:11:43","slug":"california-dreamin-reconnaissance-faciale-democratie-integrale","status":"publish","type":"post","link":"https:\/\/mob-media.info\/index.php\/2026\/03\/27\/california-dreamin-reconnaissance-faciale-democratie-integrale\/","title":{"rendered":"California dreamin\u2019, Reconnaissance faciale, d\u00e9mocratie int\u00e9grale"},"content":{"rendered":"\n<h2 class=\"wp-block-heading has-white-color has-text-color has-background has-link-color wp-elements-a64d5eabbcf5b4dc2dbadf6986226105\" style=\"background-color:#ec6500\">California dreamin\u2019, Reconnaissance faciale, d\u00e9mocratie int\u00e9grale, mon travail, mon bulletin de vote &#8211;  27\/03\/26<\/h2>\n\n\n\n<p><strong>La grande tension municipale et \u00e9lectorale retombe, ne laissant que peu d\u2019enseignements nationaux. Le Rassemblement national peine (heureusement) encore \u00e0 s\u2019implanter mais quand il le fait, il est souvent r\u00e9\u00e9lu, preuve de sa capacit\u00e9 \u00e0 donner le change. Les listes citoyennes et participatives essaiment, lentement mais s\u00fbrement et c\u2019est enthousiasmant. Le PS et LR profitent de leur historique ancrage local, LFI gagne quelques petites batailles. Et nous ? Heureusement, la d\u00e9mocratie ne s\u2019arr\u00eate pas en fin de campagne \u00e9lectorale. Elle se vit au quotidien dans les politiques publiques, au travail, pr\u00e8s de chez nous et partout. Et c\u2019est bien ce qu\u2019on compte continuer \u00e0 vous raconter.<\/strong><\/p>\n\n\n\n<div class=\"wp-block-columns is-layout-flex wp-container-core-columns-is-layout-28f84493 wp-block-columns-is-layout-flex\">\n<div class=\"wp-block-column is-layout-flow wp-block-column-is-layout-flow\">\n<figure class=\"wp-block-image size-large is-resized\"><img fetchpriority=\"high\" decoding=\"async\" width=\"819\" height=\"1024\" src=\"https:\/\/mob-media.info\/wp-content\/uploads\/2026\/04\/Actus-28-mars-819x1024.png\" alt=\"\" class=\"wp-image-2674\" style=\"aspect-ratio:0.7999976537938154;width:400px;height:auto\" srcset=\"https:\/\/mob-media.info\/wp-content\/uploads\/2026\/04\/Actus-28-mars-819x1024.png 819w, https:\/\/mob-media.info\/wp-content\/uploads\/2026\/04\/Actus-28-mars-240x300.png 240w, https:\/\/mob-media.info\/wp-content\/uploads\/2026\/04\/Actus-28-mars-600x750.png 600w, https:\/\/mob-media.info\/wp-content\/uploads\/2026\/04\/Actus-28-mars.png 1080w\" sizes=\"(max-width: 819px) 100vw, 819px\" \/><\/figure>\n<\/div>\n\n\n\n<div class=\"wp-block-column is-layout-flow wp-block-column-is-layout-flow\">\n<p>On commence par un petit tour en Californie o\u00f9 un&nbsp;<strong>r\u00e9f\u00e9rendum (citoyen !)<\/strong>&nbsp;pour taxer les ultrariches est demand\u00e9 (<strong>1.<\/strong>) Moins r\u00e9jouissant, la police fran\u00e7aise utilise la&nbsp;<strong>reconnaissance faciale<\/strong>&nbsp;\u00e0 grande \u00e9chelle et ill\u00e9galement&nbsp;<strong>(2.)<\/strong>. Un petit village de la Meuse joue la&nbsp;<strong>\u201cd\u00e9mocratie int\u00e9grale\u201d<\/strong>&nbsp;depuis 2020, et pour un nouveau mandat&nbsp;<strong>(3.)&nbsp;<\/strong>Enfin, une \u00e9tude montre un lien certain entre nos&nbsp;<strong>conditions de travail, nos col\u00e8res et nos votes<\/strong>&nbsp;<strong>(4.)<\/strong><\/p>\n\n\n\n<p><strong>On vous laisse d\u00e9couvrir les actus de la semaine et on vous partage&nbsp;un article exclusif de notre MOBgazine sur la crise de l\u2019eau en Guadeloupe et plus particuli\u00e8rement le traitement des citoyen-nes dits d\u2019Outre-mer&nbsp;!&nbsp;<\/strong>Toujours disponible \u00e0 la&nbsp;<a href=\"https:\/\/www.helloasso.com\/associations\/mob-le-media-de-la-democratie\/collectes\/mob-saison-3-pour-la-democratie-jouons-collectif\" target=\"_blank\" rel=\"noreferrer noopener\"><strong>pr\u00e9-commande si vous voulez<\/strong><\/a>&nbsp;!<\/p>\n<\/div>\n<\/div>\n\n\n\n<p><strong>1- R\u00e9f\u00e9rendum : California dreamin\u2019 !<\/strong><\/p>\n\n\n\n<p>Un syndicat et des citoyen-nes viennent de lancer une p\u00e9tition pour taxer les milliardaires californiens. Avec suffisamment de signatures, la l\u00e9gislation de Californie pr\u00e9voit un r\u00e9f\u00e9rendum, accol\u00e9 au vote des \u201cmidterms\u201d (l\u00e9gislatives de mi-mandat pr\u00e9vues en novembre 2026) \u00e9tasuniennes. Avec un quart des signatures d\u00e9j\u00e0 r\u00e9colt\u00e9es,&nbsp;<a href=\"https:\/\/basta.media\/Taxer-les-milliardaires-pour-financer-la-sante-un-referendum-citoyen-lance-en-Californie\"><strong>Basta!<\/strong><\/a>&nbsp;pressent que ce r\u00e9f\u00e9rendum aura bien lieu. La Californie fait partie de ces rares laboratoires de d\u00e9mocratie directe (la Suisse et ses votations ou l\u2019Oregon) et 8% du corps \u00e9lectoral peuvent imposer ces questions l\u00e9gislatives contraignantes.&nbsp;<\/p>\n\n\n\n<p>Un dispositif fortement utilis\u00e9 dans cet \u00c9tat de la c\u00f4te Ouest, peut-\u00eatre trop questionnait&nbsp;<a href=\"https:\/\/www.liberation.fr\/planete\/2016\/11\/04\/en-californie-trop-de-referendums-tue-le-referendum_1526376\/?redirected=4071\"><strong>Lib\u00e9ration<\/strong><\/a>&nbsp;il y a quelques ann\u00e9es. En effet, en plus de choisir leurs pr\u00e9sident-es ou parlementaires, les citoyens doivent parfois r\u00e9pondre \u00e0 40 questions r\u00e9f\u00e9rendaires pendant ces moments \u00e9lectoraux. Supposant parfois la lecture de dossier de quelques 500 pages.<\/p>\n\n\n\n<p>La goutte d\u2019O(pinion) ? En tout cas la preuve que la d\u00e9mocratie directe suppose, en parall\u00e8le, beaucoup d\u2019\u00e9ducation populaire et des traitements m\u00e9diatiques objectifs sur des questions aussi vari\u00e9es que la peine de mort, la l\u00e9galisation de la marijuana ou la taxation des milliardaires !<\/p>\n\n\n\n<figure class=\"wp-block-image size-large is-resized\"><img decoding=\"async\" width=\"1024\" height=\"640\" src=\"https:\/\/mob-media.info\/wp-content\/uploads\/2026\/04\/actus-28-mars-2-1024x640.png\" alt=\"\" class=\"wp-image-2675\" style=\"aspect-ratio:1.5999953075876308;width:557px;height:auto\" srcset=\"https:\/\/mob-media.info\/wp-content\/uploads\/2026\/04\/actus-28-mars-2-1024x640.png 1024w, https:\/\/mob-media.info\/wp-content\/uploads\/2026\/04\/actus-28-mars-2-300x188.png 300w, https:\/\/mob-media.info\/wp-content\/uploads\/2026\/04\/actus-28-mars-2-2000x1250.png 2000w\" sizes=\"(max-width: 1024px) 100vw, 1024px\" \/><\/figure>\n\n\n\n<p><strong>2- Souriez, vous \u00eates fich\u00e9s<\/strong><\/p>\n\n\n\n<p>La police utilise, totalement ill\u00e9galement, la reconnaissance faciale. L\u2019enqu\u00eate est sign\u00e9e&nbsp;<a href=\"https:\/\/disclose.ngo\/fr\/article\/la-reconnaissance-faciale-deployee-a-grande-echelle-sur-les-telephones-des-forces-de-lordre\"><strong>Disclose<\/strong><\/a>&nbsp;et elle est un peu pass\u00e9e \u00e0 la trappe avec les Municipales. Il semblerait que tous les t\u00e9l\u00e9phones de police, aussi appel\u00e9s NEO, soient \u00e9quip\u00e9s du TAJ : un logiciel de reconnaissance faciale au fichier bien garni.&nbsp;<strong>9 millions de portraits<\/strong>&nbsp;de face seraient \u00e0 la disposition de l\u2019appli, qui peut donc vous reconna\u00eetre et sortir votre dossier juste avec votre visage.&nbsp;<\/p>\n\n\n\n<p>Pratique interdite si vous n\u2019\u00eates pas habilit\u00e9 par votre hi\u00e9rarchie, dans le cadre d\u2019une affaire pr\u00e9cise. Et pourtant, elle a \u00e9t\u00e9 utilis\u00e9e pr\u00e8s de&nbsp;<strong>1 million de fois&nbsp;<\/strong>rien qu\u2019en 2024. 2\u2009500 consultations quotidiennes. Sans aucun contr\u00f4le av\u00e9r\u00e9 de l\u2019usage, et ce malgr\u00e9 l\u2019amende encourue de 300 000\u20ac pour les policiers.<\/p>\n\n\n\n<p>Le minist\u00e8re de l\u2019int\u00e9rieur n\u2019a toujours pas comment\u00e9 l\u2019affaire aupr\u00e8s de Disclose et nous interroge sur ces d\u00e9viances autoritaires et cette impunit\u00e9 polici\u00e8re.<\/p>\n\n\n\n<figure class=\"wp-block-image size-large is-resized\"><img decoding=\"async\" width=\"1024\" height=\"640\" src=\"https:\/\/mob-media.info\/wp-content\/uploads\/2026\/04\/Actus-28-mars-3-1024x640.png\" alt=\"\" class=\"wp-image-2676\" style=\"aspect-ratio:1.5999953075876308;width:602px;height:auto\" srcset=\"https:\/\/mob-media.info\/wp-content\/uploads\/2026\/04\/Actus-28-mars-3-1024x640.png 1024w, https:\/\/mob-media.info\/wp-content\/uploads\/2026\/04\/Actus-28-mars-3-300x188.png 300w, https:\/\/mob-media.info\/wp-content\/uploads\/2026\/04\/Actus-28-mars-3-2000x1250.png 2000w\" sizes=\"(max-width: 1024px) 100vw, 1024px\" \/><\/figure>\n\n\n\n<p><strong>3- A M\u00e9nil-la-Horgne, c\u2019est tout le village qui d\u00e9cide<\/strong><\/p>\n\n\n\n<p>180 habitants de la Meuse ont choisi de \u201ctout d\u00e9cider ensemble\u201d. Depuis 2020, le maire Claude Kaiser, fra\u00eechement r\u00e9\u00e9lu en mars, a mis en place une assembl\u00e9e citoyenne permanente et ouverte \u00e0 tous-tes. Une fois tomb\u00e9-es d\u2019accord, c\u2019est alors le petit conseil municipal (11 si\u00e8ges) qui ent\u00e9rine la d\u00e9cision. \u201c<em>On est enfin oblig\u00e9 de se parler<\/em>\u201d livre un habitant \u00e0&nbsp;<a href=\"https:\/\/fakirpresse.info\/ce-village-qui-va-sauver-la-democratie\/\"><strong>Fakir<\/strong><\/a>&nbsp;(dont le reportage a lui-m\u00eame \u00e9t\u00e9 vot\u00e9 par l\u2019assembl\u00e9e).&nbsp;<\/p>\n\n\n\n<p>75 sujets ont \u00e9t\u00e9 abord\u00e9s pendant le mandat, quasiment tous les adultes du village sont d\u00e9j\u00e0 venus au moins une fois, le conseil g\u00e9rant, lui, les affaires courantes au long de l\u2019ann\u00e9e. Les habitant-es ont choisi<a href=\"https:\/\/www.estrepublicain.fr\/elections\/2026\/03\/09\/un-modele-unique-en-meuse-a-menil-la-horgne-le-pouvoir-de-decision-appartient-a-l-assemblee-citoyenne\">&nbsp;<\/a><a href=\"https:\/\/www.estrepublicain.fr\/elections\/2026\/03\/09\/un-modele-unique-en-meuse-a-menil-la-horgne-le-pouvoir-de-decision-appartient-a-l-assemblee-citoyenne\"><strong>collectivement leur nom<\/strong><\/a>&nbsp;(Melinois et non M\u00e9lilernois), mais ils sont aussi tomb\u00e9s d\u2019accord \u00e0 98% pour&nbsp;<a href=\"https:\/\/www.banquedesterritoires.fr\/experience\/menil-la-horgne-les-habitants-decident-du-futur-parc-eolien-55\"><strong>installer un parc \u00e9olien sur leur territoire.<\/strong><\/a>&nbsp;<\/p>\n\n\n\n<p>Petite exp\u00e9rimentation, grande inspiration !<\/p>\n\n\n\n<figure class=\"wp-block-image size-large is-resized\"><img loading=\"lazy\" decoding=\"async\" width=\"1024\" height=\"640\" src=\"https:\/\/mob-media.info\/wp-content\/uploads\/2026\/04\/Actus-28-mars-4-1024x640.png\" alt=\"\" class=\"wp-image-2677\" style=\"aspect-ratio:1.6000146487951366;width:631px;height:auto\" srcset=\"https:\/\/mob-media.info\/wp-content\/uploads\/2026\/04\/Actus-28-mars-4-1024x640.png 1024w, https:\/\/mob-media.info\/wp-content\/uploads\/2026\/04\/Actus-28-mars-4-300x188.png 300w, https:\/\/mob-media.info\/wp-content\/uploads\/2026\/04\/Actus-28-mars-4-2000x1250.png 2000w\" sizes=\"(max-width: 1024px) 100vw, 1024px\" \/><\/figure>\n\n\n\n<p><strong>4- Dis-moi comment tu bosses, je te dirai pour qui tu votes<\/strong><\/p>\n\n\n\n<p>Selon&nbsp;<a href=\"https:\/\/www.hec.edu\/fr\/institut-society-organizations-so\/actualites\/une-etude-d-hec-paris-souligne-le-role-du-travail-dans-les-fractures-politiques\">une \u00e9tude d\u2019enseignants chercheurs d\u2019HEC<\/a>, notre situation professionnelle expliquerait la radicalit\u00e9 de nos votes. Du moins chez les citoyen-nes salari\u00e9-es. Leur \u00e9tude sur presque 4000 salari\u00e9-es montre deux col\u00e8res distinctes, expliqu\u00e9es dans&nbsp;<a href=\"https:\/\/theconversation.com\/vote-radical-ce-que-le-travail-nous-apprend-des-coleres-qui-separent-278846\">The Conversation<\/a>&nbsp;: l\u2019une horizontale, envers ses coll\u00e8gues, frustration jalouse, manque de reconnaissance, sentiment de m\u00e9pris voire d\u2019isolement, revendications salariales. Cette col\u00e8re horizontale est celle de travailleur-ses qui votent RN, \u00e0 l\u2019extr\u00eame droite. A l\u2019inverse, la col\u00e8re des votants LFI est plus verticale : contre le patronat, la hi\u00e9rarchie. Une critique du syst\u00e8me entrepreneurial mais aussi du manque de sens dans son job. Deux col\u00e8res donc, l\u2019une envers ses pairs, l\u2019autre envers sa hi\u00e9rarchie, et deux votes distincts : extr\u00eame droite et gauche radicale.<\/p>\n\n\n\n<p>Des facteurs qui ne suffisent \u00e9videmment pas \u00e0 expliquer ces votes, comme leur ancrage g\u00e9ographique, mais qui questionnent la place de la d\u00e9mocratie et des d\u00e9cisions collectives dans le monde du travail. Surtout qu\u2019une troisi\u00e8me cat\u00e9gorie, peu politis\u00e9e, abstentionniste se retrouve aussi dans leur \u00e9tude : au travail ou en politique, ces derniers ont tout simplement arr\u00eat\u00e9 de r\u00eaver, et \u00e7a devrait tous-tes nous inqui\u00e9ter.<\/p>\n\n\n\n<figure class=\"wp-block-image size-large is-resized\"><img loading=\"lazy\" decoding=\"async\" width=\"1024\" height=\"640\" src=\"https:\/\/mob-media.info\/wp-content\/uploads\/2026\/04\/Actus-28-mars-5-1024x640.png\" alt=\"\" class=\"wp-image-2678\" style=\"aspect-ratio:1.5999953075876308;width:626px;height:auto\" srcset=\"https:\/\/mob-media.info\/wp-content\/uploads\/2026\/04\/Actus-28-mars-5-1024x640.png 1024w, https:\/\/mob-media.info\/wp-content\/uploads\/2026\/04\/Actus-28-mars-5-300x188.png 300w, https:\/\/mob-media.info\/wp-content\/uploads\/2026\/04\/Actus-28-mars-5-2000x1250.png 2000w\" sizes=\"(max-width: 1024px) 100vw, 1024px\" \/><\/figure>\n\n\n\n<p>&#8211;<\/p>\n\n\n\n<h2 class=\"wp-block-heading has-white-color has-text-color has-background has-link-color wp-elements-cd041b30e43300e751c27ab2ca9e13b1\" style=\"background-color:#ec6500\">L&rsquo;article de la semaine : <strong>Guadeloupe : face \u00e0 la crise de l\u2019eau, l\u2019\u00c9tat\u00a0fait d\u00e9faut<\/strong><\/h2>\n\n\n\n<p><strong>Le 19 mars, le gouvernement fran\u00e7ais a inclus int\u00e9gralement les territoires dits d\u2019Outre-Mer \u00e0 la Charte sociale europ\u00e9enne.<\/strong>&nbsp;<strong>Une victoire de longue haleine qui montre un probl\u00e8me plus large de sant\u00e9 publique : des in\u00e9galit\u00e9s de traitement des citoyen-nes ultramarin contre laquelle lutte, juridiquement, l\u2019association&nbsp;<\/strong><a target=\"_blank\" href=\"https:\/\/www.helloasso.com\/associations\/kimbe-red-fwi-france\" rel=\"noreferrer noopener\"><strong>Kimb\u00e9 R\u00e8d &#8211; French West Indies (F.W.I).<\/strong><\/a><strong>&nbsp;Particuli\u00e8rement en Guadeloupe o\u00f9 est bas\u00e9e l\u2019association.<\/strong><\/p>\n\n\n\n<figure class=\"wp-block-image size-large is-resized\"><img loading=\"lazy\" decoding=\"async\" width=\"1024\" height=\"576\" src=\"https:\/\/mob-media.info\/wp-content\/uploads\/2026\/04\/guadeloupe-V1-1024x576.png\" alt=\"\" class=\"wp-image-2685\" style=\"aspect-ratio:1.7777632950990616;width:600px;height:auto\" srcset=\"https:\/\/mob-media.info\/wp-content\/uploads\/2026\/04\/guadeloupe-V1-1024x576.png 1024w, https:\/\/mob-media.info\/wp-content\/uploads\/2026\/04\/guadeloupe-V1-300x169.png 300w, https:\/\/mob-media.info\/wp-content\/uploads\/2026\/04\/guadeloupe-V1.png 1280w\" sizes=\"(max-width: 1024px) 100vw, 1024px\" \/><\/figure>\n\n\n\n<p>Depuis 2020, Sabrina Cajoly, juriste et fondatrice de l\u2019association Kimb\u00e9 R\u00e8d &#8211; F.W.I, s\u2019engage sur la question de l\u2019acc\u00e8s \u00e0 l\u2019eau potable en Guadeloupe. Comme beaucoup de territoires dits d\u2019Outre-mer, \u00e0 l\u2019instar de la Martinique et de la Kanaky (Nouvelle-Cal\u00e9donie), ce d\u00e9partement fran\u00e7ais est secou\u00e9 par de fortes in\u00e9galit\u00e9s \u00e9conomiques et sociales. Le taux de pauvret\u00e9 y est<a href=\"https:\/\/www.inegalites.fr\/pauvrete-outremer\" target=\"_blank\" rel=\"noreferrer noopener\">\u00a0<strong>5 \u00e0 15 fois plus important que dans l\u2019Hexagone<\/strong><\/a>, et le co\u00fbt de la vie est extr\u00eamement \u00e9lev\u00e9.\u00a0<a href=\"https:\/\/mob-media.info\/index.php\/2025\/03\/13\/guadeloupe-crise-de-leau-que-fait-letat-francais\/\" target=\"_blank\" rel=\"noreferrer noopener\"><strong>[LIRE LA SUITE]<\/strong><\/a><\/p>\n\n\n\n<div class=\"wp-block-columns has-white-color has-text-color has-background has-link-color wp-elements-c951b9be14fc126411b39961ad604c35 is-layout-flex wp-container-core-columns-is-layout-28f84493 wp-block-columns-is-layout-flex\" style=\"background-color:#6263a5\">\n<div class=\"wp-block-column is-layout-flow wp-block-column-is-layout-flow\">\n<p>Cet article fait partie de la rubrique \u201cAgora\u201d de notre magazine hors-s\u00e9rie ! Un condens\u00e9 de notre travail de l\u2019ann\u00e9e, en papier, toujours disponible en\u00a0<a href=\"https:\/\/www.helloasso.com\/associations\/mob-le-media-de-la-democratie\/collectes\/mob-saison-3-pour-la-democratie-jouons-collectif\" target=\"_blank\" rel=\"noreferrer noopener\"><strong>pr\u00e9commande sur HelloAsso<\/strong><\/a>.<\/p>\n\n\n\n<p>Une contrepartie d\u00e9fiscalis\u00e9e pour soutenir un m\u00e9dia ind\u00e9pendant qui joue collectif ! Et d\u2019ailleurs, on fait une soir\u00e9e de lancement \/\/ d\u00e9brief des Municipales \/\/ f\u00eate d\u00e9mocratique<a href=\"https:\/\/www.helloasso.com\/associations\/mob-le-media-de-la-democratie\/evenements\/mob-une-soiree-pour-jouer-collectif\" target=\"_blank\" rel=\"noreferrer noopener\"><strong>\u00a0le 7 avril \u00e0 19h au Point Eph\u00e9m\u00e8re \u00e0 Paris.<\/strong><\/a><\/p>\n\n\n\n<p>Vous venez nous voir ? C\u2019est gratuit !<\/p>\n<\/div>\n\n\n\n<div class=\"wp-block-column is-layout-flow wp-block-column-is-layout-flow\">\n<figure class=\"wp-block-image size-large\"><a href=\"https:\/\/www.helloasso.com\/associations\/mob-le-media-de-la-democratie\/collectes\/mob-saison-3-pour-la-democratie-jouons-collectif\" target=\"_blank\" rel=\" noreferrer noopener\"><img loading=\"lazy\" decoding=\"async\" width=\"1024\" height=\"706\" src=\"https:\/\/mob-media.info\/wp-content\/uploads\/2026\/04\/agora-1024x706.png\" alt=\"\" class=\"wp-image-2679\" srcset=\"https:\/\/mob-media.info\/wp-content\/uploads\/2026\/04\/agora-1024x706.png 1024w, https:\/\/mob-media.info\/wp-content\/uploads\/2026\/04\/agora-300x207.png 300w, https:\/\/mob-media.info\/wp-content\/uploads\/2026\/04\/agora.png 1282w\" sizes=\"(max-width: 1024px) 100vw, 1024px\" \/><\/a><\/figure>\n<\/div>\n<\/div>\n\n\n\n<p class=\"has-text-align-center\">&#8211;<\/p>\n\n\n\n<h2 class=\"wp-block-heading has-white-color has-text-color has-background has-link-color wp-elements-6d91fef99b5723d11e42a8eab53fb8bf\" style=\"background-color:#ec6500\">Les recommandations de la r\u00e9dac<\/h2>\n\n\n\n<div class=\"wp-block-columns is-layout-flex wp-container-core-columns-is-layout-28f84493 wp-block-columns-is-layout-flex\">\n<div class=\"wp-block-column is-layout-flow wp-block-column-is-layout-flow\">\n<figure class=\"wp-block-image aligncenter size-full is-resized\"><img loading=\"lazy\" decoding=\"async\" width=\"680\" height=\"924\" src=\"https:\/\/mob-media.info\/wp-content\/uploads\/2026\/04\/guerre-prix.png\" alt=\"\" class=\"wp-image-2680\" style=\"aspect-ratio:0.7359333069376622;width:367px;height:auto\" srcset=\"https:\/\/mob-media.info\/wp-content\/uploads\/2026\/04\/guerre-prix.png 680w, https:\/\/mob-media.info\/wp-content\/uploads\/2026\/04\/guerre-prix-221x300.png 221w\" sizes=\"(max-width: 680px) 100vw, 680px\" \/><\/figure>\n<\/div>\n\n\n\n<div class=\"wp-block-column is-layout-flow wp-block-column-is-layout-flow\">\n<h3 class=\"wp-block-heading\"><a target=\"_blank\" href=\"https:\/\/www.senscritique.com\/film\/la_guerre_des_prix\/130775501\" rel=\"noreferrer noopener\"><strong>La guerre des prix<\/strong><\/a>&nbsp;(film)<\/h3>\n\n\n\n<p>Ce premier long m\u00e9trage a le m\u00e9rite de raconter le monde agricole, encore trop peu relay\u00e9 dans nos salles de cin\u00e9.<\/p>\n\n\n\n<p>Anthony Dechaux y d\u00e9taille les relations (et tensions) entre agriculteur-ices et grande distribution. Un film social assez fragile mais important pour montrer les jeux de pouvoir et de pression des g\u00e9ants capitalistes sur les petites gens dans un domaine aussi important que l\u2019alimentation.<\/p>\n\n\n\n<p>Ca h\u00e9risse, \u00e7a tend, \u00e7a fait r\u00e9fl\u00e9chir, \u00e7a nous suffit pour dire OUI !<\/p>\n<\/div>\n<\/div>\n\n\n\n<div class=\"wp-block-columns is-layout-flex wp-container-core-columns-is-layout-28f84493 wp-block-columns-is-layout-flex\">\n<div class=\"wp-block-column is-layout-flow wp-block-column-is-layout-flow\">\n<h3 class=\"wp-block-heading\"><a target=\"_blank\" href=\"https:\/\/www.mc2grenoble.fr\/spectacle\/larzac\/2024-03-26\/\" rel=\"noreferrer noopener\"><strong>Larzac!&nbsp;<\/strong><\/a>(th\u00e9\u00e2tre, lecture)<\/h3>\n\n\n\n<p>Pour rester dans le th\u00e8me, Philippe Durand donne la parole aux paysans du Larzac dans une pi\u00e8ce de th\u00e9\u00e2tre&nbsp;<a target=\"_blank\" href=\"https:\/\/www.mc2grenoble.fr\/spectacle\/larzac\/2024-03-26\/\" rel=\"noreferrer noopener\"><strong>en tourn\u00e9e en Is\u00e8re ces prochaines semaines<\/strong><\/a>.<\/p>\n\n\n\n<p>Plut\u00f4t que de revenir sur la lutte mythique des ann\u00e9es 70, il s\u2019int\u00e9resse \u00e0 la \u201ccollectivisation\u201d tr\u00e8s actuelle des terres, la collaboration agricole, dans un des seuls territoires fran\u00e7ais o\u00f9 le nombre d\u2019agriculteurs augmente.<\/p>\n\n\n\n<p>Touchant, humain, instructif : on n\u2019y sera pas mais on lira&nbsp;<a target=\"_blank\" href=\"https:\/\/editionslibertalia.com\/catalogue\/la-petite-litteraire\/philippe-durand-larzac\" rel=\"noreferrer noopener\"><strong>le texte en vente aux \u00e9ditions Libertaria<\/strong><\/a>.<\/p>\n\n\n\n<p>Prenez soin de vous, et \u00e0 la semaine prochaine,<\/p>\n\n\n\n<p><strong>L\u2019\u00e9quipe MOB<\/strong><\/p>\n<\/div>\n\n\n\n<div class=\"wp-block-column is-layout-flow wp-block-column-is-layout-flow\">\n<figure class=\"wp-block-image aligncenter size-large is-resized\"><img loading=\"lazy\" decoding=\"async\" width=\"621\" height=\"1024\" src=\"https:\/\/mob-media.info\/wp-content\/uploads\/2026\/04\/larzac-621x1024.png\" alt=\"\" class=\"wp-image-2681\" style=\"aspect-ratio:0.6064346565162226;width:329px;height:auto\" srcset=\"https:\/\/mob-media.info\/wp-content\/uploads\/2026\/04\/larzac-621x1024.png 621w, https:\/\/mob-media.info\/wp-content\/uploads\/2026\/04\/larzac-182x300.png 182w, https:\/\/mob-media.info\/wp-content\/uploads\/2026\/04\/larzac.png 1000w\" sizes=\"(max-width: 621px) 100vw, 621px\" \/><\/figure>\n<\/div>\n<\/div>\n\n\n\n<h3 class=\"wp-block-heading has-text-align-center has-white-color has-text-color has-background has-link-color wp-elements-a7ca048e1c85cc4f1f409306625e368d\" style=\"background-color:#ec6500\">Et pour ne rien rater de nos contenus, on vous propose une newsletter toutes les semaines, pour s&rsquo;abonner :<\/h3>\n\n\n\n<div class=\"wp-block-columns has-background is-layout-flex wp-container-core-columns-is-layout-28f84493 wp-block-columns-is-layout-flex\" style=\"background-color:#ec6500\">\n<div class=\"wp-block-column is-layout-flow wp-block-column-is-layout-flow\">\n<figure class=\"wp-block-image size-large is-resized is-style-default\"><a href=\"https:\/\/mob-media.us21.list-manage.com\/subscribe?u=8a80eecf9dcb7e85d7c18aa10&amp;id=a2edb6c814\" target=\"_blank\" rel=\" noreferrer noopener\"><img loading=\"lazy\" decoding=\"async\" width=\"840\" height=\"1024\" src=\"https:\/\/mob-media.info\/wp-content\/uploads\/2026\/03\/Newsletter-modele-e1775037288407-840x1024.png\" alt=\"\" class=\"wp-image-2564\" style=\"aspect-ratio:0.8203059873486;width:334px;height:auto\" srcset=\"https:\/\/mob-media.info\/wp-content\/uploads\/2026\/03\/Newsletter-modele-e1775037288407-840x1024.png 840w, https:\/\/mob-media.info\/wp-content\/uploads\/2026\/03\/Newsletter-modele-e1775037288407-246x300.png 246w, https:\/\/mob-media.info\/wp-content\/uploads\/2026\/03\/Newsletter-modele-e1775037288407-768x936.png 768w, https:\/\/mob-media.info\/wp-content\/uploads\/2026\/03\/Newsletter-modele-e1775037288407-600x731.png 600w, https:\/\/mob-media.info\/wp-content\/uploads\/2026\/03\/Newsletter-modele-e1775037288407.png 1075w\" sizes=\"(max-width: 840px) 100vw, 840px\" \/><\/a><\/figure>\n<\/div>\n\n\n\n<div class=\"wp-block-column is-layout-flow wp-block-column-is-layout-flow\"><script>(function() {\n\twindow.mc4wp = window.mc4wp || {\n\t\tlisteners: [],\n\t\tforms: {\n\t\t\ton: function(evt, cb) {\n\t\t\t\twindow.mc4wp.listeners.push(\n\t\t\t\t\t{\n\t\t\t\t\t\tevent   : evt,\n\t\t\t\t\t\tcallback: cb\n\t\t\t\t\t}\n\t\t\t\t);\n\t\t\t}\n\t\t}\n\t}\n})();\n<\/script><!-- Mailchimp for WordPress v4.12.1 - https:\/\/wordpress.org\/plugins\/mailchimp-for-wp\/ --><form id=\"mc4wp-form-1\" class=\"mc4wp-form mc4wp-form-2563\" method=\"post\" data-id=\"2563\" data-name=\"Je m&#039;abonne \u00e0 la newsletter !\" data-typo-check=\"1\" ><div class=\"mc4wp-form-fields\"><\/p>\r\n<p>\r\n    <label>Pr\u00e9nom<\/label>\r\n    <input type=\"text\" name=\"FNAME\" autocomplete=\"given-name\">\r\n<\/p>\r\n<p>\r\n    <label>Nom de famille<\/label>\r\n    <input type=\"text\" name=\"LNAME\" autocomplete=\"family-name\">\r\n<\/p>\r\n<p>\r\n\t<label for=\"email\">Adresse e-mail: \r\n\t\t<input type=\"email\" id=\"email\" name=\"EMAIL\" placeholder=\"Votre adresse e-mail\" autocomplete=\"email\" required>\r\n\t<\/label>\r\n<\/p>\r\n\r\n<input type=\"hidden\" name=\"procaptcha\">\r\n\r\n\r\n<p>\r\n\t<input type=\"submit\" value=\"Je m'abonne\">\r\n<\/p><\/div><label style=\"display: none !important;\">Laissez ce champ vide si vous \u00eates humain\u00a0: <input type=\"text\" name=\"_mc4wp_honeypot\" value=\"\" tabindex=\"-1\" autocomplete=\"off\" \/><\/label><input type=\"hidden\" name=\"_mc4wp_timestamp\" value=\"1777228145\" \/><input type=\"hidden\" name=\"_mc4wp_form_id\" value=\"2563\" \/><input type=\"hidden\" name=\"_mc4wp_form_element_id\" value=\"mc4wp-form-1\" \/><div class=\"mc4wp-response\"><\/div><\/form><!-- \/ Mailchimp for WordPress Plugin --><\/div>\n<\/div>\n","protected":false},"excerpt":{"rendered":"<p>California dreamin\u2019, Reconnaissance faciale, d\u00e9mocratie int\u00e9grale, mon travail, mon bulletin de vote &#8211; 27\/03\/26 La grande tension municipale et \u00e9lectorale retombe, ne laissant que peu d\u2019enseignements nationaux. Le Rassemblement national peine (heureusement) encore \u00e0 s\u2019implanter mais quand il le fait, il est souvent r\u00e9\u00e9lu, preuve de sa capacit\u00e9 \u00e0 donner le change. Les listes citoyennes &hellip; <\/p>\n<p class=\"link-more\"><a href=\"https:\/\/mob-media.info\/index.php\/2026\/03\/27\/california-dreamin-reconnaissance-faciale-democratie-integrale\/\" class=\"more-link\">Lire la suite de<span class=\"screen-reader-text\">\u00ab\u00a0California dreamin\u2019, Reconnaissance faciale, d\u00e9mocratie int\u00e9grale\u00a0\u00bb<\/span><\/a><\/p>\n","protected":false},"author":1,"featured_media":2674,"comment_status":"closed","ping_status":"open","sticky":false,"template":"","format":"standard","meta":{"footnotes":""},"categories":[62,68,5,1,13],"tags":[53,83,81,85,84,82],"class_list":["post-2673","post","type-post","status-publish","format-standard","has-post-thumbnail","hentry","category-culture","category-infolettre","category-institutions","category-non-classe","category-participation-citoyenne","tag-democratie","tag-reconnaissance-faciale","tag-referendum","tag-theatre","tag-travail","tag-videosurveillance"],"featured_media_urls":{"thumbnail":["https:\/\/mob-media.info\/wp-content\/uploads\/2026\/04\/Actus-28-mars-150x150.png",150,150,true],"medium":["https:\/\/mob-media.info\/wp-content\/uploads\/2026\/04\/Actus-28-mars-240x300.png",240,300,true],"medium_large":["https:\/\/mob-media.info\/wp-content\/uploads\/2026\/04\/Actus-28-mars.png",768,960,false],"large":["https:\/\/mob-media.info\/wp-content\/uploads\/2026\/04\/Actus-28-mars-819x1024.png",819,1024,true],"1536x1536":["https:\/\/mob-media.info\/wp-content\/uploads\/2026\/04\/Actus-28-mars.png",1080,1350,false],"2048x2048":["https:\/\/mob-media.info\/wp-content\/uploads\/2026\/04\/Actus-28-mars.png",1080,1350,false],"inspiro-featured-image":["https:\/\/mob-media.info\/wp-content\/uploads\/2026\/04\/Actus-28-mars.png",1080,1350,false],"inspiro-loop":["https:\/\/mob-media.info\/wp-content\/uploads\/2026\/04\/Actus-28-mars-950x320.png",950,320,true],"inspiro-loop@2x":["https:\/\/mob-media.info\/wp-content\/uploads\/2026\/04\/Actus-28-mars-1080x640.png",1080,640,true],"portfolio_item-thumbnail":["https:\/\/mob-media.info\/wp-content\/uploads\/2026\/04\/Actus-28-mars-600x400.png",600,400,true],"portfolio_item-thumbnail@2x":["https:\/\/mob-media.info\/wp-content\/uploads\/2026\/04\/Actus-28-mars-1080x800.png",1080,800,true],"portfolio_item-masonry":["https:\/\/mob-media.info\/wp-content\/uploads\/2026\/04\/Actus-28-mars-600x750.png",600,750,true],"portfolio_item-masonry@2x":["https:\/\/mob-media.info\/wp-content\/uploads\/2026\/04\/Actus-28-mars.png",1080,1350,false],"portfolio_item-thumbnail_cinema":["https:\/\/mob-media.info\/wp-content\/uploads\/2026\/04\/Actus-28-mars-800x335.png",800,335,true],"portfolio_item-thumbnail_portrait":["https:\/\/mob-media.info\/wp-content\/uploads\/2026\/04\/Actus-28-mars-600x900.png",600,900,true],"portfolio_item-thumbnail_portrait@2x":["https:\/\/mob-media.info\/wp-content\/uploads\/2026\/04\/Actus-28-mars.png",1080,1350,false],"portfolio_item-thumbnail_square":["https:\/\/mob-media.info\/wp-content\/uploads\/2026\/04\/Actus-28-mars-800x800.png",800,800,true]},"_links":{"self":[{"href":"https:\/\/mob-media.info\/index.php\/wp-json\/wp\/v2\/posts\/2673","targetHints":{"allow":["GET"]}}],"collection":[{"href":"https:\/\/mob-media.info\/index.php\/wp-json\/wp\/v2\/posts"}],"about":[{"href":"https:\/\/mob-media.info\/index.php\/wp-json\/wp\/v2\/types\/post"}],"author":[{"embeddable":true,"href":"https:\/\/mob-media.info\/index.php\/wp-json\/wp\/v2\/users\/1"}],"replies":[{"embeddable":true,"href":"https:\/\/mob-media.info\/index.php\/wp-json\/wp\/v2\/comments?post=2673"}],"version-history":[{"count":3,"href":"https:\/\/mob-media.info\/index.php\/wp-json\/wp\/v2\/posts\/2673\/revisions"}],"predecessor-version":[{"id":2686,"href":"https:\/\/mob-media.info\/index.php\/wp-json\/wp\/v2\/posts\/2673\/revisions\/2686"}],"wp:featuredmedia":[{"embeddable":true,"href":"https:\/\/mob-media.info\/index.php\/wp-json\/wp\/v2\/media\/2674"}],"wp:attachment":[{"href":"https:\/\/mob-media.info\/index.php\/wp-json\/wp\/v2\/media?parent=2673"}],"wp:term":[{"taxonomy":"category","embeddable":true,"href":"https:\/\/mob-media.info\/index.php\/wp-json\/wp\/v2\/categories?post=2673"},{"taxonomy":"post_tag","embeddable":true,"href":"https:\/\/mob-media.info\/index.php\/wp-json\/wp\/v2\/tags?post=2673"}],"curies":[{"name":"wp","href":"https:\/\/api.w.org\/{rel}","templated":true}]}}