{"id":2687,"date":"2026-03-20T08:30:00","date_gmt":"2026-03-20T07:30:00","guid":{"rendered":"https:\/\/mob-media.info\/?p=2687"},"modified":"2026-04-26T16:37:42","modified_gmt":"2026-04-26T14:37:42","slug":"municipales-edition-speciale-entre-deux-ftours","status":"publish","type":"post","link":"https:\/\/mob-media.info\/index.php\/2026\/03\/20\/municipales-edition-speciale-entre-deux-ftours\/","title":{"rendered":"Municipales : \u00e9dition sp\u00e9ciale \u00ab\u00a0entre-deux (f)tours\u00a0\u00bb"},"content":{"rendered":"\n<h2 class=\"wp-block-heading has-white-color has-text-color has-background has-link-color wp-elements-dba1c4dd9fa485b953a5ca6d8c440ec8\" style=\"background-color:#ec6500\">Municipales : \u00e9dition sp\u00e9ciale \u00ab\u00a0entre-deux (f)tours\u00a0\u00bb<\/h2>\n\n\n\n<p>Comme les musulmans \u00e0 la fin du Ramadan, les partis politiques \u00e9taient en plein doute cette semaine. Le premier tour des Municipales pass\u00e9, vient le moment des alliances, d\u00e9sistements et autres combats d\u2019egos. Pas le temps de r\u00e9ajuster les programmes, de discuter du fond, juste de gagner. Un moment de pure strat\u00e9gie politique, bien loin de ce qu\u2019on attendrait d\u2019un d\u00e9bat d\u00e9mocratique, entre partis mais aussi avec leurs (saints) partisans.<\/p>\n\n\n\n<p>Les \u00e9diles nationaux tentent d\u2019imposer leur doctrine, bien loin des r\u00e9alit\u00e9s locales. Olivier Faure\/Fran\u00e7ois Hollande et Jean-Luc M\u00e9lenchon insistent sur leurs ruptures l\u00e0 o\u00f9 localement on essaie beaucoup, et avant tout, de faire barrage \u00e0 l\u2019extr\u00eame droite. Ces derniers ont d\u2019ailleurs rafl\u00e9 la mise d\u00e8s le 1er tour : 31 listes d\u00e9j\u00e0 \u00e9lues, et ils sont en t\u00eate dans 50 autres. Avec, comme le rappelle la carte de&nbsp;<a target=\"_blank\" href=\"https:\/\/municipales.streetpress.com\/?utm_source=brevo&amp;utm_campaign=FAF1031&amp;utm_medium=email&amp;brebis-galeuses\" rel=\"noreferrer noopener\"><strong>Streetpress<\/strong><\/a>, un paquet de candidat-es probl\u00e9matiques (racistes, sexistes, violents, corrompus\u2026). A se faire la guerre, on oublie le barrage et les digues sautent. Surtout \u00e0 droite o\u00f9 la boussole r\u00e9publicaine semble d\u00e9sorient\u00e9e.<\/p>\n\n\n\n<p>Info positive dans ce bourbier politicien :&nbsp;138 listes citoyennes et participatives sont \u00e9lues d\u00e8s le 1er tour, 187 qualifi\u00e9es au second nous dit&nbsp;<a target=\"_blank\" href=\"https:\/\/www.frequencecommune.fr\/2026\/communique-de-presse-municipales-2026-le-mouvement-des-listes-citoyennes-et-participatives-double-ses-resultats-des-le-1er-tour\/\" rel=\"noreferrer noopener\"><strong>Fr\u00e9quence Commune<\/strong><\/a>&nbsp;! Il est l\u00e0 le raz-de-mar\u00e9e et le petit \u201cmiracle\u201d d\u00e9mocratique de ces \u00e9lections. D\u2019autant qu\u2019on y compte 40% de femmes t\u00eates de liste (contre 25% en moyenne nationale). \u201c<em>In d\u00e9mocratie participative we trust<\/em>\u201d comme on dit. Preuve que rien n\u2019est perdu \u00e0 qui garde la foi (\u201cla\u00efque\u201d bien s\u00fbr, s\u00e9paration des pouvoirs oblige).<\/p>\n\n\n\n<p>Il va nous en falloir, de l\u2019espoir, pour que les partis changent de fonctionnement dans les scrutins \u00e0 venir. Une mue d\u00e9fendue par&nbsp;<strong>le labo des partis<\/strong>&nbsp;que nous avons pu interroger dans notre magazine et dont on vous pr\u00eache la bonne parole en exclu ci-dessous. Ne vous faites pas prier pour la partager \u00e0 vos \u00e9lu-es locaux et nationaux.<\/p>\n\n\n\n<p>Et si vous habitez&nbsp;<strong>Lille, Lyon, Nantes ou Toulouse,<\/strong>&nbsp;on fait le point avec Mediacit\u00e9s sur ce qui vous attend dimanche : pas de sermon, que de l\u2019information !<\/p>\n\n\n\n<figure class=\"wp-block-image aligncenter size-large is-resized\"><img fetchpriority=\"high\" decoding=\"async\" width=\"1024\" height=\"576\" src=\"https:\/\/mob-media.info\/wp-content\/uploads\/2026\/04\/labo-partis-1024x576.png\" alt=\"\" class=\"wp-image-2688\" style=\"aspect-ratio:1.7777988769226596;width:635px;height:auto\" srcset=\"https:\/\/mob-media.info\/wp-content\/uploads\/2026\/04\/labo-partis-1024x576.png 1024w, https:\/\/mob-media.info\/wp-content\/uploads\/2026\/04\/labo-partis-300x169.png 300w, https:\/\/mob-media.info\/wp-content\/uploads\/2026\/04\/labo-partis.png 1280w\" sizes=\"(max-width: 1024px) 100vw, 1024px\" \/><\/figure>\n\n\n\n<h2 class=\"wp-block-heading\"><strong>Inventons les partis du futur<\/strong><\/h2>\n\n\n\n<p><strong>84 % des Fran\u00e7ais\u00b7es ne font pas confiance aux partis. Face \u00e0 ce constat alarmant,&nbsp;<\/strong><a target=\"_blank\" href=\"https:\/\/www.lelabodespartis.fr\/resultats\" rel=\"noreferrer noopener\"><strong>le Labo des partis<\/strong><\/a><strong>&nbsp;\u2014 un collectif de chercheur\u00b7ses, militant\u00b7es et citoyen\u00b7nes engag\u00e9\u00b7es \u2014 s\u2019attaque depuis plusieurs ann\u00e9es \u00e0 un chantier ambitieux : les r\u00e9inventer. Ils proposent des pistes pour les rendre plus adapt\u00e9s aux attentes des \u00e9lecteur\u00b7rices.<\/strong><\/p>\n\n\n\n<p><em>\u00ab Le cas typique du dysfonctionnement des partis, c\u2019est la Pr\u00e9sidentielle, ce moment o\u00f9 tout le parti devient l\u2019\u00e9curie d\u2019une seule personnalit\u00e9. Et c\u2019est dommage car il y a vraiment quelque chose qui se joue dans ces institutions politiques. \u00bb<\/em>\u00a0Armel Le Coz a coordonn\u00e9, avec Camille Marguin, les deux premiers rapports du Labo des partis. Et, m\u00eame si depuis le lancement du projet initial en 2023, l\u2019horizon politique s&rsquo;assombrit, le centre d\u2019\u00e9tudes continue \u00e0 militer pour le renouveau d\u00e9mocratique. <strong><a href=\"https:\/\/mob-media.info\/index.php\/2026\/03\/24\/inventons-les-partis-du-futur\/\" target=\"_blank\" rel=\"noreferrer noopener\">[LIRE LA SUITE]<\/a><\/strong><\/p>\n\n\n\n<div class=\"wp-block-columns has-white-color has-text-color has-background has-link-color wp-elements-1e2f12df03a180a330f678924e17b4e9 is-layout-flex wp-container-core-columns-is-layout-28f84493 wp-block-columns-is-layout-flex\" style=\"background-color:#ec6500\">\n<div class=\"wp-block-column is-layout-flow wp-block-column-is-layout-flow\">\n<p>Cet article fait partie de la rubrique \u201c<strong>R\u00e9publique en chantier<\/strong>\u201d de notre magazine hors-s\u00e9rie \u00e0 para\u00eetre ce vendredi ! Un condens\u00e9 de notre travail de l\u2019ann\u00e9e, en papier, \u00e0&nbsp;<a target=\"_blank\" href=\"https:\/\/www.helloasso.com\/associations\/mob-le-media-de-la-democratie\/collectes\/mob-saison-3-pour-la-democratie-jouons-collectif\" rel=\"noreferrer noopener\"><strong>pr\u00e9commander sur HelloAsso<\/strong><\/a>.<\/p>\n\n\n\n<p>Une contrepartie d\u00e9fiscalis\u00e9e pour soutenir un m\u00e9dia ind\u00e9pendant qui joue collectif !<\/p>\n\n\n\n<p>Et d\u2019ailleurs, on fait une soir\u00e9e de lancement \/\/ d\u00e9brief des Municipales \/\/ f\u00eate d\u00e9mocratique<a target=\"_blank\" href=\"https:\/\/www.helloasso.com\/associations\/mob-le-media-de-la-democratie\/evenements\/mob-une-soiree-pour-jouer-collectif\" rel=\"noreferrer noopener\"><strong>&nbsp;le 7 avril \u00e0 19h au Point Eph\u00e9m\u00e8re \u00e0 Paris.<\/strong><\/a>&nbsp;Vous venez nous voir ? C\u2019est gratuit ! Programme \u00e0 venir !<\/p>\n<\/div>\n\n\n\n<div class=\"wp-block-column is-layout-flow wp-block-column-is-layout-flow\">\n<figure class=\"wp-block-image size-large\"><a href=\"https:\/\/www.helloasso.com\/associations\/mob-le-media-de-la-democratie\/collectes\/mob-saison-3-pour-la-democratie-jouons-collectif\" target=\"_blank\" rel=\" noreferrer noopener\"><img decoding=\"async\" width=\"1024\" height=\"703\" src=\"https:\/\/mob-media.info\/wp-content\/uploads\/2026\/03\/Republique-en-chantier-1024x703.png\" alt=\"\" class=\"wp-image-2545\" srcset=\"https:\/\/mob-media.info\/wp-content\/uploads\/2026\/03\/Republique-en-chantier-1024x703.png 1024w, https:\/\/mob-media.info\/wp-content\/uploads\/2026\/03\/Republique-en-chantier-300x206.png 300w, https:\/\/mob-media.info\/wp-content\/uploads\/2026\/03\/Republique-en-chantier.png 1472w\" sizes=\"(max-width: 1024px) 100vw, 1024px\" \/><\/a><\/figure>\n<\/div>\n<\/div>\n\n\n\n<p>&#8211;<\/p>\n\n\n\n<h2 class=\"wp-block-heading has-white-color has-text-color has-background has-link-color wp-elements-60f9bc1c5cc535adaa2c45dd2dd8da16\" style=\"background-color:#b32a2a\">Les Municipales sous le Radar (avec Mediacit\u00e9s)<\/h2>\n\n\n\n<div class=\"wp-block-columns is-layout-flex wp-container-core-columns-is-layout-28f84493 wp-block-columns-is-layout-flex\">\n<div class=\"wp-block-column is-layout-flow wp-block-column-is-layout-flow\">\n<figure class=\"wp-block-image aligncenter size-large is-resized\"><img decoding=\"async\" width=\"705\" height=\"1024\" src=\"https:\/\/mob-media.info\/wp-content\/uploads\/2026\/03\/8-e1774011718260-705x1024.png\" alt=\"\" class=\"wp-image-2529\" style=\"aspect-ratio:0.6884723022470985;width:284px;height:auto\" srcset=\"https:\/\/mob-media.info\/wp-content\/uploads\/2026\/03\/8-e1774011718260-705x1024.png 705w, https:\/\/mob-media.info\/wp-content\/uploads\/2026\/03\/8-e1774011718260-206x300.png 206w, https:\/\/mob-media.info\/wp-content\/uploads\/2026\/03\/8-e1774011718260-768x1116.png 768w, https:\/\/mob-media.info\/wp-content\/uploads\/2026\/03\/8-e1774011718260-1057x1536.png 1057w, https:\/\/mob-media.info\/wp-content\/uploads\/2026\/03\/8-e1774011718260-600x872.png 600w, https:\/\/mob-media.info\/wp-content\/uploads\/2026\/03\/8-e1774011718260.png 1070w\" sizes=\"(max-width: 705px) 100vw, 705px\" \/><\/figure>\n<\/div>\n\n\n\n<div class=\"wp-block-column is-layout-flow wp-block-column-is-layout-flow\">\n<p><a href=\"https:\/\/www.youtube.com\/watch?v=6o52HpQHqDI&amp;list=PLDMsiR-yow38GO5yMzHJ9CkspauZDd7f3&amp;index=1&amp;t=14s\" target=\"_blank\" rel=\"noreferrer noopener\"><strong>Radar #16 &#8211; Lyon et son duel Doucet-Aulas mais aussi le risque d\u2019une \u00ab cohabitation \u00bb<\/strong><\/a><\/p>\n\n\n\n<p>&#8211;<\/p>\n\n\n\n<p class=\"has-text-align-right\">&#8211;<\/p>\n\n\n\n<p class=\"has-text-align-right\"><a href=\"https:\/\/www.youtube.com\/watch?v=f0x_HLlmTEQ&amp;list=PLDMsiR-yow38GO5yMzHJ9CkspauZDd7f3&amp;index=3\" target=\"_blank\" rel=\"noreferrer noopener\"><strong>Radar #17- Lille et son combat des gauches. Qui prendra le beffroi ?<\/strong><\/a><\/p>\n<\/div>\n\n\n\n<div class=\"wp-block-column is-layout-flow wp-block-column-is-layout-flow\">\n<figure class=\"wp-block-image aligncenter size-large is-resized\"><img loading=\"lazy\" decoding=\"async\" width=\"707\" height=\"1024\" src=\"https:\/\/mob-media.info\/wp-content\/uploads\/2026\/03\/7-e1774011687707-707x1024.png\" alt=\"\" class=\"wp-image-2530\" style=\"aspect-ratio:0.6904329522473069;width:286px;height:auto\" srcset=\"https:\/\/mob-media.info\/wp-content\/uploads\/2026\/03\/7-e1774011687707-707x1024.png 707w, https:\/\/mob-media.info\/wp-content\/uploads\/2026\/03\/7-e1774011687707-207x300.png 207w, https:\/\/mob-media.info\/wp-content\/uploads\/2026\/03\/7-e1774011687707-768x1112.png 768w, https:\/\/mob-media.info\/wp-content\/uploads\/2026\/03\/7-e1774011687707-1061x1536.png 1061w, https:\/\/mob-media.info\/wp-content\/uploads\/2026\/03\/7-e1774011687707-600x869.png 600w, https:\/\/mob-media.info\/wp-content\/uploads\/2026\/03\/7-e1774011687707.png 1072w\" sizes=\"(max-width: 707px) 100vw, 707px\" \/><\/figure>\n<\/div>\n<\/div>\n\n\n\n<div class=\"wp-block-columns is-layout-flex wp-container-core-columns-is-layout-28f84493 wp-block-columns-is-layout-flex\">\n<div class=\"wp-block-column is-layout-flow wp-block-column-is-layout-flow\">\n<figure class=\"wp-block-image aligncenter size-large is-resized\"><img loading=\"lazy\" decoding=\"async\" width=\"704\" height=\"1024\" src=\"https:\/\/mob-media.info\/wp-content\/uploads\/2026\/03\/6-e1774013331793-704x1024.png\" alt=\"\" class=\"wp-image-2532\" style=\"aspect-ratio:0.6884723022470985;width:284px;height:auto\" srcset=\"https:\/\/mob-media.info\/wp-content\/uploads\/2026\/03\/6-e1774013331793-704x1024.png 704w, https:\/\/mob-media.info\/wp-content\/uploads\/2026\/03\/6-e1774013331793-206x300.png 206w, https:\/\/mob-media.info\/wp-content\/uploads\/2026\/03\/6-e1774013331793-768x1116.png 768w, https:\/\/mob-media.info\/wp-content\/uploads\/2026\/03\/6-e1774013331793-1057x1536.png 1057w, https:\/\/mob-media.info\/wp-content\/uploads\/2026\/03\/6-e1774013331793-600x872.png 600w, https:\/\/mob-media.info\/wp-content\/uploads\/2026\/03\/6-e1774013331793.png 1080w\" sizes=\"(max-width: 704px) 100vw, 704px\" \/><\/figure>\n<\/div>\n\n\n\n<div class=\"wp-block-column is-layout-flow wp-block-column-is-layout-flow\">\n<p class=\"has-text-align-right\"><a href=\"https:\/\/www.youtube.com\/watch?v=3tHDVVsA5zo&amp;list=PLDMsiR-yow38GO5yMzHJ9CkspauZDd7f3&amp;index=2\" target=\"_blank\" rel=\"noreferrer noopener\"><strong>Radar #18 &#8211;\u00a0A Nantes, la droite tente une perc\u00e9e historique<\/strong><\/a><\/p>\n\n\n\n<p class=\"has-text-align-right\">&#8211;<\/p>\n\n\n\n<p>&#8211;<\/p>\n\n\n\n<p><a href=\"https:\/\/www.youtube.com\/watch?v=3tHDVVsA5zo&amp;list=PLDMsiR-yow38GO5yMzHJ9CkspauZDd7f3&amp;index=2\" target=\"_blank\" rel=\"noreferrer noopener\"><strong>Radar #19 &#8211;\u00a0Toulouse, une ville rose enfin rouge ?<\/strong><\/a><\/p>\n<\/div>\n\n\n\n<div class=\"wp-block-column is-layout-flow wp-block-column-is-layout-flow\">\n<figure class=\"wp-block-image aligncenter size-large is-resized\"><img loading=\"lazy\" decoding=\"async\" width=\"703\" height=\"1024\" src=\"https:\/\/mob-media.info\/wp-content\/uploads\/2026\/03\/5-e1774012259470-703x1024.png\" alt=\"\" class=\"wp-image-2531\" style=\"aspect-ratio:0.6904329522473069;width:286px;height:auto\" srcset=\"https:\/\/mob-media.info\/wp-content\/uploads\/2026\/03\/5-e1774012259470-703x1024.png 703w, https:\/\/mob-media.info\/wp-content\/uploads\/2026\/03\/5-e1774012259470-206x300.png 206w, https:\/\/mob-media.info\/wp-content\/uploads\/2026\/03\/5-e1774012259470-768x1119.png 768w, https:\/\/mob-media.info\/wp-content\/uploads\/2026\/03\/5-e1774012259470-1054x1536.png 1054w, https:\/\/mob-media.info\/wp-content\/uploads\/2026\/03\/5-e1774012259470-600x874.png 600w, https:\/\/mob-media.info\/wp-content\/uploads\/2026\/03\/5-e1774012259470.png 1072w\" sizes=\"(max-width: 703px) 100vw, 703px\" \/><\/figure>\n<\/div>\n<\/div>\n\n\n\n<p>&#8211;<\/p>\n\n\n\n<h2 class=\"wp-block-heading has-white-color has-text-color has-background has-link-color wp-elements-02ac30ad31c3fe0c3412192a0cc47ebf\" style=\"background-color:#ec6500\"><strong>Les recommandations de la r\u00e9dac<\/strong><\/h2>\n\n\n\n<div class=\"wp-block-columns is-layout-flex wp-container-core-columns-is-layout-28f84493 wp-block-columns-is-layout-flex\">\n<div class=\"wp-block-column is-layout-flow wp-block-column-is-layout-flow\">\n<figure class=\"wp-block-embed is-type-video is-provider-youtube wp-block-embed-youtube wp-embed-aspect-16-9 wp-has-aspect-ratio\"><div class=\"wp-block-embed__wrapper\">\n<iframe title=\"Municipales 2026 :  dimanche \u00e0 19h45, la soir\u00e9e \u00e9lectorale du second tour en direct\" width=\"950\" height=\"534\" src=\"https:\/\/www.youtube.com\/embed\/icao6N7oML8?feature=oembed\" frameborder=\"0\" allow=\"accelerometer; autoplay; clipboard-write; encrypted-media; gyroscope; picture-in-picture; web-share\" referrerpolicy=\"strict-origin-when-cross-origin\" allowfullscreen><\/iframe>\n<\/div><\/figure>\n<\/div>\n\n\n\n<div class=\"wp-block-column is-layout-flow wp-block-column-is-layout-flow\">\n<h3 class=\"wp-block-heading\"><a href=\"https:\/\/www.youtube.com\/watch?v=icao6N7oML8\" target=\"_blank\" rel=\"noreferrer noopener\">Soir\u00e9e sp\u00e9ciale \u00e9lectorale &#8211; Mediapart<\/a><\/h3>\n\n\n\n<p>Vous en avez marre de jouer aux 7 familles les soirs d\u2019\u00e9lection ?(<em>#DansLaFamilleDuhamelJeVoudraisLeeeee<\/em>)<\/p>\n\n\n\n<p>Et surtout marre qu\u2019au 20h, on ne parle que de l\u2019extr\u00eame droite et qu\u2019on tourne en boucle sur les chiffres sans jamais parler du fond ?<\/p>\n\n\n\n<p>Et bien&nbsp;<a target=\"_blank\" href=\"https:\/\/www.mediapart.fr\/journal\/politique\/200326\/dimanche-22-mars-19-h-45-second-tour-des-municipales-notre-emission-en-direct\" rel=\"noreferrer noopener\"><strong>Mediapart fait une \u00e9mission LIVE le 22 mars<\/strong><\/a>&nbsp;avec de vrais sp\u00e9cialistes de ces enjeux ! Nous, on va plut\u00f4t regarder \u00e7a\u2026<\/p>\n<\/div>\n<\/div>\n\n\n\n<div class=\"wp-block-columns is-layout-flex wp-container-core-columns-is-layout-28f84493 wp-block-columns-is-layout-flex\">\n<div class=\"wp-block-column is-layout-flow wp-block-column-is-layout-flow\">\n<h3 class=\"wp-block-heading\"><a href=\"https:\/\/www.printempsdeshumanites.fr\/fr\/programmation\" target=\"_blank\" rel=\"noreferrer noopener\">Printemps des Humanit\u00e9s (Conf\u00e9rences)<\/a><\/h3>\n\n\n\n<p>Et apr\u00e8s des mois \u00e9puisants de travail journalistique, on est en droit de se demander : \u201c<em>Pourquoi travailler ?<\/em>\u201d C\u2019est en tout cas le sujet du&nbsp;<a target=\"_blank\" href=\"https:\/\/www.printempsdeshumanites.fr\/fr\/programmation\" rel=\"noreferrer noopener\"><strong>festival des Humanit\u00e9s 2026 au campus Condorcet d\u2019Aubervilliers du 19 au 21 mars<\/strong><\/a>.<\/p>\n\n\n\n<p>La programmation a l\u2019air incroyable et brasse de nombreuses r\u00e9flexions sur&nbsp;l\u2019organisation du travail, les mod\u00e8les coop\u00e9ratifs ou la r\u00e9volution de l\u2019IA et son impact. On va aller s\u2019en inspirer pour nos futures vid\u00e9os sur la d\u00e9mocratie au travail ! On vous y croise ?<\/p>\n\n\n\n<p>Quoi qu\u2019il en soit, prenez soin de vous, et \u00e0 bient\u00f4t,<\/p>\n\n\n\n<p><strong>L\u2019\u00e9quipe MOB<\/strong><\/p>\n<\/div>\n\n\n\n<div class=\"wp-block-column is-layout-flow wp-block-column-is-layout-flow\">\n<figure class=\"wp-block-image aligncenter size-large is-resized\"><a href=\"https:\/\/www.printempsdeshumanites.fr\/fr\/programmation\" target=\"_blank\" rel=\" noreferrer noopener\"><img loading=\"lazy\" decoding=\"async\" width=\"768\" height=\"1024\" src=\"https:\/\/mob-media.info\/wp-content\/uploads\/2026\/04\/printemps-humanites-768x1024.jpg\" alt=\"\" class=\"wp-image-2694\" style=\"aspect-ratio:0.7499887917507285;width:355px;height:auto\" srcset=\"https:\/\/mob-media.info\/wp-content\/uploads\/2026\/04\/printemps-humanites-768x1024.jpg 768w, https:\/\/mob-media.info\/wp-content\/uploads\/2026\/04\/printemps-humanites-225x300.jpg 225w, https:\/\/mob-media.info\/wp-content\/uploads\/2026\/04\/printemps-humanites.jpg 800w\" sizes=\"(max-width: 768px) 100vw, 768px\" \/><\/a><\/figure>\n<\/div>\n<\/div>\n\n\n\n<h3 class=\"wp-block-heading has-text-align-center has-white-color has-text-color has-background has-link-color wp-elements-a7ca048e1c85cc4f1f409306625e368d\" style=\"background-color:#ec6500\">Et pour ne rien rater de nos contenus, on vous propose une newsletter toutes les semaines, pour s&rsquo;abonner :<\/h3>\n\n\n\n<div class=\"wp-block-columns has-background is-layout-flex wp-container-core-columns-is-layout-28f84493 wp-block-columns-is-layout-flex\" style=\"background-color:#ec6500\">\n<div class=\"wp-block-column is-layout-flow wp-block-column-is-layout-flow\">\n<figure class=\"wp-block-image size-large is-resized is-style-default\"><a href=\"https:\/\/mob-media.us21.list-manage.com\/subscribe?u=8a80eecf9dcb7e85d7c18aa10&amp;id=a2edb6c814\" target=\"_blank\" rel=\" noreferrer noopener\"><img loading=\"lazy\" decoding=\"async\" width=\"840\" height=\"1024\" src=\"https:\/\/mob-media.info\/wp-content\/uploads\/2026\/03\/Newsletter-modele-e1775037288407-840x1024.png\" alt=\"\" class=\"wp-image-2564\" style=\"aspect-ratio:0.8203059873486;width:334px;height:auto\" srcset=\"https:\/\/mob-media.info\/wp-content\/uploads\/2026\/03\/Newsletter-modele-e1775037288407-840x1024.png 840w, https:\/\/mob-media.info\/wp-content\/uploads\/2026\/03\/Newsletter-modele-e1775037288407-246x300.png 246w, https:\/\/mob-media.info\/wp-content\/uploads\/2026\/03\/Newsletter-modele-e1775037288407-768x936.png 768w, https:\/\/mob-media.info\/wp-content\/uploads\/2026\/03\/Newsletter-modele-e1775037288407-600x731.png 600w, https:\/\/mob-media.info\/wp-content\/uploads\/2026\/03\/Newsletter-modele-e1775037288407.png 1075w\" sizes=\"(max-width: 840px) 100vw, 840px\" \/><\/a><\/figure>\n<\/div>\n\n\n\n<div class=\"wp-block-column is-layout-flow wp-block-column-is-layout-flow\"><script>(function() {\n\twindow.mc4wp = window.mc4wp || {\n\t\tlisteners: [],\n\t\tforms: {\n\t\t\ton: function(evt, cb) {\n\t\t\t\twindow.mc4wp.listeners.push(\n\t\t\t\t\t{\n\t\t\t\t\t\tevent   : evt,\n\t\t\t\t\t\tcallback: cb\n\t\t\t\t\t}\n\t\t\t\t);\n\t\t\t}\n\t\t}\n\t}\n})();\n<\/script><!-- Mailchimp for WordPress v4.12.1 - https:\/\/wordpress.org\/plugins\/mailchimp-for-wp\/ --><form id=\"mc4wp-form-1\" class=\"mc4wp-form mc4wp-form-2563\" method=\"post\" data-id=\"2563\" data-name=\"Je m&#039;abonne \u00e0 la newsletter !\" data-typo-check=\"1\" ><div class=\"mc4wp-form-fields\"><\/p>\r\n<p>\r\n    <label>Pr\u00e9nom<\/label>\r\n    <input type=\"text\" name=\"FNAME\" autocomplete=\"given-name\">\r\n<\/p>\r\n<p>\r\n    <label>Nom de famille<\/label>\r\n    <input type=\"text\" name=\"LNAME\" autocomplete=\"family-name\">\r\n<\/p>\r\n<p>\r\n\t<label for=\"email\">Adresse e-mail: \r\n\t\t<input type=\"email\" id=\"email\" name=\"EMAIL\" placeholder=\"Votre adresse e-mail\" autocomplete=\"email\" required>\r\n\t<\/label>\r\n<\/p>\r\n\r\n<input type=\"hidden\" name=\"procaptcha\">\r\n\r\n\r\n<p>\r\n\t<input type=\"submit\" value=\"Je m'abonne\">\r\n<\/p><\/div><label style=\"display: none !important;\">Laissez ce champ vide si vous \u00eates humain\u00a0: <input type=\"text\" name=\"_mc4wp_honeypot\" value=\"\" tabindex=\"-1\" autocomplete=\"off\" \/><\/label><input type=\"hidden\" name=\"_mc4wp_timestamp\" value=\"1777233741\" \/><input type=\"hidden\" name=\"_mc4wp_form_id\" value=\"2563\" \/><input type=\"hidden\" name=\"_mc4wp_form_element_id\" value=\"mc4wp-form-1\" \/><div class=\"mc4wp-response\"><\/div><\/form><!-- \/ Mailchimp for WordPress Plugin --><\/div>\n<\/div>\n","protected":false},"excerpt":{"rendered":"<p>Municipales : \u00e9dition sp\u00e9ciale \u00ab\u00a0entre-deux (f)tours\u00a0\u00bb Comme les musulmans \u00e0 la fin du Ramadan, les partis politiques \u00e9taient en plein doute cette semaine. Le premier tour des Municipales pass\u00e9, vient le moment des alliances, d\u00e9sistements et autres combats d\u2019egos. Pas le temps de r\u00e9ajuster les programmes, de discuter du fond, juste de gagner. Un moment &hellip; <\/p>\n<p class=\"link-more\"><a href=\"https:\/\/mob-media.info\/index.php\/2026\/03\/20\/municipales-edition-speciale-entre-deux-ftours\/\" class=\"more-link\">Lire la suite de<span class=\"screen-reader-text\">\u00ab\u00a0Municipales : \u00e9dition sp\u00e9ciale \u00ab\u00a0entre-deux (f)tours\u00a0\u00bb\u00a0\u00bb<\/span><\/a><\/p>\n","protected":false},"author":1,"featured_media":2697,"comment_status":"closed","ping_status":"open","sticky":false,"template":"","format":"standard","meta":{"footnotes":""},"categories":[68,26,25],"tags":[40,27,45,52,44],"class_list":["post-2687","post","type-post","status-publish","format-standard","has-post-thumbnail","hentry","category-infolettre","category-municipales-2026","category-radar-2026","tag-elections","tag-municipales","tag-partis","tag-politique","tag-vote"],"featured_media_urls":{"thumbnail":["https:\/\/mob-media.info\/wp-content\/uploads\/2026\/04\/infolettre-entre-deux-ftours-150x150.png",150,150,true],"medium":["https:\/\/mob-media.info\/wp-content\/uploads\/2026\/04\/infolettre-entre-deux-ftours-240x300.png",240,300,true],"medium_large":["https:\/\/mob-media.info\/wp-content\/uploads\/2026\/04\/infolettre-entre-deux-ftours.png",768,960,false],"large":["https:\/\/mob-media.info\/wp-content\/uploads\/2026\/04\/infolettre-entre-deux-ftours-819x1024.png",819,1024,true],"1536x1536":["https:\/\/mob-media.info\/wp-content\/uploads\/2026\/04\/infolettre-entre-deux-ftours.png",1080,1350,false],"2048x2048":["https:\/\/mob-media.info\/wp-content\/uploads\/2026\/04\/infolettre-entre-deux-ftours.png",1080,1350,false],"inspiro-featured-image":["https:\/\/mob-media.info\/wp-content\/uploads\/2026\/04\/infolettre-entre-deux-ftours.png",1080,1350,false],"inspiro-loop":["https:\/\/mob-media.info\/wp-content\/uploads\/2026\/04\/infolettre-entre-deux-ftours-950x320.png",950,320,true],"inspiro-loop@2x":["https:\/\/mob-media.info\/wp-content\/uploads\/2026\/04\/infolettre-entre-deux-ftours-1080x640.png",1080,640,true],"portfolio_item-thumbnail":["https:\/\/mob-media.info\/wp-content\/uploads\/2026\/04\/infolettre-entre-deux-ftours-600x400.png",600,400,true],"portfolio_item-thumbnail@2x":["https:\/\/mob-media.info\/wp-content\/uploads\/2026\/04\/infolettre-entre-deux-ftours-1080x800.png",1080,800,true],"portfolio_item-masonry":["https:\/\/mob-media.info\/wp-content\/uploads\/2026\/04\/infolettre-entre-deux-ftours-600x750.png",600,750,true],"portfolio_item-masonry@2x":["https:\/\/mob-media.info\/wp-content\/uploads\/2026\/04\/infolettre-entre-deux-ftours.png",1080,1350,false],"portfolio_item-thumbnail_cinema":["https:\/\/mob-media.info\/wp-content\/uploads\/2026\/04\/infolettre-entre-deux-ftours-800x335.png",800,335,true],"portfolio_item-thumbnail_portrait":["https:\/\/mob-media.info\/wp-content\/uploads\/2026\/04\/infolettre-entre-deux-ftours-600x900.png",600,900,true],"portfolio_item-thumbnail_portrait@2x":["https:\/\/mob-media.info\/wp-content\/uploads\/2026\/04\/infolettre-entre-deux-ftours.png",1080,1350,false],"portfolio_item-thumbnail_square":["https:\/\/mob-media.info\/wp-content\/uploads\/2026\/04\/infolettre-entre-deux-ftours-800x800.png",800,800,true]},"_links":{"self":[{"href":"https:\/\/mob-media.info\/index.php\/wp-json\/wp\/v2\/posts\/2687","targetHints":{"allow":["GET"]}}],"collection":[{"href":"https:\/\/mob-media.info\/index.php\/wp-json\/wp\/v2\/posts"}],"about":[{"href":"https:\/\/mob-media.info\/index.php\/wp-json\/wp\/v2\/types\/post"}],"author":[{"embeddable":true,"href":"https:\/\/mob-media.info\/index.php\/wp-json\/wp\/v2\/users\/1"}],"replies":[{"embeddable":true,"href":"https:\/\/mob-media.info\/index.php\/wp-json\/wp\/v2\/comments?post=2687"}],"version-history":[{"count":6,"href":"https:\/\/mob-media.info\/index.php\/wp-json\/wp\/v2\/posts\/2687\/revisions"}],"predecessor-version":[{"id":2698,"href":"https:\/\/mob-media.info\/index.php\/wp-json\/wp\/v2\/posts\/2687\/revisions\/2698"}],"wp:featuredmedia":[{"embeddable":true,"href":"https:\/\/mob-media.info\/index.php\/wp-json\/wp\/v2\/media\/2697"}],"wp:attachment":[{"href":"https:\/\/mob-media.info\/index.php\/wp-json\/wp\/v2\/media?parent=2687"}],"wp:term":[{"taxonomy":"category","embeddable":true,"href":"https:\/\/mob-media.info\/index.php\/wp-json\/wp\/v2\/categories?post=2687"},{"taxonomy":"post_tag","embeddable":true,"href":"https:\/\/mob-media.info\/index.php\/wp-json\/wp\/v2\/tags?post=2687"}],"curies":[{"name":"wp","href":"https:\/\/api.w.org\/{rel}","templated":true}]}}