{"id":2699,"date":"2026-03-13T07:03:00","date_gmt":"2026-03-13T06:03:00","guid":{"rendered":"https:\/\/mob-media.info\/?p=2699"},"modified":"2026-04-26T17:14:19","modified_gmt":"2026-04-26T15:14:19","slug":"municipales-are-coming","status":"publish","type":"post","link":"https:\/\/mob-media.info\/index.php\/2026\/03\/13\/municipales-are-coming\/","title":{"rendered":"Municipales are coming !"},"content":{"rendered":"\n<h2 class=\"wp-block-heading has-white-color has-text-color has-background has-link-color wp-elements-9642c36b69ce308384edf0d9bae9fded\" style=\"background-color:#6e63bc\"><em>Municipales are coming !<\/em> &#8211; 13\/03\/26<\/h2>\n\n\n\n<p><strong>Cela fait des semaines qu\u2019on vous en parle, des mois qu\u2019on bosse dessus et \u00e7a commence d\u00e8s dimanche 15 mars : les \u00e9lections municipales.\u00a0La premi\u00e8re \u00e9tape d\u2019un grand marathon \u00e9lectoral avant la Pr\u00e9sidentielle et les L\u00e9gislatives de 2027. Une \u00e9tape \u00a0qui donnera le ton des mois \u00e0 venir, tant sur la potentielle perc\u00e9e de l\u2019extr\u00eame droite que sur le marasme partisan, \u00e0 droite comme \u00e0 gauche. Car, derri\u00e8re ces moments cens\u00e9s servir \u201cl\u2019int\u00e9r\u00eat g\u00e9n\u00e9ral\u201d, les manoeuvres politiques prennent beaucoup de place et \u00e9clipsent bien souvent les vrais enjeux de soci\u00e9t\u00e9.<\/strong><\/p>\n\n\n\n<p>Heureusement, certaines actualit\u00e9s viennent nous rassurer : les&nbsp;<strong>listes citoyennes<\/strong>&nbsp;sont plus nombreuses que celles du RN (<strong>1.<\/strong>) A&nbsp;<strong>Pless\u00e9<\/strong>, la d\u00e9mocratie participative est agricole (<strong>2.<\/strong>) et \u00e7a devrait semer des graines. Juristes et chercheurs se dressent&nbsp;<strong>contre CNews<\/strong>&nbsp;et interpellent le Conseil d\u2019Etat et l\u2019Arcom&nbsp;<strong>(3.)&nbsp;<\/strong>Les&nbsp;<strong>associations<\/strong>, elles, jouent leur r\u00f4le de&nbsp;<strong>contre-pouvoir et de plaidoyer<\/strong>, jusqu\u2019au jour du vote&nbsp;<strong>(4.)<\/strong><\/p>\n\n\n\n<p><strong>Mais avant de vous laisser avec les actus d\u00e9mocratiques de la semaine, on vous fait d\u00e9couvrir\u00a0un article exclusif de notre MOBgazine sur les enjeux de (manque de) repr\u00e9sentation politique\u00a0!\u00a0<\/strong>Toujours disponible \u00e0 la\u00a0<a href=\"https:\/\/www.helloasso.com\/associations\/mob-le-media-de-la-democratie\/collectes\/mob-saison-3-pour-la-democratie-jouons-collectif\" target=\"_blank\" rel=\"noreferrer noopener\">pr\u00e9-commande<\/a>\u00a0!<\/p>\n\n\n\n<h2 class=\"wp-block-heading\"><strong>Une seule solution, la repr\u00e9sentation !<\/strong><\/h2>\n\n\n\n<figure class=\"wp-block-image aligncenter size-full is-resized\"><img fetchpriority=\"high\" decoding=\"async\" width=\"1262\" height=\"954\" src=\"https:\/\/mob-media.info\/wp-content\/uploads\/2026\/03\/bona-fide.png\" alt=\"\" class=\"wp-image-2518\" style=\"aspect-ratio:1.3230039366104775;width:623px;height:auto\" srcset=\"https:\/\/mob-media.info\/wp-content\/uploads\/2026\/03\/bona-fide.png 1262w, https:\/\/mob-media.info\/wp-content\/uploads\/2026\/03\/bona-fide-300x227.png 300w, https:\/\/mob-media.info\/wp-content\/uploads\/2026\/03\/bona-fide-1024x774.png 1024w\" sizes=\"(max-width: 1262px) 100vw, 1262px\" \/><\/figure>\n\n\n\n<p><strong>Jeunes, femmes, ouvrier\u00b7es, employ\u00e9\u00b7es ou encore habitant\u00b7es des quartiers populaires\u2026 Tous\u00b7tes restent largement absent\u00b7es des institutions politiques fran\u00e7aises. Face \u00e0 ce constat, associations, expert\u00b7es et militant\u00b7es appellent \u00e0 des r\u00e9formes concr\u00e8tes pour garantir une parit\u00e9 sociale, d\u2019\u00e2ge et de genre, et de donner au peuple sa place au c\u0153ur du pouvoir.<\/strong><\/p>\n\n\n\n<p><em>\u00ab Au rythme o\u00f9 on va, il faudrait attendre 2092 pour que les classes populaires soient repr\u00e9sent\u00e9es correctement \u00e0 l\u2019Assembl\u00e9e nationale\u2026 C\u2019est une \u00e9ternit\u00e9 ! \u00bb\u00a0<\/em>Kevin Vacher est sociologue et directeur scientifique du collectif D\u00e9mocratiser la politique (DLP). Pour lui,\u00a0<em>\u00ab la d\u00e9mocratie est incompl\u00e8te tant que les classes sociales ne sont pas repr\u00e9sent\u00e9es \u00e0 hauteur de ce qu\u2019elles sont. \u00bb<\/em><a href=\"https:\/\/mob-media.info\/index.php\/2026\/03\/16\/une-seule-solution-la-representation\/\" target=\"_blank\" rel=\"noreferrer noopener\"><strong><em>\u00a0<\/em>[LIRE LA SUITE]<\/strong><\/a><\/p>\n\n\n\n<div class=\"wp-block-columns has-white-color has-text-color has-background has-link-color wp-elements-1637f3362a64ad2a94f8c9799e019eb6 is-layout-flex wp-container-core-columns-is-layout-28f84493 wp-block-columns-is-layout-flex\" style=\"background-color:#6e63bc\">\n<div class=\"wp-block-column is-layout-flow wp-block-column-is-layout-flow\">\n<p>Cet article fait partie de la rubrique \u201cTous-tes repr\u00e9sent\u00e9-es\u201d de notre magazine hors-s\u00e9rie \u00e0 para\u00eetre ce vendredi ! Un condens\u00e9 de notre travail de l\u2019ann\u00e9e, en papier, \u00e0\u00a0<a href=\"https:\/\/www.helloasso.com\/associations\/mob-le-media-de-la-democratie\/collectes\/mob-saison-3-pour-la-democratie-jouons-collectif\" target=\"_blank\" rel=\"noreferrer noopener\"><strong>pr\u00e9commander sur HelloAsso<\/strong><\/a>.<\/p>\n\n\n\n<p>Une contrepartie d\u00e9fiscalis\u00e9e pour soutenir un m\u00e9dia ind\u00e9pendant qui joue collectif ! Et d\u2019ailleurs, on fait une soir\u00e9e de lancement \/\/ d\u00e9brief des Municipales \/\/ f\u00eate d\u00e9mocratique<a href=\"https:\/\/www.helloasso.com\/associations\/mob-le-media-de-la-democratie\/evenements\/mob-une-soiree-pour-jouer-collectif\" target=\"_blank\" rel=\"noreferrer noopener\"><strong>\u00a0le 7 avril \u00e0 19h au Point Eph\u00e9m\u00e8re \u00e0 Paris.<\/strong><\/a>\u00a0Vous venez nous voir ? C\u2019est gratuit ! Programme \u00e0 venir !<\/p>\n<\/div>\n\n\n\n<div class=\"wp-block-column is-layout-flow wp-block-column-is-layout-flow\">\n<figure class=\"wp-block-image size-full\"><img decoding=\"async\" width=\"858\" height=\"596\" src=\"https:\/\/mob-media.info\/wp-content\/uploads\/2026\/03\/rubrique-parite-.png\" alt=\"\" class=\"wp-image-2514\" srcset=\"https:\/\/mob-media.info\/wp-content\/uploads\/2026\/03\/rubrique-parite-.png 858w, https:\/\/mob-media.info\/wp-content\/uploads\/2026\/03\/rubrique-parite--300x208.png 300w\" sizes=\"(max-width: 858px) 100vw, 858px\" \/><\/figure>\n<\/div>\n<\/div>\n\n\n\n<h2 class=\"wp-block-heading has-white-color has-text-color has-background has-link-color wp-elements-b9e7f5e93495791f3c43393591255095\" style=\"background-color:#6e63bc\"><strong>Les actus de la semaine<\/strong> <strong>(les infographies reviennent apr\u00e8s les Municipales, promis)<\/strong><\/h2>\n\n\n\n<p><strong>1-&nbsp;<\/strong><a target=\"_blank\" href=\"https:\/\/lareleveetlapeste.fr\/municipales-2026-405-listes-rn-contre-675-listes-citoyennes-participatives-un-raz-de-maree-democratique\/\" rel=\"noreferrer noopener\"><strong>La participation surpasse l\u2019extr\u00eame droitisation<\/strong><\/a><\/p>\n\n\n\n<p><strong>682<\/strong>, c\u2019est le nombre de listes citoyennes d\u00e9compt\u00e9es dans&nbsp;<a target=\"_blank\" href=\"https:\/\/lareleveetlapeste.fr\/municipales-2026-405-listes-rn-contre-675-listes-citoyennes-participatives-un-raz-de-maree-democratique\/\" rel=\"noreferrer noopener\"><strong>La Rel\u00e8ve et la Peste<\/strong><\/a>.&nbsp;Bien plus que le Rassemblement national qui n\u2019en pr\u00e9sentera \u201cque\u201d 405 (m\u00eame si le m\u00e9dia&nbsp;<a target=\"_blank\" href=\"https:\/\/bonpote.com\/municipales-2026-comment-lextreme-droite-se-cache-derriere-les-listes-sans-etiquette\/\" rel=\"noreferrer noopener\"><strong>Bon Pote<\/strong><\/a>&nbsp;a rep\u00e9r\u00e9 pas mal de leurs sympathisants mais \u201csans \u00e9tiquette\u201d). Les quelques 20 000 candidatures citoyennes partout en France sont, elles, enthousiasmantes et portent, le plus souvent, des id\u00e9aux d\u00e9mocratiques de partage du pouvoir et de participation habitante. Des listes d\u00e9\u00e7ues de la politique traditionnelle mais tr\u00e8s ancr\u00e9es localement, contrairement aux candidat-es Rassemblement national, souvent parachut\u00e9s pour l\u2019occasion. On a h\u00e2te de voir si ces listes participatives rafleront plus que leurs 70 communes de 2020.<\/p>\n\n\n\n<p><strong>2-&nbsp;<\/strong><a target=\"_blank\" href=\"https:\/\/basta.media\/Remplacer-chaque-agriculteur-qui-part-en-retraite-par-des-jeunes-le-defi-presque-reussi-d-une-commune-rurale\" rel=\"noreferrer noopener\"><strong>A Pless\u00e9, c\u2019est collectivement qu\u2019on pense l\u2019agriculture de demain<\/strong><\/a><\/p>\n\n\n\n<p><strong>PAC<\/strong>, les initiales de la politique agricole commune (europ\u00e9enne) mais aussi de l\u2019initiative de Pless\u00e9, commune de 5000 habitant-es. Leur \u201cpolitique agricole communale\u201d est d\u00e9crite dans<a target=\"_blank\" href=\"https:\/\/basta.media\/Remplacer-chaque-agriculteur-qui-part-en-retraite-par-des-jeunes-le-defi-presque-reussi-d-une-commune-rurale\" rel=\"noreferrer noopener\"><strong>&nbsp;Basta!<\/strong><\/a>&nbsp;et met l\u2019agriculture locale au coeur des d\u00e9cisions collectives et de dispositifs de d\u00e9mocratie participative. Le but ? Pr\u00e9server leur tradition agricole, renouveler les exploitations et d\u00e9fendre une agriculture durable. Et \u00e7a marche ! Alors que la France perd en moyenne 10 000 fermes chaque ann\u00e9e, Pless\u00e9 a aid\u00e9 \u00e0 l\u2019installation de 26 nouvelles, venant remplacer les d\u00e9parts en retraite.<\/p>\n\n\n\n<p>Une initiative politique r\u00e9compens\u00e9e en 2024 par&nbsp;<a target=\"_blank\" href=\"https:\/\/www.deciderensemble.com\/les-prix-2024\" rel=\"noreferrer noopener\">D\u00e9cider Ensemble<\/a>, un think tank qui analyse et met en r\u00e9seau les acteur-ices de la d\u00e9mocratie participative.<\/p>\n\n\n\n<p><a target=\"_blank\" href=\"https:\/\/bonpote.com\/villes-futures\/\" rel=\"noreferrer noopener\"><strong>3-&nbsp;<\/strong><\/a><a target=\"_blank\" href=\"https:\/\/www.liberation.fr\/economie\/medias\/pluralisme-une-soixantaine-de-professeurs-de-droit-et-juristes-saisissent-le-conseil-detat-pour-forcer-larcom-a-agir-contre-cnews-et-europe-1-20260305_A4L4AXHOB5DNTKXNJX2QZCEYFE\/?redirected=1555\" rel=\"noreferrer noopener\"><strong>CNews n\u2019a pas le Droit dans ses bottes mais sur ses talons !<\/strong><\/a><\/p>\n\n\n\n<p><strong>57&nbsp;<\/strong>universitaires et juristes d\u00e9noncent aupr\u00e8s du Conseil d\u2019Etat, \u00e0 la veille des Municipales, le traitement politique sur CNews. Cette cha\u00eene d\u2019info en continu du groupe Bollor\u00e9 contreviendrait au devoir de pluralisme politique sur la TNT relaie&nbsp;<a target=\"_blank\" href=\"https:\/\/www.liberation.fr\/economie\/medias\/pluralisme-une-soixantaine-de-professeurs-de-droit-et-juristes-saisissent-le-conseil-detat-pour-forcer-larcom-a-agir-contre-cnews-et-europe-1-20260305_A4L4AXHOB5DNTKXNJX2QZCEYFE\/?redirected=1555\" rel=\"noreferrer noopener\"><strong>Lib\u00e9ration<\/strong><\/a>.&nbsp;Pour le savoir, ils se sont farcis les \u00e9missions phares de la cha\u00eene, y compris la nouvelle arriv\u00e9e \u201c100% Fronti\u00e8res\u201d, du m\u00eame nom que le m\u00e9dia d\u2019extr\u00eame droite qui l\u2019anime. Ils exigent du Conseil d\u2019Etat une facilitation du travail de l\u2019Arcom pour, id\u00e9alement, suspendre la diffusion de la cha\u00eene, vu qu\u2019elle ne respecte pas la loi.<\/p>\n\n\n\n<p>On n\u2019y croit pas trop mais cette \u201csaisine\u201d de l\u2019Arcom vient s\u2019ajouter \u00e0&nbsp;<a target=\"_blank\" href=\"https:\/\/rsf.org\/fr\/d%C3%A9faut-de-pluralisme-sur-la-cha%C3%AEne-fran%C3%A7aise-cnews-rsf-saisit-l-arcom\" rel=\"noreferrer noopener\"><strong>celle de RSF<\/strong><\/a>&nbsp;en d\u00e9but d\u2019ann\u00e9e sur le m\u00eame sujet. Juristes, journalistes, citoyens, institutionnels, combien faudra-t-il de gens pour stopper Bollor\u00e9 et sa n\u00e9buleuse d\u2019extr\u00eame droite ?<\/p>\n\n\n\n<p><a target=\"_blank\" href=\"https:\/\/www.mediapart.fr\/journal\/politique\/250226\/est-les-mieux-places-pour-en-parler-ces-jeunes-candidats-qui-battent-la-campagne-municipale-sur-tiktok\" rel=\"noreferrer noopener\"><strong>4-&nbsp;<\/strong><\/a><a target=\"_blank\" href=\"https:\/\/www.mediabask.eus\/fr\/info_mbsk\/20260309\/les-associations-prennent-aussi-part-aux-elections\" rel=\"noreferrer noopener\"><strong>Des assos surfent sur les \u00e9lections pour imposer leurs combats<\/strong><\/a><\/p>\n\n\n\n<p><strong>Surfrider, Oxfam ou Bizi!<\/strong>&nbsp;sont des associations de d\u00e9fense des droits humains ou \u00e9colos.&nbsp;<a target=\"_blank\" href=\"https:\/\/www.mediabask.eus\/fr\/info_mbsk\/20260309\/les-associations-prennent-aussi-part-aux-elections\" rel=\"noreferrer noopener\"><strong>Mediabask<\/strong><\/a>&nbsp;raconte leur engagement local dans les communes du Pays Basque \u00e0 la veille des Municipales pour prot\u00e9ger l&rsquo;environnement. Un&nbsp;<a target=\"_blank\" href=\"https:\/\/pacte2026.bizimugi.eu\/\" rel=\"noreferrer noopener\"><strong>\u201cpacte pour le climat et les habitants du pays basque\u201d<\/strong><\/a>&nbsp;a \u00e9t\u00e9 propos\u00e9 aux candidats de tous bords, une tentative de peser sur les promesses de campagne et donc sur le futur de leurs villes.<\/p>\n\n\n\n<p>Fort de leur lobbying associatif, le pacte a d\u00e9j\u00e0 \u00e9t\u00e9 sign\u00e9 par 61 listes candidates dans plusieurs communes de la r\u00e9gion (Biarritz, Bayonne\u2026). Plusieurs initiatives associatives de ce type essaiment dans ce coin mais aussi partout en France pour peser dans la balance \u00e9lectorale.<\/p>\n\n\n\n<h2 class=\"wp-block-heading has-white-color has-text-color has-background has-link-color wp-elements-5640066913929101ca86a0f9982e7fe9\" style=\"background-color:#b82626\"><strong>Les Municipales sous le Radar<\/strong> (avec Mediacit\u00e9s)<\/h2>\n\n\n\n<div class=\"wp-block-columns is-layout-flex wp-container-core-columns-is-layout-28f84493 wp-block-columns-is-layout-flex\">\n<div class=\"wp-block-column is-layout-flow wp-block-column-is-layout-flow\">\n<figure class=\"wp-block-image size-large is-resized\"><img decoding=\"async\" width=\"697\" height=\"1024\" src=\"https:\/\/mob-media.info\/wp-content\/uploads\/2026\/03\/Miniature-IG-Securite-e1773155977355-697x1024.png\" alt=\"\" class=\"wp-image-2484\" style=\"aspect-ratio:0.6806567115595882;width:335px;height:auto\" srcset=\"https:\/\/mob-media.info\/wp-content\/uploads\/2026\/03\/Miniature-IG-Securite-e1773155977355-697x1024.png 697w, https:\/\/mob-media.info\/wp-content\/uploads\/2026\/03\/Miniature-IG-Securite-e1773155977355-204x300.png 204w, https:\/\/mob-media.info\/wp-content\/uploads\/2026\/03\/Miniature-IG-Securite-e1773155977355-768x1128.png 768w, https:\/\/mob-media.info\/wp-content\/uploads\/2026\/03\/Miniature-IG-Securite-e1773155977355-1045x1536.png 1045w, https:\/\/mob-media.info\/wp-content\/uploads\/2026\/03\/Miniature-IG-Securite-e1773155977355-600x882.png 600w, https:\/\/mob-media.info\/wp-content\/uploads\/2026\/03\/Miniature-IG-Securite-e1773155977355.png 1078w\" sizes=\"(max-width: 697px) 100vw, 697px\" \/><\/figure>\n<\/div>\n\n\n\n<div class=\"wp-block-column is-layout-flow wp-block-column-is-layout-flow\">\n<p><a target=\"_blank\" href=\"https:\/\/www.youtube.com\/watch?v=-WvB-iGXAwQ\" rel=\"noreferrer noopener\"><strong>Radar #14 &#8211; S\u00e9curit\u00e9, l\u2019escalade r\u00e9pressive<\/strong><\/a><\/p>\n\n\n\n<p><strong>Vous n\u2019\u00eates pas en s\u00e9curit\u00e9 !<\/strong>&nbsp;C\u2019est du moins le sujet d\u2019inqui\u00e9tude principal d\u2019une majorit\u00e9 de fran\u00e7ais \u00e0 la veille des Municipales, et celui de notre s\u00e9rie en partenariat avec Mediacit\u00e9s. Alors, si la tranquillit\u00e9 publique et la lutte contre la d\u00e9linquance sont des sujets l\u00e9gitimes, reste \u00e0&nbsp;<a target=\"_blank\" href=\"https:\/\/www.youtube.com\/watch?v=-WvB-iGXAwQ\" rel=\"noreferrer noopener\"><strong>leur trouver des solutions adapt\u00e9es<\/strong><\/a>. Et \u00e0 bien distinguer le sentiment d&rsquo;ins\u00e9curit\u00e9, des r\u00e9alit\u00e9s de terrain.<\/p>\n\n\n\n<p>Qu\u2019entend-on exactement derri\u00e8re cet enjeu un peu fourre-tout ? Et quel panel de solutions \u00e0 quelques jours des \u00e9lections municipales ?<\/p>\n<\/div>\n<\/div>\n\n\n\n<div class=\"wp-block-columns is-layout-flex wp-container-core-columns-is-layout-28f84493 wp-block-columns-is-layout-flex\">\n<div class=\"wp-block-column is-layout-flow wp-block-column-is-layout-flow\">\n<p><a target=\"_blank\" href=\"https:\/\/www.youtube.com\/watch?v=GQC8dQWwfGs&amp;t=2s\" rel=\"noreferrer noopener\"><strong>Radar #15 &#8211; Probit\u00e9, corruption : qui dit pouvoir dit abus ?<\/strong><\/a><\/p>\n\n\n\n<p><strong>120 milliards d\u2019euros.<\/strong>\u00a0C\u2019est le co\u00fbt estim\u00e9 des atteintes \u00e0 la probit\u00e9 chaque ann\u00e9e en France, (d\u2019apr\u00e8s Rand Europe, un institut ind\u00e9pendant mandat\u00e9 par le Parlement europ\u00e9en). Un chiffre, \u00e0 la hausse, plus important encore que l\u2019\u00e9vasion fiscale. Entre 2016 et 2025, la France a connu une augmentation de 50 % des atteintes \u00e0 la probit\u00e9. Et, d\u2019apr\u00e8s l\u2019Agence fran\u00e7aise anticorruption, pr\u00e8s d\u2019un tiers des cas impliquent des maires ou des \u00e9lus locaux. Derni\u00e8re actualit\u00e9 en date : le site Wikidati fait beaucoup parler de lui. <\/p>\n\n\n\n<p><\/p>\n<\/div>\n\n\n\n<div class=\"wp-block-column is-layout-flow wp-block-column-is-layout-flow\">\n<figure class=\"wp-block-image size-large is-resized\"><a href=\"https:\/\/www.youtube.com\/watch?v=GQC8dQWwfGs&amp;t=2s\" target=\"_blank\" rel=\" noreferrer noopener\"><img loading=\"lazy\" decoding=\"async\" width=\"804\" height=\"1024\" src=\"https:\/\/mob-media.info\/wp-content\/uploads\/2026\/03\/Miniature-IG-Probiye-e1773329936164-804x1024.png\" alt=\"\" class=\"wp-image-2502\" style=\"aspect-ratio:0.785154416596264;width:370px;height:auto\" srcset=\"https:\/\/mob-media.info\/wp-content\/uploads\/2026\/03\/Miniature-IG-Probiye-e1773329936164-804x1024.png 804w, https:\/\/mob-media.info\/wp-content\/uploads\/2026\/03\/Miniature-IG-Probiye-e1773329936164-236x300.png 236w, https:\/\/mob-media.info\/wp-content\/uploads\/2026\/03\/Miniature-IG-Probiye-e1773329936164-768x978.png 768w, https:\/\/mob-media.info\/wp-content\/uploads\/2026\/03\/Miniature-IG-Probiye-e1773329936164-600x764.png 600w, https:\/\/mob-media.info\/wp-content\/uploads\/2026\/03\/Miniature-IG-Probiye-e1773329936164.png 1078w\" sizes=\"(max-width: 804px) 100vw, 804px\" \/><\/a><\/figure>\n<\/div>\n<\/div>\n\n\n\n<p><a href=\"https:\/\/www.youtube.com\/watch?v=GQC8dQWwfGs&amp;t=2s\" target=\"_blank\" rel=\"noreferrer noopener\"><strong>Un cas d&rsquo;\u00e9cole, malheureusement loin d&rsquo;\u00eatre une exception \u00e0 la veille des \u00e9lections municipales<\/strong><\/a>. Et si c\u2019\u00e9tait l\u2019\u00e9thique des \u00e9lus, le vrai enjeu de ce scrutin ? Comment faire pour contr\u00f4ler vos \u00e9lus et que votre commune soit \u00e9pargn\u00e9e ? C&rsquo;est le sujet du dernier \u00e9pisode de Radar avant le 1er tour.<\/p>\n\n\n\n<h2 class=\"wp-block-heading has-white-color has-text-color has-background has-link-color wp-elements-22d066681fa43b5e8235207bd823d852\" style=\"background-color:#6e63bc\"><strong>Les recommandations de la r\u00e9dac<\/strong><\/h2>\n\n\n\n<div class=\"wp-block-columns is-layout-flex wp-container-core-columns-is-layout-28f84493 wp-block-columns-is-layout-flex\">\n<div class=\"wp-block-column is-layout-flow wp-block-column-is-layout-flow\">\n<figure class=\"wp-block-image aligncenter size-full is-resized\"><img loading=\"lazy\" decoding=\"async\" width=\"600\" height=\"800\" src=\"https:\/\/mob-media.info\/wp-content\/uploads\/2026\/04\/lanceur-dalerte.png\" alt=\"\" class=\"wp-image-2700\" style=\"aspect-ratio:0.7499887917507285;width:329px;height:auto\" srcset=\"https:\/\/mob-media.info\/wp-content\/uploads\/2026\/04\/lanceur-dalerte.png 600w, https:\/\/mob-media.info\/wp-content\/uploads\/2026\/04\/lanceur-dalerte-225x300.png 225w\" sizes=\"(max-width: 600px) 100vw, 600px\" \/><\/figure>\n<\/div>\n\n\n\n<div class=\"wp-block-column is-layout-flow wp-block-column-is-layout-flow\">\n<p>Les lanceur-ses d\u2019alerte sont en premi\u00e8re ligne quand il s\u2019agit de mettre en lumi\u00e8re des abus de pouvoir ou des affaires en entreprise ou tr\u00e8s localement. Un statut encore pr\u00e9caire malgr\u00e9 les multiples lois pass\u00e9es ces derni\u00e8res ann\u00e9es.<\/p>\n\n\n\n<p><a target=\"_blank\" href=\"https:\/\/www.arte.tv\/fr\/videos\/122196-000-A\/qui-veut-la-peau-de-la-lanceuse-d-alerte\/\" rel=\"noreferrer noopener\"><strong>Le cas d\u2019Houria Aouimeur est racont\u00e9 dans le d\u00e9tail sur Arte<\/strong><\/a>. Un reportage tr\u00e8s factuel et assez aride mais \u00e9difiant quant au traitement de ces \u201cvigies de la d\u00e9mocratie\u201d.<\/p>\n\n\n\n<p>Et pour plus d\u2019info, ou vous mobilisez, il y a&nbsp;<a target=\"_blank\" href=\"https:\/\/mlalerte.org\/\" rel=\"noreferrer noopener\"><strong>la maison des lanceurs d\u2019alerte<\/strong><\/a>&nbsp;!<\/p>\n<\/div>\n<\/div>\n\n\n\n<div class=\"wp-block-columns is-layout-flex wp-container-core-columns-is-layout-28f84493 wp-block-columns-is-layout-flex\">\n<div class=\"wp-block-column is-layout-flow wp-block-column-is-layout-flow\">\n<p><\/p>\n\n\n\n<p>Vous avez vu passer le&nbsp;<a target=\"_blank\" href=\"https:\/\/mobilisator.fr\/\" rel=\"noreferrer noopener\"><strong>Mobilisator<\/strong><\/a><strong>&nbsp;de&nbsp;<\/strong><em><strong>On est pr\u00eat<\/strong><\/em><strong>&nbsp;<\/strong>? C\u2019est l\u2019outil de mobilisation des jeunes (et moins jeunes) abstentionnistes pour aller voter aux Municipales ! Vous rentrez le nom de votre ville\/village et le site vous dit \u00e0 combien de voix pr\u00e8s vous auriez fait gagner une autre liste. Quel que soit son bord politique !<\/p>\n\n\n\n<p>Ici \u00e0 Calais (\u00e0 droite), 91 voix auraient fait la diff\u00e9rence. Alors que 12 000 votant-es parmi les 18-39 ans de la communes ne se seraient pas d\u00e9plac\u00e9-es. De quoi donner \u00e0 r\u00e9fl\u00e9chir si vous ne pensiez pas aller voter, et changer la donne dans certaines communes.<\/p>\n\n\n\n<p>En attendant, prenez soin de vous, et rendez-vous entre les deux tours,<\/p>\n\n\n\n<p><strong>L&rsquo;\u00e9quipe MOB<\/strong><\/p>\n<\/div>\n\n\n\n<div class=\"wp-block-column is-layout-flow wp-block-column-is-layout-flow\">\n<figure class=\"wp-block-image size-large is-resized\"><img loading=\"lazy\" decoding=\"async\" width=\"762\" height=\"1024\" src=\"https:\/\/mob-media.info\/wp-content\/uploads\/2026\/04\/on-est-pret-762x1024.png\" alt=\"\" class=\"wp-image-2701\" style=\"aspect-ratio:0.7441338048530949;width:371px;height:auto\" srcset=\"https:\/\/mob-media.info\/wp-content\/uploads\/2026\/04\/on-est-pret-762x1024.png 762w, https:\/\/mob-media.info\/wp-content\/uploads\/2026\/04\/on-est-pret-223x300.png 223w, https:\/\/mob-media.info\/wp-content\/uploads\/2026\/04\/on-est-pret.png 802w\" sizes=\"(max-width: 762px) 100vw, 762px\" \/><\/figure>\n<\/div>\n<\/div>\n\n\n\n<p>&#8211;<\/p>\n\n\n\n<h3 class=\"wp-block-heading has-text-align-center has-white-color has-text-color has-background has-link-color wp-elements-0fc18e480bc06924a14be01fbe0eabce\" style=\"background-color:#6e63bc\">Et pour ne rien rater de nos contenus, on vous propose une newsletter toutes les semaines, pour s&rsquo;abonner :<\/h3>\n\n\n\n<div class=\"wp-block-columns has-background is-layout-flex wp-container-core-columns-is-layout-28f84493 wp-block-columns-is-layout-flex\" style=\"background-color:#6e63bc\">\n<div class=\"wp-block-column is-layout-flow wp-block-column-is-layout-flow\">\n<figure class=\"wp-block-image size-large is-resized is-style-default\"><a href=\"https:\/\/mob-media.us21.list-manage.com\/subscribe?u=8a80eecf9dcb7e85d7c18aa10&amp;id=a2edb6c814\" target=\"_blank\" rel=\" noreferrer noopener\"><img loading=\"lazy\" decoding=\"async\" width=\"840\" height=\"1024\" src=\"https:\/\/mob-media.info\/wp-content\/uploads\/2026\/03\/Newsletter-modele-e1775037288407-840x1024.png\" alt=\"\" class=\"wp-image-2564\" style=\"aspect-ratio:0.8203059873486;width:334px;height:auto\" srcset=\"https:\/\/mob-media.info\/wp-content\/uploads\/2026\/03\/Newsletter-modele-e1775037288407-840x1024.png 840w, https:\/\/mob-media.info\/wp-content\/uploads\/2026\/03\/Newsletter-modele-e1775037288407-246x300.png 246w, https:\/\/mob-media.info\/wp-content\/uploads\/2026\/03\/Newsletter-modele-e1775037288407-768x936.png 768w, https:\/\/mob-media.info\/wp-content\/uploads\/2026\/03\/Newsletter-modele-e1775037288407-600x731.png 600w, https:\/\/mob-media.info\/wp-content\/uploads\/2026\/03\/Newsletter-modele-e1775037288407.png 1075w\" sizes=\"(max-width: 840px) 100vw, 840px\" \/><\/a><\/figure>\n<\/div>\n\n\n\n<div class=\"wp-block-column is-layout-flow wp-block-column-is-layout-flow\"><script>(function() {\n\twindow.mc4wp = window.mc4wp || {\n\t\tlisteners: [],\n\t\tforms: {\n\t\t\ton: function(evt, cb) {\n\t\t\t\twindow.mc4wp.listeners.push(\n\t\t\t\t\t{\n\t\t\t\t\t\tevent   : evt,\n\t\t\t\t\t\tcallback: cb\n\t\t\t\t\t}\n\t\t\t\t);\n\t\t\t}\n\t\t}\n\t}\n})();\n<\/script><!-- Mailchimp for WordPress v4.12.1 - https:\/\/wordpress.org\/plugins\/mailchimp-for-wp\/ --><form id=\"mc4wp-form-1\" class=\"mc4wp-form mc4wp-form-2563\" method=\"post\" data-id=\"2563\" data-name=\"Je m&#039;abonne \u00e0 la newsletter !\" data-typo-check=\"1\" ><div class=\"mc4wp-form-fields\"><\/p>\r\n<p>\r\n    <label>Pr\u00e9nom<\/label>\r\n    <input type=\"text\" name=\"FNAME\" autocomplete=\"given-name\">\r\n<\/p>\r\n<p>\r\n    <label>Nom de famille<\/label>\r\n    <input type=\"text\" name=\"LNAME\" autocomplete=\"family-name\">\r\n<\/p>\r\n<p>\r\n\t<label for=\"email\">Adresse e-mail: \r\n\t\t<input type=\"email\" id=\"email\" name=\"EMAIL\" placeholder=\"Votre adresse e-mail\" autocomplete=\"email\" required>\r\n\t<\/label>\r\n<\/p>\r\n\r\n<input type=\"hidden\" name=\"procaptcha\">\r\n\r\n\r\n<p>\r\n\t<input type=\"submit\" value=\"Je m'abonne\">\r\n<\/p><\/div><label style=\"display: none !important;\">Laissez ce champ vide si vous \u00eates humain\u00a0: <input type=\"text\" name=\"_mc4wp_honeypot\" value=\"\" tabindex=\"-1\" autocomplete=\"off\" \/><\/label><input type=\"hidden\" name=\"_mc4wp_timestamp\" value=\"1777228213\" \/><input type=\"hidden\" name=\"_mc4wp_form_id\" value=\"2563\" \/><input type=\"hidden\" name=\"_mc4wp_form_element_id\" value=\"mc4wp-form-1\" \/><div class=\"mc4wp-response\"><\/div><\/form><!-- \/ Mailchimp for WordPress Plugin --><\/div>\n<\/div>\n","protected":false},"excerpt":{"rendered":"<p>Municipales are coming ! &#8211; 13\/03\/26 Cela fait des semaines qu\u2019on vous en parle, des mois qu\u2019on bosse dessus et \u00e7a commence d\u00e8s dimanche 15 mars : les \u00e9lections municipales.\u00a0La premi\u00e8re \u00e9tape d\u2019un grand marathon \u00e9lectoral avant la Pr\u00e9sidentielle et les L\u00e9gislatives de 2027. Une \u00e9tape \u00a0qui donnera le ton des mois \u00e0 venir, tant &hellip; <\/p>\n<p class=\"link-more\"><a href=\"https:\/\/mob-media.info\/index.php\/2026\/03\/13\/municipales-are-coming\/\" class=\"more-link\">Lire la suite de<span class=\"screen-reader-text\">\u00ab\u00a0Municipales are coming !\u00a0\u00bb<\/span><\/a><\/p>\n","protected":false},"author":1,"featured_media":2703,"comment_status":"closed","ping_status":"open","sticky":false,"template":"","format":"standard","meta":{"footnotes":""},"categories":[9,68,26,1,25],"tags":[35,86,33,38,37,27,50,44],"class_list":["post-2699","post","type-post","status-publish","format-standard","has-post-thumbnail","hentry","category-ecole","category-infolettre","category-municipales-2026","category-non-classe","category-radar-2026","tag-corruption","tag-education","tag-election","tag-maire","tag-mairie","tag-municipales","tag-partis-politiques","tag-vote"],"featured_media_urls":{"thumbnail":["https:\/\/mob-media.info\/wp-content\/uploads\/2026\/03\/Actus-13-mars-150x150.png",150,150,true],"medium":["https:\/\/mob-media.info\/wp-content\/uploads\/2026\/03\/Actus-13-mars-240x300.png",240,300,true],"medium_large":["https:\/\/mob-media.info\/wp-content\/uploads\/2026\/03\/Actus-13-mars.png",768,960,false],"large":["https:\/\/mob-media.info\/wp-content\/uploads\/2026\/03\/Actus-13-mars-819x1024.png",819,1024,true],"1536x1536":["https:\/\/mob-media.info\/wp-content\/uploads\/2026\/03\/Actus-13-mars.png",1080,1350,false],"2048x2048":["https:\/\/mob-media.info\/wp-content\/uploads\/2026\/03\/Actus-13-mars.png",1080,1350,false],"inspiro-featured-image":["https:\/\/mob-media.info\/wp-content\/uploads\/2026\/03\/Actus-13-mars.png",1080,1350,false],"inspiro-loop":["https:\/\/mob-media.info\/wp-content\/uploads\/2026\/03\/Actus-13-mars-950x320.png",950,320,true],"inspiro-loop@2x":["https:\/\/mob-media.info\/wp-content\/uploads\/2026\/03\/Actus-13-mars-1080x640.png",1080,640,true],"portfolio_item-thumbnail":["https:\/\/mob-media.info\/wp-content\/uploads\/2026\/03\/Actus-13-mars-600x400.png",600,400,true],"portfolio_item-thumbnail@2x":["https:\/\/mob-media.info\/wp-content\/uploads\/2026\/03\/Actus-13-mars-1080x800.png",1080,800,true],"portfolio_item-masonry":["https:\/\/mob-media.info\/wp-content\/uploads\/2026\/03\/Actus-13-mars-600x750.png",600,750,true],"portfolio_item-masonry@2x":["https:\/\/mob-media.info\/wp-content\/uploads\/2026\/03\/Actus-13-mars.png",1080,1350,false],"portfolio_item-thumbnail_cinema":["https:\/\/mob-media.info\/wp-content\/uploads\/2026\/03\/Actus-13-mars-800x335.png",800,335,true],"portfolio_item-thumbnail_portrait":["https:\/\/mob-media.info\/wp-content\/uploads\/2026\/03\/Actus-13-mars-600x900.png",600,900,true],"portfolio_item-thumbnail_portrait@2x":["https:\/\/mob-media.info\/wp-content\/uploads\/2026\/03\/Actus-13-mars.png",1080,1350,false],"portfolio_item-thumbnail_square":["https:\/\/mob-media.info\/wp-content\/uploads\/2026\/03\/Actus-13-mars-800x800.png",800,800,true]},"_links":{"self":[{"href":"https:\/\/mob-media.info\/index.php\/wp-json\/wp\/v2\/posts\/2699","targetHints":{"allow":["GET"]}}],"collection":[{"href":"https:\/\/mob-media.info\/index.php\/wp-json\/wp\/v2\/posts"}],"about":[{"href":"https:\/\/mob-media.info\/index.php\/wp-json\/wp\/v2\/types\/post"}],"author":[{"embeddable":true,"href":"https:\/\/mob-media.info\/index.php\/wp-json\/wp\/v2\/users\/1"}],"replies":[{"embeddable":true,"href":"https:\/\/mob-media.info\/index.php\/wp-json\/wp\/v2\/comments?post=2699"}],"version-history":[{"count":5,"href":"https:\/\/mob-media.info\/index.php\/wp-json\/wp\/v2\/posts\/2699\/revisions"}],"predecessor-version":[{"id":2704,"href":"https:\/\/mob-media.info\/index.php\/wp-json\/wp\/v2\/posts\/2699\/revisions\/2704"}],"wp:featuredmedia":[{"embeddable":true,"href":"https:\/\/mob-media.info\/index.php\/wp-json\/wp\/v2\/media\/2703"}],"wp:attachment":[{"href":"https:\/\/mob-media.info\/index.php\/wp-json\/wp\/v2\/media?parent=2699"}],"wp:term":[{"taxonomy":"category","embeddable":true,"href":"https:\/\/mob-media.info\/index.php\/wp-json\/wp\/v2\/categories?post=2699"},{"taxonomy":"post_tag","embeddable":true,"href":"https:\/\/mob-media.info\/index.php\/wp-json\/wp\/v2\/tags?post=2699"}],"curies":[{"name":"wp","href":"https:\/\/api.w.org\/{rel}","templated":true}]}}