{"id":2708,"date":"2026-03-04T08:16:00","date_gmt":"2026-03-04T07:16:00","guid":{"rendered":"https:\/\/mob-media.info\/?p=2708"},"modified":"2026-04-26T18:46:42","modified_gmt":"2026-04-26T16:46:42","slug":"rest-in-greenpeace-deranque-listes-participatives","status":"publish","type":"post","link":"https:\/\/mob-media.info\/index.php\/2026\/03\/04\/rest-in-greenpeace-deranque-listes-participatives\/","title":{"rendered":"Rest in Greenpeace, Deranque, listes participatives"},"content":{"rendered":"\n<h2 class=\"wp-block-heading has-white-color has-text-color has-background has-link-color wp-elements-d83eba38a543453f1c1d28bd33175d6c\" style=\"background-color:#ec6500\">Rest in Greenpeace, Deranque, listes participatives &#8211; 04\/03\/26<\/h2>\n\n\n\n<p><strong>Il est des moments o\u00f9 l\u2019Histoire d\u00e9cide d\u2019appuyer sur l\u2019acc\u00e9l\u00e9rateur. C\u2019est un peu l\u2019effet \u00a0de l\u2019actualit\u00e9 des derniers jours. En s\u2019attaquant \u00e0 l\u2019Iran, les Etats-Unis et Isra\u00ebl d\u00e9clenchent un conflit mondial, militaire et \u00e9conomique. Guerre et d\u00e9mocratie s\u2019entendent assez mal, les d\u00e9cisions devant \u00eatre prises en urgence par nos repr\u00e9sentants. C\u2019est ainsi qu\u2019Emmanuel Macron\u00a0<a href=\"https:\/\/www.france24.com\/fr\/france\/20260303-en-direct-suivez-allocution-emmanuel-macron-guerre-moyen-orient-iran-etats-unis-israel\" target=\"_blank\" rel=\"noreferrer noopener\">nous engage<\/a>\u00a0militairement,\u00a0<a href=\"https:\/\/www.liberation.fr\/international\/europe\/dissuasion-emmanuel-macron-va-ordonner-la-hausse-du-nombre-de-tetes-nucleaires-francaises-20260302_MLNRATWZI5HERGRQAS5COZTMN4\/\" target=\"_blank\" rel=\"noreferrer noopener\">relance la production d\u2019ogives nucl\u00e9aires et se positionne<\/a>\u00a0\u00e0 l\u2019international. Sans nous consulter nous, citoyennes et citoyens, ou du moins nos repr\u00e9sentants. Apr\u00e8s la r\u00e9action d\u00e9fensive du Pr\u00e9sident, quelle \u00e9coute des partis politiques et citoyens aura-t-il pour d\u00e9cider de la place de la France dans ce conflit mondial ? On esp\u00e8re sans trop y croire que tous les bords politiques seront consult\u00e9s et la d\u00e9cision coll\u00e9giale.<\/strong><\/p>\n\n\n\n<p>En attendant, petit m\u00e9dia que nous sommes, nous continuons \u00e0 penser qu\u2019il faut mettre la focale sur l\u2019\u00e9ch\u00e9ance municipale \u00e0 venir, comme les d\u00e9rives nationales. En tout cas, \u00e0 ne pas se laisser embarquer dans le tumulte (in\u00e9vitable) des conflits guerriers internationaux. Et surtout, \u00e0 aller chercher la d\u00e9mocratie partout ! M\u00eame au th\u00e9\u00e2tre ? Dans ce nouvel article tir\u00e9 de notre magazine (qui sort ce vendredi !&nbsp;<a target=\"_blank\" href=\"https:\/\/www.helloasso.com\/associations\/mob-le-media-de-la-democratie\/collectes\/mob-saison-3-pour-la-democratie-jouons-collectif\" rel=\"noreferrer noopener\">Pr\u00e9-commandes<\/a>&nbsp;toujours ouvertes), on vous parle du Bruit qui court et de F\u00eate Ensemble, une compagnie qui essaie, une repr\u00e9sentation et une ville \u00e0 la fois, de remobiliser politiquement les habitants.<\/p>\n\n\n\n<figure class=\"wp-block-image aligncenter size-large is-resized\"><img fetchpriority=\"high\" decoding=\"async\" width=\"1024\" height=\"569\" src=\"https:\/\/mob-media.info\/wp-content\/uploads\/2026\/04\/artivisme-1024x569.png\" alt=\"\" class=\"wp-image-2709\" style=\"aspect-ratio:1.799670465467527;width:681px;height:auto\" srcset=\"https:\/\/mob-media.info\/wp-content\/uploads\/2026\/04\/artivisme-1024x569.png 1024w, https:\/\/mob-media.info\/wp-content\/uploads\/2026\/04\/artivisme-300x167.png 300w, https:\/\/mob-media.info\/wp-content\/uploads\/2026\/04\/artivisme.png 1631w\" sizes=\"(max-width: 1024px) 100vw, 1024px\" \/><\/figure>\n\n\n\n<p><strong>F\u00eate ensemble : l\u2019artivisme entre en sc\u00e8ne<\/strong><\/p>\n\n\n\n<p><strong>Depuis presque trois ans, le collectif Le Bruit qui Court m\u00eale art et activisme pour recr\u00e9er&nbsp;des espaces de d\u00e9lib\u00e9ration publique. \u00c0 travers une pi\u00e8ce de th\u00e9\u00e2tre forum, \u00ab&nbsp;<\/strong><em><strong>F\u00eate Ensemble<\/strong><\/em><strong>&nbsp;\u00bb, ils transforment l\u2019espace public en un lieu d\u2019art, d\u2019\u00e9motions et de r\u00e9flexion citoyenne sur la politique locale et la concertation.<\/strong><\/p>\n\n\n\n<p>Une boulangerie familiale de village est mise en p\u00e9ril par l\u2019ouverture d\u2019un centre commercial. Commer\u00e7ant\u00b7es, habitant\u00b7es, entrepreneur\u00b7ses et \u00e9lus vont devoir dialoguer et\/ou se battre pour que tout le monde puisse s\u2019y retrouver. Le texte de Robin le Priol, le metteur en sc\u00e8ne, part d\u2019un enjeu tr\u00e8s local et quotidien pour que le public puisse s\u2019y reconna\u00eetre et se l\u2019approprier.<\/p>\n\n\n\n<p><em>\u00ab Aujourd\u2019hui, la d\u00e9mocratie est souvent cantonn\u00e9e aux institutions comme la mairie ou le Parlement&nbsp;<\/em>\u00bb<em>,<\/em>&nbsp;d\u00e9plore Maxime Ollivier, cofondateur du collectif Le Bruit qui Court. Il voudrait r\u00e9introduire les citoyens dans la prise de d\u00e9cision, revenir aux bases de la d\u00e9mocratie. Mais par l\u2019Art ! Le collectif a donc con\u00e7u une pi\u00e8ce de th\u00e9\u00e2tre,&nbsp;<em>F\u00eate ensemble<\/em>&nbsp;et une assembl\u00e9e mobile, pendant l\u2019\u00e9t\u00e9 2023.<\/p>\n\n\n\n<p class=\"has-white-color has-text-color has-background has-link-color wp-elements-821de988cd54d12e33fd3d3046208119\" style=\"background-color:#ec6500\">\u00ab&nbsp;<em>Qu\u2019est-ce que je suis pr\u00eat \u00e0 faire pour la chose publique ?<\/em>&nbsp;\u00bb sera la grande question adress\u00e9e dans les villes et villages o\u00f9 F\u00eate Ensemble s\u2019installera.<\/p>\n\n\n\n<p>Une agora en bois a \u00e9t\u00e9 sp\u00e9cialement con\u00e7ue pour leur tourn\u00e9e et install\u00e9e dans diff\u00e9rents endroits en Bretagne, en libre acc\u00e8s pour les repr\u00e9sentations. Le public est lui-m\u00eame invit\u00e9 \u00e0 participer au projet en \u00ab r\u00e9\u00e9crivant l\u2019histoire&nbsp;\u00bb&nbsp;de la pi\u00e8ce. Comment les d\u00e9bats auraient-ils pu mieux se passer ? Un m\u00e9lange in\u00e9dit de th\u00e9\u00e2tre participatif et de discussions citoyennes inspir\u00e9 du th\u00e9\u00e2tre forum dont Maxime Ollivier est tr\u00e8s fier.&nbsp;<em>\u00ab L\u2019espace public ne doit pas \u00eatre r\u00e9duit aux vitrines des magasins. C\u2019est un espace o\u00f9 l\u2019on peut r\u00eaver, d\u00e9battre et construire ensemble, une exp\u00e9rience joyeuse et inclusive&nbsp;<\/em>\u00bb<em>,<\/em>&nbsp;explique le cofondateur.&nbsp;<\/p>\n\n\n\n<p>Les repr\u00e9sentations finissaient d\u2019ailleurs souvent par une f\u00eate, o\u00f9 discussions informelles et musique renforcent les liens entre participant\u00b7es.<\/p>\n\n\n\n<p><strong>Municipales, c\u2019est reparti pour un(e) tour(n\u00e9e)<\/strong><\/p>\n\n\n\n<p>Le Bruit qui Court puise son inspiration dans les mouvement des places tels que Nuit Debout,&nbsp;Occupy Wall Street<em>,&nbsp;<\/em>ou encore<em>&nbsp;<\/em>Y en a marre,<em>&nbsp;<\/em>qui ont eu lieu en France, aux&nbsp;\u00c9tats-Unis, et au S\u00e9n\u00e9gal dans les ann\u00e9es 2010. Pour Maxime, ces exp\u00e9riences sont la preuve qu\u2019il est possible de \u00ab&nbsp;<em>se r\u00e9approprier l\u2019espace public&nbsp;<\/em>\u00bb<em>.&nbsp;<\/em>C\u2019est ce qu\u2019ils ont tent\u00e9 cet \u00e9t\u00e9 2023, sporadiquement lors des Europ\u00e9ennes en 2024 puis \u00e0 Vaour lors des rencontres des listes et communes participatives. La troupe relance d\u2019ailleurs une tourn\u00e9e cette ann\u00e9e avec comme horizon la campagne des Municipales des prochains mois.<\/p>\n\n\n\n<p>Le sc\u00e9nario \u00ab Boulangerie en danger&nbsp;\u00bb&nbsp;de F\u00eate Ensemble a \u00e9t\u00e9 retravaill\u00e9 et orient\u00e9 \u00ab militantisme&nbsp;\u00bb. Ils comptent la jouer, \u00e0 plusieurs troupes de th\u00e9\u00e2tre, partout en France, l\u00e0 o\u00f9 des listes citoyennes ou partisanes les y inviteront. \u00ab&nbsp;<em>Qu\u2019est-ce que je suis pr\u00eat \u00e0 faire pour la chose publique ?<\/em>&nbsp;\u00bb&nbsp;sera la grande question adress\u00e9e dans les villes et villages o\u00f9 F\u00eate Ensemble s\u2019installera, dans l\u2019optique de faire passer les citoyen\u00b7nes d\u2019adh\u00e9rent\u00b7es \u00e0 acteur\u00b7ices des campagnes municipales. Faute de r\u00e9ussir \u00e0 toucher le grand public. Seules Joinville en Commun, Pacte pour Vaur\u00e9al ainsi que Beaumont en Commun (8 mars), des listes citoyennes, les ont invit\u00e9 \u00e0 performer dans leurs communes en ce mois de mars, quelques semaines avant les \u00e9lections.<\/p>\n\n\n\n<p>Le collectif rencontre, en effet, quelques difficult\u00e9s pour mobiliser les classes populaires<em>.&nbsp;<\/em>\u00ab<em>&nbsp;Peut-\u00eatre que le th\u00e9\u00e2tre reste per\u00e7u comme \u00e9litiste, m\u00eame lorsqu\u2019il s\u2019agit de th\u00e9\u00e2tre de rue. Nous devons encore travailler pour toucher ces publics \u00e9loign\u00e9s&nbsp;<\/em>\u00bb<em>,<\/em>&nbsp;confie Maxime Ollivier. Des obstacles, notamment financiers (communication, aller vers, d\u00e9marchage) qui les a oblig\u00e9s \u00e0 repenser leur cible en 2025 nous raconte Robin Le Priol, leur metteur en sc\u00e8ne.&nbsp;<\/p>\n\n\n\n<p><strong>F\u00e9d\u00e9rer pour mieux jouer&nbsp;<\/strong><\/p>\n\n\n\n<p>Pour lui, cibler les sympathisant\u00b7es aux listes citoyennes et les partis partageant leurs valeurs de justice sociale est un bon moyen pour le Collectif de relancer leur \u00ab artivisme&nbsp;\u00bb. Un choix pragmatique compte tenu du calendrier \u00e9lectoral et de ses enjeux. Ce qui explique cette transformation du contenu \u00ab&nbsp;<em>La premi\u00e8re version \u00e9tait tr\u00e8s manich\u00e9enne, tr\u00e8s youpi le collectif ! Cette ann\u00e9e, on pose un regard critique sur le fonctionnement difficile du faire ensemble.&nbsp;<\/em>\u00bb<em>&nbsp;<\/em>Robin le Priol veut susciter un d\u00e9bat sur les tensions \u00e0 \u00ab faire collectif&nbsp;\u00bb&nbsp;et la n\u00e9cessaire autor\u00e9gulation des groupes militants. Plus globalement, la pi\u00e8ce interroge les rapports de pouvoir au sein d\u2019une campagne municipale.<\/p>\n\n\n\n<p>Avec&nbsp;<em>F\u00eate Ensemble<\/em>, la compagnie fait le pont entre les milieux artistiques et activistes avec un objectif clair :&nbsp;<em>\u00ab Parler et donner son avis, ce n\u2019est pas juste voter ou \u00e9couter un conseil municipal. C\u2019est une exp\u00e9rience collective, o\u00f9 chacun a sa place, y compris dans les campagnes \u00e9lectorales.&nbsp;<\/em>\u00bb&nbsp;pr\u00e9cise le metteur en sc\u00e8ne.<\/p>\n\n\n\n<p>Sc\u00e9nariser ces enjeux politiques constitue une belle ouverture sur les enjeux de d\u00e9mocratie, et \u00e7a pla\u00eet beaucoup au public.&nbsp;<em>\u00ab Nous avons vu des choses magnifiques, les gens ont pris part aux discussions et se sont sentis concern\u00e9<\/em>\u00b7<em>es.&nbsp;<\/em>\u00bb<em>&nbsp;<\/em>se rem\u00e9more, enthousiaste, Maxime Ollivier.<em>&nbsp;<\/em>Une m\u00e9thode alternative pour r\u00e9enchanter la politique, une repr\u00e9sentation \u00e0 la fois.<\/p>\n\n\n\n<p class=\"has-text-align-right\"><strong>Elliot Clarke, Justine Kouassi<\/strong><\/p>\n\n\n\n<h2 class=\"wp-block-heading has-white-color has-text-color has-background has-link-color wp-elements-b3dacc4ff04000ab4c5b9c49cbdf7b22\" style=\"background-color:#ec6500\"><strong>Les actus de la semaine<\/strong> <strong>(les infographies reviennent apr\u00e8s les Municipales, promis)<\/strong><\/h2>\n\n\n\n<p><strong>1-&nbsp;<\/strong><a target=\"_blank\" href=\"https:\/\/reporterre.net\/Une-amende-a-345-millions-de-dollars-Greenpeace-USA-menacee-de-disparition\" rel=\"noreferrer noopener\"><strong>Greenpeace&nbsp;<\/strong><\/a><strong>b\u00e2illonn\u00e9e, l\u2019asso en danger<\/strong>&nbsp;&#8211; Reporterre<\/p>\n\n\n\n<p>Greenpeace subit une proc\u00e9dure-b\u00e2illon du g\u00e9ant p\u00e9trolier Energy Transfer : 345 millions d\u2019amende sont, pour le moment, exig\u00e9s pour des manifestations et blocages d\u2019un ol\u00e9oduc en f\u00e9vrier 2017. Une tentative de silenciation d\u2019une des plus grandes ONG environnementales. L\u2019amende constitut 9 fois les revenus annuels de Greenpeace, un danger pour son existence. La d\u00e9cision est contest\u00e9e en appel, la sanction a des chances de sauter mais on voit bien les attaques que subissent les mouvements \u00e9colos et autochtones partout dans le monde. A coups de proc\u00e8s, d\u2019amendes voire d\u2019emprisonnement.<\/p>\n\n\n\n<p>On en parlait d\u2019ailleurs dans une publication avec Prison Insider sur&nbsp;<a target=\"_blank\" href=\"https:\/\/www.youtube.com\/watch?v=mQpnrOuOgg4&amp;t=13s\" rel=\"noreferrer noopener\"><strong>la criminalisation des activistes<\/strong><\/a>.<\/p>\n\n\n\n<p><strong>2-&nbsp;<\/strong><a target=\"_blank\" href=\"https:\/\/www.arretsurimages.net\/chroniques\/calmos\/mort-de-quentin-deranque-dans-les-medias-recit-depolitise-lfi-diabolisee\" rel=\"noreferrer noopener\"><strong>Quentin Deranque : braises m\u00e9diatique, flamb\u00e9e d\u2019extr\u00eame droite<\/strong><\/a><strong>&nbsp;&#8211;&nbsp;<\/strong>Arr\u00eat sur Images<\/p>\n\n\n\n<p>Difficile d\u2019\u00eatre pass\u00e9 \u00e0 c\u00f4t\u00e9 de la mort de Quentin Deranque, militant n\u00e9ofasciste, venu en d\u00e9coudre avec les antifas lors d\u2019un rassemblement lyonnais de Rima Hassan \/ La France Insoumise (LFI). Depuis les cha\u00eenes d\u2019info et la classe politique se d\u00e9cha\u00eenent sur le parti de M\u00e9lenchon. On met dos \u00e0 dos \u201cultra gauche\u201d et \u201cultra droite\u201d bien que l\u2019amalgame pr\u00e9serve le Rassemblement national, l\u00e0 o\u00f9 LFI sera tenu comme responsable d\u2019une dramatique rixe de rue.<\/p>\n\n\n\n<p>Les m\u00e9dias mainstream, CNews en t\u00eate, oublient souvent les faits dans leurs attaques politiques et id\u00e9alisent m\u00eame Quentin Deranque, d\u00e9finit comme un \u201cjeune homme avec ses id\u00e9es mais non-violent\u201d. A la veille des Municipales, cette emball\u00e9e m\u00e9diatique nuit \u00e0 des r\u00e9flexions de fond et (rassemblement) nationalise le d\u00e9bat public. Pour le pire.<\/p>\n\n\n\n<div class=\"wp-block-columns is-layout-flex wp-container-core-columns-is-layout-28f84493 wp-block-columns-is-layout-flex\">\n<div class=\"wp-block-column is-layout-flow wp-block-column-is-layout-flow\">\n<p><a href=\"https:\/\/bonpote.com\/villes-futures\/\" target=\"_blank\" rel=\"noreferrer noopener\"><strong>3- Municipales 2026 :une cartographie participative<\/strong><\/a><strong>\u00a0des listes &#8211;\u00a0<\/strong>Bon Pote<\/p>\n\n\n\n<p>L\u2019histoire de recentrer le d\u00e9bat sur les programmes et non les faits divers, comment s\u2019informer correctement ? On veut savoir ce qu\u2019il s\u2019est pass\u00e9 lors des derni\u00e8res \u00e9lections dans nos villes et villages, retrouver facilement les programmes des candidat-es en lice, comprendre l\u2019impact du r\u00e9chauffement climatique pr\u00e8s de chez nous dans les ann\u00e9es \u00e0 venir.<\/p>\n\n\n\n<p>C\u2019est ce qu\u2019a mis en carte l\u2019\u00e9quipe de Bon Pote (un m\u00e9dia \u00e0 suivre si vous ne connaissez pas !).<\/p>\n\n\n\n<p>Une cartographie participative essentielle \u00e0 quelques semaines des Municipales. Simple, didactique et surtout coll\u00e9giale : vous pouvez soumettre vous-m\u00eames des infos qui seront ensuite v\u00e9rifi\u00e9es par leur r\u00e9daction. Travail titanesque et essentiel \u00e0 11 jours du 1er tour.<\/p>\n<\/div>\n\n\n\n<div class=\"wp-block-column is-layout-flow wp-block-column-is-layout-flow\">\n<figure class=\"wp-block-image size-large\"><a href=\"https:\/\/bonpote.com\/villes-futures\/\"><img decoding=\"async\" width=\"1024\" height=\"864\" src=\"https:\/\/mob-media.info\/wp-content\/uploads\/2026\/04\/carto-listes-1024x864.png\" alt=\"\" class=\"wp-image-2710\" srcset=\"https:\/\/mob-media.info\/wp-content\/uploads\/2026\/04\/carto-listes-1024x864.png 1024w, https:\/\/mob-media.info\/wp-content\/uploads\/2026\/04\/carto-listes-300x253.png 300w, https:\/\/mob-media.info\/wp-content\/uploads\/2026\/04\/carto-listes.png 1346w\" sizes=\"(max-width: 1024px) 100vw, 1024px\" \/><\/a><\/figure>\n<\/div>\n<\/div>\n\n\n\n<p><\/p>\n\n\n\n<p><a target=\"_blank\" href=\"https:\/\/www.mediapart.fr\/journal\/politique\/250226\/est-les-mieux-places-pour-en-parler-ces-jeunes-candidats-qui-battent-la-campagne-municipale-sur-tiktok\" rel=\"noreferrer noopener\"><strong>4- Les jeunes aussi s\u2019engagent dans les Municipales<\/strong><\/a>&nbsp;&#8211; Mediapart<\/p>\n\n\n\n<p>\u201c<em>Prenez vos t\u00e9l\u00e9phones et reprenez vos villes<\/em>&nbsp;!\u201d. C\u2019est le slogan impactant de Yassine Benyettou du collectif&nbsp;<a target=\"_blank\" href=\"https:\/\/www.instagram.com\/red_jeunes\/?hl=fr\" rel=\"noreferrer noopener\">Red Jeunes<\/a>. A l\u2019image de nombreux jeunes des quartiers populaires, interrog\u00e9s par Mediapart, ils tentent de faire peser les enjeux qui les concernent dans les campagne de leurs villes. Parfois candidats, souvent engag\u00e9s avec des listes, leurs contenus diffus\u00e9s sur Instagram ou TikTok essaient de faire la diff\u00e9rence.<\/p>\n\n\n\n<p>Une nouveaut\u00e9 au niveau local selon Tristan Haute, chercheur en sociologie \u00e9lectorale. Un ph\u00e9nom\u00e8ne qui nous rappelle la campagne r\u00e9ussie, \u00e0 New York, d\u2019un certain Zohran Mamdani, un bel exemple d\u2019engagement num\u00e9rique et g\u00e9n\u00e9rationnel.<\/p>\n\n\n\n<h2 class=\"wp-block-heading has-white-color has-text-color has-background has-link-color wp-elements-e993ecb2f5c30c516e64852f01c2da01\" style=\"background-color:#cf1f1f\">Les Municipales sous le Radar (avec Mediacit\u00e9s)<\/h2>\n\n\n\n<div class=\"wp-block-columns is-layout-flex wp-container-core-columns-is-layout-28f84493 wp-block-columns-is-layout-flex\">\n<div class=\"wp-block-column is-layout-flow wp-block-column-is-layout-flow\">\n<figure class=\"wp-block-embed is-type-video is-provider-youtube wp-block-embed-youtube wp-embed-aspect-16-9 wp-has-aspect-ratio\"><div class=\"wp-block-embed__wrapper\">\n<iframe title=\"Radar #11 - \u00c9lire nos mairies au f\u00e9minin\" width=\"950\" height=\"534\" src=\"https:\/\/www.youtube.com\/embed\/ZeDbl8Scb5o?feature=oembed\" frameborder=\"0\" allow=\"accelerometer; autoplay; clipboard-write; encrypted-media; gyroscope; picture-in-picture; web-share\" referrerpolicy=\"strict-origin-when-cross-origin\" allowfullscreen><\/iframe>\n<\/div><\/figure>\n<\/div>\n\n\n\n<div class=\"wp-block-column is-layout-flow wp-block-column-is-layout-flow\">\n<figure class=\"wp-block-embed is-type-video is-provider-youtube wp-block-embed-youtube wp-embed-aspect-16-9 wp-has-aspect-ratio\"><div class=\"wp-block-embed__wrapper\">\n<iframe title=\"Radar #12 - Logement : r\u00e9guler ou lib\u00e9rer ?\" width=\"950\" height=\"534\" src=\"https:\/\/www.youtube.com\/embed\/qcfA1dr6q6Y?start=70&#038;feature=oembed\" frameborder=\"0\" allow=\"accelerometer; autoplay; clipboard-write; encrypted-media; gyroscope; picture-in-picture; web-share\" referrerpolicy=\"strict-origin-when-cross-origin\" allowfullscreen><\/iframe>\n<\/div><\/figure>\n<\/div>\n<\/div>\n\n\n\n<div class=\"wp-block-columns is-layout-flex wp-container-core-columns-is-layout-28f84493 wp-block-columns-is-layout-flex\">\n<div class=\"wp-block-column is-layout-flow wp-block-column-is-layout-flow\">\n<p><a target=\"_blank\" href=\"https:\/\/www.youtube.com\/watch?v=ZeDbl8Scb5o\" rel=\"noreferrer noopener\"><strong>Radar #11 &#8211; Elire nos mairies au f\u00e9minin<\/strong><\/a><\/p>\n\n\n\n<p>3 maires sur 4 seront des hommes en 2026 selon\u00a0<a href=\"https:\/\/www.lemonde.fr\/les-decodeurs\/article\/2026\/03\/02\/municipales-2026-malgre-la-parite-imposee-plus-de-deux-tiers-des-maires-seront-des-hommes_6669264_4355770.html\" target=\"_blank\" rel=\"noreferrer noopener\"><strong>Le Monde<\/strong><\/a><strong>.<\/strong>\u00a0La campagne pour les municipales bat son plein depuis quelques semaines, et avec elle, un vieux r\u00e9flexe : le sexisme. M\u00eame si, pour la premi\u00e8re fois, en 2026, toutes les communes soumettront des listes paritaires aux \u00e9lections municipales, le chemin vers la parit\u00e9 est encore long. <\/p>\n\n\n\n<p>Et si l&rsquo;on va plus loin, celui\u00a0<a href=\"https:\/\/www.youtube.com\/watch?v=ZeDbl8Scb5o\" target=\"_blank\" rel=\"noreferrer noopener\"><strong>vers une vie politique plus f\u00e9ministe<\/strong><\/a>.<\/p>\n<\/div>\n\n\n\n<div class=\"wp-block-column is-layout-flow wp-block-column-is-layout-flow\">\n<p><a target=\"_blank\" href=\"https:\/\/www.youtube.com\/watch?v=qcfA1dr6q6Y&amp;t=70s\" rel=\"noreferrer noopener\"><strong>Radar #12 &#8211; Logement : r\u00e9guler ou lib\u00e9rer ?<\/strong><\/a><\/p>\n\n\n\n<p>Selon la\u00a0<a href=\"https:\/\/www.fondationpourlelogement.fr\/31e-rapport-sur-letat-du-mal-logement-en-france-en-2026\/\" target=\"_blank\" rel=\"noreferrer noopener\"><strong>Fondation pour le logement<\/strong><\/a>, 4,2 millions de gens sont mal log\u00e9s en France. Des situations vari\u00e9es allant des personnes \u00e0 la rue \u00e0 des jeunes adultes forc\u00e9s de retourner vivre chez leurs parents. Le sujet du logement s\u2019invite donc dans les \u00e9lections municipales aux c\u00f4t\u00e9s de ce qui concerne le plus les Fran\u00e7ais : le pouvoir d\u2019achat. <\/p>\n\n\n\n<p>Mais alors,\u00a0<a href=\"https:\/\/youtu.be\/qcfA1dr6q6Y\" target=\"_blank\" rel=\"noreferrer noopener\"><strong>comment on agit concr\u00e8tement et localement pour le logement ?<\/strong><\/a>\u00a0A la fois pour trouver des solutions p\u00e9rennes pour toutes et tous mais aussi pour am\u00e9liorer la qualit\u00e9 des b\u00e2timents et leur habitation effective ?<\/p>\n\n\n\n<p><\/p>\n<\/div>\n<\/div>\n\n\n\n<h2 class=\"wp-block-heading has-white-color has-text-color has-background has-link-color wp-elements-718455a851d5f121958a144ba7525fee\" style=\"background-color:#ec6500\"><strong>La recommandation de la r\u00e9dac<\/strong><\/h2>\n\n\n\n<div class=\"wp-block-columns is-layout-flex wp-container-core-columns-is-layout-28f84493 wp-block-columns-is-layout-flex\">\n<div class=\"wp-block-column is-layout-flow wp-block-column-is-layout-flow\">\n<p>Pour creuser sur le journalisme local, engag\u00e9 et la d\u00e9mocratie, direction Bordeaux !<\/p>\n\n\n\n<p>Le festival imprim\u00e9 ouvre ses portes d\u00e8s aujourd\u2019hui, le 4 mars et pour 4 jours. Vous y retrouverez entre autres l\u2019\u00e9quipe de Climax, Backseat, Nassira El Moaddem ou nos partenaires de Mediacit\u00e9s Toulouse.&nbsp;<a target=\"_blank\" href=\"https:\/\/www.festival-imprime.fr\/programmation-2026\/\" rel=\"noreferrer noopener\"><strong>Programme complet par ici<\/strong><\/a>.<\/p>\n\n\n\n<p>En attendant prenez soin de vous,<\/p>\n\n\n\n<p><strong>L\u2019\u00e9quipe MOB<\/strong><\/p>\n<\/div>\n\n\n\n<div class=\"wp-block-column is-layout-flow wp-block-column-is-layout-flow\">\n<figure class=\"wp-block-image aligncenter size-large is-resized\"><img decoding=\"async\" width=\"781\" height=\"1024\" src=\"https:\/\/mob-media.info\/wp-content\/uploads\/2026\/04\/festival-imprime-781x1024.png\" alt=\"\" class=\"wp-image-2711\" style=\"aspect-ratio:0.7626917728588688;width:337px;height:auto\" srcset=\"https:\/\/mob-media.info\/wp-content\/uploads\/2026\/04\/festival-imprime-781x1024.png 781w, https:\/\/mob-media.info\/wp-content\/uploads\/2026\/04\/festival-imprime-229x300.png 229w, https:\/\/mob-media.info\/wp-content\/uploads\/2026\/04\/festival-imprime.png 900w\" sizes=\"(max-width: 781px) 100vw, 781px\" \/><\/figure>\n<\/div>\n<\/div>\n\n\n\n<h3 class=\"wp-block-heading has-text-align-center has-white-color has-text-color has-background has-link-color wp-elements-a7ca048e1c85cc4f1f409306625e368d\" style=\"background-color:#ec6500\">Et pour ne rien rater de nos contenus, on vous propose une newsletter toutes les semaines, pour s&rsquo;abonner :<\/h3>\n\n\n\n<div class=\"wp-block-columns has-background is-layout-flex wp-container-core-columns-is-layout-28f84493 wp-block-columns-is-layout-flex\" style=\"background-color:#ec6500\">\n<div class=\"wp-block-column is-layout-flow wp-block-column-is-layout-flow\">\n<figure class=\"wp-block-image size-large is-resized is-style-default\"><a href=\"https:\/\/mob-media.us21.list-manage.com\/subscribe?u=8a80eecf9dcb7e85d7c18aa10&amp;id=a2edb6c814\" target=\"_blank\" rel=\" noreferrer noopener\"><img loading=\"lazy\" decoding=\"async\" width=\"840\" height=\"1024\" src=\"https:\/\/mob-media.info\/wp-content\/uploads\/2026\/03\/Newsletter-modele-e1775037288407-840x1024.png\" alt=\"\" class=\"wp-image-2564\" style=\"aspect-ratio:0.8203059873486;width:334px;height:auto\" srcset=\"https:\/\/mob-media.info\/wp-content\/uploads\/2026\/03\/Newsletter-modele-e1775037288407-840x1024.png 840w, https:\/\/mob-media.info\/wp-content\/uploads\/2026\/03\/Newsletter-modele-e1775037288407-246x300.png 246w, https:\/\/mob-media.info\/wp-content\/uploads\/2026\/03\/Newsletter-modele-e1775037288407-768x936.png 768w, https:\/\/mob-media.info\/wp-content\/uploads\/2026\/03\/Newsletter-modele-e1775037288407-600x731.png 600w, https:\/\/mob-media.info\/wp-content\/uploads\/2026\/03\/Newsletter-modele-e1775037288407.png 1075w\" sizes=\"(max-width: 840px) 100vw, 840px\" \/><\/a><\/figure>\n<\/div>\n\n\n\n<div class=\"wp-block-column is-layout-flow wp-block-column-is-layout-flow\"><script>(function() {\n\twindow.mc4wp = window.mc4wp || {\n\t\tlisteners: [],\n\t\tforms: {\n\t\t\ton: function(evt, cb) {\n\t\t\t\twindow.mc4wp.listeners.push(\n\t\t\t\t\t{\n\t\t\t\t\t\tevent   : evt,\n\t\t\t\t\t\tcallback: cb\n\t\t\t\t\t}\n\t\t\t\t);\n\t\t\t}\n\t\t}\n\t}\n})();\n<\/script><!-- Mailchimp for WordPress v4.12.1 - https:\/\/wordpress.org\/plugins\/mailchimp-for-wp\/ --><form id=\"mc4wp-form-1\" class=\"mc4wp-form mc4wp-form-2563\" method=\"post\" data-id=\"2563\" data-name=\"Je m&#039;abonne \u00e0 la newsletter !\" data-typo-check=\"1\" ><div class=\"mc4wp-form-fields\"><\/p>\r\n<p>\r\n    <label>Pr\u00e9nom<\/label>\r\n    <input type=\"text\" name=\"FNAME\" autocomplete=\"given-name\">\r\n<\/p>\r\n<p>\r\n    <label>Nom de famille<\/label>\r\n    <input type=\"text\" name=\"LNAME\" autocomplete=\"family-name\">\r\n<\/p>\r\n<p>\r\n\t<label for=\"email\">Adresse e-mail: \r\n\t\t<input type=\"email\" id=\"email\" name=\"EMAIL\" placeholder=\"Votre adresse e-mail\" autocomplete=\"email\" required>\r\n\t<\/label>\r\n<\/p>\r\n\r\n<input type=\"hidden\" name=\"procaptcha\">\r\n\r\n\r\n<p>\r\n\t<input type=\"submit\" value=\"Je m'abonne\">\r\n<\/p><\/div><label style=\"display: none !important;\">Laissez ce champ vide si vous \u00eates humain\u00a0: <input type=\"text\" name=\"_mc4wp_honeypot\" value=\"\" tabindex=\"-1\" autocomplete=\"off\" \/><\/label><input type=\"hidden\" name=\"_mc4wp_timestamp\" value=\"1777233313\" \/><input type=\"hidden\" name=\"_mc4wp_form_id\" value=\"2563\" \/><input type=\"hidden\" name=\"_mc4wp_form_element_id\" value=\"mc4wp-form-1\" \/><div class=\"mc4wp-response\"><\/div><\/form><!-- \/ Mailchimp for WordPress Plugin --><\/div>\n<\/div>\n","protected":false},"excerpt":{"rendered":"<p>Rest in Greenpeace, Deranque, listes participatives &#8211; 04\/03\/26 Il est des moments o\u00f9 l\u2019Histoire d\u00e9cide d\u2019appuyer sur l\u2019acc\u00e9l\u00e9rateur. C\u2019est un peu l\u2019effet \u00a0de l\u2019actualit\u00e9 des derniers jours. En s\u2019attaquant \u00e0 l\u2019Iran, les Etats-Unis et Isra\u00ebl d\u00e9clenchent un conflit mondial, militaire et \u00e9conomique. Guerre et d\u00e9mocratie s\u2019entendent assez mal, les d\u00e9cisions devant \u00eatre prises en urgence &hellip; <\/p>\n<p class=\"link-more\"><a href=\"https:\/\/mob-media.info\/index.php\/2026\/03\/04\/rest-in-greenpeace-deranque-listes-participatives\/\" class=\"more-link\">Lire la suite de<span class=\"screen-reader-text\">\u00ab\u00a0Rest in Greenpeace, Deranque, listes participatives\u00a0\u00bb<\/span><\/a><\/p>\n","protected":false},"author":1,"featured_media":2713,"comment_status":"closed","ping_status":"open","sticky":false,"template":"","format":"standard","meta":{"footnotes":""},"categories":[62,68,26,13],"tags":[53,33,27,52,85,44],"class_list":["post-2708","post","type-post","status-publish","format-standard","has-post-thumbnail","hentry","category-culture","category-infolettre","category-municipales-2026","category-participation-citoyenne","tag-democratie","tag-election","tag-municipales","tag-politique","tag-theatre","tag-vote"],"featured_media_urls":{"thumbnail":["https:\/\/mob-media.info\/wp-content\/uploads\/2026\/03\/actus-03-mars-150x150.png",150,150,true],"medium":["https:\/\/mob-media.info\/wp-content\/uploads\/2026\/03\/actus-03-mars-240x300.png",240,300,true],"medium_large":["https:\/\/mob-media.info\/wp-content\/uploads\/2026\/03\/actus-03-mars.png",768,960,false],"large":["https:\/\/mob-media.info\/wp-content\/uploads\/2026\/03\/actus-03-mars-819x1024.png",819,1024,true],"1536x1536":["https:\/\/mob-media.info\/wp-content\/uploads\/2026\/03\/actus-03-mars.png",1080,1350,false],"2048x2048":["https:\/\/mob-media.info\/wp-content\/uploads\/2026\/03\/actus-03-mars.png",1080,1350,false],"inspiro-featured-image":["https:\/\/mob-media.info\/wp-content\/uploads\/2026\/03\/actus-03-mars.png",1080,1350,false],"inspiro-loop":["https:\/\/mob-media.info\/wp-content\/uploads\/2026\/03\/actus-03-mars-950x320.png",950,320,true],"inspiro-loop@2x":["https:\/\/mob-media.info\/wp-content\/uploads\/2026\/03\/actus-03-mars-1080x640.png",1080,640,true],"portfolio_item-thumbnail":["https:\/\/mob-media.info\/wp-content\/uploads\/2026\/03\/actus-03-mars-600x400.png",600,400,true],"portfolio_item-thumbnail@2x":["https:\/\/mob-media.info\/wp-content\/uploads\/2026\/03\/actus-03-mars-1080x800.png",1080,800,true],"portfolio_item-masonry":["https:\/\/mob-media.info\/wp-content\/uploads\/2026\/03\/actus-03-mars-600x750.png",600,750,true],"portfolio_item-masonry@2x":["https:\/\/mob-media.info\/wp-content\/uploads\/2026\/03\/actus-03-mars.png",1080,1350,false],"portfolio_item-thumbnail_cinema":["https:\/\/mob-media.info\/wp-content\/uploads\/2026\/03\/actus-03-mars-800x335.png",800,335,true],"portfolio_item-thumbnail_portrait":["https:\/\/mob-media.info\/wp-content\/uploads\/2026\/03\/actus-03-mars-600x900.png",600,900,true],"portfolio_item-thumbnail_portrait@2x":["https:\/\/mob-media.info\/wp-content\/uploads\/2026\/03\/actus-03-mars.png",1080,1350,false],"portfolio_item-thumbnail_square":["https:\/\/mob-media.info\/wp-content\/uploads\/2026\/03\/actus-03-mars-800x800.png",800,800,true]},"_links":{"self":[{"href":"https:\/\/mob-media.info\/index.php\/wp-json\/wp\/v2\/posts\/2708","targetHints":{"allow":["GET"]}}],"collection":[{"href":"https:\/\/mob-media.info\/index.php\/wp-json\/wp\/v2\/posts"}],"about":[{"href":"https:\/\/mob-media.info\/index.php\/wp-json\/wp\/v2\/types\/post"}],"author":[{"embeddable":true,"href":"https:\/\/mob-media.info\/index.php\/wp-json\/wp\/v2\/users\/1"}],"replies":[{"embeddable":true,"href":"https:\/\/mob-media.info\/index.php\/wp-json\/wp\/v2\/comments?post=2708"}],"version-history":[{"count":2,"href":"https:\/\/mob-media.info\/index.php\/wp-json\/wp\/v2\/posts\/2708\/revisions"}],"predecessor-version":[{"id":2714,"href":"https:\/\/mob-media.info\/index.php\/wp-json\/wp\/v2\/posts\/2708\/revisions\/2714"}],"wp:featuredmedia":[{"embeddable":true,"href":"https:\/\/mob-media.info\/index.php\/wp-json\/wp\/v2\/media\/2713"}],"wp:attachment":[{"href":"https:\/\/mob-media.info\/index.php\/wp-json\/wp\/v2\/media?parent=2708"}],"wp:term":[{"taxonomy":"category","embeddable":true,"href":"https:\/\/mob-media.info\/index.php\/wp-json\/wp\/v2\/categories?post=2708"},{"taxonomy":"post_tag","embeddable":true,"href":"https:\/\/mob-media.info\/index.php\/wp-json\/wp\/v2\/tags?post=2708"}],"curies":[{"name":"wp","href":"https:\/\/api.w.org\/{rel}","templated":true}]}}