{"id":2717,"date":"2026-02-17T08:46:00","date_gmt":"2026-02-17T07:46:00","guid":{"rendered":"https:\/\/mob-media.info\/?p=2717"},"modified":"2026-04-27T12:01:32","modified_gmt":"2026-04-27T10:01:32","slug":"bataille-mediatique-pagaille-democratique","status":"publish","type":"post","link":"https:\/\/mob-media.info\/index.php\/2026\/02\/17\/bataille-mediatique-pagaille-democratique\/","title":{"rendered":"Bataille m\u00e9diatique, pagaille d\u00e9mocratique"},"content":{"rendered":"\n<h2 class=\"wp-block-heading has-white-color has-text-color has-background has-link-color wp-elements-1d1b334a1634279250a61d49e047d310\" style=\"background-color:#9266cf\"><strong>Bataille m\u00e9diatique, pagaille d\u00e9mocratique<\/strong> &#8211; 17\/02\/26<\/h2>\n\n\n\n<p><strong>Face \u00e0 la mainmise des ultra-riches sur les m\u00e9dias, aux menaces qui p\u00e8sent sur l\u2019audiovisuel public et \u00e0 la mont\u00e9e en puissance de l\u2019extr\u00eame-droite, prot\u00e9ger l\u2019information n\u2019a jamais \u00e9t\u00e9 aussi capital. Entre propositions l\u00e9gislatives et initiatives port\u00e9es par les m\u00e9dias ind\u00e9pendants, des r\u00e9ponses \u00e9mergent afin de garantir aux citoyen\u00b7nes l\u2019acc\u00e8s \u00e0 un travail journalistique de qualit\u00e9.<\/strong><\/p>\n\n\n\n<figure class=\"wp-block-image aligncenter size-large is-resized\"><img fetchpriority=\"high\" decoding=\"async\" width=\"1024\" height=\"683\" src=\"https:\/\/mob-media.info\/wp-content\/uploads\/2026\/04\/coopmedias-1024x683.jpg\" alt=\"\" class=\"wp-image-2718\" style=\"aspect-ratio:1.4998790331449183;width:597px;height:auto\" srcset=\"https:\/\/mob-media.info\/wp-content\/uploads\/2026\/04\/coopmedias-1024x683.jpg 1024w, https:\/\/mob-media.info\/wp-content\/uploads\/2026\/04\/coopmedias-300x200.jpg 300w, https:\/\/mob-media.info\/wp-content\/uploads\/2026\/04\/coopmedias-2000x1333.jpg 2000w, https:\/\/mob-media.info\/wp-content\/uploads\/2026\/04\/coopmedias-600x400.jpg 600w, https:\/\/mob-media.info\/wp-content\/uploads\/2026\/04\/coopmedias-1200x800.jpg 1200w\" sizes=\"(max-width: 1024px) 100vw, 1024px\" \/><figcaption class=\"wp-element-caption\"><strong>Cr\u00e9dit photo :<\/strong>\u00a0<em>\u00c9v\u00e9nement d\u2019annonce des cinq premiers m\u00e9dias soutenus par Coop-m\u00e9dias le 12 novembre au Cirque \u00e9lectrique \u00e0 Paris. \u00a9 Edouard Monfrais Albertini \/ Coop-m\u00e9dias<\/em><\/figcaption><\/figure>\n\n\n\n<p>Le paysage m\u00e9diatique fran\u00e7ais tient d\u00e9sormais plus de la carte postale, fig\u00e9e et sans relief, que du long-m\u00e9trage aux points de vue vari\u00e9s. Neuf milliardaires contr\u00f4lent plus de 90 % des m\u00e9dias priv\u00e9s : une hyper concentration in\u00e9dite, qui met \u00e0 mal le principe de pluralit\u00e9 des sources d\u2019information et des opinions.&nbsp;<\/p>\n\n\n\n<p>Ce qui n\u2019emp\u00eache pas les magnats de continuer d\u2019acheter des titres de presse aux autres, ou entre eux, comme des \u00e9coliers qui s\u2019\u00e9changent des cartes Pok\u00e9mon. Rien qu\u2019au dernier semestre 2025 : en septembre,&nbsp;<em>Brut.<\/em>&nbsp;est achet\u00e9 par Rodolphe Saad\u00e9, d\u00e9j\u00e0 propri\u00e9taire de&nbsp;<em>BFM TV,&nbsp;<\/em>de&nbsp;<em>La Provence&nbsp;<\/em>et d\u2019autres<em>&nbsp;<\/em>; puis, en novembre, Bernard Arnault (LVMH,&nbsp;<em>Le Parisien<\/em>) rach\u00e8te&nbsp;<em>Challenges,&nbsp;<\/em>dont il avait d\u00e9j\u00e0 40% de parts,<em>&nbsp;<\/em>et les magazines&nbsp;<em>La Recherche&nbsp;<\/em>et&nbsp;<em>Sciences et Avenir<\/em>&nbsp;\u00e0 Claude Perdriel.&nbsp;<\/p>\n\n\n\n<p>Et dans ces jeux d\u2019influence \u00e9conomiques et politiques\u2026 L\u2019extr\u00eame-droite est au tournant. Bollor\u00e9 s\u2019est, par exemple, b\u00e2ti un empire : t\u00e9l\u00e9 avec le groupe Canal+, radio avec&nbsp;<em>Europe 1,&nbsp;<\/em>presse avec&nbsp;<em>Le Journal du Dimanche&nbsp;<\/em>(<em>JDD)&nbsp;<\/em>et<em>&nbsp;Capital,&nbsp;<\/em>\u00e9dition avec Hachette, communication avec Havas, plateforme vid\u00e9o avec Dailymotion, et m\u00eame cin\u00e9ma avec le rachat d\u2019UGC \u00e0 l\u2019horizon 2028\u2026 Si les lois europ\u00e9ennes sur la concurrence limitent, en partie, les concentrations &#8211; Bollor\u00e9 a d\u00fb se s\u00e9parer d\u2019Editis, deuxi\u00e8me groupe d\u2019\u00e9dition fran\u00e7ais, et du magazine people&nbsp;<em>Gala&nbsp;<\/em>&#8211; l\u2019ultra-riche a tout de m\u00eame de quoi faire ruisseler ses id\u00e9es conservatrices.<\/p>\n\n\n\n<p class=\"has-white-color has-text-color has-background has-link-color wp-elements-a2e8fe8e496381796f3c4a2dc8390c2e\" style=\"background-color:#9266cf\">En 2024, [Pierre-Edouard St\u00e9rin] a achet\u00e9 la marque\u00a0<em>Cerfia<\/em>, qui compte plus d\u20191,2 million d&rsquo;abonn\u00e9\u00b7es sur Twitter, et\u00a0<em>Valeurs Actuelles\u00a0<\/em>en d\u00e9cembre 2025. Il finance aussi les m\u00e9dias en ligne\u00a0<em>Neo.tv\u00a0<\/em>et\u00a0<em>Lou\u00a0<\/em>et, surtout,\u00a0<em>\u00ab une arm\u00e9e d&rsquo;influenceurs \u00bb<\/em>.<\/p>\n\n\n\n<p>Quant \u00e0 Pierre-Edouard St\u00e9rin, l\u2019acquisition ou le financement de m\u00e9dias font partie de sa strat\u00e9gie pour mettre en \u0153uvre son projet P\u00e9ricl\u00e8s. R\u00e9v\u00e9l\u00e9 en 2023 par&nbsp;<em>La Lettre&nbsp;<\/em>et&nbsp;<em>L\u2019Humanit\u00e9<\/em>, celui-ci vise \u00e0 promouvoir les id\u00e9es d\u2019extr\u00eame-droite et \u00e0 financer le Rassemblement National. En 2024, il a achet\u00e9 la marque&nbsp;<em>Cerfia<\/em>, qui compte plus d\u20191,2 million d&rsquo;abonn\u00e9\u00b7es sur Twitter, et&nbsp;<em>Valeurs Actuelles&nbsp;<\/em>en d\u00e9cembre 2025. Il finance aussi les m\u00e9dias en ligne&nbsp;<em>Neo.tv&nbsp;<\/em>et&nbsp;<em>Lou&nbsp;<\/em>et, surtout,&nbsp;<em>\u00ab une arm\u00e9e d&rsquo;influenceurs \u00bb<\/em>, dont au moins 45 d\u00e9passent le million d\u2019abonn\u00e9\u00b7es, \u00e0 l\u2019instar de Tha\u00efs d\u2019Escufon, dixit Alice Barbe, co-fondatrice de l\u2019association Singa.<\/p>\n\n\n\n<p>En bref, un gloubi-boulga peu reluisant qui malm\u00e8ne l\u2019ind\u00e9pendance \u00e9ditoriale des r\u00e9dactions. Et qu\u2019ils soient en poste ou en pige, les journalistes en paient bien souvent les pots cass\u00e9s. En juin 2023, l\u2019annonce de l\u2019arriv\u00e9e de Geoffroy Lejeune \u00e0 la t\u00eate du&nbsp;<em>JDD<\/em>&nbsp;a ainsi d\u00e9clench\u00e9 une gr\u00e8ve de 40 jours\u2026 95% des salari\u00e9\u00b7es ont quitt\u00e9 le journal avant la fin de l\u2019\u00e9t\u00e9<em>.<\/em><\/p>\n\n\n\n<p>Cette concentration nuit \u00e9galement \u00e0 la vitalit\u00e9 d\u00e9mocratique, et au droit fondamental des citoyen\u00b7nes \u00e0 avoir acc\u00e8s \u00e0 une information de qualit\u00e9. Elle pose \u00e9galement la question de la fonction m\u00eame du journalisme : contre-pouvoir essentiel ou instrument de manipulation de l\u2019opinion publique ?&nbsp;<\/p>\n\n\n\n<h3 class=\"wp-block-heading\"><strong>L\u2019audiovisuel public dans la panade<\/strong><\/h3>\n\n\n\n<p>D\u2019o\u00f9 l\u2019importance des m\u00e9dias ind\u00e9pendants\u2026 Et d\u2019un service public de l\u2019audiovisuel, garant d\u2019une information pluraliste, libre et accessible au plus grand nombre. Pourtant, celui-ci est menac\u00e9. Chaque ann\u00e9e, les budgets sont rabot\u00e9s de plusieurs dizaines de millions d\u2019euros par l\u2019\u00c9tat &#8211; sans compter que la suppression de la redevance en 2022 a rendu les financements plus al\u00e9atoires. Et si Radio France a la c\u00f4te aupr\u00e8s de la Cour des comptes, ce n\u2019est pas le cas de France T\u00e9l\u00e9visions, qui se retrouve dans une situation budg\u00e9taire&nbsp;<em>\u00ab critique \u00bb<\/em>, selon un rapport du 23 septembre 2025.&nbsp;<\/p>\n\n\n\n<p>Ce qui donne du grain \u00e0 moudre au gouvernement, qui a pour projet de cr\u00e9er une holding \u00ab France m\u00e9dias \u00bb regroupant France T\u00e9l\u00e9visions, Radio France et l\u2019Institut national de l\u2019audiovisuel (INA). Selon la ministre de la Culture, Rachida Dati, cette r\u00e9forme&nbsp;<em>\u00ab indispensable \u00bb<\/em>&nbsp;vise \u00e0&nbsp;<em>\u00ab rassembler des forces aujourd\u2019hui dispers\u00e9es et \u00e9viter&nbsp;<\/em>[leur]&nbsp;<em>affaiblissement d\u00e9j\u00e0 en cours \u00bb&nbsp;<\/em>, notamment face \u00e0 la concurrence des groupes priv\u00e9s et des plateformes.&nbsp;<\/p>\n\n\n\n<div class=\"wp-block-columns has-background is-layout-flex wp-container-core-columns-is-layout-28f84493 wp-block-columns-is-layout-flex\" style=\"background-color:#f86631\">\n<div class=\"wp-block-column has-background is-layout-flow wp-block-column-is-layout-flow\" style=\"background-color:#f86631\">\n<p class=\"has-white-color has-text-color has-link-color wp-elements-6a2eb266a7f12743d17b132428f66bed\">Cet article fait partie de la rubrique \u00ab\u00a0Contre-pouvoirs\u00a0\u00bb de notre magazine papier (hors-s\u00e9rie) sorti en f\u00e9vrier.<\/p>\n\n\n\n<p class=\"has-white-color has-text-color has-link-color wp-elements-b22b0a8237dea933c7c2a8d72191de83\">Un condens\u00e9 r\u00e9actualis\u00e9 de notre travail de l\u2019ann\u00e9e toujours disponible&nbsp;<a href=\"https:\/\/www.helloasso.com\/associations\/mob-le-media-de-la-democratie\/collectes\/mob-saison-3-pour-la-democratie-jouons-collectif\" target=\"_blank\" rel=\"noreferrer noopener\"><strong>en contrepartie sur HelloAsso<\/strong><\/a>&nbsp;! Un soutien essentiel \u00e0 notre m\u00e9dia ind\u00e9pendant.<\/p>\n<\/div>\n\n\n\n<div class=\"wp-block-column is-layout-flow wp-block-column-is-layout-flow\">\n<figure class=\"wp-block-image size-large\"><img decoding=\"async\" width=\"1024\" height=\"711\" src=\"https:\/\/mob-media.info\/wp-content\/uploads\/2026\/04\/contre-pouvoir-1024x711.png\" alt=\"\" class=\"wp-image-2637\" srcset=\"https:\/\/mob-media.info\/wp-content\/uploads\/2026\/04\/contre-pouvoir-1024x711.png 1024w, https:\/\/mob-media.info\/wp-content\/uploads\/2026\/04\/contre-pouvoir-300x208.png 300w, https:\/\/mob-media.info\/wp-content\/uploads\/2026\/04\/contre-pouvoir.png 1466w\" sizes=\"(max-width: 1024px) 100vw, 1024px\" \/><\/figure>\n<\/div>\n<\/div>\n\n\n\n<p><\/p>\n\n\n\n<p>Le 11 juillet 2025, une intersyndicale soulignait au contraire\u00a0<em>\u00ab des performances assez remarquables \u00bb\u00a0<\/em>du groupe France T\u00e9l\u00e9visions, malgr\u00e9 les efforts d\u2019\u00e9conomies que n\u2019a eu de cesse de demander l&rsquo;\u00c9tat. En 2024, les cha\u00eenes publiques ont en effet r\u00e9uni 29,8 % de t\u00e9l\u00e9spectateur\u00b7rices, pla\u00e7ant le groupe en pole position sur la TNT. Pour les syndicats, \u00ab\u00a0<em>le projet de holding, c&rsquo;est un\u00b7e seul\u00b7e capitaine \u00e0 bord\u00a0<\/em>[et]\u00a0<em>moins de temps et de moyens \u00e0 l&rsquo;\u00e9quipage qui restera\u00a0<\/em>[&#8230;]\u00a0<em>\u00bb<\/em>.<\/p>\n\n\n\n<p>Autre menace : celle de la privatisation, promue notamment par l\u2019extr\u00eame-droite. Pour La Fondation Jean-Jaur\u00e8s, ses critiques r\u00e9guli\u00e8res\u00a0<em>\u00ab sugg\u00e8rent qu\u2019elle souhaite avant tout abattre un contre-pouvoir important \u00bb<\/em>. La mesure serait d\u2019ailleurs potentiellement inconstitutionnelle :\u00a0<em>\u00ab La libert\u00e9 de communication implique non seulement que l\u2019\u00c9tat s\u2019abstienne d\u2019entraver la libert\u00e9 de diffusion du secteur priv\u00e9 mais aussi que celui-ci garantisse<\/em>\u00a0[&#8230;]\u00a0<em>la r\u00e9ception de contenus \u00e9chappant \u00e0 ces m\u00eames int\u00e9r\u00eats priv\u00e9s \u00bb.<\/em><\/p>\n\n\n\n<h3 class=\"wp-block-heading\"><strong>Alors on fait quoi ?<\/strong><\/h3>\n\n\n\n<p>Et pour alimenter les d\u00e9bats, pourquoi pas des \u00c9tats g\u00e9n\u00e9raux de l\u2019information (EGI) ? Lanc\u00e9s en octobre 2023 par Emmanuel Macron, ils ont r\u00e9uni des centaines de professionnel\u00b7les, organis\u00e9\u00b7es en groupes de travail, et de citoyen\u00b7nes pour r\u00e9fl\u00e9chir au devenir de l\u2019information. En octobre 2024, le comit\u00e9 de pilotage des EGI a propos\u00e9 15 mesures prioritaires.<\/p>\n\n\n\n<p>Parmi elles, une proposition a suscit\u00e9 de vives r\u00e9actions : l\u2019instauration d\u2019un \u00ab label anti-d\u00e9sinformation \u00bb qui permettrait de&nbsp;<em>\u00ab veiller \u00e0 la qualit\u00e9 du processus de fabrication de l&rsquo;information \u00bb<\/em>. Un dispositif recommand\u00e9 aux professionnels de l\u2019info par l\u2019ONG Reporters sans fronti\u00e8res. Et non une&nbsp;<em>\u00ab tentative totalitaire \u00bb&nbsp;<\/em>de l\u2019\u00c9tat d\u2019instaurer<em>&nbsp;\u00ab un minist\u00e8re de la V\u00e9rit\u00e9 \u00bb,<\/em>&nbsp;comme des politiques et m\u00e9dias de droite et d\u2019extr\u00eame-droite l\u2019ont d\u00e9nonc\u00e9, apr\u00e8s qu\u2019Emmanuel Macron a \u00e9voqu\u00e9 cette id\u00e9e le 19 novembre 2025 aupr\u00e8s des lecteurs\u00b7rices de&nbsp;<em>La Voix du Nord<\/em>. Le pr\u00e9sident l\u2019avait d\u2019ailleurs pr\u00e9cis\u00e9 : \u00ab&nbsp;<em>Ce n\u2019est pas \u00e0 l\u2019\u00c9tat ou au gouvernement de dire \u00ab ceci est une information, ceci n\u2019en est pas \u00bb. \u00bb<\/em><\/p>\n\n\n\n<p>Tout cela est bien beau. Mais \u00e0 l\u2019instar des Conventions citoyennes, les EGI n\u2019imposent rien aux l\u00e9gislateur\u00b7rices, qui doivent maintenant s\u2019emparer de ce rapport. D\u2019autant que les conclusions laissent un go\u00fbt d\u2019inachev\u00e9 chez certains acteurs du secteur, en raison de redites de mesures d\u00e9j\u00e0 existantes (comme la loi Bloche de 2016, qui vise \u00e0 prot\u00e9ger l\u2019ind\u00e9pendance des r\u00e9dactions) ou de recommandations consid\u00e9r\u00e9es comme largement insuffisantes.&nbsp;&nbsp;<\/p>\n\n\n\n<p>Les EGI ont \u00e9galement fait l\u2019objet d\u2019une tr\u00e8s forte critique de la part des m\u00e9dias ind\u00e9pendants, qui consid\u00e8rent que leur constitution s\u2019est faite<em>&nbsp;\u00ab sans consultation publique et dans le secret de l&rsquo;\u00c9lys\u00e9e \u00bb<\/em>. Voire sans les journalistes eux-m\u00eames. En r\u00e9action, ils ont organis\u00e9 des \u00c9tats g\u00e9n\u00e9raux de la presse ind\u00e9pendante entre octobre et novembre 2023 pour appeler \u00e0 \u00ab lib\u00e9rer l\u2019information \u00bb. Parmi les propositions : faire primer l\u2019acc\u00e8s \u00e0 l\u2019information sur les secrets politico-financiers, mieux prot\u00e9ger les lanceur\u00b7ses d\u2019alerte ou encore assurer la transparence des financements des m\u00e9dias.<\/p>\n\n\n\n<h3 class=\"wp-block-heading\"><strong>La presse ind\u00e9 s\u2019organise<\/strong><\/h3>\n\n\n\n<p>C\u2019est une force de la presse ind\u00e9pendante : sa capacit\u00e9 \u00e0 s\u2019organiser ensemble, structurellement et \u00e9conomiquement. En 2019, les cofondateurs de&nbsp;<em>Mediapart&nbsp;<\/em>ont lanc\u00e9 le Fonds pour une presse libre (FPL), afin de prot\u00e9ger l\u2019avenir \u00e9conomique et l\u2019ind\u00e9pendance \u00e9ditoriale du journal num\u00e9rique, via une structure interm\u00e9diaire : la Soci\u00e9t\u00e9 pour la protection de l\u2019ind\u00e9pendance de&nbsp;<em>Mediapart<\/em>&nbsp;(Spim). Objectif : sanctuariser le capital et ainsi&nbsp;<em>\u00ab emp\u00eacher tout rachat ou toute prise de contr\u00f4le par des int\u00e9r\u00eats priv\u00e9s \u00bb<\/em>. Gr\u00e2ce aux dons qu\u2019il r\u00e9colte, le FPL finance des m\u00e9dias et projets \u00e9ditoriaux ind\u00e9pendants via des avances remboursables ou des subventions, pour d\u00e9fendre la libert\u00e9 et la pluralit\u00e9 de la presse.&nbsp;<em>MOB<\/em>&nbsp;et le journal d\u2019investigations locales&nbsp;<em>M\u00e9diacit\u00e9s&nbsp;<\/em>ont ainsi pu b\u00e9n\u00e9ficier d\u2019une subvention de 22 000 \u20ac en 2025 dans le but de d\u00e9velopper le projet Radar sur les Municipales 2026.<\/p>\n\n\n\n<p class=\"has-white-color has-text-color has-background has-link-color wp-elements-6ac69251f7dc702b5d6d3500fa0d0f44\" style=\"background-color:#9266cf\">\u00c0 la fin 2025, Coop-m\u00e9dias r\u00e9unissait 2600 soci\u00e9taires et avait collect\u00e9 plus d\u20191,5 million d\u2019euros. Cette m\u00eame ann\u00e9e, la coop\u00e9rative a consacr\u00e9 une premi\u00e8re enveloppe de 250 000 \u20ac, accord\u00e9s \u00e0 cinq m\u00e9dias ind\u00e9pendants sous forme de pr\u00eat remboursable, avec un faible taux d\u2019int\u00e9r\u00eat. Un investissement qui va permettre de renforcer leur mod\u00e8le \u00e9conomique ou d\u00e9velopper des projets structurels ou \u00e9ditoriaux.<\/p>\n\n\n\n<p>Parce que oui, l\u2019information a un co\u00fbt. Et il n\u2019est pas question de jeter la pierre \u00e0 la majorit\u00e9 des Fran\u00e7ais\u00b7es qui disent ne pas d\u00e9bourser d\u2019argent pour s\u2019informer (82 % en 2023 selon le quotidien&nbsp;<em>La Croix<\/em>), alors que la priorit\u00e9 est souvent ailleurs : manger, se loger, vivre. Mais entre les salaires, le co\u00fbt des locaux, du mat\u00e9riel et des logiciels, les d\u00e9penses de fonctionnement et de d\u00e9placement ou encore le co\u00fbt des proc\u00e9dures-b\u00e2illons auxquelles sont confront\u00e9s certains titres de presse, la facture monte vite. S\u2019il existe des m\u00e9dias qui vivent pleinement des dons et abonnements, la majorit\u00e9 sont souvent sur la corde raide\u2026 Et souhaitent \u00e9viter d\u2019avoir recours \u00e0 la publicit\u00e9 ou \u00e0 de gros investisseurs, pour conserver leur pleine ind\u00e9pendance.<\/p>\n\n\n\n<p>C\u2019est aussi pour cette raison qu\u2019est n\u00e9e\u00a0Coop-m\u00e9dias. Lanc\u00e9e en octobre 2024, cette coop\u00e9rative citoyenne vise \u00e0 r\u00e9colter des fonds aupr\u00e8s des citoyen\u00b7nes, journalistes, m\u00e9dias, assos et structures de l\u2019ESS, pour financer les m\u00e9dias ind\u00e9pendants. Chaque personne civile ou morale a une seule et unique voix, peu importe le nombre de parts sociales (100 \u20ac la part) qu\u2019elle prend. \u00c0 la fin 2025, elle r\u00e9unissait 2600 soci\u00e9taires et avait collect\u00e9 plus d\u20191,5 million d\u2019euros. Cette m\u00eame ann\u00e9e, elle a consacr\u00e9 une premi\u00e8re enveloppe de 250 000 \u20ac, accord\u00e9s \u00e0 cinq m\u00e9dias ind\u00e9pendants sous forme de pr\u00eat remboursable, avec un faible taux d\u2019int\u00e9r\u00eat. Un investissement qui va permettre de renforcer leur mod\u00e8le \u00e9conomique ou d\u00e9velopper des projets structurels ou \u00e9ditoriaux.\u00a0<em>Vert\u00a0<\/em>a ainsi re\u00e7u 50 000 \u20ac pour d\u00e9velopper des podcasts et structurer un p\u00f4le vid\u00e9o, afin de sensibiliser de nouveaux publics aux questions \u00e9cologiques.\u00a0<\/p>\n\n\n\n<p>M\u00eame somme attribu\u00e9e \u00e0&nbsp;<em>Basta!,&nbsp;<\/em>qui a cr\u00e9\u00e9 un portail en ligne des m\u00e9dias ind\u00e9pendants, \u00ab offrant une alternative \u00e0 Google Actualit\u00e9s avec plus de 80 r\u00e9f\u00e9rences fran\u00e7aises et 250 \u00e9trang\u00e8res \u00bb<em>.<\/em>&nbsp;Un outil de r\u00e9f\u00e9rencement num\u00e9rique, mais avec de vrais gens derri\u00e8re pour s\u00e9lectionner et recommander des articles tir\u00e9s de la presse ind\u00e9. Donc garanti sans pub ni algorithme.<\/p>\n\n\n\n<h3 class=\"wp-block-heading\"><strong>Scroller ou se mettre \u00e0 la page ?<\/strong><\/h3>\n\n\n\n<p>Parce que l\u2019enjeu est aussi l\u00e0 : s\u2019\u00e9manciper des g\u00e9ants du net (les Gafam) et des r\u00e9seaux sociaux, afin de ne pas d\u00e9pendre d\u2019un mod\u00e8le \u00e9conomique bas\u00e9 sur la publicit\u00e9 et sur l\u2019exploitation des donn\u00e9es personnelles. Alors pourquoi ne pas simplement quitter les plateformes num\u00e9riques, ou r\u00e9duire au maximum leur utilisation ? C\u2019est le choix radical qu\u2019a fait le trimestriel&nbsp;<em>Le Chiffon<\/em>&nbsp;en janvier 2025, en annon\u00e7ant son&nbsp;<em>\u00ab d\u00e9c\u00e8s num\u00e9rique \u00bb<\/em>. Le journal a fait le choix de se limiter \u00e0 une adresse mail et un site internet.<\/p>\n\n\n\n<p>Celui-ci est membre du Syndicat de la presse pas pareille (SPPP), compos\u00e9 \u00e0 majorit\u00e9 de journaux papiers. L\u2019association milite, entre autres, pour plus de transparence sur les aides vers\u00e9es par l\u2019Etat \u00e0 la presse, qu\u2019elle consid\u00e8re comme&nbsp;<em>\u00ab opaques et inaccessibles pour de nombreux m\u00e9dias ind\u00e9pendants \u00bb<\/em>&nbsp;; un statut pour les journalistes pay\u00e9\u00b7es \u00e0 la pige, souvent pr\u00e9caires, afin de leur&nbsp;<em>\u00ab garantir un revenu stable \u00bb<\/em>&nbsp;; ou encore une carte de presse collective, accord\u00e9e aux r\u00e9dactions plut\u00f4t qu\u2019aux individus.&nbsp;<\/p>\n\n\n\n<p>Le site du SPPP sert \u00e9galement de plateforme d\u2019abonnement : celle-ci met en avant des m\u00e9dias ind\u00e9pendants (<em>Fakir, La Br\u00e8che&nbsp;<\/em>ou&nbsp;<em>L\u2019Empaill\u00e9<\/em>) \u00e0 des tarifs pr\u00e9f\u00e9rentiels. Autre exemple avec La Presse Libre qui propose un abonnement unique \u00e0&nbsp;<em>Arr\u00eat sur images<\/em>,&nbsp;<em>Reflets<\/em>,&nbsp;<em>Politis, Next, Mediacit\u00e9s&nbsp;<\/em>et aux&nbsp;<em>Rue89&nbsp;<\/em>de Strasbourg, Lyon et Bordeaux. L\u2019objectif de ces deux projets, soutenus par le FPL, est le m\u00eame : mutualiser les moyens &#8211; et les efforts &#8211; afin de garantir l\u2019acc\u00e8s \u00e0 une information libre et exigeante aux lecteur\u00b7rices, sans trop peser sur leur budget. D\u2019autant que les m\u00e9dias ne peuvent jouer pleinement leur r\u00f4le de contre-pouvoir s\u2019ils ne sont pas accessibles au plus grand nombre : l\u2019information de qualit\u00e9, qui prend le temps de l\u2019enqu\u00eate, du d\u00e9cryptage ou du reportage, ne devrait pas \u00eatre un produit de luxe &#8211; mais un bien commun, afin que chaque personne puisse exercer son r\u00f4le de citoyen\u00b7ne de fa\u00e7on libre et \u00e9clair\u00e9e.<\/p>\n\n\n\n<p><strong>Cl\u00e9ment Aulnette<\/strong><\/p>\n\n\n\n<p><\/p>\n\n\n\n<h3 class=\"wp-block-heading has-text-align-center has-white-color has-text-color has-background has-link-color wp-elements-abd8cbdbae5984f2e91fc74cb9aac717\" style=\"background-color:#9266cf\">Et pour ne rien rater de nos contenus, on vous propose une newsletter toutes les semaines, pour s&rsquo;abonner :<\/h3>\n\n\n\n<div class=\"wp-block-columns has-background is-layout-flex wp-container-core-columns-is-layout-28f84493 wp-block-columns-is-layout-flex\" style=\"background-color:#9266cf\">\n<div class=\"wp-block-column is-layout-flow wp-block-column-is-layout-flow\">\n<figure class=\"wp-block-image size-large is-resized is-style-default\"><a href=\"https:\/\/mob-media.us21.list-manage.com\/subscribe?u=8a80eecf9dcb7e85d7c18aa10&amp;id=a2edb6c814\" target=\"_blank\" rel=\" noreferrer noopener\"><img decoding=\"async\" width=\"840\" height=\"1024\" src=\"https:\/\/mob-media.info\/wp-content\/uploads\/2026\/03\/Newsletter-modele-e1775037288407-840x1024.png\" alt=\"\" class=\"wp-image-2564\" style=\"aspect-ratio:0.8203059873486;width:334px;height:auto\" srcset=\"https:\/\/mob-media.info\/wp-content\/uploads\/2026\/03\/Newsletter-modele-e1775037288407-840x1024.png 840w, https:\/\/mob-media.info\/wp-content\/uploads\/2026\/03\/Newsletter-modele-e1775037288407-246x300.png 246w, https:\/\/mob-media.info\/wp-content\/uploads\/2026\/03\/Newsletter-modele-e1775037288407-768x936.png 768w, https:\/\/mob-media.info\/wp-content\/uploads\/2026\/03\/Newsletter-modele-e1775037288407-600x731.png 600w, https:\/\/mob-media.info\/wp-content\/uploads\/2026\/03\/Newsletter-modele-e1775037288407.png 1075w\" sizes=\"(max-width: 840px) 100vw, 840px\" \/><\/a><\/figure>\n<\/div>\n\n\n\n<div class=\"wp-block-column is-layout-flow wp-block-column-is-layout-flow\"><script>(function() {\n\twindow.mc4wp = window.mc4wp || {\n\t\tlisteners: [],\n\t\tforms: {\n\t\t\ton: function(evt, cb) {\n\t\t\t\twindow.mc4wp.listeners.push(\n\t\t\t\t\t{\n\t\t\t\t\t\tevent   : evt,\n\t\t\t\t\t\tcallback: cb\n\t\t\t\t\t}\n\t\t\t\t);\n\t\t\t}\n\t\t}\n\t}\n})();\n<\/script><!-- Mailchimp for WordPress v4.12.1 - https:\/\/wordpress.org\/plugins\/mailchimp-for-wp\/ --><form id=\"mc4wp-form-1\" class=\"mc4wp-form mc4wp-form-2563\" method=\"post\" data-id=\"2563\" data-name=\"Je m&#039;abonne \u00e0 la newsletter !\" data-typo-check=\"1\" ><div class=\"mc4wp-form-fields\"><\/p>\r\n<p>\r\n    <label>Pr\u00e9nom<\/label>\r\n    <input type=\"text\" name=\"FNAME\" autocomplete=\"given-name\">\r\n<\/p>\r\n<p>\r\n    <label>Nom de famille<\/label>\r\n    <input type=\"text\" name=\"LNAME\" autocomplete=\"family-name\">\r\n<\/p>\r\n<p>\r\n\t<label for=\"email\">Adresse e-mail: \r\n\t\t<input type=\"email\" id=\"email\" name=\"EMAIL\" placeholder=\"Votre adresse e-mail\" autocomplete=\"email\" required>\r\n\t<\/label>\r\n<\/p>\r\n\r\n<input type=\"hidden\" name=\"procaptcha\">\r\n\r\n\r\n<p>\r\n\t<input type=\"submit\" value=\"Je m'abonne\">\r\n<\/p><\/div><label style=\"display: none !important;\">Laissez ce champ vide si vous \u00eates humain\u00a0: <input type=\"text\" name=\"_mc4wp_honeypot\" value=\"\" tabindex=\"-1\" autocomplete=\"off\" \/><\/label><input type=\"hidden\" name=\"_mc4wp_timestamp\" value=\"1777301411\" \/><input type=\"hidden\" name=\"_mc4wp_form_id\" value=\"2563\" \/><input type=\"hidden\" name=\"_mc4wp_form_element_id\" value=\"mc4wp-form-1\" \/><div class=\"mc4wp-response\"><\/div><\/form><!-- \/ Mailchimp for WordPress Plugin --><\/div>\n<\/div>\n","protected":false},"excerpt":{"rendered":"<p>Bataille m\u00e9diatique, pagaille d\u00e9mocratique &#8211; 17\/02\/26 Face \u00e0 la mainmise des ultra-riches sur les m\u00e9dias, aux menaces qui p\u00e8sent sur l\u2019audiovisuel public et \u00e0 la mont\u00e9e en puissance de l\u2019extr\u00eame-droite, prot\u00e9ger l\u2019information n\u2019a jamais \u00e9t\u00e9 aussi capital. Entre propositions l\u00e9gislatives et initiatives port\u00e9es par les m\u00e9dias ind\u00e9pendants, des r\u00e9ponses \u00e9mergent afin de garantir aux citoyen\u00b7nes &hellip; <\/p>\n<p class=\"link-more\"><a href=\"https:\/\/mob-media.info\/index.php\/2026\/02\/17\/bataille-mediatique-pagaille-democratique\/\" class=\"more-link\">Lire la suite de<span class=\"screen-reader-text\">\u00ab\u00a0Bataille m\u00e9diatique, pagaille d\u00e9mocratique\u00a0\u00bb<\/span><\/a><\/p>\n","protected":false},"author":11,"featured_media":2723,"comment_status":"closed","ping_status":"open","sticky":false,"template":"","format":"standard","meta":{"footnotes":""},"categories":[89,90,10],"tags":[69,88,93,92,55,91],"class_list":["post-2717","post","type-post","status-publish","format-standard","has-post-thumbnail","hentry","category-article","category-contre-pouvoirs","category-medias","tag-bollore","tag-contre-pouvoirs","tag-influence","tag-information","tag-medias","tag-sterin"],"featured_media_urls":{"thumbnail":["https:\/\/mob-media.info\/wp-content\/uploads\/2026\/04\/coopmedias-1-scaled-e1777284083924-150x150.jpg",150,150,true],"medium":["https:\/\/mob-media.info\/wp-content\/uploads\/2026\/04\/coopmedias-1-scaled-e1777284083924-223x300.jpg",223,300,true],"medium_large":["https:\/\/mob-media.info\/wp-content\/uploads\/2026\/04\/coopmedias-1-scaled-e1777284083924-768x1032.jpg",768,1032,true],"large":["https:\/\/mob-media.info\/wp-content\/uploads\/2026\/04\/coopmedias-1-scaled-e1777284083924-762x1024.jpg",762,1024,true],"1536x1536":["https:\/\/mob-media.info\/wp-content\/uploads\/2026\/04\/coopmedias-1-scaled-e1777284083924-1143x1536.jpg",1143,1536,true],"2048x2048":["https:\/\/mob-media.info\/wp-content\/uploads\/2026\/04\/coopmedias-1-scaled-e1777284083924.jpg",1267,1702,false],"inspiro-featured-image":["https:\/\/mob-media.info\/wp-content\/uploads\/2026\/04\/coopmedias-1-2000x1333.jpg",2000,1333,true],"inspiro-loop":["https:\/\/mob-media.info\/wp-content\/uploads\/2026\/04\/coopmedias-1-scaled-e1777284083924-950x320.jpg",950,320,true],"inspiro-loop@2x":["https:\/\/mob-media.info\/wp-content\/uploads\/2026\/04\/coopmedias-1-scaled-e1777284083924-1267x640.jpg",1267,640,true],"portfolio_item-thumbnail":["https:\/\/mob-media.info\/wp-content\/uploads\/2026\/04\/coopmedias-1-scaled-e1777284083924-600x400.jpg",600,400,true],"portfolio_item-thumbnail@2x":["https:\/\/mob-media.info\/wp-content\/uploads\/2026\/04\/coopmedias-1-scaled-e1777284083924-1200x800.jpg",1200,800,true],"portfolio_item-masonry":["https:\/\/mob-media.info\/wp-content\/uploads\/2026\/04\/coopmedias-1-scaled-e1777284083924-600x806.jpg",600,806,true],"portfolio_item-masonry@2x":["https:\/\/mob-media.info\/wp-content\/uploads\/2026\/04\/coopmedias-1-scaled-e1777284083924-1200x1612.jpg",1200,1612,true],"portfolio_item-thumbnail_cinema":["https:\/\/mob-media.info\/wp-content\/uploads\/2026\/04\/coopmedias-1-scaled-e1777284083924-800x335.jpg",800,335,true],"portfolio_item-thumbnail_portrait":["https:\/\/mob-media.info\/wp-content\/uploads\/2026\/04\/coopmedias-1-scaled-e1777284083924-600x900.jpg",600,900,true],"portfolio_item-thumbnail_portrait@2x":["https:\/\/mob-media.info\/wp-content\/uploads\/2026\/04\/coopmedias-1-scaled-e1777284083924-1200x1702.jpg",1200,1702,true],"portfolio_item-thumbnail_square":["https:\/\/mob-media.info\/wp-content\/uploads\/2026\/04\/coopmedias-1-scaled-e1777284083924-800x800.jpg",800,800,true]},"_links":{"self":[{"href":"https:\/\/mob-media.info\/index.php\/wp-json\/wp\/v2\/posts\/2717","targetHints":{"allow":["GET"]}}],"collection":[{"href":"https:\/\/mob-media.info\/index.php\/wp-json\/wp\/v2\/posts"}],"about":[{"href":"https:\/\/mob-media.info\/index.php\/wp-json\/wp\/v2\/types\/post"}],"author":[{"embeddable":true,"href":"https:\/\/mob-media.info\/index.php\/wp-json\/wp\/v2\/users\/11"}],"replies":[{"embeddable":true,"href":"https:\/\/mob-media.info\/index.php\/wp-json\/wp\/v2\/comments?post=2717"}],"version-history":[{"count":1,"href":"https:\/\/mob-media.info\/index.php\/wp-json\/wp\/v2\/posts\/2717\/revisions"}],"predecessor-version":[{"id":2724,"href":"https:\/\/mob-media.info\/index.php\/wp-json\/wp\/v2\/posts\/2717\/revisions\/2724"}],"wp:featuredmedia":[{"embeddable":true,"href":"https:\/\/mob-media.info\/index.php\/wp-json\/wp\/v2\/media\/2723"}],"wp:attachment":[{"href":"https:\/\/mob-media.info\/index.php\/wp-json\/wp\/v2\/media?parent=2717"}],"wp:term":[{"taxonomy":"category","embeddable":true,"href":"https:\/\/mob-media.info\/index.php\/wp-json\/wp\/v2\/categories?post=2717"},{"taxonomy":"post_tag","embeddable":true,"href":"https:\/\/mob-media.info\/index.php\/wp-json\/wp\/v2\/tags?post=2717"}],"curies":[{"name":"wp","href":"https:\/\/api.w.org\/{rel}","templated":true}]}}