{"id":2725,"date":"2026-02-18T12:12:00","date_gmt":"2026-02-18T11:12:00","guid":{"rendered":"https:\/\/mob-media.info\/?p=2725"},"modified":"2026-04-27T12:19:24","modified_gmt":"2026-04-27T10:19:24","slug":"liberte-de-la-presse-municipales-et-science-fiction-revolutionnaire","status":"publish","type":"post","link":"https:\/\/mob-media.info\/index.php\/2026\/02\/18\/liberte-de-la-presse-municipales-et-science-fiction-revolutionnaire\/","title":{"rendered":"Libert\u00e9 de la presse, Municipales et science-fiction r\u00e9volutionnaire"},"content":{"rendered":"\n<h2 class=\"wp-block-heading has-white-color has-text-color has-background has-link-color wp-elements-12da21642619cff079cd92cba7253a19\" style=\"background-color:#ec6500\">Libert\u00e9 de la presse, Municipales et science-fiction r\u00e9volutionnaire &#8211; 18\/02\/26<\/h2>\n\n\n\n<p>Cette semaine, on voulait, avant tout, vous raconter le foisonnement d\u00e9mocratique des Municipales, le combat de&nbsp;<em>D\u00e9mocratiser la politique<\/em>&nbsp;pour la parit\u00e9 sociale&nbsp;<strong>(vid\u00e9o ci-dessous)<\/strong>, les listes citoyennes. On aurait aussi voulu d\u00e9cortiquer l\u2019entrave parlementaire \u00e0 une&nbsp;<a target=\"_blank\" href=\"https:\/\/www.lemonde.fr\/politique\/article\/2026\/02\/12\/les-ecologistes-remettent-le-ric-au-menu-du-debat-parlementaire_6666412_823448.html\" rel=\"noreferrer noopener\"><strong>proposition de loi sur le RIC d\u00e9lib\u00e9ratif<\/strong><\/a>&nbsp;et le silence des grands m\u00e9dias \u00e0 ce sujet.<\/p>\n\n\n\n<p>Mais cette semaine, un militant nationaliste d\u2019extr\u00eame droite a \u00e9t\u00e9 tu\u00e9, emportant tout dans le tumulte politico-m\u00e9diatique. Une mort tragique et condamnable qui devient pourtant un outil de bataille culturelle pour le Rassemblement national comme le raconte&nbsp;<a target=\"_blank\" href=\"https:\/\/www.liberation.fr\/politique\/apres-la-mort-de-quentin-deranque-le-rn-en-operation-banalisation-20260218_44BOHU4Z45E57BICCE3C5PPRN4\/\" rel=\"noreferrer noopener\"><strong>Lib\u00e9ration<\/strong><\/a>.<\/p>\n\n\n\n<p>Plut\u00f4t que de s\u2019engouffrer dans les spirales d\u2019argumentation sur la responsabilit\u00e9 de LFI (ou du collab de son d\u00e9put\u00e9 Rapha\u00ebl Arnault\u2026), de N\u00e9m\u00e9sis (collectif \u201cf\u00e9ministe\u201d d\u2019extr\u00eame droite), on pr\u00e9f\u00e8re interroger le traitement m\u00e9diatique de tout cela. Car, derri\u00e8re les jeux politiciens, les milliardaires aux manettes des cha\u00eenes d\u2019infos et autres journaux soufflent sur les braises. L\u2019occasion de vous partager un article exclusif de\u00a0<a href=\"https:\/\/www.helloasso.com\/associations\/mob-le-media-de-la-democratie\/collectes\/mob-saison-3-pour-la-democratie-jouons-collectif\" target=\"_blank\" rel=\"noreferrer noopener\"><strong>notre magazine \u00e0 para\u00eetre<\/strong><\/a>. Mais aussi de contrebalancer la focale sur \u201cl\u2019extr\u00eame gauche\u201d pour rappeler ce que fait l\u2019extr\u00eame droite dans ses villes, depuis 2020 (<strong>vid\u00e9o ci-dessous<\/strong>). Bonne lecture !<\/p>\n\n\n\n<figure class=\"wp-block-image aligncenter size-large is-resized\"><img fetchpriority=\"high\" decoding=\"async\" width=\"1024\" height=\"683\" src=\"https:\/\/mob-media.info\/wp-content\/uploads\/2026\/04\/coopmedias-1024x683.jpg\" alt=\"\" class=\"wp-image-2718\" style=\"aspect-ratio:1.4992793575987737;width:552px;height:auto\" srcset=\"https:\/\/mob-media.info\/wp-content\/uploads\/2026\/04\/coopmedias-1024x683.jpg 1024w, https:\/\/mob-media.info\/wp-content\/uploads\/2026\/04\/coopmedias-300x200.jpg 300w, https:\/\/mob-media.info\/wp-content\/uploads\/2026\/04\/coopmedias-2000x1333.jpg 2000w, https:\/\/mob-media.info\/wp-content\/uploads\/2026\/04\/coopmedias-600x400.jpg 600w, https:\/\/mob-media.info\/wp-content\/uploads\/2026\/04\/coopmedias-1200x800.jpg 1200w\" sizes=\"(max-width: 1024px) 100vw, 1024px\" \/><figcaption class=\"wp-element-caption\"><strong>Cr\u00e9dit photo :<\/strong>\u00a0<em>\u00c9v\u00e9nement d\u2019annonce des cinq premiers m\u00e9dias soutenus par Coop-m\u00e9dias le 12 novembre au Cirque \u00e9lectrique \u00e0 Paris. \u00a9 Edouard Monfrais Albertini \/ Coop-m\u00e9dias<\/em><\/figcaption><\/figure>\n\n\n\n<h2 class=\"wp-block-heading\"><strong>Bataille m\u00e9diatique, pagaille d\u00e9mocratique<\/strong><\/h2>\n\n\n\n<p><strong>Face \u00e0 la mainmise des ultra-riches sur les m\u00e9dias, aux menaces qui p\u00e8sent sur l\u2019audiovisuel public et \u00e0 la mont\u00e9e en puissance de l\u2019extr\u00eame-droite, prot\u00e9ger l\u2019information n\u2019a jamais \u00e9t\u00e9 aussi capital. Entre propositions l\u00e9gislatives et initiatives port\u00e9es par les m\u00e9dias ind\u00e9pendants, des r\u00e9ponses \u00e9mergent afin de garantir aux citoyen\u00b7nes l\u2019acc\u00e8s \u00e0 un travail journalistique de qualit\u00e9.<\/strong><\/p>\n\n\n\n<p>Le paysage m\u00e9diatique fran\u00e7ais tient d\u00e9sormais plus de la carte postale, fig\u00e9e et sans relief, que du long-m\u00e9trage aux points de vue vari\u00e9s. Neuf milliardaires contr\u00f4lent plus de 90 % des m\u00e9dias priv\u00e9s : une hyper concentration in\u00e9dite, qui met \u00e0 mal le principe de pluralit\u00e9 des sources d\u2019information et des opinions.&nbsp;<\/p>\n\n\n\n<p>Ce qui n\u2019emp\u00eache pas les magnats de continuer d\u2019acheter des titres de presse aux autres, ou entre eux, comme des \u00e9coliers qui s\u2019\u00e9changent des cartes Pok\u00e9mon. Rien qu\u2019au dernier semestre 2025 : en septembre,\u00a0<em>Brut.<\/em>\u00a0est achet\u00e9 par Rodolphe Saad\u00e9, d\u00e9j\u00e0 propri\u00e9taire de\u00a0<em>BFM TV,\u00a0<\/em>de\u00a0<em>La Provence\u00a0<\/em>et d\u2019autres<em>\u00a0<\/em>; puis, en novembre, Bernard Arnault (LVMH,\u00a0<em>Le Parisien<\/em>) rach\u00e8te\u00a0<em>Challenges,\u00a0<\/em>dont il avait d\u00e9j\u00e0 40% de parts,<em>\u00a0<\/em>et les magazines\u00a0<em>La Recherche\u00a0<\/em>et\u00a0<em>Sciences et Avenir<\/em>\u00a0\u00e0 Claude Perdriel.\u00a0 <a href=\"https:\/\/mob-media.info\/index.php\/2026\/02\/17\/bataille-mediatique-pagaille-democratique\/\" target=\"_blank\" rel=\"noreferrer noopener\"><strong>[LIRE LA SUITE]<\/strong><\/a><\/p>\n\n\n\n<h2 class=\"wp-block-heading has-white-color has-text-color has-background has-link-color wp-elements-2dfa7a315cadf3fddad64b9e8ca15376\" style=\"background-color:#bb0a0a\"><strong>Les Municipales sous le Radar<\/strong> (avec Mediacit\u00e9s)<\/h2>\n\n\n\n<div class=\"wp-block-columns is-layout-flex wp-container-core-columns-is-layout-28f84493 wp-block-columns-is-layout-flex\">\n<div class=\"wp-block-column is-layout-flow wp-block-column-is-layout-flow\">\n<figure class=\"wp-block-embed is-type-video is-provider-youtube wp-block-embed-youtube wp-embed-aspect-16-9 wp-has-aspect-ratio\"><div class=\"wp-block-embed__wrapper\">\n<iframe title=\"Radar #10 - Une mairie d&#039;extr\u00eame droite, \u00e7a donne quoi ?\" width=\"950\" height=\"534\" src=\"https:\/\/www.youtube.com\/embed\/joJdKSsa2es?feature=oembed\" frameborder=\"0\" allow=\"accelerometer; autoplay; clipboard-write; encrypted-media; gyroscope; picture-in-picture; web-share\" referrerpolicy=\"strict-origin-when-cross-origin\" allowfullscreen><\/iframe>\n<\/div><\/figure>\n<\/div>\n\n\n\n<div class=\"wp-block-column is-layout-flow wp-block-column-is-layout-flow\">\n<figure class=\"wp-block-embed is-type-video is-provider-youtube wp-block-embed-youtube wp-embed-aspect-16-9 wp-has-aspect-ratio\"><div class=\"wp-block-embed__wrapper\">\n<iframe title=\"Parit\u00e9 sociale : en mairie, o\u00f9 sont les classes populaires ?\" width=\"950\" height=\"534\" src=\"https:\/\/www.youtube.com\/embed\/1-J4Y4Q7n98?start=5&#038;feature=oembed\" frameborder=\"0\" allow=\"accelerometer; autoplay; clipboard-write; encrypted-media; gyroscope; picture-in-picture; web-share\" referrerpolicy=\"strict-origin-when-cross-origin\" allowfullscreen><\/iframe>\n<\/div><\/figure>\n<\/div>\n<\/div>\n\n\n\n<div class=\"wp-block-columns is-layout-flex wp-container-core-columns-is-layout-28f84493 wp-block-columns-is-layout-flex\">\n<div class=\"wp-block-column is-layout-flow wp-block-column-is-layout-flow\">\n<h3 class=\"wp-block-heading\"><a target=\"_blank\" href=\"https:\/\/www.youtube.com\/watch?v=joJdKSsa2es\" rel=\"noreferrer noopener\"><strong>Radar #10 : Des mairies d\u2019extr\u00eame droite, \u00e7a donne quoi ?<\/strong><\/a><\/h3>\n\n\n\n<p>Le Rassemblement national, on n\u2019a jamais essay\u00e9 ! Quelques semaines avant les \u00e9lections municipales, cette th\u00e9orie absurde remonte \u00e0 la surface. Pourtant, le parti d\u2019extr\u00eame droite (et affili\u00e9s) est d\u00e9j\u00e0 au pouvoir dans une dizaine de communes en France. Majoritairement dans le Var et les Hauts-de-France.<\/p>\n\n\n\n<p>Alors pourquoi, au niveau national, ils n\u2019en parlent pas tant que \u00e7a ? Peut-\u00eatre parce que le bilan de ces villes et villages a de quoi inqui\u00e9ter sur bien des aspects.&nbsp;<a target=\"_blank\" href=\"https:\/\/www.youtube.com\/watch?v=joJdKSsa2es\" rel=\"noreferrer noopener\"><strong>Entre casse du service public, m\u00e9pris des acteurs sociaux et associatifs et abandon d\u2019une partie de la population.<\/strong><\/a><\/p>\n<\/div>\n\n\n\n<div class=\"wp-block-column is-layout-flow wp-block-column-is-layout-flow\">\n<h3 class=\"wp-block-heading\"><a target=\"_blank\" href=\"https:\/\/www.youtube.com\/watch?v=1-J4Y4Q7n98&amp;t=5s\" rel=\"noreferrer noopener\"><strong>Parit\u00e9 sociale locale : o\u00f9 sont les classes pop ?<\/strong><\/a><\/h3>\n\n\n\n<p>Les ouvrier-es, les employ\u00e9-es, les gens des quartiers, iels sont o\u00f9 ? C\u2019est la question que se pose le collectif DLP,&nbsp;<em>D\u00e9mocratiser la politique<\/em>, depuis plusieurs mois. Alors que, sur les quelques 2 millions de candidatures \u00e0 des \u00e9lections entre 2002 et 2026, presque 30% viennent de ces cat\u00e9gories socioprofessionnelles, tr\u00e8s peu arrivent \u00e0 \u00eatre \u00e9lus. Comment lutter contre ?<\/p>\n\n\n\n<p>DLP a d\u00e9velopp\u00e9&nbsp;<a target=\"_blank\" href=\"https:\/\/www.youtube.com\/watch?v=1-J4Y4Q7n98&amp;t=5s\" rel=\"noreferrer noopener\"><strong>des outils pour identifier les probl\u00e8mes de repr\u00e9sentation<\/strong><\/a>&nbsp;dans les listes \u00e9lues en 2020 mais aussi pour faire mieux en 2026. Une cartographie pour faire l\u2019\u00e9tat des lieux et un tableur pour tester la parit\u00e9 sociale, l\u2019\u00e9quilibre des classes sociales, dans nos communes. Annie Lahmer, membre du collectif et militante vous explique tout.<\/p>\n<\/div>\n<\/div>\n\n\n\n<h2 class=\"wp-block-heading has-white-color has-text-color has-background has-link-color wp-elements-d3851281ace141dbe9812ddedf4986c1\" style=\"background-color:#ec6500\"><strong>Les recommandations de la r\u00e9daction<\/strong><\/h2>\n\n\n\n<div class=\"wp-block-columns is-layout-flex wp-container-core-columns-is-layout-28f84493 wp-block-columns-is-layout-flex\">\n<div class=\"wp-block-column is-layout-flow wp-block-column-is-layout-flow\">\n<p>Le pr\u00e9sent nous inqui\u00e8te, qu\u2019en sera-t-il demain ? Le m\u00e9dia&nbsp;<a target=\"_blank\" href=\"https:\/\/usbeketrica.com\/fr\/article\/demain-les-origines-le-roman-d-anticipation-de-l-annee\" rel=\"noreferrer noopener\"><strong>Usbek et Rica<\/strong><\/a>&nbsp;nous a donn\u00e9 envie de lire Demain, les origines de Christian Chavassieux.<\/p>\n\n\n\n<p>Roman d\u2019anticipation r\u00e9volutionnaire, \u201cqui s\u2019autorise tout\u201d nous disent les journalistes. Autogestion, r\u00e9voltes, f\u00e9minisme sur fond de coup d\u2019Etat en France (gloups).<\/p>\n\n\n\n<p>On ne sait pas si c\u2019est un refuge mais \u00e7a ressemble plus \u00e0 notre genre de \u201cbo\u00eete d\u2019allumettes\u201d.<\/p>\n\n\n\n<p>Prenez soin de vous,<\/p>\n\n\n\n<p><strong>L\u2019\u00e9quipe MOB<\/strong><\/p>\n<\/div>\n\n\n\n<div class=\"wp-block-column is-layout-flow wp-block-column-is-layout-flow\">\n<figure class=\"wp-block-image aligncenter size-full is-resized\"><a href=\"https:\/\/usbeketrica.com\/fr\/article\/demain-les-origines-le-roman-d-anticipation-de-l-annee\" target=\"_blank\" rel=\" noreferrer noopener\"><img decoding=\"async\" width=\"533\" height=\"761\" src=\"https:\/\/mob-media.info\/wp-content\/uploads\/2026\/04\/demain-les-origines.png\" alt=\"\" class=\"wp-image-2726\" style=\"aspect-ratio:0.7003914672695681;width:345px;height:auto\" srcset=\"https:\/\/mob-media.info\/wp-content\/uploads\/2026\/04\/demain-les-origines.png 533w, https:\/\/mob-media.info\/wp-content\/uploads\/2026\/04\/demain-les-origines-210x300.png 210w\" sizes=\"(max-width: 533px) 100vw, 533px\" \/><\/a><\/figure>\n<\/div>\n<\/div>\n\n\n\n<h3 class=\"wp-block-heading has-text-align-center has-white-color has-text-color has-background has-link-color wp-elements-a7ca048e1c85cc4f1f409306625e368d\" style=\"background-color:#ec6500\">Et pour ne rien rater de nos contenus, on vous propose une newsletter toutes les semaines, pour s&rsquo;abonner :<\/h3>\n\n\n\n<div class=\"wp-block-columns has-background is-layout-flex wp-container-core-columns-is-layout-28f84493 wp-block-columns-is-layout-flex\" style=\"background-color:#ec6500\">\n<div class=\"wp-block-column is-layout-flow wp-block-column-is-layout-flow\">\n<figure class=\"wp-block-image size-large is-resized is-style-default\"><a href=\"https:\/\/mob-media.us21.list-manage.com\/subscribe?u=8a80eecf9dcb7e85d7c18aa10&amp;id=a2edb6c814\" target=\"_blank\" rel=\" noreferrer noopener\"><img decoding=\"async\" width=\"840\" height=\"1024\" src=\"https:\/\/mob-media.info\/wp-content\/uploads\/2026\/03\/Newsletter-modele-e1775037288407-840x1024.png\" alt=\"\" class=\"wp-image-2564\" style=\"aspect-ratio:0.8203059873486;width:334px;height:auto\" srcset=\"https:\/\/mob-media.info\/wp-content\/uploads\/2026\/03\/Newsletter-modele-e1775037288407-840x1024.png 840w, https:\/\/mob-media.info\/wp-content\/uploads\/2026\/03\/Newsletter-modele-e1775037288407-246x300.png 246w, https:\/\/mob-media.info\/wp-content\/uploads\/2026\/03\/Newsletter-modele-e1775037288407-768x936.png 768w, https:\/\/mob-media.info\/wp-content\/uploads\/2026\/03\/Newsletter-modele-e1775037288407-600x731.png 600w, https:\/\/mob-media.info\/wp-content\/uploads\/2026\/03\/Newsletter-modele-e1775037288407.png 1075w\" sizes=\"(max-width: 840px) 100vw, 840px\" \/><\/a><\/figure>\n<\/div>\n\n\n\n<div class=\"wp-block-column is-layout-flow wp-block-column-is-layout-flow\"><script>(function() {\n\twindow.mc4wp = window.mc4wp || {\n\t\tlisteners: [],\n\t\tforms: {\n\t\t\ton: function(evt, cb) {\n\t\t\t\twindow.mc4wp.listeners.push(\n\t\t\t\t\t{\n\t\t\t\t\t\tevent   : evt,\n\t\t\t\t\t\tcallback: cb\n\t\t\t\t\t}\n\t\t\t\t);\n\t\t\t}\n\t\t}\n\t}\n})();\n<\/script><!-- Mailchimp for WordPress v4.12.1 - https:\/\/wordpress.org\/plugins\/mailchimp-for-wp\/ --><form id=\"mc4wp-form-1\" class=\"mc4wp-form mc4wp-form-2563\" method=\"post\" data-id=\"2563\" data-name=\"Je m&#039;abonne \u00e0 la newsletter !\" data-typo-check=\"1\" ><div class=\"mc4wp-form-fields\"><\/p>\r\n<p>\r\n    <label>Pr\u00e9nom<\/label>\r\n    <input type=\"text\" name=\"FNAME\" autocomplete=\"given-name\">\r\n<\/p>\r\n<p>\r\n    <label>Nom de famille<\/label>\r\n    <input type=\"text\" name=\"LNAME\" autocomplete=\"family-name\">\r\n<\/p>\r\n<p>\r\n\t<label for=\"email\">Adresse e-mail: \r\n\t\t<input type=\"email\" id=\"email\" name=\"EMAIL\" placeholder=\"Votre adresse e-mail\" autocomplete=\"email\" required>\r\n\t<\/label>\r\n<\/p>\r\n\r\n<input type=\"hidden\" name=\"procaptcha\">\r\n\r\n\r\n<p>\r\n\t<input type=\"submit\" value=\"Je m'abonne\">\r\n<\/p><\/div><label style=\"display: none !important;\">Laissez ce champ vide si vous \u00eates humain\u00a0: <input type=\"text\" name=\"_mc4wp_honeypot\" value=\"\" tabindex=\"-1\" autocomplete=\"off\" \/><\/label><input type=\"hidden\" name=\"_mc4wp_timestamp\" value=\"1777305254\" \/><input type=\"hidden\" name=\"_mc4wp_form_id\" value=\"2563\" \/><input type=\"hidden\" name=\"_mc4wp_form_element_id\" value=\"mc4wp-form-1\" \/><div class=\"mc4wp-response\"><\/div><\/form><!-- \/ Mailchimp for WordPress Plugin --><\/div>\n<\/div>\n","protected":false},"excerpt":{"rendered":"<p>Libert\u00e9 de la presse, Municipales et science-fiction r\u00e9volutionnaire &#8211; 18\/02\/26 Cette semaine, on voulait, avant tout, vous raconter le foisonnement d\u00e9mocratique des Municipales, le combat de&nbsp;D\u00e9mocratiser la politique&nbsp;pour la parit\u00e9 sociale&nbsp;(vid\u00e9o ci-dessous), les listes citoyennes. On aurait aussi voulu d\u00e9cortiquer l\u2019entrave parlementaire \u00e0 une&nbsp;proposition de loi sur le RIC d\u00e9lib\u00e9ratif&nbsp;et le silence des grands m\u00e9dias &hellip; <\/p>\n<p class=\"link-more\"><a href=\"https:\/\/mob-media.info\/index.php\/2026\/02\/18\/liberte-de-la-presse-municipales-et-science-fiction-revolutionnaire\/\" class=\"more-link\">Lire la suite de<span class=\"screen-reader-text\">\u00ab\u00a0Libert\u00e9 de la presse, Municipales et science-fiction r\u00e9volutionnaire\u00a0\u00bb<\/span><\/a><\/p>\n","protected":false},"author":1,"featured_media":2728,"comment_status":"closed","ping_status":"open","sticky":false,"template":"","format":"standard","meta":{"footnotes":""},"categories":[68,10,26],"tags":[40,95,27,96,94,44],"class_list":["post-2725","post","type-post","status-publish","format-standard","has-post-thumbnail","hentry","category-infolettre","category-medias","category-municipales-2026","tag-elections","tag-medias-2","tag-municipales","tag-parite-sociale","tag-science-fiction","tag-vote"],"featured_media_urls":{"thumbnail":["https:\/\/mob-media.info\/wp-content\/uploads\/2026\/04\/4-actus-18_02-150x150.png",150,150,true],"medium":["https:\/\/mob-media.info\/wp-content\/uploads\/2026\/04\/4-actus-18_02-240x300.png",240,300,true],"medium_large":["https:\/\/mob-media.info\/wp-content\/uploads\/2026\/04\/4-actus-18_02.png",768,960,false],"large":["https:\/\/mob-media.info\/wp-content\/uploads\/2026\/04\/4-actus-18_02-819x1024.png",819,1024,true],"1536x1536":["https:\/\/mob-media.info\/wp-content\/uploads\/2026\/04\/4-actus-18_02.png",1080,1350,false],"2048x2048":["https:\/\/mob-media.info\/wp-content\/uploads\/2026\/04\/4-actus-18_02.png",1080,1350,false],"inspiro-featured-image":["https:\/\/mob-media.info\/wp-content\/uploads\/2026\/04\/4-actus-18_02.png",1080,1350,false],"inspiro-loop":["https:\/\/mob-media.info\/wp-content\/uploads\/2026\/04\/4-actus-18_02-950x320.png",950,320,true],"inspiro-loop@2x":["https:\/\/mob-media.info\/wp-content\/uploads\/2026\/04\/4-actus-18_02-1080x640.png",1080,640,true],"portfolio_item-thumbnail":["https:\/\/mob-media.info\/wp-content\/uploads\/2026\/04\/4-actus-18_02-600x400.png",600,400,true],"portfolio_item-thumbnail@2x":["https:\/\/mob-media.info\/wp-content\/uploads\/2026\/04\/4-actus-18_02-1080x800.png",1080,800,true],"portfolio_item-masonry":["https:\/\/mob-media.info\/wp-content\/uploads\/2026\/04\/4-actus-18_02-600x750.png",600,750,true],"portfolio_item-masonry@2x":["https:\/\/mob-media.info\/wp-content\/uploads\/2026\/04\/4-actus-18_02.png",1080,1350,false],"portfolio_item-thumbnail_cinema":["https:\/\/mob-media.info\/wp-content\/uploads\/2026\/04\/4-actus-18_02-800x335.png",800,335,true],"portfolio_item-thumbnail_portrait":["https:\/\/mob-media.info\/wp-content\/uploads\/2026\/04\/4-actus-18_02-600x900.png",600,900,true],"portfolio_item-thumbnail_portrait@2x":["https:\/\/mob-media.info\/wp-content\/uploads\/2026\/04\/4-actus-18_02.png",1080,1350,false],"portfolio_item-thumbnail_square":["https:\/\/mob-media.info\/wp-content\/uploads\/2026\/04\/4-actus-18_02-800x800.png",800,800,true]},"_links":{"self":[{"href":"https:\/\/mob-media.info\/index.php\/wp-json\/wp\/v2\/posts\/2725","targetHints":{"allow":["GET"]}}],"collection":[{"href":"https:\/\/mob-media.info\/index.php\/wp-json\/wp\/v2\/posts"}],"about":[{"href":"https:\/\/mob-media.info\/index.php\/wp-json\/wp\/v2\/types\/post"}],"author":[{"embeddable":true,"href":"https:\/\/mob-media.info\/index.php\/wp-json\/wp\/v2\/users\/1"}],"replies":[{"embeddable":true,"href":"https:\/\/mob-media.info\/index.php\/wp-json\/wp\/v2\/comments?post=2725"}],"version-history":[{"count":1,"href":"https:\/\/mob-media.info\/index.php\/wp-json\/wp\/v2\/posts\/2725\/revisions"}],"predecessor-version":[{"id":2727,"href":"https:\/\/mob-media.info\/index.php\/wp-json\/wp\/v2\/posts\/2725\/revisions\/2727"}],"wp:featuredmedia":[{"embeddable":true,"href":"https:\/\/mob-media.info\/index.php\/wp-json\/wp\/v2\/media\/2728"}],"wp:attachment":[{"href":"https:\/\/mob-media.info\/index.php\/wp-json\/wp\/v2\/media?parent=2725"}],"wp:term":[{"taxonomy":"category","embeddable":true,"href":"https:\/\/mob-media.info\/index.php\/wp-json\/wp\/v2\/categories?post=2725"},{"taxonomy":"post_tag","embeddable":true,"href":"https:\/\/mob-media.info\/index.php\/wp-json\/wp\/v2\/tags?post=2725"}],"curies":[{"name":"wp","href":"https:\/\/api.w.org\/{rel}","templated":true}]}}