{"id":2729,"date":"2026-02-05T08:22:00","date_gmt":"2026-02-05T07:22:00","guid":{"rendered":"https:\/\/mob-media.info\/?p=2729"},"modified":"2026-04-27T12:49:46","modified_gmt":"2026-04-27T10:49:46","slug":"brebis-galeuses-rn-interpellation-agricole-police-municipale","status":"publish","type":"post","link":"https:\/\/mob-media.info\/index.php\/2026\/02\/05\/brebis-galeuses-rn-interpellation-agricole-police-municipale\/","title":{"rendered":"Brebis galeuses RN, interpellation agricole et police municipale"},"content":{"rendered":"\n<h2 class=\"wp-block-heading has-white-color has-text-color has-background has-link-color wp-elements-92be06c18ccd94c48000c116a17cbca1\" style=\"background-color:#ec6500\">Brebis galeuses RN, interpellation agricole et police municipale &#8211; 05\/02\/26<\/h2>\n\n\n\n<p><strong>La campagne pour les Municipales est officiellement lanc\u00e9e et l\u2019actualit\u00e9 internationale ne saurait freiner cette course aux mairies. Et aux r\u00e9flexions sur la d\u00e9mocratie locale et nationale. Agriculteurs et citoyens bordelais font valoir leur droit d\u2019interpellation des candidats \u00e0 la mairie sur l\u2019enjeu de l\u2019alimentation\u00a0(1.)\u00a0De l\u2019importance de mettre les candidatures face \u00e0 leurs propositions, ou \u00e0 leur pass\u00e9. Au RN, on a encore du mal \u00e0 \u00e9vacuer les \u00e9ternelles brebis galeuses\u00a0(2.). Un camp politique qui met le paquet sur la s\u00e9curit\u00e9 pour \u00e9largir leurs \u00e9lus locaux, le S\u00e9nat s\u2019engouffre dans la br\u00e8che avec une loi gouvernementale sur la police municipale\u00a0(3.)\u00a0Heureusement, Manon Loisel prend de la hauteur et se projette dans l\u2019\u00e9valuation et garde-fous d\u00e9mocratiques des mandats locaux \u00e0 venir (4.)<\/strong><\/p>\n\n\n\n<p>Du c\u00f4t\u00e9 de chez MOB, on continue \u00e0 vous parler des Municipales avec Mediacit\u00e9s, \u00e0 Toulouse et \u00e0 Nantes. Et on vous file quelques rencards de d\u00e9mocratie locale. Ce sont les actus de la semaine !<\/p>\n\n\n\n<figure class=\"wp-block-image aligncenter size-large is-resized\"><img fetchpriority=\"high\" decoding=\"async\" width=\"819\" height=\"1024\" src=\"https:\/\/mob-media.info\/wp-content\/uploads\/2026\/04\/4-actus-11_02-819x1024.png\" alt=\"\" class=\"wp-image-2730\" style=\"aspect-ratio:0.799801632715343;width:366px;height:auto\" srcset=\"https:\/\/mob-media.info\/wp-content\/uploads\/2026\/04\/4-actus-11_02-819x1024.png 819w, https:\/\/mob-media.info\/wp-content\/uploads\/2026\/04\/4-actus-11_02-240x300.png 240w, https:\/\/mob-media.info\/wp-content\/uploads\/2026\/04\/4-actus-11_02-600x750.png 600w, https:\/\/mob-media.info\/wp-content\/uploads\/2026\/04\/4-actus-11_02.png 1080w\" sizes=\"(max-width: 819px) 100vw, 819px\" \/><\/figure>\n\n\n\n<p><strong>1- Crise agricole, sursaut citoyen<\/strong><\/p>\n\n\n\n<p>La France est en pleine crise inflationniste, et un des premiers postes de d\u00e9penses impact\u00e9 c\u2019est ce qu\u2019on met dans nos assiettes\u2026 et celles et ceux qui produisent. Tout un tas d\u2019acteur-ices de la soci\u00e9t\u00e9 civile se mobilise donc \u00e0 Bordeaux en ce mois de f\u00e9vrier.&nbsp;<a target=\"_blank\" href=\"https:\/\/rue89bordeaux.com\/2026\/02\/contre-linsecurite-alimentaire-des-associations-interrogent-les-candidats-a-la-mairie-de-bordeaux\/\" rel=\"noreferrer noopener\"><strong>Rue89 Lyon<\/strong><\/a>&nbsp;donne tribune \u00e0 un collectif tr\u00e8s large, de l\u2019agriculteur au consommateur, de la fourche \u00e0 la fourchette. Leur objectif ? Une alimentation saine et durable pour toutes et tous.<\/p>\n\n\n\n<p>Et pour cela, ils ont des id\u00e9es \u00e0 la pelle, reste \u00e0 voir quels candidat-es bordelais-es voudront bien se confronter \u00e0 leurs revendications et en discuter avec elles et eux le 18 f\u00e9vrier au Garage moderne de Bordeaux.<\/p>\n\n\n\n<figure class=\"wp-block-image size-large is-resized\"><img decoding=\"async\" width=\"1024\" height=\"640\" src=\"https:\/\/mob-media.info\/wp-content\/uploads\/2026\/04\/slide-1-info-1024x640.png\" alt=\"\" class=\"wp-image-2731\" style=\"aspect-ratio:1.6000146487951366;width:606px;height:auto\" srcset=\"https:\/\/mob-media.info\/wp-content\/uploads\/2026\/04\/slide-1-info-1024x640.png 1024w, https:\/\/mob-media.info\/wp-content\/uploads\/2026\/04\/slide-1-info-300x188.png 300w, https:\/\/mob-media.info\/wp-content\/uploads\/2026\/04\/slide-1-info-2000x1250.png 2000w\" sizes=\"(max-width: 1024px) 100vw, 1024px\" \/><\/figure>\n\n\n\n<p><strong>2- A l\u2019extr\u00eame droite, R-haine chez leurs candidat-es<\/strong><\/p>\n\n\n\n<p>Vous avez d\u00fb suivre que Marine le Pen \u00e9tait \u00e0 nouveau susceptible d\u2019\u00eatre condamn\u00e9e \u00e0 5 ans de prison dont 1 ferme et 5 ans d\u2019in\u00e9ligibilit\u00e9.&nbsp;<a target=\"_blank\" href=\"https:\/\/www.lemonde.fr\/politique\/article\/2026\/02\/03\/proces-en-appel-des-assistants-fn-le-parquet-requiert-quatre-ans-de-prison-dont-un-ferme-et-cinq-ans-d-ineligibilite-contre-marine-le-pen-mais-sans-application-immediate_6665228_823449.html\" rel=\"noreferrer noopener\"><strong>C\u2019est la peine requise par le Parquet<\/strong><\/a>. Et on peut vous dire que ses camarades du Rassemblement national ne sont pas tout rose non plus.<\/p>\n\n\n\n<p><a target=\"_blank\" href=\"https:\/\/www.liberation.fr\/politique\/aux-elections-municipales-7-nouveaux-candidats-racistes-au-rn-encore-et-toujours-20260202_4NTFAGXMV5CHFCYN6ETBLZTYJY\/?redirected=1\" rel=\"noreferrer noopener\"><strong>Lib\u00e9ration dresse le portrait gla\u00e7ant<\/strong><\/a>&nbsp;de quelques candidats aux Municipales du mois de mars. Ils ont pass\u00e9 au peigne fin leurs r\u00e9seaux et interventions publiques des derni\u00e8res ann\u00e9es et le constat est le m\u00eame qu\u2019\u00e0 chaque \u00e9lection : le Rassemblement national attire, et surtout accepte, une flopp\u00e9e de racistes, islamophobes, x\u00e9nophobes. Des d\u00e9missions commencent \u00e0 tomber, \u00e0 l\u2019image du candidat de Carpentras, Christian Richaud. Les r\u00e9v\u00e9lations, elles, restent et empestent.<\/p>\n\n\n\n<figure class=\"wp-block-image size-large is-resized\"><img decoding=\"async\" width=\"1024\" height=\"640\" src=\"https:\/\/mob-media.info\/wp-content\/uploads\/2026\/04\/slide-2-info-1024x640.png\" alt=\"\" class=\"wp-image-2732\" style=\"aspect-ratio:1.6000146487951366;width:619px;height:auto\" srcset=\"https:\/\/mob-media.info\/wp-content\/uploads\/2026\/04\/slide-2-info-1024x640.png 1024w, https:\/\/mob-media.info\/wp-content\/uploads\/2026\/04\/slide-2-info-300x188.png 300w, https:\/\/mob-media.info\/wp-content\/uploads\/2026\/04\/slide-2-info-2000x1250.png 2000w\" sizes=\"(max-width: 1024px) 100vw, 1024px\" \/><\/figure>\n\n\n\n<p><strong>3- Police municipale, l\u00e9gislation nationale<\/strong><\/p>\n\n\n\n<p>A quelques semaines du premier tour, la s\u00e9curit\u00e9 est une des th\u00e9matiques les plus pr\u00e9gnantes, pouss\u00e9e, entre autres, par le Rassemblement national et les cha\u00eenes d\u2019infos en continu.&nbsp;<a target=\"_blank\" href=\"https:\/\/www.radiofrance.fr\/francebleu\/podcasts\/l-invite-d-ici-ici-auxerre\/municipales-2026-la-securite-c-est-une-grande-evolution-depuis-20-ans-selon-le-politologue-martial-foucault-7208064\" rel=\"noreferrer noopener\"><strong>France Bleu&nbsp;<\/strong><\/a>en parle \u00e0 merveille. Le gouvernement, lui, en profite pour tenter une \u00e9ni\u00e8me r\u00e9forme sur ce volet, et passe par la porte \u201cpolice municipale\u201d.<\/p>\n\n\n\n<p>Ces agents de proximit\u00e9, traditionnellement plut\u00f4t charg\u00e9s de la circulation et du dialogue que du maintien de l\u2019ordre pourrait \u00e9voluer. 28 000 agents (+45%) en 10 ans rappelle&nbsp;<a target=\"_blank\" href=\"https:\/\/www.mediapart.fr\/journal\/france\/030226\/le-senat-cogite-sur-les-superpouvoirs-des-polices-municipales\" rel=\"noreferrer noopener\"><strong>Mediapart&nbsp;<\/strong><\/a>qui d\u00e9taille \u00e9galement les points d\u2019alerte \u00e0 cette r\u00e9forme qui rappelle la loi S\u00e9curit\u00e9 globale. Des mesures comme la r\u00e9introduction des drones, censur\u00e9es \u00e0 plusieurs reprises par le Conseil constitutionnel ces derni\u00e8res ann\u00e9es. Et aujourd\u2019hui \u00e9tudi\u00e9es au S\u00e9nat.<\/p>\n\n\n\n<figure class=\"wp-block-image size-large is-resized\"><img loading=\"lazy\" decoding=\"async\" width=\"1024\" height=\"640\" src=\"https:\/\/mob-media.info\/wp-content\/uploads\/2026\/04\/slide-3-info-1024x640.png\" alt=\"\" class=\"wp-image-2733\" style=\"aspect-ratio:1.5999953075876308;width:642px;height:auto\" srcset=\"https:\/\/mob-media.info\/wp-content\/uploads\/2026\/04\/slide-3-info-1024x640.png 1024w, https:\/\/mob-media.info\/wp-content\/uploads\/2026\/04\/slide-3-info-300x188.png 300w, https:\/\/mob-media.info\/wp-content\/uploads\/2026\/04\/slide-3-info-2000x1250.png 2000w\" sizes=\"(max-width: 1024px) 100vw, 1024px\" \/><\/figure>\n\n\n\n<p><strong>4 &#8211;&nbsp;2026-2032 : les \u00e9lus locaux feront-ils mieux ?<\/strong><\/p>\n\n\n\n<p>Ne perdons pas espoir nous dit Manon Loisel dans&nbsp;<a target=\"_blank\" href=\"https:\/\/democraties.media\/500-000-elus-locaux-un-vivier-democratique-enorme\/\" rel=\"noreferrer noopener\"><strong>D\u00e9mocratieS<\/strong><\/a>. Dans leur dernier dossier sur les Municipales, le m\u00e9dia interroge l\u2019autrice du livre&nbsp;<em>Pour en finir avec la d\u00e9mocratie participative&nbsp;<\/em>et consultante en strat\u00e9gie territoriale. Un \u00e9change qui fait le constat des obstacles d\u00e9mocratiques rencontr\u00e9s ces derni\u00e8res ann\u00e9es comme le potentiel incroyable des conseils municipaux \u00e0 venir.<\/p>\n\n\n\n<p><strong>Si elle pr\u00f4ne plus de d\u00e9bat et une meilleure r\u00e9partition des t\u00e2ches en mairie (\u00e9lus comme agents), elle rappelle \u00e9galement, avec beaucoup de justesse, que&nbsp;<\/strong><a target=\"_blank\" href=\"https:\/\/www.youtube.com\/watch?v=flFss4f9cX0&amp;t=3s\" rel=\"noreferrer noopener\"><strong>cette \u00e9lection en cache une autre<\/strong><\/a><strong>&nbsp;: les intercos et leurs pouvoirs \u00e9largis au tournant.<\/strong><\/p>\n\n\n\n<figure class=\"wp-block-image size-large is-resized\"><img loading=\"lazy\" decoding=\"async\" width=\"1024\" height=\"640\" src=\"https:\/\/mob-media.info\/wp-content\/uploads\/2026\/04\/slide-4-info-1024x640.png\" alt=\"\" class=\"wp-image-2734\" style=\"aspect-ratio:1.6000146487951366;width:619px;height:auto\" srcset=\"https:\/\/mob-media.info\/wp-content\/uploads\/2026\/04\/slide-4-info-1024x640.png 1024w, https:\/\/mob-media.info\/wp-content\/uploads\/2026\/04\/slide-4-info-300x188.png 300w, https:\/\/mob-media.info\/wp-content\/uploads\/2026\/04\/slide-4-info-2000x1250.png 2000w\" sizes=\"(max-width: 1024px) 100vw, 1024px\" \/><\/figure>\n\n\n\n<p>&#8211;<\/p>\n\n\n\n<h2 class=\"wp-block-heading has-white-color has-text-color has-background has-link-color wp-elements-9a8ebb0d5392bbd131b24399d5ec265e\" style=\"background-color:#b72828\"><strong>Les Municipales sous le Radar (avec Mediacit\u00e9s)<\/strong><\/h2>\n\n\n\n<div class=\"wp-block-columns is-layout-flex wp-container-core-columns-is-layout-28f84493 wp-block-columns-is-layout-flex\">\n<div class=\"wp-block-column is-layout-flow wp-block-column-is-layout-flow\">\n<figure class=\"wp-block-embed is-type-video is-provider-youtube wp-block-embed-youtube wp-embed-aspect-16-9 wp-has-aspect-ratio\"><div class=\"wp-block-embed__wrapper\">\n<iframe title=\"Radar #8 : A Toulouse, bilan municipal mitig\u00e9 et grosses affaires\" width=\"950\" height=\"534\" src=\"https:\/\/www.youtube.com\/embed\/P3KFG98-FDU?start=1&#038;feature=oembed\" frameborder=\"0\" allow=\"accelerometer; autoplay; clipboard-write; encrypted-media; gyroscope; picture-in-picture; web-share\" referrerpolicy=\"strict-origin-when-cross-origin\" allowfullscreen><\/iframe>\n<\/div><\/figure>\n<\/div>\n\n\n\n<div class=\"wp-block-column is-layout-flow wp-block-column-is-layout-flow\">\n<figure class=\"wp-block-embed is-type-video is-provider-youtube wp-block-embed-youtube wp-embed-aspect-16-9 wp-has-aspect-ratio\"><div class=\"wp-block-embed__wrapper\">\n<iframe title=\"Radar #9 - A Nantes, virage \u00e9colo-s\u00e9curitaire pour les socialistes\" width=\"950\" height=\"534\" src=\"https:\/\/www.youtube.com\/embed\/Ui6-B1PZw3U?start=2&#038;feature=oembed\" frameborder=\"0\" allow=\"accelerometer; autoplay; clipboard-write; encrypted-media; gyroscope; picture-in-picture; web-share\" referrerpolicy=\"strict-origin-when-cross-origin\" allowfullscreen><\/iframe>\n<\/div><\/figure>\n<\/div>\n<\/div>\n\n\n\n<div class=\"wp-block-columns is-layout-flex wp-container-core-columns-is-layout-28f84493 wp-block-columns-is-layout-flex\">\n<div class=\"wp-block-column is-layout-flow wp-block-column-is-layout-flow\">\n<h3 class=\"wp-block-heading\"><a href=\"https:\/\/www.youtube.com\/watch?v=P3KFG98-FDU&amp;t=1s\" target=\"_blank\" rel=\"noreferrer noopener\"><strong>Radar #8 : A Toulouse, bilan mitig\u00e9 et grosses affaires<\/strong><\/a><\/h3>\n\n\n\n<p>La tourn\u00e9e municipale de MOB et Mediacit\u00e9s continue \u00e0 Toulouse. Seule mairie de droite o\u00f9 est implant\u00e9e notre m\u00e9dia partenaire.<\/p>\n\n\n\n<p>Depuis 2014, Jean-Luc Moudenc pr\u00e9side les conseils municipal et m\u00e9tropolitain de la ville rose, succ\u00e9dant au socialiste Pierre Cohen. Pendant ces mandats, il a lanc\u00e9 de gros chantiers urbains et fait de nombreuses promesses : la construction d&rsquo;une nouvelle ligne de m\u00e9tro, l&rsquo;ajout de cam\u00e9ras de surveillance ou encore la plantation de verdure pour adapter Toulouse au changement climatique. Sera-t-il r\u00e9\u00e9lu malgr\u00e9 ses casseroles ?<\/p>\n<\/div>\n\n\n\n<div class=\"wp-block-column is-layout-flow wp-block-column-is-layout-flow\">\n<h3 class=\"wp-block-heading\"><a target=\"_blank\" href=\"https:\/\/www.youtube.com\/watch?v=Ui6-B1PZw3U&amp;t=2s\" rel=\"noreferrer noopener\"><strong>Radar #9 &#8211; A Nantes, virage \u00e9colo-s\u00e9curitaire<\/strong><\/a><\/h3>\n\n\n\n<p>Derni\u00e8re \u00e9tape de ce second volet \u201cBilan\u201d de notre s\u00e9rie Radar : Nantes est la sixi\u00e8me ville de France, elle est surtout dirig\u00e9e par la gauche depuis 1989. Johanna Rolland, maire socialiste, retente le coup et brigue un troisi\u00e8me mandat comme maire de Nantes et pr\u00e9sidente de la M\u00e9tropole.<\/p>\n\n\n\n<p>Son premier mandat fut celui de l\u2019attractivit\u00e9 \u00e9conomique, start-ups en t\u00eate, des grands projets et du social. En 2026, elle est encore favorite de ce scrutin mais quel est le bilan des derni\u00e8res ann\u00e9es ?<\/p>\n<\/div>\n<\/div>\n\n\n\n<h2 class=\"wp-block-heading has-white-color has-text-color has-background has-link-color wp-elements-d3851281ace141dbe9812ddedf4986c1\" style=\"background-color:#ec6500\"><strong>Les recommandations de la r\u00e9daction<\/strong><\/h2>\n\n\n\n<p>On reste dans la th\u00e9matique Municipales avec des rendez-vous \u00e0 ne pas rater :<\/p>\n\n\n\n<ul class=\"wp-block-list\">\n<li>7 f\u00e9vrier, 14h-21h, MJC Jean Mac\u00e9 (Lyon) : on pr\u00e9vient un peu tard mais pleins d\u2019assos (ICPC, Fr\u00e9quence Commune, D\u00e9mocratie ouverte, etc\u2026) se r\u00e9unissent pour imaginer la d\u00e9mocratie locale du futur !\u00a0<a href=\"https:\/\/i-cpc.org\/events\/place-de-la-democratie-place-a-la-democratie-rendez-vous-a-lyon-le-7-fevrier\/\" target=\"_blank\" rel=\"noreferrer noopener\"><strong>Ateliers, conf\u00e9rence, stand-up et belles rencontres garanties<\/strong><\/a>.<\/li>\n<\/ul>\n\n\n\n<ul class=\"wp-block-list\">\n<li><strong>10 f\u00e9vrier, 18h30-20h30, Maison de la conversation (Paris) :<\/strong>\u00a0<a href=\"https:\/\/www.helloasso.com\/associations\/groupe-de-diffusion-de-recherche-et-de-veille-citoyenne\/evenements\/ils-et-elles-osent-la-parite-sociale-l-evenement-national\" target=\"_blank\" rel=\"noreferrer noopener\"><strong>D\u00e9mocratiser la politique<\/strong><\/a>\u00a0pr\u00e9sente ses outils pour plus de parit\u00e9 sociale sur les listes candidates. Des outils, discussions et listes \u00e0 convaincre.<\/li>\n\n\n\n<li><strong>24 f\u00e9vrier, 19h, Gait\u00e9 Lyrique (Paris) :\u00a0<\/strong>Une autre association combat pour ces \u00e9lections, mais contre l\u2019abstention !\u00a0<a href=\"https:\/\/www.a-vote.ong\/soiree_de_lancement_de_campagne\" target=\"_blank\" rel=\"noreferrer noopener\"><strong>A vot\u00e9 organise son lancement de campagne<\/strong><\/a>\u00a0pour faire voter, voter, voter.<\/li>\n<\/ul>\n\n\n\n<p>On vous laisse avec la super mise en page de la rubrique 1 qui ouvre notre super magazine (toujours en contrepartie pour&nbsp;<a target=\"_blank\" href=\"https:\/\/www.helloasso.com\/associations\/mob-le-media-de-la-democratie\/collectes\/mob-saison-3-pour-la-democratie-jouons-collectif\" rel=\"noreferrer noopener\"><strong>vos soutiens sur HelloAsso<\/strong><\/a>&nbsp;!) &nbsp;prenez soin de vous et \u00e0 bient\u00f4t,<\/p>\n\n\n\n<p><strong>L\u2019\u00e9quipe MOB<\/strong><\/p>\n\n\n\n<h3 class=\"wp-block-heading has-text-align-center has-white-color has-text-color has-background has-link-color wp-elements-a7ca048e1c85cc4f1f409306625e368d\" style=\"background-color:#ec6500\">Et pour ne rien rater de nos contenus, on vous propose une newsletter toutes les semaines, pour s&rsquo;abonner :<\/h3>\n\n\n\n<div class=\"wp-block-columns has-background is-layout-flex wp-container-core-columns-is-layout-28f84493 wp-block-columns-is-layout-flex\" style=\"background-color:#ec6500\">\n<div class=\"wp-block-column is-layout-flow wp-block-column-is-layout-flow\">\n<figure class=\"wp-block-image size-large is-resized is-style-default\"><a href=\"https:\/\/mob-media.us21.list-manage.com\/subscribe?u=8a80eecf9dcb7e85d7c18aa10&amp;id=a2edb6c814\" target=\"_blank\" rel=\" noreferrer noopener\"><img loading=\"lazy\" decoding=\"async\" width=\"840\" height=\"1024\" src=\"https:\/\/mob-media.info\/wp-content\/uploads\/2026\/03\/Newsletter-modele-e1775037288407-840x1024.png\" alt=\"\" class=\"wp-image-2564\" style=\"aspect-ratio:0.8203059873486;width:334px;height:auto\" srcset=\"https:\/\/mob-media.info\/wp-content\/uploads\/2026\/03\/Newsletter-modele-e1775037288407-840x1024.png 840w, https:\/\/mob-media.info\/wp-content\/uploads\/2026\/03\/Newsletter-modele-e1775037288407-246x300.png 246w, https:\/\/mob-media.info\/wp-content\/uploads\/2026\/03\/Newsletter-modele-e1775037288407-768x936.png 768w, https:\/\/mob-media.info\/wp-content\/uploads\/2026\/03\/Newsletter-modele-e1775037288407-600x731.png 600w, https:\/\/mob-media.info\/wp-content\/uploads\/2026\/03\/Newsletter-modele-e1775037288407.png 1075w\" sizes=\"(max-width: 840px) 100vw, 840px\" \/><\/a><\/figure>\n<\/div>\n\n\n\n<div class=\"wp-block-column is-layout-flow wp-block-column-is-layout-flow\"><script>(function() {\n\twindow.mc4wp = window.mc4wp || {\n\t\tlisteners: [],\n\t\tforms: {\n\t\t\ton: function(evt, cb) {\n\t\t\t\twindow.mc4wp.listeners.push(\n\t\t\t\t\t{\n\t\t\t\t\t\tevent   : evt,\n\t\t\t\t\t\tcallback: cb\n\t\t\t\t\t}\n\t\t\t\t);\n\t\t\t}\n\t\t}\n\t}\n})();\n<\/script><!-- Mailchimp for WordPress v4.12.1 - https:\/\/wordpress.org\/plugins\/mailchimp-for-wp\/ --><form id=\"mc4wp-form-1\" class=\"mc4wp-form mc4wp-form-2563\" method=\"post\" data-id=\"2563\" data-name=\"Je m&#039;abonne \u00e0 la newsletter !\" data-typo-check=\"1\" ><div class=\"mc4wp-form-fields\"><\/p>\r\n<p>\r\n    <label>Pr\u00e9nom<\/label>\r\n    <input type=\"text\" name=\"FNAME\" autocomplete=\"given-name\">\r\n<\/p>\r\n<p>\r\n    <label>Nom de famille<\/label>\r\n    <input type=\"text\" name=\"LNAME\" autocomplete=\"family-name\">\r\n<\/p>\r\n<p>\r\n\t<label for=\"email\">Adresse e-mail: \r\n\t\t<input type=\"email\" id=\"email\" name=\"EMAIL\" placeholder=\"Votre adresse e-mail\" autocomplete=\"email\" required>\r\n\t<\/label>\r\n<\/p>\r\n\r\n<input type=\"hidden\" name=\"procaptcha\">\r\n\r\n\r\n<p>\r\n\t<input type=\"submit\" value=\"Je m'abonne\">\r\n<\/p><\/div><label style=\"display: none !important;\">Laissez ce champ vide si vous \u00eates humain\u00a0: <input type=\"text\" name=\"_mc4wp_honeypot\" value=\"\" tabindex=\"-1\" autocomplete=\"off\" \/><\/label><input type=\"hidden\" name=\"_mc4wp_timestamp\" value=\"1777312126\" \/><input type=\"hidden\" name=\"_mc4wp_form_id\" value=\"2563\" \/><input type=\"hidden\" name=\"_mc4wp_form_element_id\" value=\"mc4wp-form-1\" \/><div class=\"mc4wp-response\"><\/div><\/form><!-- \/ Mailchimp for WordPress Plugin --><\/div>\n<\/div>\n","protected":false},"excerpt":{"rendered":"<p>Brebis galeuses RN, interpellation agricole et police municipale &#8211; 05\/02\/26 La campagne pour les Municipales est officiellement lanc\u00e9e et l\u2019actualit\u00e9 internationale ne saurait freiner cette course aux mairies. Et aux r\u00e9flexions sur la d\u00e9mocratie locale et nationale. Agriculteurs et citoyens bordelais font valoir leur droit d\u2019interpellation des candidats \u00e0 la mairie sur l\u2019enjeu de l\u2019alimentation\u00a0(1.)\u00a0De &hellip; <\/p>\n<p class=\"link-more\"><a href=\"https:\/\/mob-media.info\/index.php\/2026\/02\/05\/brebis-galeuses-rn-interpellation-agricole-police-municipale\/\" class=\"more-link\">Lire la suite de<span class=\"screen-reader-text\">\u00ab\u00a0Brebis galeuses RN, interpellation agricole et police municipale\u00a0\u00bb<\/span><\/a><\/p>\n","protected":false},"author":1,"featured_media":2730,"comment_status":"closed","ping_status":"open","sticky":false,"template":"","format":"standard","meta":{"footnotes":""},"categories":[68,5,26,13],"tags":[98,33,27,97,29,44],"class_list":["post-2729","post","type-post","status-publish","format-standard","has-post-thumbnail","hentry","category-infolettre","category-institutions","category-municipales-2026","category-participation-citoyenne","tag-agriculture","tag-election","tag-municipales","tag-police","tag-rassemblement-national","tag-vote"],"featured_media_urls":{"thumbnail":["https:\/\/mob-media.info\/wp-content\/uploads\/2026\/04\/4-actus-11_02-150x150.png",150,150,true],"medium":["https:\/\/mob-media.info\/wp-content\/uploads\/2026\/04\/4-actus-11_02-240x300.png",240,300,true],"medium_large":["https:\/\/mob-media.info\/wp-content\/uploads\/2026\/04\/4-actus-11_02.png",768,960,false],"large":["https:\/\/mob-media.info\/wp-content\/uploads\/2026\/04\/4-actus-11_02-819x1024.png",819,1024,true],"1536x1536":["https:\/\/mob-media.info\/wp-content\/uploads\/2026\/04\/4-actus-11_02.png",1080,1350,false],"2048x2048":["https:\/\/mob-media.info\/wp-content\/uploads\/2026\/04\/4-actus-11_02.png",1080,1350,false],"inspiro-featured-image":["https:\/\/mob-media.info\/wp-content\/uploads\/2026\/04\/4-actus-11_02.png",1080,1350,false],"inspiro-loop":["https:\/\/mob-media.info\/wp-content\/uploads\/2026\/04\/4-actus-11_02-950x320.png",950,320,true],"inspiro-loop@2x":["https:\/\/mob-media.info\/wp-content\/uploads\/2026\/04\/4-actus-11_02-1080x640.png",1080,640,true],"portfolio_item-thumbnail":["https:\/\/mob-media.info\/wp-content\/uploads\/2026\/04\/4-actus-11_02-600x400.png",600,400,true],"portfolio_item-thumbnail@2x":["https:\/\/mob-media.info\/wp-content\/uploads\/2026\/04\/4-actus-11_02-1080x800.png",1080,800,true],"portfolio_item-masonry":["https:\/\/mob-media.info\/wp-content\/uploads\/2026\/04\/4-actus-11_02-600x750.png",600,750,true],"portfolio_item-masonry@2x":["https:\/\/mob-media.info\/wp-content\/uploads\/2026\/04\/4-actus-11_02.png",1080,1350,false],"portfolio_item-thumbnail_cinema":["https:\/\/mob-media.info\/wp-content\/uploads\/2026\/04\/4-actus-11_02-800x335.png",800,335,true],"portfolio_item-thumbnail_portrait":["https:\/\/mob-media.info\/wp-content\/uploads\/2026\/04\/4-actus-11_02-600x900.png",600,900,true],"portfolio_item-thumbnail_portrait@2x":["https:\/\/mob-media.info\/wp-content\/uploads\/2026\/04\/4-actus-11_02.png",1080,1350,false],"portfolio_item-thumbnail_square":["https:\/\/mob-media.info\/wp-content\/uploads\/2026\/04\/4-actus-11_02-800x800.png",800,800,true]},"_links":{"self":[{"href":"https:\/\/mob-media.info\/index.php\/wp-json\/wp\/v2\/posts\/2729","targetHints":{"allow":["GET"]}}],"collection":[{"href":"https:\/\/mob-media.info\/index.php\/wp-json\/wp\/v2\/posts"}],"about":[{"href":"https:\/\/mob-media.info\/index.php\/wp-json\/wp\/v2\/types\/post"}],"author":[{"embeddable":true,"href":"https:\/\/mob-media.info\/index.php\/wp-json\/wp\/v2\/users\/1"}],"replies":[{"embeddable":true,"href":"https:\/\/mob-media.info\/index.php\/wp-json\/wp\/v2\/comments?post=2729"}],"version-history":[{"count":3,"href":"https:\/\/mob-media.info\/index.php\/wp-json\/wp\/v2\/posts\/2729\/revisions"}],"predecessor-version":[{"id":2744,"href":"https:\/\/mob-media.info\/index.php\/wp-json\/wp\/v2\/posts\/2729\/revisions\/2744"}],"wp:featuredmedia":[{"embeddable":true,"href":"https:\/\/mob-media.info\/index.php\/wp-json\/wp\/v2\/media\/2730"}],"wp:attachment":[{"href":"https:\/\/mob-media.info\/index.php\/wp-json\/wp\/v2\/media?parent=2729"}],"wp:term":[{"taxonomy":"category","embeddable":true,"href":"https:\/\/mob-media.info\/index.php\/wp-json\/wp\/v2\/categories?post=2729"},{"taxonomy":"post_tag","embeddable":true,"href":"https:\/\/mob-media.info\/index.php\/wp-json\/wp\/v2\/tags?post=2729"}],"curies":[{"name":"wp","href":"https:\/\/api.w.org\/{rel}","templated":true}]}}