{"id":2736,"date":"2026-01-28T12:42:00","date_gmt":"2026-01-28T11:42:00","guid":{"rendered":"https:\/\/mob-media.info\/?p=2736"},"modified":"2026-04-27T12:53:34","modified_gmt":"2026-04-27T10:53:34","slug":"ice-criminalisation-militante-reseaux-sociaux-europeens","status":"publish","type":"post","link":"https:\/\/mob-media.info\/index.php\/2026\/01\/28\/ice-criminalisation-militante-reseaux-sociaux-europeens\/","title":{"rendered":"ICE, criminalisation militante, r\u00e9seaux sociaux europ\u00e9ens"},"content":{"rendered":"\n<h2 class=\"wp-block-heading has-white-color has-text-color has-background has-link-color wp-elements-fcbe5b1f4ad185956d8e4bb6c28e83b8\" style=\"background-color:#ec6500\">ICE, criminalisation militante, r\u00e9seaux sociaux europ\u00e9ens &#8211; 28\/01\/26<\/h2>\n\n\n\n<p><strong>Cette semaine marque le lancement d\u2019Etats g\u00e9n\u00e9raux sur la bio\u00e9thique. Une exp\u00e9rience int\u00e9ressante de d\u00e9mocratie participative, nationale, en pr\u00e9paration d\u2019une loi pour 2028\u00a0(1.). Mais l\u2019actualit\u00e9 est tr\u00e8s focalis\u00e9e sur les Etats-Unis, pour les critiquer ou les contrer. On se devait de vous expliquer l\u2019ICE, les raisons de la col\u00e8re populaire.\u00a0(2.)\u00a0D\u2019autant que cette actualit\u00e9 r\u00e9sonne avec une de nos vid\u00e9os de la semaine sur la criminalisation insidieuse et mondiale des activistes. Face \u00e0 la menace militaire mais aussi technologique des Etats-Unis, l\u2019Europe tente des choses : on prend l\u2019exemple de W, r\u00e9seau social europ\u00e9en pour contrer X\u00a0(3.). Enfin, le monde de la Culture se mobilise contre les coupes budg\u00e9taires et l\u2019extr\u00eame droite, Gr\u00fcnt donne de la voie.\u00a0(4.)<\/strong><\/p>\n\n\n\n<p>Du c\u00f4t\u00e9 de chez MOB, on continue \u00e0 vous parler des Municipales avec M\u00e9diacit\u00e9s. Ce sont les actus de la semaine !<\/p>\n\n\n\n<figure class=\"wp-block-image aligncenter size-large is-resized\"><img fetchpriority=\"high\" decoding=\"async\" width=\"819\" height=\"1024\" src=\"https:\/\/mob-media.info\/wp-content\/uploads\/2026\/04\/28-janv-actus-819x1024.png\" alt=\"\" class=\"wp-image-2737\" style=\"aspect-ratio:0.799801632715343;width:407px;height:auto\" srcset=\"https:\/\/mob-media.info\/wp-content\/uploads\/2026\/04\/28-janv-actus-819x1024.png 819w, https:\/\/mob-media.info\/wp-content\/uploads\/2026\/04\/28-janv-actus-240x300.png 240w, https:\/\/mob-media.info\/wp-content\/uploads\/2026\/04\/28-janv-actus-600x750.png 600w, https:\/\/mob-media.info\/wp-content\/uploads\/2026\/04\/28-janv-actus.png 1080w\" sizes=\"(max-width: 819px) 100vw, 819px\" \/><\/figure>\n\n\n\n<p><strong>1- Lancement des Etats g\u00e9n\u00e9raux de la bio\u00e9thique<\/strong><\/p>\n\n\n\n<p>Le dispositif date de l\u2019ancien R\u00e9gime et est cens\u00e9 r\u00e9unir des assembl\u00e9es avec l\u2019ensemble des acteur-ices de notre soci\u00e9t\u00e9. Le comit\u00e9 consultatif national d\u2019\u00e9thique (CCNE) se penche cette ann\u00e9e&nbsp;sur la bio\u00e9thique. Ce sont l\u2019ensemble des lois, pratiques et valeurs qui orientent la gestion des corps et de la sant\u00e9. Un dispositif de d\u00e9mocratie participative lanc\u00e9 ce 21 janvier nous dit&nbsp;<a href=\"https:\/\/www.liberation.fr\/societe\/sante\/pma-ia-et-autres-questions-sensibles-lancement-des-etats-generaux-de-la-bioethique-20260121_SS5PPJ7IGNDZJLQEGGIGGFLOEY\/?redirected=1\"><strong>Lib\u00e9ration<\/strong><\/a>.<\/p>\n\n\n\n<p>Le CCNE va donner la parole \u00e0 de nombreux sp\u00e9cialistes mais aussi \u00e0 des citoyen-nes pour livrer ses orientations pour la prochaine mandature Pr\u00e9sidentielle et parlementaire \u00e0 horizon 2027-2028. Un bel exemple de d\u00e9mocratie participative, mais qui reste, comme souvent, consultatif.<\/p>\n\n\n\n<figure class=\"wp-block-image size-large is-resized\"><img decoding=\"async\" width=\"1024\" height=\"640\" src=\"https:\/\/mob-media.info\/wp-content\/uploads\/2026\/04\/slide-1-28-janv-1024x640.png\" alt=\"\" class=\"wp-image-2738\" style=\"aspect-ratio:1.5999953075876308;width:607px;height:auto\" srcset=\"https:\/\/mob-media.info\/wp-content\/uploads\/2026\/04\/slide-1-28-janv-1024x640.png 1024w, https:\/\/mob-media.info\/wp-content\/uploads\/2026\/04\/slide-1-28-janv-300x188.png 300w, https:\/\/mob-media.info\/wp-content\/uploads\/2026\/04\/slide-1-28-janv-2000x1250.png 2000w\" sizes=\"(max-width: 1024px) 100vw, 1024px\" \/><\/figure>\n\n\n\n<p><strong>2- Aux Etats-Unis, \u00e7a chauffe pour l\u2019ICE<\/strong><\/p>\n\n\n\n<p>Apr\u00e8s un nouveau meurtre de la part des agents f\u00e9d\u00e9raux migratoires am\u00e9ricains, la temp\u00e9rature continue de grimper aux Etats-Unis. De nombreuses mobilisations s\u2019organisent malgr\u00e9 le froid polaire qui traverse le Nord du continent. R\u00e9sultat d\u2019une ann\u00e9e de r\u00e9pression migratoire sans pr\u00e9c\u00e9dent de la part de l\u2019administration Trump d\u00e9taille&nbsp;<a target=\"_blank\" href=\"https:\/\/www.amnesty.fr\/actualites\/5-derives-autoritaires-aux-etats-unis-sous-trump\" rel=\"noreferrer noopener\"><strong>Amnesty International<\/strong><\/a>.<\/p>\n\n\n\n<p>Une politique violente et criminelle qui d\u00e9pla\u00eet jusque dans son camp mais qui continue \u00e0 s\u00e9vir, \u00e0 coup de milliards f\u00e9d\u00e9raux.&nbsp;<a target=\"_blank\" href=\"https:\/\/theconversation.com\/tout-comprendre-a-lice-la-police-de-limmigration-au-coeur-des-polemiques-aux-etats-unis-274229\" rel=\"noreferrer noopener\"><strong>The Conversation<\/strong><\/a>&nbsp;d\u00e9cortique le fonctionnement de l\u2019ICE. Et&nbsp;<a target=\"_blank\" href=\"https:\/\/www.mediapart.fr\/journal\/international\/250126\/meurtre-d-alex-pretti-minneapolis-la-revolte-gronde-aux-etats-unis\" rel=\"noreferrer noopener\"><strong>Mediapart<\/strong><\/a>&nbsp;cette r\u00e9volte populaire qui gronde depuis Minneapolis.<\/p>\n\n\n\n<figure class=\"wp-block-image size-large is-resized\"><img decoding=\"async\" width=\"1024\" height=\"640\" src=\"https:\/\/mob-media.info\/wp-content\/uploads\/2026\/04\/Slide-2-28-janv-1024x640.png\" alt=\"\" class=\"wp-image-2739\" style=\"aspect-ratio:1.5999953075876308;width:605px;height:auto\" srcset=\"https:\/\/mob-media.info\/wp-content\/uploads\/2026\/04\/Slide-2-28-janv-1024x640.png 1024w, https:\/\/mob-media.info\/wp-content\/uploads\/2026\/04\/Slide-2-28-janv-300x188.png 300w, https:\/\/mob-media.info\/wp-content\/uploads\/2026\/04\/Slide-2-28-janv-2000x1250.png 2000w\" sizes=\"(max-width: 1024px) 100vw, 1024px\" \/><\/figure>\n\n\n\n<p><strong>3- R\u00e9seaux : marre de X ? Go W !<\/strong><\/p>\n\n\n\n<p><a target=\"_blank\" href=\"https:\/\/www.leparisien.fr\/high-tech\/un-twitter-ameliore-verifie-et-europeen-cest-quoi-w-le-nouveau-reseau-social-qui-veut-concurrencer-x-23-01-2026-L6HYMCILTNATBMM6CVPXCLCYRA.php\" rel=\"noreferrer noopener\"><strong>Le Parisien<\/strong><\/a>&nbsp;a suivi l\u2019annonce du lancement d\u2019un nouveau r\u00e9seau social, 100% europ\u00e9en, pour concurrencer X (ex Twitter). A l\u2019image de Bluesky (USA) ou de Mastodon (UE), ce nouveau r\u00e9seau fond\u00e9 par une ancienne salari\u00e9e d\u2019Ebay, sp\u00e9cialiste de la protection des donn\u00e9es. Une tentative pour r\u00e9cup\u00e9rer un peu de souverainet\u00e9 num\u00e9rique car nous sommes tr\u00e8s d\u00e9pendants des Etats-Unis, y compris dans le service public&nbsp;<a target=\"_blank\" href=\"https:\/\/www.lemonde.fr\/idees\/article\/2025\/10\/23\/david-monniaux-directeur-de-recherche-au-cnrs-que-se-passerait-il-si-trump-ordonnait-aux-gafam-de-cesser-leurs-services-cloud-a-l-egard-de-nos-gouvernements_6649034_3232.html\" rel=\"noreferrer noopener\"><strong>lit-on dans Le Monde<\/strong><\/a>. Et si ils nous coupaient ces logiciels si pr\u00e9cieux ?<\/p>\n\n\n\n<p>Une alerte lanc\u00e9e apr\u00e8s les menaces prof\u00e9r\u00e9es par Trump sur le Gro\u00ebnland mais qui devrait nous inqui\u00e9ter sur le temps long. Des alternatives nombreuses existent d\u00e9j\u00e0 : on a un mail Proton chez MOB par exemple. Et on utilise Swisstransfer ou Smash pour nos envois de fichiers. Bon Pote s\u2019est pench\u00e9 sur ces alternatives en imaginant&nbsp;<a target=\"_blank\" href=\"https:\/\/bonpote.com\/gafam-24h-dans-la-peau-dun-repenti\/\" rel=\"noreferrer noopener\"><strong>24H dans la peau d\u2019un repenti des GAFAMS<\/strong><\/a>.<\/p>\n\n\n\n<figure class=\"wp-block-image size-large is-resized\"><img loading=\"lazy\" decoding=\"async\" width=\"1024\" height=\"640\" src=\"https:\/\/mob-media.info\/wp-content\/uploads\/2026\/04\/slide-3-28-janv-1024x640.png\" alt=\"\" class=\"wp-image-2740\" style=\"aspect-ratio:1.5999953075876308;width:583px;height:auto\" srcset=\"https:\/\/mob-media.info\/wp-content\/uploads\/2026\/04\/slide-3-28-janv-1024x640.png 1024w, https:\/\/mob-media.info\/wp-content\/uploads\/2026\/04\/slide-3-28-janv-300x188.png 300w, https:\/\/mob-media.info\/wp-content\/uploads\/2026\/04\/slide-3-28-janv-2000x1250.png 2000w\" sizes=\"(max-width: 1024px) 100vw, 1024px\" \/><\/figure>\n\n\n\n<p><strong>4 &#8211;&nbsp;\u201cMontrons-leur qu\u2019on est l\u00e0\u201d : Gr\u00fcnt lance une tourn\u00e9e contre l\u2019extr\u00eame droite<\/strong><\/p>\n\n\n\n<p>Depuis 15 ans, ce m\u00e9dia rap et engag\u00e9 fait briller les cultures populaires, les banlieues, les minorit\u00e9s. Fer de lance de la lutte pour la Culture avec un grand P(opulaire). Vous pouvez d\u2019ailleurs les retrouver chez&nbsp;<a target=\"_blank\" href=\"https:\/\/www.streetpress.com\/sujet\/1762959186-podcast-video-organise-faire-plier-jordanbardella-pascalpraud-fachosphere-mediapart-carinefouteau-jeanmorel-melissaamneris-grunt-extremedroite\" rel=\"noreferrer noopener\"><strong>Streetpress<\/strong><\/a>&nbsp;dans leur podcast vid\u00e9o sur la bataille culturelle contre l\u2019extr\u00eame droite.<\/p>\n\n\n\n<p>Mais c\u2019est sur&nbsp;<a target=\"_blank\" href=\"https:\/\/www.streetpress.com\/sujet\/1762959186-podcast-video-organise-faire-plier-jordanbardella-pascalpraud-fachosphere-mediapart-carinefouteau-jeanmorel-melissaamneris-grunt-extremedroite\" rel=\"noreferrer noopener\"><strong>Urbania France<\/strong><\/a>&nbsp;que Jean Morel, un de leur fondateur, a expliqu\u00e9 leur tourn\u00e9e municipale. 9 dates dans toute la France pour s\u2019indigner, se montrer et faire communaut\u00e9. Un engagement contre les coupes budg\u00e9taires (locales et nationales) envers certaines cultures mais aussi contre la propagation des id\u00e9es d\u2019extr\u00eame droite.<\/p>\n\n\n\n<p>Attention, c\u2019est complet presque partout ! Billeterie.<\/p>\n\n\n\n<figure class=\"wp-block-image size-large is-resized\"><img loading=\"lazy\" decoding=\"async\" width=\"1024\" height=\"640\" src=\"https:\/\/mob-media.info\/wp-content\/uploads\/2026\/04\/Slide-4-28-janv-1024x640.png\" alt=\"\" class=\"wp-image-2741\" style=\"aspect-ratio:1.5999953075876308;width:571px;height:auto\" srcset=\"https:\/\/mob-media.info\/wp-content\/uploads\/2026\/04\/Slide-4-28-janv-1024x640.png 1024w, https:\/\/mob-media.info\/wp-content\/uploads\/2026\/04\/Slide-4-28-janv-300x188.png 300w, https:\/\/mob-media.info\/wp-content\/uploads\/2026\/04\/Slide-4-28-janv-2000x1250.png 2000w\" sizes=\"(max-width: 1024px) 100vw, 1024px\" \/><\/figure>\n\n\n\n<p>&#8211;<\/p>\n\n\n\n<h2 class=\"wp-block-heading has-white-color has-text-color has-background has-link-color wp-elements-d4b5ce1525fc3945d801e4df31f2c851\" style=\"background-color:#ec6500\"><strong>Du c\u00f4t\u00e9 de chez MOB !<\/strong><\/h2>\n\n\n\n<div class=\"wp-block-columns is-layout-flex wp-container-core-columns-is-layout-28f84493 wp-block-columns-is-layout-flex\">\n<div class=\"wp-block-column is-layout-flow wp-block-column-is-layout-flow\">\n<figure class=\"wp-block-embed is-type-video is-provider-youtube wp-block-embed-youtube wp-embed-aspect-16-9 wp-has-aspect-ratio\"><div class=\"wp-block-embed__wrapper\">\n<iframe title=\"Activistes, militants, minorit\u00e9s et en prison pour leurs combats\" width=\"950\" height=\"534\" src=\"https:\/\/www.youtube.com\/embed\/mQpnrOuOgg4?feature=oembed\" frameborder=\"0\" allow=\"accelerometer; autoplay; clipboard-write; encrypted-media; gyroscope; picture-in-picture; web-share\" referrerpolicy=\"strict-origin-when-cross-origin\" allowfullscreen><\/iframe>\n<\/div><\/figure>\n<\/div>\n\n\n\n<div class=\"wp-block-column is-layout-flow wp-block-column-is-layout-flow\">\n<figure class=\"wp-block-embed is-type-video is-provider-youtube wp-block-embed-youtube wp-embed-aspect-16-9 wp-has-aspect-ratio\"><div class=\"wp-block-embed__wrapper\">\n<iframe title=\"Radar #7 : A Lille, socialistes toujours ?\" width=\"950\" height=\"534\" src=\"https:\/\/www.youtube.com\/embed\/oZu3VbwJwZc?feature=oembed\" frameborder=\"0\" allow=\"accelerometer; autoplay; clipboard-write; encrypted-media; gyroscope; picture-in-picture; web-share\" referrerpolicy=\"strict-origin-when-cross-origin\" allowfullscreen><\/iframe>\n<\/div><\/figure>\n<\/div>\n<\/div>\n\n\n\n<div class=\"wp-block-columns is-layout-flex wp-container-core-columns-is-layout-28f84493 wp-block-columns-is-layout-flex\">\n<div class=\"wp-block-column is-layout-flow wp-block-column-is-layout-flow\">\n<h3 class=\"wp-block-heading\"><a target=\"_blank\" href=\"https:\/\/www.youtube.com\/watch?v=mQpnrOuOgg4\" rel=\"noreferrer noopener\"><strong>Activistes, militants, minorit\u00e9s et enferm\u00e9-es pour leurs combats<\/strong><\/a><\/h3>\n\n\n\n<p>Comme on vous l\u2019a dit, l&rsquo;ICE, la police migratoire am\u00e9ricaine, arr\u00eate arbitrairement citoyen-nes et habitant-es depuis plusieurs mois. Si l&rsquo;actualit\u00e9 am\u00e9ricaine est r\u00e9voltante, elle est aussi l&rsquo;aboutissement dramatique d&rsquo;un ph\u00e9nom\u00e8ne plus insidieux, et mondial :<a target=\"_blank\" href=\"https:\/\/www.youtube.com\/watch?v=mQpnrOuOgg4\" rel=\"noreferrer noopener\"><strong>&nbsp;la criminalisation des mobilisations sociales et environnementales<\/strong><\/a>&nbsp;mais aussi des populations migrantes, LGBTQ+ et d&rsquo;autres groupes cibl\u00e9s par les \u00c9tats du monde entier.<\/p>\n\n\n\n<p>Sarah Nouvellon est charg\u00e9e de production d\u2019information \u00e0<a href=\"https:\/\/www.prison-insider.com\/articles\/resistances-enfermees\" target=\"_blank\" rel=\"noreferrer noopener\"> <strong>Prison Insider<\/strong><\/a>, une plateforme d\u2019information sur les prisons dans le monde. Elle d\u00e9cortique avec MOB cette m\u00e9canique dans les discours politiques, les lois puis les prisons.<\/p>\n<\/div>\n\n\n\n<div class=\"wp-block-column is-layout-flow wp-block-column-is-layout-flow\">\n<h3 class=\"wp-block-heading\"><a target=\"_blank\" href=\"https:\/\/www.youtube.com\/watch?v=oZu3VbwJwZc\" rel=\"noreferrer noopener\"><strong>Radar #7 &#8211; A Lille, socialistes toujours ?<\/strong><\/a><\/h3>\n\n\n\n<p>Qui pour succ\u00e9der \u00e0 Martine Aubry \u00e0 Lille ? C\u2019est ce que vont devoir d\u00e9cider les Lilloises et lillois, les 15 et 22 mars prochain, quand ils voteront aux \u00e9lections municipales. L\u2019historique figure socialiste a rendu son tablier en mars 2025 mais sa liste et son successeur (Arnaud Deslandes) ont tout de m\u00eame un mandat \u00e0 d\u00e9fendre.<\/p>\n\n\n\n<p>Leur virage \u00e9colo a particip\u00e9 \u00e0 transformer la ville mais comment ? La question des logements sociaux, la ville \u00ab \u00e0 hauteur d\u2019enfant \u00bb et les enjeux s\u00e9curitaires ont-ils \u00e9t\u00e9 tenus ? On fait le bilan avec la r\u00e9daction de&nbsp;<a target=\"_blank\" href=\"https:\/\/www.mediacites.fr\/\" rel=\"noreferrer noopener\"><strong>Mediacit\u00e9s Lille<\/strong><\/a>, dans&nbsp;<a target=\"_blank\" href=\"https:\/\/www.youtube.com\/watch?v=oZu3VbwJwZc\" rel=\"noreferrer noopener\"><strong>ce nouvel \u00e9pisode de Radar<\/strong><\/a>.<\/p>\n<\/div>\n<\/div>\n\n\n\n<div class=\"wp-block-columns is-layout-flex wp-container-core-columns-is-layout-28f84493 wp-block-columns-is-layout-flex\">\n<div class=\"wp-block-column is-layout-flow wp-block-column-is-layout-flow\">\n<h2 class=\"wp-block-heading has-white-color has-text-color has-background has-link-color wp-elements-eecf8fee324d3fc185ef91ee54ab0cb1\" style=\"background-color:#7454bd\"><strong>Le magazine MOB est pr\u00eat !<\/strong><\/h2>\n\n\n\n<p>On fait les derni\u00e8res retouches de maquette mais il est l\u00e0 ! 104 pages finalement. On est super fiers du r\u00e9sultat et de votre mobilisation :<\/p>\n\n\n\n<ul class=\"wp-block-list\">\n<li><strong>134 contributeur-ices<\/strong>\u00a0(<a href=\"https:\/\/www.helloasso.com\/associations\/mob-le-media-de-la-democratie\/collectes\/mob-saison-3-pour-la-democratie-jouons-collectif\" target=\"_blank\" rel=\"noreferrer noopener\"><strong>il n\u2019est pas trop tard si vous voulez soutenir<\/strong><\/a>),<\/li>\n\n\n\n<li><strong>7500\u20ac collect\u00e9s<\/strong>, toutes plateformes confondues,<\/li>\n\n\n\n<li><strong>400 exemplaires<\/strong>\u00a0seront imprim\u00e9s dans un premier temps,<\/li>\n\n\n\n<li><strong>1 soir\u00e9e de lancement<\/strong>, distribution, r\u00e9union de r\u00e9dac, f\u00eate en pr\u00e9paration.<\/li>\n<\/ul>\n\n\n\n<p>En attendant prenez soin de vous et \u00e0 bient\u00f4t,<\/p>\n\n\n\n<p><strong>L\u2019\u00e9quipe MOB<\/strong><\/p>\n<\/div>\n\n\n\n<div class=\"wp-block-column is-layout-flow wp-block-column-is-layout-flow\">\n<figure class=\"wp-block-image size-large\"><img loading=\"lazy\" decoding=\"async\" width=\"741\" height=\"1024\" src=\"https:\/\/mob-media.info\/wp-content\/uploads\/2026\/04\/magz-741x1024.png\" alt=\"\" class=\"wp-image-2742\" srcset=\"https:\/\/mob-media.info\/wp-content\/uploads\/2026\/04\/magz-741x1024.png 741w, https:\/\/mob-media.info\/wp-content\/uploads\/2026\/04\/magz-217x300.png 217w, https:\/\/mob-media.info\/wp-content\/uploads\/2026\/04\/magz-2000x2765.png 2000w, https:\/\/mob-media.info\/wp-content\/uploads\/2026\/04\/magz-scaled.png 1852w\" sizes=\"(max-width: 741px) 100vw, 741px\" \/><\/figure>\n<\/div>\n<\/div>\n\n\n\n<h3 class=\"wp-block-heading has-text-align-center has-white-color has-text-color has-background has-link-color wp-elements-a7ca048e1c85cc4f1f409306625e368d\" style=\"background-color:#ec6500\">Et pour ne rien rater de nos contenus, on vous propose une newsletter toutes les semaines, pour s&rsquo;abonner :<\/h3>\n\n\n\n<div class=\"wp-block-columns has-background is-layout-flex wp-container-core-columns-is-layout-28f84493 wp-block-columns-is-layout-flex\" style=\"background-color:#ec6500\">\n<div class=\"wp-block-column is-layout-flow wp-block-column-is-layout-flow\">\n<figure class=\"wp-block-image size-large is-resized is-style-default\"><a href=\"https:\/\/mob-media.us21.list-manage.com\/subscribe?u=8a80eecf9dcb7e85d7c18aa10&amp;id=a2edb6c814\" target=\"_blank\" rel=\" noreferrer noopener\"><img loading=\"lazy\" decoding=\"async\" width=\"840\" height=\"1024\" src=\"https:\/\/mob-media.info\/wp-content\/uploads\/2026\/03\/Newsletter-modele-e1775037288407-840x1024.png\" alt=\"\" class=\"wp-image-2564\" style=\"aspect-ratio:0.8203059873486;width:334px;height:auto\" srcset=\"https:\/\/mob-media.info\/wp-content\/uploads\/2026\/03\/Newsletter-modele-e1775037288407-840x1024.png 840w, https:\/\/mob-media.info\/wp-content\/uploads\/2026\/03\/Newsletter-modele-e1775037288407-246x300.png 246w, https:\/\/mob-media.info\/wp-content\/uploads\/2026\/03\/Newsletter-modele-e1775037288407-768x936.png 768w, https:\/\/mob-media.info\/wp-content\/uploads\/2026\/03\/Newsletter-modele-e1775037288407-600x731.png 600w, https:\/\/mob-media.info\/wp-content\/uploads\/2026\/03\/Newsletter-modele-e1775037288407.png 1075w\" sizes=\"(max-width: 840px) 100vw, 840px\" \/><\/a><\/figure>\n<\/div>\n\n\n\n<div class=\"wp-block-column is-layout-flow wp-block-column-is-layout-flow\"><script>(function() {\n\twindow.mc4wp = window.mc4wp || {\n\t\tlisteners: [],\n\t\tforms: {\n\t\t\ton: function(evt, cb) {\n\t\t\t\twindow.mc4wp.listeners.push(\n\t\t\t\t\t{\n\t\t\t\t\t\tevent   : evt,\n\t\t\t\t\t\tcallback: cb\n\t\t\t\t\t}\n\t\t\t\t);\n\t\t\t}\n\t\t}\n\t}\n})();\n<\/script><!-- Mailchimp for WordPress v4.12.1 - https:\/\/wordpress.org\/plugins\/mailchimp-for-wp\/ --><form id=\"mc4wp-form-1\" class=\"mc4wp-form mc4wp-form-2563\" method=\"post\" data-id=\"2563\" data-name=\"Je m&#039;abonne \u00e0 la newsletter !\" data-typo-check=\"1\" ><div class=\"mc4wp-form-fields\"><\/p>\r\n<p>\r\n    <label>Pr\u00e9nom<\/label>\r\n    <input type=\"text\" name=\"FNAME\" autocomplete=\"given-name\">\r\n<\/p>\r\n<p>\r\n    <label>Nom de famille<\/label>\r\n    <input type=\"text\" name=\"LNAME\" autocomplete=\"family-name\">\r\n<\/p>\r\n<p>\r\n\t<label for=\"email\">Adresse e-mail: \r\n\t\t<input type=\"email\" id=\"email\" name=\"EMAIL\" placeholder=\"Votre adresse e-mail\" autocomplete=\"email\" required>\r\n\t<\/label>\r\n<\/p>\r\n\r\n<input type=\"hidden\" name=\"procaptcha\">\r\n\r\n\r\n<p>\r\n\t<input type=\"submit\" value=\"Je m'abonne\">\r\n<\/p><\/div><label style=\"display: none !important;\">Laissez ce champ vide si vous \u00eates humain\u00a0: <input type=\"text\" name=\"_mc4wp_honeypot\" value=\"\" tabindex=\"-1\" autocomplete=\"off\" \/><\/label><input type=\"hidden\" name=\"_mc4wp_timestamp\" value=\"1777302405\" \/><input type=\"hidden\" name=\"_mc4wp_form_id\" value=\"2563\" \/><input type=\"hidden\" name=\"_mc4wp_form_element_id\" value=\"mc4wp-form-1\" \/><div class=\"mc4wp-response\"><\/div><\/form><!-- \/ Mailchimp for WordPress Plugin --><\/div>\n<\/div>\n","protected":false},"excerpt":{"rendered":"<p>ICE, criminalisation militante, r\u00e9seaux sociaux europ\u00e9ens &#8211; 28\/01\/26 Cette semaine marque le lancement d\u2019Etats g\u00e9n\u00e9raux sur la bio\u00e9thique. Une exp\u00e9rience int\u00e9ressante de d\u00e9mocratie participative, nationale, en pr\u00e9paration d\u2019une loi pour 2028\u00a0(1.). Mais l\u2019actualit\u00e9 est tr\u00e8s focalis\u00e9e sur les Etats-Unis, pour les critiquer ou les contrer. On se devait de vous expliquer l\u2019ICE, les raisons de &hellip; <\/p>\n<p class=\"link-more\"><a href=\"https:\/\/mob-media.info\/index.php\/2026\/01\/28\/ice-criminalisation-militante-reseaux-sociaux-europeens\/\" class=\"more-link\">Lire la suite de<span class=\"screen-reader-text\">\u00ab\u00a0ICE, criminalisation militante, r\u00e9seaux sociaux europ\u00e9ens\u00a0\u00bb<\/span><\/a><\/p>\n","protected":false},"author":1,"featured_media":2737,"comment_status":"closed","ping_status":"open","sticky":false,"template":"","format":"standard","meta":{"footnotes":""},"categories":[90,68,7],"tags":[100,102,97,101,99],"class_list":["post-2736","post","type-post","status-publish","format-standard","has-post-thumbnail","hentry","category-contre-pouvoirs","category-infolettre","category-international","tag-ice","tag-musique","tag-police","tag-prison","tag-reseaux-sociaux"],"featured_media_urls":{"thumbnail":["https:\/\/mob-media.info\/wp-content\/uploads\/2026\/04\/28-janv-actus-150x150.png",150,150,true],"medium":["https:\/\/mob-media.info\/wp-content\/uploads\/2026\/04\/28-janv-actus-240x300.png",240,300,true],"medium_large":["https:\/\/mob-media.info\/wp-content\/uploads\/2026\/04\/28-janv-actus.png",768,960,false],"large":["https:\/\/mob-media.info\/wp-content\/uploads\/2026\/04\/28-janv-actus-819x1024.png",819,1024,true],"1536x1536":["https:\/\/mob-media.info\/wp-content\/uploads\/2026\/04\/28-janv-actus.png",1080,1350,false],"2048x2048":["https:\/\/mob-media.info\/wp-content\/uploads\/2026\/04\/28-janv-actus.png",1080,1350,false],"inspiro-featured-image":["https:\/\/mob-media.info\/wp-content\/uploads\/2026\/04\/28-janv-actus.png",1080,1350,false],"inspiro-loop":["https:\/\/mob-media.info\/wp-content\/uploads\/2026\/04\/28-janv-actus-950x320.png",950,320,true],"inspiro-loop@2x":["https:\/\/mob-media.info\/wp-content\/uploads\/2026\/04\/28-janv-actus-1080x640.png",1080,640,true],"portfolio_item-thumbnail":["https:\/\/mob-media.info\/wp-content\/uploads\/2026\/04\/28-janv-actus-600x400.png",600,400,true],"portfolio_item-thumbnail@2x":["https:\/\/mob-media.info\/wp-content\/uploads\/2026\/04\/28-janv-actus-1080x800.png",1080,800,true],"portfolio_item-masonry":["https:\/\/mob-media.info\/wp-content\/uploads\/2026\/04\/28-janv-actus-600x750.png",600,750,true],"portfolio_item-masonry@2x":["https:\/\/mob-media.info\/wp-content\/uploads\/2026\/04\/28-janv-actus.png",1080,1350,false],"portfolio_item-thumbnail_cinema":["https:\/\/mob-media.info\/wp-content\/uploads\/2026\/04\/28-janv-actus-800x335.png",800,335,true],"portfolio_item-thumbnail_portrait":["https:\/\/mob-media.info\/wp-content\/uploads\/2026\/04\/28-janv-actus-600x900.png",600,900,true],"portfolio_item-thumbnail_portrait@2x":["https:\/\/mob-media.info\/wp-content\/uploads\/2026\/04\/28-janv-actus.png",1080,1350,false],"portfolio_item-thumbnail_square":["https:\/\/mob-media.info\/wp-content\/uploads\/2026\/04\/28-janv-actus-800x800.png",800,800,true]},"_links":{"self":[{"href":"https:\/\/mob-media.info\/index.php\/wp-json\/wp\/v2\/posts\/2736","targetHints":{"allow":["GET"]}}],"collection":[{"href":"https:\/\/mob-media.info\/index.php\/wp-json\/wp\/v2\/posts"}],"about":[{"href":"https:\/\/mob-media.info\/index.php\/wp-json\/wp\/v2\/types\/post"}],"author":[{"embeddable":true,"href":"https:\/\/mob-media.info\/index.php\/wp-json\/wp\/v2\/users\/1"}],"replies":[{"embeddable":true,"href":"https:\/\/mob-media.info\/index.php\/wp-json\/wp\/v2\/comments?post=2736"}],"version-history":[{"count":4,"href":"https:\/\/mob-media.info\/index.php\/wp-json\/wp\/v2\/posts\/2736\/revisions"}],"predecessor-version":[{"id":2748,"href":"https:\/\/mob-media.info\/index.php\/wp-json\/wp\/v2\/posts\/2736\/revisions\/2748"}],"wp:featuredmedia":[{"embeddable":true,"href":"https:\/\/mob-media.info\/index.php\/wp-json\/wp\/v2\/media\/2737"}],"wp:attachment":[{"href":"https:\/\/mob-media.info\/index.php\/wp-json\/wp\/v2\/media?parent=2736"}],"wp:term":[{"taxonomy":"category","embeddable":true,"href":"https:\/\/mob-media.info\/index.php\/wp-json\/wp\/v2\/categories?post=2736"},{"taxonomy":"post_tag","embeddable":true,"href":"https:\/\/mob-media.info\/index.php\/wp-json\/wp\/v2\/tags?post=2736"}],"curies":[{"name":"wp","href":"https:\/\/api.w.org\/{rel}","templated":true}]}}