{"id":2751,"date":"2026-01-20T14:17:00","date_gmt":"2026-01-20T13:17:00","guid":{"rendered":"https:\/\/mob-media.info\/?p=2751"},"modified":"2026-04-27T14:20:49","modified_gmt":"2026-04-27T12:20:49","slug":"iran-danger-mobilisations-agricoles-lecornu-49-3","status":"publish","type":"post","link":"https:\/\/mob-media.info\/index.php\/2026\/01\/20\/iran-danger-mobilisations-agricoles-lecornu-49-3\/","title":{"rendered":"Iran danger, mobilisations agricoles, Lecornu d\u00e9gaine le 49-3"},"content":{"rendered":"\n<h2 class=\"wp-block-heading has-white-color has-text-color has-background has-link-color wp-elements-542940b08d1901d59804b4d877e08759\" style=\"background-color:#8459af\">Iran danger, mobilisations agricoles, Lecornu d\u00e9gaine le 49-3 &#8211; 20\/01\/26<\/h2>\n\n\n\n<p>On ne sait pas vous mais<em>&nbsp;<\/em>notre petite \u00e9quipe a un peu l\u2019impression de se faire \u00e9craser par l\u2019actu. Et figurez-vous que c\u2019est normal, \u00e7a porte m\u00eame un nom :&nbsp;<strong>la saturation m\u00e9diatique<\/strong>. Une strat\u00e9gie qu\u2019applique Trump depuis son arriv\u00e9e au pouvoir il y a un an (seulement\u2026) : en multipliant les annonces, les \u00e9clats et les menaces, les forces politico-\u00e9conomiques qui en ont les moyens&nbsp;<strong>saturent l\u2019espace informationnelle<\/strong>. Une mani\u00e8re d\u2019emp\u00eacher toute contestation rationnelle, organis\u00e9e.<\/p>\n\n\n\n<p>On voulait donc contrer le&nbsp;<em>blue monday&nbsp;<\/em>mais \u00e7a sent plut\u00f4t le&nbsp;<em>r\u00e9volte january.&nbsp;<\/em>On laissera les m\u00e9dias traditionnelles vous raconter les d\u00e9rives trumpistes, on a pr\u00e9f\u00e9r\u00e9 se pencher sur l\u2019horreur des r\u00e9pressions en Iran et l\u2019espoir d\u2019une r\u00e9volution r\u00e9ussie (<strong>1.<\/strong>). Les agriculteurs fran\u00e7ais aussi se mobilisent et, en fonction de leur syndicat, d\u00e9fendent leurs id\u00e9es jusqu\u2019aux portes de l\u2019Assembl\u00e9e (<strong>2.<\/strong>). Ce qui devrait \u00e9galement nous r\u00e9volter, ce sont les in\u00e9galit\u00e9s disproportionn\u00e9es de richesse. Surtout que, qui dit milliardaire dit d\u00e9ni de d\u00e9mocratie (<strong>3.<\/strong>). Ce n\u2019est pas dans le budget de 2026 qu\u2019on r\u00e9soudra ce probl\u00e8me apparemment : Lecornu compte faire passer la pilule \u00e0 coup de 49-3, comme ses pr\u00e9d\u00e9cesseur-es (<strong>4.<\/strong>).<\/p>\n\n\n\n<p>Du c\u00f4t\u00e9 de chez MOB, on a parl\u00e9 Gilets jaunes avec Priscillia Ludosky mais on met surtout la focale sur les Municipales, pleins d\u2019espoirs pour la d\u00e9mocratie locale. On met aussi la touche finale \u00e0 notre magazine avec deux jolies pr\u00e9faces de personnalit\u00e9s, \u00e0 d\u00e9couvrir ci-dessous !<\/p>\n\n\n\n<figure class=\"wp-block-image aligncenter size-large is-resized\"><img fetchpriority=\"high\" decoding=\"async\" width=\"819\" height=\"1024\" src=\"https:\/\/mob-media.info\/wp-content\/uploads\/2026\/04\/Une-20-janvier-819x1024.png\" alt=\"\" class=\"wp-image-2752\" style=\"aspect-ratio:0.7999976537938154;width:341px;height:auto\" srcset=\"https:\/\/mob-media.info\/wp-content\/uploads\/2026\/04\/Une-20-janvier-819x1024.png 819w, https:\/\/mob-media.info\/wp-content\/uploads\/2026\/04\/Une-20-janvier-240x300.png 240w, https:\/\/mob-media.info\/wp-content\/uploads\/2026\/04\/Une-20-janvier-600x750.png 600w, https:\/\/mob-media.info\/wp-content\/uploads\/2026\/04\/Une-20-janvier.png 1080w\" sizes=\"(max-width: 819px) 100vw, 819px\" \/><\/figure>\n\n\n\n<p><strong>1- Iran : manifestations, r\u00e9pressions, r\u00e9volution ?<\/strong><\/p>\n\n\n\n<p>Les Iraniens ont \u00e9t\u00e9 plong\u00e9 dans le noir num\u00e9rique ces derniers jours. Laissant le champ libre au r\u00e9gime autoritaire des Mollah pour faire taire les manifestations \u00e0 leur encontre. Un massacre sans pr\u00e9c\u00e9dent dans&nbsp;<a target=\"_blank\" href=\"https:\/\/www.franceinfo.fr\/monde\/iran\/manifestations\/manifestations-en-iran-on-vous-explique-la-revolution-islamique-de-1979_7736629.html\" rel=\"noreferrer noopener\"><strong>l\u2019Histoire pourtant charg\u00e9e<\/strong><\/a>&nbsp;de r\u00e9pressions sanglantes de ce r\u00e9gime.&nbsp;<a target=\"_blank\" href=\"https:\/\/www.mediapart.fr\/journal\/international\/080126\/en-iran-une-economie-en-lambeaux-retour-en-quatre-actes-sur-les-racines-de-la-colere-populaire\" rel=\"noreferrer noopener\"><strong>Mediapart<\/strong><\/a>&nbsp;nous a aid\u00e9 \u00e0 retracer les causes de leur r\u00e9volte populaire en esp\u00e9rant que, enfin, ils r\u00e9ussissent \u00e0 se lib\u00e9rer du joug de leurs dirigeants.<\/p>\n\n\n\n<p>Depuis la France, la diaspora iranienne et leurs soutiens ont manifest\u00e9 pendant le week-end nous dit&nbsp;<a target=\"_blank\" href=\"https:\/\/www.lemonde.fr\/international\/article\/2026\/01\/17\/en-france-plusieurs-milliers-de-personnes-defilent-en-soutien-a-la-contestation-en-iran_6662966_3210.html\" rel=\"noreferrer noopener\"><strong>Le Monde<\/strong><\/a>. Ils ont rendu hommage \u00e0 celles et ceux qui meurent pour \u00eatre descendu dans les rues.<\/p>\n\n\n\n<figure class=\"wp-block-image size-large is-resized\"><img decoding=\"async\" width=\"1024\" height=\"640\" src=\"https:\/\/mob-media.info\/wp-content\/uploads\/2026\/04\/21-janvier-1-1024x640.png\" alt=\"\" class=\"wp-image-2753\" style=\"aspect-ratio:1.6000146487951366;width:552px;height:auto\" srcset=\"https:\/\/mob-media.info\/wp-content\/uploads\/2026\/04\/21-janvier-1-1024x640.png 1024w, https:\/\/mob-media.info\/wp-content\/uploads\/2026\/04\/21-janvier-1-300x188.png 300w, https:\/\/mob-media.info\/wp-content\/uploads\/2026\/04\/21-janvier-1-2000x1250.png 2000w\" sizes=\"(max-width: 1024px) 100vw, 1024px\" \/><\/figure>\n\n\n\n<p><strong>2- Crise agricole, tout un foin<\/strong><\/p>\n\n\n\n<p>Du c\u00f4t\u00e9 de la France, les agriculteurs sont \u00e0 nouveau dans les rues depuis quelques semaines. Une mobilisation en r\u00e9action aux abattages de troupeaux malades. Du moins, du c\u00f4t\u00e9 Gauche (conf\u00e9d\u00e9ration paysanne) de ce corps de m\u00e9tier retrace le m\u00e9dia&nbsp;<a target=\"_blank\" href=\"https:\/\/vert.eco\/articles\/troupeaux-decimes-eleveurs-traumatises-tout-savoir-sur-la-dermatose-nodulaire-contagieuse-cette-maladie-animale-qui-frappe-la-france\" rel=\"noreferrer noopener\"><strong>Vert<\/strong><\/a>. Puis, le mouvement s\u2019est \u00e9largi aux syndicats majoritaires (FNSEA et jeunes agriculteurs). Ils disent NON au trait\u00e9 sign\u00e9 pour ouvrir la France aux importations de produits sudam\u00e9ricains. Deux mouvances, deux revendications.<\/p>\n\n\n\n<p>Et si, c\u00f4t\u00e9 conf\u00e9d\u00e9ration paysanne, on s\u2019inqui\u00e8te pour le b\u00e9tail, c\u00f4t\u00e9 FNSEA on tente de r\u00e9duire les normes environnementales europ\u00e9ennes. Un enjeu de sant\u00e9 publique en cas de r\u00e9introduction de pesticides canc\u00e9rig\u00e8nes mais aussi d\u00e9mocratique. Notamment autour de l\u2019eau et de son usage, lit-on dans&nbsp;<a target=\"_blank\" href=\"https:\/\/reporterre.net\/Annonces-du-gouvernement-sur-l-eau-C-est-une-forme-de-trumpisme-a-la-francaise\" rel=\"noreferrer noopener\"><strong>Reporterre<\/strong><\/a>.<\/p>\n\n\n\n<figure class=\"wp-block-image size-large is-resized\"><img decoding=\"async\" width=\"1024\" height=\"640\" src=\"https:\/\/mob-media.info\/wp-content\/uploads\/2026\/04\/21-janvier-2-1024x640.png\" alt=\"\" class=\"wp-image-2754\" style=\"aspect-ratio:1.5999953075876308;width:590px;height:auto\" srcset=\"https:\/\/mob-media.info\/wp-content\/uploads\/2026\/04\/21-janvier-2-1024x640.png 1024w, https:\/\/mob-media.info\/wp-content\/uploads\/2026\/04\/21-janvier-2-300x188.png 300w, https:\/\/mob-media.info\/wp-content\/uploads\/2026\/04\/21-janvier-2-2000x1250.png 2000w\" sizes=\"(max-width: 1024px) 100vw, 1024px\" \/><\/figure>\n\n\n\n<p><strong>3- Ultrariches, ultra dangereux<\/strong><\/p>\n\n\n\n<p><a target=\"_blank\" href=\"https:\/\/www.oxfamfrance.org\/inegalites-et-justice-fiscale\/rapport-sur-les-inegalites-2026-resister-au-regne-des-plus-riches\/\" rel=\"noreferrer noopener\"><strong>Oxfam<\/strong><\/a>&nbsp;vient de sortir un rapport sur les in\u00e9galit\u00e9s \u00e9conomiques et plus particuli\u00e8rement sur l\u2019accumulation d\u00e9lirante&nbsp;de richesses des milliardaires. Ils y appellent \u00e0 \u201cr\u00e9sister au r\u00e8gne des plus riches\u201d. Car, derri\u00e8re ces \u00e9carts, il se cache aussi des jeux de pouvoir de plus en plus flagrants. Les milliardaires contr\u00f4lent l\u2019information, les plateformes de diffusion et leur aura politique n\u2019est plus un secret pour personne depuis le fiasco Trump-Musk.<\/p>\n\n\n\n<p>De quoi nous r\u00e9volter ? Ou peut-\u00eatre, au moins, nous inciter \u00e0 l\u00e9gif\u00e9rer sur le sujet. Dans la partie recettes du budget de l\u2019Etat par exemple ?<\/p>\n\n\n\n<figure class=\"wp-block-image size-large is-resized\"><img loading=\"lazy\" decoding=\"async\" width=\"1024\" height=\"640\" src=\"https:\/\/mob-media.info\/wp-content\/uploads\/2026\/04\/21-janvier-3-1024x640.png\" alt=\"\" class=\"wp-image-2755\" style=\"aspect-ratio:1.5999953075876308;width:596px;height:auto\" srcset=\"https:\/\/mob-media.info\/wp-content\/uploads\/2026\/04\/21-janvier-3-1024x640.png 1024w, https:\/\/mob-media.info\/wp-content\/uploads\/2026\/04\/21-janvier-3-300x188.png 300w, https:\/\/mob-media.info\/wp-content\/uploads\/2026\/04\/21-janvier-3-2000x1250.png 2000w\" sizes=\"(max-width: 1024px) 100vw, 1024px\" \/><\/figure>\n\n\n\n<p><strong>4 &#8211; 49.3 : l\u2019impossible budget collectif<\/strong><\/p>\n\n\n\n<p>Ce ne sera pas pour 2026 apparemment. Lecornu avait d\u00e9cid\u00e9 de faire de la politique diff\u00e9remment \u00e0 l\u2019automne 2025. Il avait m\u00eame surpris tout le monde en ralliant le parti socialiste aux discussions du bloc central. Mais cela n\u2019aura pas suffi, faute de r\u00e9els compromis avec l\u2019ensemble des oppositions (et d\u2019effets de posture strat\u00e9giques de certains partis).<\/p>\n\n\n\n<p>Quelques mains tendues au PS (sur les retraites ou la taxation des entreprises par exemple) devraient lui permettre de faire voter ce budget et de tenir jusqu\u2019\u00e0 la veille de la Pr\u00e9sidentielle. Election que tout le monde a en t\u00eate au lieu de se concerter r\u00e9ellement pour le bien commun. Pr\u00e9sidentialisme 1 &#8211; Parlementarisme 0.<\/p>\n\n\n\n<figure class=\"wp-block-image size-large is-resized\"><img loading=\"lazy\" decoding=\"async\" width=\"1024\" height=\"640\" src=\"https:\/\/mob-media.info\/wp-content\/uploads\/2026\/04\/21-janvier-4-1024x640.png\" alt=\"\" class=\"wp-image-2756\" style=\"aspect-ratio:1.5999953075876308;width:557px;height:auto\" srcset=\"https:\/\/mob-media.info\/wp-content\/uploads\/2026\/04\/21-janvier-4-1024x640.png 1024w, https:\/\/mob-media.info\/wp-content\/uploads\/2026\/04\/21-janvier-4-300x188.png 300w, https:\/\/mob-media.info\/wp-content\/uploads\/2026\/04\/21-janvier-4-2000x1250.png 2000w\" sizes=\"(max-width: 1024px) 100vw, 1024px\" \/><\/figure>\n\n\n\n<p>&#8211;<\/p>\n\n\n\n<h2 class=\"wp-block-heading has-white-color has-text-color has-background has-link-color wp-elements-055d449a2dc2db2cddfc4bb26052b5e2\" style=\"background-color:#8459af\">Du c\u00f4t\u00e9 de chez MOB<\/h2>\n\n\n\n<div class=\"wp-block-columns is-layout-flex wp-container-core-columns-is-layout-28f84493 wp-block-columns-is-layout-flex\">\n<div class=\"wp-block-column is-layout-flow wp-block-column-is-layout-flow\">\n<figure class=\"wp-block-embed is-type-video is-provider-youtube wp-block-embed-youtube wp-embed-aspect-16-9 wp-has-aspect-ratio\"><div class=\"wp-block-embed__wrapper\">\n<iframe title=\"Priscillia Ludosky : Gilets jaunes, acc\u00e9l\u00e9rateur militant\" width=\"950\" height=\"534\" src=\"https:\/\/www.youtube.com\/embed\/AXH_StfrBO8?feature=oembed\" frameborder=\"0\" allow=\"accelerometer; autoplay; clipboard-write; encrypted-media; gyroscope; picture-in-picture; web-share\" referrerpolicy=\"strict-origin-when-cross-origin\" allowfullscreen><\/iframe>\n<\/div><\/figure>\n<\/div>\n\n\n\n<div class=\"wp-block-column is-layout-flow wp-block-column-is-layout-flow\">\n<figure class=\"wp-block-embed is-type-video is-provider-youtube wp-block-embed-youtube wp-embed-aspect-16-9 wp-has-aspect-ratio\"><div class=\"wp-block-embed__wrapper\">\n<iframe title=\"Radar #6 : A Lyon, les \u00e9colos \u00e0 l&#039;\u00e9preuve du bilan local\" width=\"950\" height=\"534\" src=\"https:\/\/www.youtube.com\/embed\/SuZBlhYc6rY?feature=oembed\" frameborder=\"0\" allow=\"accelerometer; autoplay; clipboard-write; encrypted-media; gyroscope; picture-in-picture; web-share\" referrerpolicy=\"strict-origin-when-cross-origin\" allowfullscreen><\/iframe>\n<\/div><\/figure>\n<\/div>\n<\/div>\n\n\n\n<div class=\"wp-block-columns is-layout-flex wp-container-core-columns-is-layout-28f84493 wp-block-columns-is-layout-flex\">\n<div class=\"wp-block-column is-layout-flow wp-block-column-is-layout-flow\">\n<h3 class=\"wp-block-heading\"><a target=\"_blank\" href=\"https:\/\/www.youtube.com\/watch?v=AXH_StfrBO8\" rel=\"noreferrer noopener\"><strong>Priscillia Ludosky :&nbsp;\u201cLes gilets jaunes, mon acc\u00e9l\u00e9rateur militant\u201d<\/strong><\/a><\/h3>\n\n\n\n<p>On voulait filer la th\u00e9matique \u201cr\u00e9volte\u201d en la chargeant un peu d\u2019espoir ! Car, au-del\u00e0 de son effet pour la soci\u00e9t\u00e9, se mobiliser peut, aussi, changer des vies. En Mai 2018, Priscillia Ludosky, en pleine reconversion professionnelle, lance une p\u00e9tition contre la taxe carbone. Le combat touche bien plus de monde qu\u2019elle ne le pensait. Six mois plus tard, le 17 novembre 2018, ils d\u00e9cident d\u2019organiser une manifestation, c\u2019est le d\u00e9but du mouvement national des \u00ab Gilets jaunes \u00bb et d\u2019une aventure militante toute nouvelle pour Priscillia.<\/p>\n\n\n\n<p>Elle retrace avec nous&nbsp;<a target=\"_blank\" href=\"https:\/\/www.youtube.com\/watch?v=AXH_StfrBO8\" rel=\"noreferrer noopener\"><strong>cet embrasement citoyen, son r\u00f4le dans tout cela et son parcours associatif et politique<\/strong><\/a>&nbsp;depuis lors.<\/p>\n<\/div>\n\n\n\n<div class=\"wp-block-column is-layout-flow wp-block-column-is-layout-flow\">\n<h3 class=\"wp-block-heading\"><a target=\"_blank\" href=\"https:\/\/www.youtube.com\/watch?v=SuZBlhYc6rY\" rel=\"noreferrer noopener\"><strong>Radar #6 &#8211; A Lyon, les \u00e9colos \u00e0 l\u2019\u00e9preuve de leur bilan<\/strong><\/a><\/h3>\n\n\n\n<p>Avec Strasbourg, Poitiers ou Bordeaux, Lyon devenait, en 2020, un symbole de \u00ab\u00a0la vague verte\u00a0\u00bb des pr\u00e9c\u00e9dentes municipales. Un laboratoire de l&rsquo;\u00e9cologie politique. Nicolas Barriquand est journaliste pour&nbsp;<a target=\"_blank\" href=\"https:\/\/www.mediacites.fr\/lyon\/\" rel=\"noreferrer noopener\">Mediacit\u00e9s Lyon<\/a>. Il a suivi les r\u00e9alisations du mandat. Les \u00e9cologistes avaient promis de transformer Lyon, de pr\u00e9parer la ville au changement climatique.<\/p>\n\n\n\n<p>On le laisse vous raconter s&rsquo;ils ont tenu parole dans ce nouvel \u00e9pisode de&nbsp;<a target=\"_blank\" href=\"https:\/\/www.youtube.com\/playlist?list=PLDMsiR-yow38GO5yMzHJ9CkspauZDd7f3\" rel=\"noreferrer noopener\"><strong>Radar, notre s\u00e9rie sur les Municipales<\/strong><\/a>.<\/p>\n<\/div>\n<\/div>\n\n\n\n<p>&#8211;<\/p>\n\n\n\n<h2 class=\"wp-block-heading has-white-color has-text-color has-background has-link-color wp-elements-8d5ddd1b363a50baf37e40c8beb3d8f9\" style=\"background-color:#8459af\">La recommandation de la r\u00e9dac<\/h2>\n\n\n\n<div class=\"wp-block-columns is-layout-flex wp-container-core-columns-is-layout-28f84493 wp-block-columns-is-layout-flex\">\n<div class=\"wp-block-column is-layout-flow wp-block-column-is-layout-flow\">\n<p>Une fois n\u2019est pas coutume, on vous conseille un compte Instagram !&nbsp;<a target=\"_blank\" href=\"https:\/\/www.instagram.com\/votes_assemblee_nationale\/\" rel=\"noreferrer noopener\"><strong>@votes_assemblee_nationale<\/strong><\/a>&nbsp;d\u00e9cortique la fabrique de la loi dans des posts denses mais accessibles.<\/p>\n\n\n\n<p>Des donn\u00e9es chiffr\u00e9es sur les votes des groupes parlementaires mais aussi des explications et verbatims de nos repr\u00e9sentants politiques.<\/p>\n\n\n\n<p>Leur analyse du Budget 2026 est particuli\u00e8rement int\u00e9ressante. Et si leurs audiences viennent tout juste de grimper en fl\u00e8che ces derniers mois, on pense qu\u2019ils vont bient\u00f4t proposer plus de sujets.<\/p>\n<\/div>\n\n\n\n<div class=\"wp-block-column is-layout-flow wp-block-column-is-layout-flow\">\n<figure class=\"wp-block-image aligncenter size-large is-resized\"><img loading=\"lazy\" decoding=\"async\" width=\"587\" height=\"1024\" src=\"https:\/\/mob-media.info\/wp-content\/uploads\/2026\/04\/votes-AN-587x1024.png\" alt=\"\" class=\"wp-image-2757\" style=\"aspect-ratio:0.5732373854193438;width:262px;height:auto\" srcset=\"https:\/\/mob-media.info\/wp-content\/uploads\/2026\/04\/votes-AN-587x1024.png 587w, https:\/\/mob-media.info\/wp-content\/uploads\/2026\/04\/votes-AN-172x300.png 172w, https:\/\/mob-media.info\/wp-content\/uploads\/2026\/04\/votes-AN.png 598w\" sizes=\"(max-width: 587px) 100vw, 587px\" \/><\/figure>\n<\/div>\n<\/div>\n\n\n\n<div class=\"wp-block-columns has-background is-layout-flex wp-container-core-columns-is-layout-28f84493 wp-block-columns-is-layout-flex\" style=\"background-color:#8459af\">\n<div class=\"wp-block-column is-layout-flow wp-block-column-is-layout-flow\">\n<figure class=\"wp-block-image aligncenter size-large is-resized\"><img loading=\"lazy\" decoding=\"async\" width=\"819\" height=\"1024\" src=\"https:\/\/mob-media.info\/wp-content\/uploads\/2026\/04\/ariane-819x1024.png\" alt=\"\" class=\"wp-image-2758\" style=\"aspect-ratio:0.7997944157582711;width:332px;height:auto\" srcset=\"https:\/\/mob-media.info\/wp-content\/uploads\/2026\/04\/ariane-819x1024.png 819w, https:\/\/mob-media.info\/wp-content\/uploads\/2026\/04\/ariane-240x300.png 240w, https:\/\/mob-media.info\/wp-content\/uploads\/2026\/04\/ariane.png 1080w\" sizes=\"(max-width: 819px) 100vw, 819px\" \/><\/figure>\n<\/div>\n\n\n\n<div class=\"wp-block-column is-layout-flow wp-block-column-is-layout-flow\">\n<figure class=\"wp-block-image aligncenter size-large is-resized\"><img loading=\"lazy\" decoding=\"async\" width=\"819\" height=\"1024\" src=\"https:\/\/mob-media.info\/wp-content\/uploads\/2026\/04\/loic-819x1024.png\" alt=\"\" class=\"wp-image-2759\" style=\"aspect-ratio:0.7999856534838123;width:330px;height:auto\" srcset=\"https:\/\/mob-media.info\/wp-content\/uploads\/2026\/04\/loic-819x1024.png 819w, https:\/\/mob-media.info\/wp-content\/uploads\/2026\/04\/loic-240x300.png 240w, https:\/\/mob-media.info\/wp-content\/uploads\/2026\/04\/loic.png 1080w\" sizes=\"(max-width: 819px) 100vw, 819px\" \/><\/figure>\n<\/div>\n<\/div>\n\n\n\n<p><\/p>\n\n\n\n<p>On met la touche finale \u00e0 la maquette du magazine, encore quelques \u00e9changes avec l\u2019imprimeur et on sera pr\u00eats pour se le faire livrer et (enfin) vous le partager !<\/p>\n\n\n\n<p>On attendait encore l\u2019\u00e9dito d\u2019introduction de deux personnalit\u00e9s pour finaliser, et c\u2019est chose faite !&nbsp;<strong>Lo\u00efc Blondiaux<\/strong>&nbsp;est chercheur en sciences politiques et sp\u00e9cialiste des enjeux de d\u00e9mocratie, particuli\u00e8rement participative.&nbsp;<strong>Ariane Lavrilleux<\/strong>&nbsp;est r\u00e9dactrice en cheffe adjointe chez&nbsp;<a target=\"_blank\" href=\"https:\/\/disclose.ngo\/fr\" rel=\"noreferrer noopener\"><strong>Disclose<\/strong><\/a>&nbsp;et elle fait partie de ces journalistes d\u2019investigation qui subissent des proc\u00e9dures b\u00e2illons pour leur travail. Tous-tes deux d\u00e9fendent l\u2019importance de r\u00e9former nos institutions, de prot\u00e9ger les contre-pouvoirs et surtout, d\u2019avoir un m\u00e9dia d\u00e9di\u00e9 \u00e0 la d\u00e9mocratie. Nous quoi !<\/p>\n\n\n\n<p>On vous laisse avec un court verbatim extrait de leur \u00e9dito.&nbsp;<a target=\"_blank\" href=\"https:\/\/www.helloasso.com\/associations\/mob-le-media-de-la-democratie\/collectes\/mob-saison-3-pour-la-democratie-jouons-collectif\" rel=\"noreferrer noopener\"><strong>Vous avez moins de 48H pour pr\u00e9commander magazine et\/ou soutenir le m\u00e9dia sur HelloAsso<\/strong><\/a>&nbsp;(d\u00e9fiscalisation de 66% sur vos dons).<\/p>\n\n\n\n<p>Mais surtout, prenez soin de vous, et \u00e0 bient\u00f4t,<\/p>\n\n\n\n<p><strong>L\u2019\u00e9quipe MOB<\/strong><\/p>\n\n\n\n<h3 class=\"wp-block-heading has-text-align-center has-white-color has-text-color has-background has-link-color wp-elements-15f05d9ed31a88816ea84f9d99a0a474\" style=\"background-color:#8459af\">Et pour ne rien rater de nos contenus, on vous propose une newsletter toutes les semaines, pour s&rsquo;abonner :<\/h3>\n\n\n\n<div class=\"wp-block-columns has-background is-layout-flex wp-container-core-columns-is-layout-28f84493 wp-block-columns-is-layout-flex\" style=\"background-color:#8459af\">\n<div class=\"wp-block-column is-layout-flow wp-block-column-is-layout-flow\">\n<figure class=\"wp-block-image aligncenter size-large is-resized is-style-default\"><a href=\"https:\/\/mob-media.us21.list-manage.com\/subscribe?u=8a80eecf9dcb7e85d7c18aa10&amp;id=a2edb6c814\" target=\"_blank\" rel=\" noreferrer noopener\"><img loading=\"lazy\" decoding=\"async\" width=\"840\" height=\"1024\" src=\"https:\/\/mob-media.info\/wp-content\/uploads\/2026\/03\/Newsletter-modele-e1775037288407-840x1024.png\" alt=\"\" class=\"wp-image-2564\" style=\"aspect-ratio:0.8203059873486;width:334px;height:auto\" srcset=\"https:\/\/mob-media.info\/wp-content\/uploads\/2026\/03\/Newsletter-modele-e1775037288407-840x1024.png 840w, https:\/\/mob-media.info\/wp-content\/uploads\/2026\/03\/Newsletter-modele-e1775037288407-246x300.png 246w, https:\/\/mob-media.info\/wp-content\/uploads\/2026\/03\/Newsletter-modele-e1775037288407-768x936.png 768w, https:\/\/mob-media.info\/wp-content\/uploads\/2026\/03\/Newsletter-modele-e1775037288407-600x731.png 600w, https:\/\/mob-media.info\/wp-content\/uploads\/2026\/03\/Newsletter-modele-e1775037288407.png 1075w\" sizes=\"(max-width: 840px) 100vw, 840px\" \/><\/a><\/figure>\n<\/div>\n\n\n\n<div class=\"wp-block-column is-layout-flow wp-block-column-is-layout-flow\"><script>(function() {\n\twindow.mc4wp = window.mc4wp || {\n\t\tlisteners: [],\n\t\tforms: {\n\t\t\ton: function(evt, cb) {\n\t\t\t\twindow.mc4wp.listeners.push(\n\t\t\t\t\t{\n\t\t\t\t\t\tevent   : evt,\n\t\t\t\t\t\tcallback: cb\n\t\t\t\t\t}\n\t\t\t\t);\n\t\t\t}\n\t\t}\n\t}\n})();\n<\/script><!-- Mailchimp for WordPress v4.12.1 - https:\/\/wordpress.org\/plugins\/mailchimp-for-wp\/ --><form id=\"mc4wp-form-1\" class=\"mc4wp-form mc4wp-form-2563\" method=\"post\" data-id=\"2563\" data-name=\"Je m&#039;abonne \u00e0 la newsletter !\" data-typo-check=\"1\" ><div class=\"mc4wp-form-fields\"><\/p>\r\n<p>\r\n    <label>Pr\u00e9nom<\/label>\r\n    <input type=\"text\" name=\"FNAME\" autocomplete=\"given-name\">\r\n<\/p>\r\n<p>\r\n    <label>Nom de famille<\/label>\r\n    <input type=\"text\" name=\"LNAME\" autocomplete=\"family-name\">\r\n<\/p>\r\n<p>\r\n\t<label for=\"email\">Adresse e-mail: \r\n\t\t<input type=\"email\" id=\"email\" name=\"EMAIL\" placeholder=\"Votre adresse e-mail\" autocomplete=\"email\" required>\r\n\t<\/label>\r\n<\/p>\r\n\r\n<input type=\"hidden\" name=\"procaptcha\">\r\n\r\n\r\n<p>\r\n\t<input type=\"submit\" value=\"Je m'abonne\">\r\n<\/p><\/div><label style=\"display: none !important;\">Laissez ce champ vide si vous \u00eates humain\u00a0: <input type=\"text\" name=\"_mc4wp_honeypot\" value=\"\" tabindex=\"-1\" autocomplete=\"off\" \/><\/label><input type=\"hidden\" name=\"_mc4wp_timestamp\" value=\"1777478329\" \/><input type=\"hidden\" name=\"_mc4wp_form_id\" value=\"2563\" \/><input type=\"hidden\" name=\"_mc4wp_form_element_id\" value=\"mc4wp-form-1\" \/><div class=\"mc4wp-response\"><\/div><\/form><!-- \/ Mailchimp for WordPress Plugin --><\/div>\n<\/div>\n","protected":false},"excerpt":{"rendered":"<p>Iran danger, mobilisations agricoles, Lecornu d\u00e9gaine le 49-3 &#8211; 20\/01\/26 On ne sait pas vous mais&nbsp;notre petite \u00e9quipe a un peu l\u2019impression de se faire \u00e9craser par l\u2019actu. Et figurez-vous que c\u2019est normal, \u00e7a porte m\u00eame un nom :&nbsp;la saturation m\u00e9diatique. Une strat\u00e9gie qu\u2019applique Trump depuis son arriv\u00e9e au pouvoir il y a un an &hellip; <\/p>\n<p class=\"link-more\"><a href=\"https:\/\/mob-media.info\/index.php\/2026\/01\/20\/iran-danger-mobilisations-agricoles-lecornu-49-3\/\" class=\"more-link\">Lire la suite de<span class=\"screen-reader-text\">\u00ab\u00a0Iran danger, mobilisations agricoles, Lecornu d\u00e9gaine le 49-3\u00a0\u00bb<\/span><\/a><\/p>\n","protected":false},"author":1,"featured_media":2752,"comment_status":"closed","ping_status":"open","sticky":false,"template":"","format":"standard","meta":{"footnotes":""},"categories":[68,5,7],"tags":[103,108,105,107,106,104],"class_list":["post-2751","post","type-post","status-publish","format-standard","has-post-thumbnail","hentry","category-infolettre","category-institutions","category-international","tag-49-3","tag-assemblee-nationale","tag-budget","tag-gilets-jaunes","tag-iran","tag-lois"],"featured_media_urls":{"thumbnail":["https:\/\/mob-media.info\/wp-content\/uploads\/2026\/04\/Une-20-janvier-150x150.png",150,150,true],"medium":["https:\/\/mob-media.info\/wp-content\/uploads\/2026\/04\/Une-20-janvier-240x300.png",240,300,true],"medium_large":["https:\/\/mob-media.info\/wp-content\/uploads\/2026\/04\/Une-20-janvier.png",768,960,false],"large":["https:\/\/mob-media.info\/wp-content\/uploads\/2026\/04\/Une-20-janvier-819x1024.png",819,1024,true],"1536x1536":["https:\/\/mob-media.info\/wp-content\/uploads\/2026\/04\/Une-20-janvier.png",1080,1350,false],"2048x2048":["https:\/\/mob-media.info\/wp-content\/uploads\/2026\/04\/Une-20-janvier.png",1080,1350,false],"inspiro-featured-image":["https:\/\/mob-media.info\/wp-content\/uploads\/2026\/04\/Une-20-janvier.png",1080,1350,false],"inspiro-loop":["https:\/\/mob-media.info\/wp-content\/uploads\/2026\/04\/Une-20-janvier-950x320.png",950,320,true],"inspiro-loop@2x":["https:\/\/mob-media.info\/wp-content\/uploads\/2026\/04\/Une-20-janvier-1080x640.png",1080,640,true],"portfolio_item-thumbnail":["https:\/\/mob-media.info\/wp-content\/uploads\/2026\/04\/Une-20-janvier-600x400.png",600,400,true],"portfolio_item-thumbnail@2x":["https:\/\/mob-media.info\/wp-content\/uploads\/2026\/04\/Une-20-janvier-1080x800.png",1080,800,true],"portfolio_item-masonry":["https:\/\/mob-media.info\/wp-content\/uploads\/2026\/04\/Une-20-janvier-600x750.png",600,750,true],"portfolio_item-masonry@2x":["https:\/\/mob-media.info\/wp-content\/uploads\/2026\/04\/Une-20-janvier.png",1080,1350,false],"portfolio_item-thumbnail_cinema":["https:\/\/mob-media.info\/wp-content\/uploads\/2026\/04\/Une-20-janvier-800x335.png",800,335,true],"portfolio_item-thumbnail_portrait":["https:\/\/mob-media.info\/wp-content\/uploads\/2026\/04\/Une-20-janvier-600x900.png",600,900,true],"portfolio_item-thumbnail_portrait@2x":["https:\/\/mob-media.info\/wp-content\/uploads\/2026\/04\/Une-20-janvier.png",1080,1350,false],"portfolio_item-thumbnail_square":["https:\/\/mob-media.info\/wp-content\/uploads\/2026\/04\/Une-20-janvier-800x800.png",800,800,true]},"_links":{"self":[{"href":"https:\/\/mob-media.info\/index.php\/wp-json\/wp\/v2\/posts\/2751","targetHints":{"allow":["GET"]}}],"collection":[{"href":"https:\/\/mob-media.info\/index.php\/wp-json\/wp\/v2\/posts"}],"about":[{"href":"https:\/\/mob-media.info\/index.php\/wp-json\/wp\/v2\/types\/post"}],"author":[{"embeddable":true,"href":"https:\/\/mob-media.info\/index.php\/wp-json\/wp\/v2\/users\/1"}],"replies":[{"embeddable":true,"href":"https:\/\/mob-media.info\/index.php\/wp-json\/wp\/v2\/comments?post=2751"}],"version-history":[{"count":3,"href":"https:\/\/mob-media.info\/index.php\/wp-json\/wp\/v2\/posts\/2751\/revisions"}],"predecessor-version":[{"id":2762,"href":"https:\/\/mob-media.info\/index.php\/wp-json\/wp\/v2\/posts\/2751\/revisions\/2762"}],"wp:featuredmedia":[{"embeddable":true,"href":"https:\/\/mob-media.info\/index.php\/wp-json\/wp\/v2\/media\/2752"}],"wp:attachment":[{"href":"https:\/\/mob-media.info\/index.php\/wp-json\/wp\/v2\/media?parent=2751"}],"wp:term":[{"taxonomy":"category","embeddable":true,"href":"https:\/\/mob-media.info\/index.php\/wp-json\/wp\/v2\/categories?post=2751"},{"taxonomy":"post_tag","embeddable":true,"href":"https:\/\/mob-media.info\/index.php\/wp-json\/wp\/v2\/tags?post=2751"}],"curies":[{"name":"wp","href":"https:\/\/api.w.org\/{rel}","templated":true}]}}