{"id":2807,"date":"2025-11-17T16:32:00","date_gmt":"2025-11-17T15:32:00","guid":{"rendered":"https:\/\/mob-media.info\/?p=2807"},"modified":"2026-04-27T16:43:32","modified_gmt":"2026-04-27T14:43:32","slug":"omnibus-cop-30-budget-2026-wokipedia","status":"publish","type":"post","link":"https:\/\/mob-media.info\/index.php\/2025\/11\/17\/omnibus-cop-30-budget-2026-wokipedia\/","title":{"rendered":"Omnibus, COP 30, Budget 2026, \u00ab\u00a0Wokipedia\u00a0\u00bb"},"content":{"rendered":"\n<h2 class=\"wp-block-heading has-white-color has-text-color has-background has-link-color wp-elements-f84c32b397c7b7fee9b533dc670fd65b\" style=\"background-color:#9543ff\">Omnibus, COP 30, Budget 2026, \u00ab\u00a0Wokipedia\u00a0\u00bb &#8211; 17\/11\/26<\/h2>\n\n\n\n<p><strong>Triste temps pour l\u2019\u00e9cologie cette semaine !\u00a0Avec Omnibus, le pacte vert europ\u00e9en \u00e0 la poubelle\u00a0(1.). Pendant qu\u2019au Br\u00e9sil, les indig\u00e8nes r\u00e9clament leur place \u00e0 la COP 30\u00a0(2.). Un sujet quasi inexistant dans les n\u00e9gociations \u00e0 la peine \u00e0 l\u2019Assembl\u00e9e nationale qui passe d\u2019ailleurs le budget 2026 au S\u00e9nat\u00a0(3.). En attendant, Wikip\u00e9dia se fait traiter de \u201cWokip\u00e9dia\u201d par Le Point, Elon Musk, les milliardaires m\u00e9contents de cette encyclop\u00e9die citoyenne\u00a0(4.)<\/strong><\/p>\n\n\n\n<p>Du c\u00f4t\u00e9 de chez MOB, on a eu la chance de rencontrer\u00a0<strong>Lyes Louffok<\/strong>, figure jeune et embl\u00e9matique du combat pour les droits de l\u2019enfant. On a aussi essay\u00e9 de se convertir au fascisme avec\u00a0<strong>Mark Fortier<\/strong>, sans succ\u00e8s ! Ce sont les actus de la semaine !<\/p>\n\n\n\n<figure class=\"wp-block-image aligncenter size-large is-resized\"><img fetchpriority=\"high\" decoding=\"async\" width=\"819\" height=\"1024\" src=\"https:\/\/mob-media.info\/wp-content\/uploads\/2026\/04\/actus-21-nov-819x1024.png\" alt=\"\" class=\"wp-image-2808\" style=\"aspect-ratio:0.7999976537938154;width:360px;height:auto\" srcset=\"https:\/\/mob-media.info\/wp-content\/uploads\/2026\/04\/actus-21-nov-819x1024.png 819w, https:\/\/mob-media.info\/wp-content\/uploads\/2026\/04\/actus-21-nov-240x300.png 240w, https:\/\/mob-media.info\/wp-content\/uploads\/2026\/04\/actus-21-nov-600x750.png 600w, https:\/\/mob-media.info\/wp-content\/uploads\/2026\/04\/actus-21-nov.png 1080w\" sizes=\"(max-width: 819px) 100vw, 819px\" \/><\/figure>\n\n\n\n<p><strong>1- L\u2019union europ\u00e9enne dit \u201cbye bye\u201d au Pacte Vert<\/strong><\/p>\n\n\n\n<p>En pleine COP 30, le Parlement europ\u00e9en enterre la transition \u00e9cologique europ\u00e9enne avec la loi Omnibus s\u2019inqui\u00e8te&nbsp;<a target=\"_blank\" href=\"https:\/\/vert.eco\/articles\/une-faillite-morale-absolue-le-parlement-europeen-vote-la-loi-omnibus-et-acte-plusieurs-reculs-sociaux-et-environnementaux\" rel=\"noreferrer noopener\"><strong>Vert<\/strong><\/a>.&nbsp;Une alliance, jusqu\u2019ici tr\u00e8s rare entre la droite et l\u2019extr\u00eame droite europ\u00e9enne a permis de d\u00e9tricoter le Pacte vert et, avec lui, l\u2019obligation de respecter les accords de Paris.<\/p>\n\n\n\n<p>RIP l\u2019\u00e9cologie\u2026 Et qui en profite ? Les multinationales comme Total\u2026<\/p>\n\n\n\n<figure class=\"wp-block-image size-large is-resized\"><img decoding=\"async\" width=\"1024\" height=\"640\" src=\"https:\/\/mob-media.info\/wp-content\/uploads\/2026\/04\/17-nov-1-1024x640.png\" alt=\"\" class=\"wp-image-2809\" style=\"aspect-ratio:1.5999953075876308;width:557px;height:auto\" srcset=\"https:\/\/mob-media.info\/wp-content\/uploads\/2026\/04\/17-nov-1-1024x640.png 1024w, https:\/\/mob-media.info\/wp-content\/uploads\/2026\/04\/17-nov-1-300x188.png 300w, https:\/\/mob-media.info\/wp-content\/uploads\/2026\/04\/17-nov-1-2000x1250.png 2000w\" sizes=\"(max-width: 1024px) 100vw, 1024px\" \/><\/figure>\n\n\n\n<p><strong>2- COP 30 : les indig\u00e8nes sont en col\u00e8re<\/strong><\/p>\n\n\n\n<p>Pas \u00e9tonnant que les peuples autochtones se r\u00e9voltent \u00e0 la COP 30.&nbsp;<a target=\"_blank\" href=\"https:\/\/www.lemonde.fr\/planete\/article\/2025\/11\/12\/cop30-des-manifestants-indigenes-forcent-l-entree-pour-faire-entendre-leurs-revendications_6653073_3244.html\" rel=\"noreferrer noopener\"><strong>Le Monde<\/strong><\/a>&nbsp;raconte comment une d\u00e9l\u00e9gation a forc\u00e9 l\u2019acc\u00e8s \u00e0 la zone bleue, noyau dur des n\u00e9gociations sur le Climat \u00e0 Bel\u00e9m au Br\u00e9sil. R\u00e9duire la d\u00e9forestation \u00e0 horizon 2030 sans les habitants de ces territoires ? \u00c7a sent plus que jamais le roussi en Amazonie\u2026<\/p>\n\n\n\n<p>Heureusement, des militants comme F\u00e9ris Barkat se mobilisent sur place pour d\u00e9fendre la voix des banlieues mais aussi&nbsp;<a target=\"_blank\" href=\"https:\/\/www.instagram.com\/reel\/DRFYZHnCt3C\/\" rel=\"noreferrer noopener\"><strong>des indig\u00e8nes rencontr\u00e9s sur place<\/strong><\/a>.<\/p>\n\n\n\n<figure class=\"wp-block-image size-large is-resized\"><img decoding=\"async\" width=\"1024\" height=\"640\" src=\"https:\/\/mob-media.info\/wp-content\/uploads\/2026\/04\/17-nov-2-1024x640.png\" alt=\"\" class=\"wp-image-2810\" style=\"aspect-ratio:1.5999953075876308;width:555px;height:auto\" srcset=\"https:\/\/mob-media.info\/wp-content\/uploads\/2026\/04\/17-nov-2-1024x640.png 1024w, https:\/\/mob-media.info\/wp-content\/uploads\/2026\/04\/17-nov-2-300x188.png 300w, https:\/\/mob-media.info\/wp-content\/uploads\/2026\/04\/17-nov-2-2000x1250.png 2000w\" sizes=\"(max-width: 1024px) 100vw, 1024px\" \/><\/figure>\n\n\n\n<p><strong>3- Budget 2026, \u00e7a passe au S\u00e9nat, sans vote de l\u2019Assembl\u00e9e<\/strong><\/p>\n\n\n\n<p>Relais parlementaire sur le budget 2026 mais sans vote de l\u2019Assembl\u00e9e&nbsp;<a target=\"_blank\" href=\"https:\/\/lcp.fr\/actualites\/le-budget-de-la-secu-transmis-au-senat-sans-vote-a-l-assemblee-mais-avec-les-amendements\" rel=\"noreferrer noopener\"><strong>souligne LCP<\/strong><\/a>.<\/p>\n\n\n\n<p>Trop d\u2019amendements et de d\u00e9bats pour un calendrier resserr\u00e9, une vision assez particuli\u00e8re des d\u00e9bats d\u00e9mocratiques et de la fabrique de la loi. Au moins, certains points essentiels pour les fran\u00e7ais, comme la r\u00e9forme des retraites, ont pu \u00eatre vot\u00e9s avant ce passage de patate chaude.<\/p>\n\n\n\n<figure class=\"wp-block-image size-large is-resized\"><img loading=\"lazy\" decoding=\"async\" width=\"1024\" height=\"640\" src=\"https:\/\/mob-media.info\/wp-content\/uploads\/2026\/04\/1e-nov-3-1024x640.png\" alt=\"\" class=\"wp-image-2811\" style=\"aspect-ratio:1.6000146487951366;width:566px;height:auto\" srcset=\"https:\/\/mob-media.info\/wp-content\/uploads\/2026\/04\/1e-nov-3-1024x640.png 1024w, https:\/\/mob-media.info\/wp-content\/uploads\/2026\/04\/1e-nov-3-300x188.png 300w, https:\/\/mob-media.info\/wp-content\/uploads\/2026\/04\/1e-nov-3-2000x1250.png 2000w\" sizes=\"(max-width: 1024px) 100vw, 1024px\" \/><\/figure>\n\n\n\n<p><strong>4 &#8211; \u201cWokip\u00e9dia\u201d ?<\/strong><\/p>\n\n\n\n<p>Wikipedia dans la sauce de Droite lit-on dans&nbsp;<a target=\"_blank\" href=\"https:\/\/www.humanite.fr\/politique\/elon-musk\/wikipedia-na-jamais-ete-autant-en-danger-derriere-loffensive-du-magazine-le-point-la-bataille-ideologique-fait-rage\" rel=\"noreferrer noopener\"><strong>l\u2019Humanit\u00e9<\/strong><\/a>. L\u2019encyclop\u00e9die collaborative est de plus en plus sous les projecteurs de m\u00e9dias ou de milliardaires insatisfaits des r\u00e9cits, pourtant tr\u00e8s sourc\u00e9s, de la plateforme.<\/p>\n\n\n\n<p>Soit-disant wokiste, l\u2019\u00e9quilibre des id\u00e9es fluctue pourtant sur la plateforme, au gr\u00e9 des contributions et pr\u00e9cisions des mod\u00e9rateurs. Mais, apparemment, le savoir, \u00e7a fait peur \u00e0 certains\u2026 Des attaques qui en disent long sur le combat id\u00e9ologique qui se d\u00e9roule en ligne. Une raison de soutenir ?<\/p>\n\n\n\n<figure class=\"wp-block-image size-large is-resized\"><img loading=\"lazy\" decoding=\"async\" width=\"1024\" height=\"640\" src=\"https:\/\/mob-media.info\/wp-content\/uploads\/2026\/04\/17-nov-4-1024x640.png\" alt=\"\" class=\"wp-image-2812\" style=\"aspect-ratio:1.5999953075876308;width:559px;height:auto\" srcset=\"https:\/\/mob-media.info\/wp-content\/uploads\/2026\/04\/17-nov-4-1024x640.png 1024w, https:\/\/mob-media.info\/wp-content\/uploads\/2026\/04\/17-nov-4-300x188.png 300w, https:\/\/mob-media.info\/wp-content\/uploads\/2026\/04\/17-nov-4-2000x1250.png 2000w\" sizes=\"(max-width: 1024px) 100vw, 1024px\" \/><\/figure>\n\n\n\n<h2 class=\"wp-block-heading has-white-color has-text-color has-background has-link-color wp-elements-f9462ba0ca53fffc478db4b8820370b8\" style=\"background-color:#9543ff\"><strong>Du c\u00f4t\u00e9 de chez MOB !<\/strong><\/h2>\n\n\n\n<div class=\"wp-block-columns is-layout-flex wp-container-core-columns-is-layout-28f84493 wp-block-columns-is-layout-flex\">\n<div class=\"wp-block-column is-layout-flow wp-block-column-is-layout-flow\">\n<h2 class=\"wp-block-heading\"><a href=\"https:\/\/mob-media.info\/index.php\/2025\/11\/12\/lyes-louffok-enfer-foyers-moteur\/\" target=\"_blank\" rel=\"noreferrer noopener\"><strong>Lyes Louffok : L\u2019enfer des foyers en moteur<\/strong><\/a><\/h2>\n\n\n\n<p>On continue notre s\u00e9rie de Portraits d\u2019engag\u00e9s (#3) avec Lyes Louffok. Le jeune homme milite depuis ses 17 ans pour les droits de l\u2019enfant. Un combat qui prend ses racines dans son propre parcours \u00e0 l\u2019aide sociale \u00e0 l\u2019enfance (ASE). <\/p>\n\n\n\n<p>Des ann\u00e9es terribles, parsem\u00e9es de violences et de maltraitances qu\u2019il a racont\u00e9 dans un livre,\u00a0<a href=\"https:\/\/www.decitre.fr\/livres\/dans-l-enfer-des-foyers-9782290119204.html?sku=9782081293748\"><em><strong>Dans l\u2019enfer des foyers<\/strong><\/em><\/a><strong>.<\/strong>\u00a0Une histoire qui l\u2019am\u00e8ne, depuis plusieurs ann\u00e9es, \u00e0 la vie politique.\u00a0De victime \u00e0 porte-parole.<\/p>\n<\/div>\n\n\n\n<div class=\"wp-block-column is-layout-flow wp-block-column-is-layout-flow\">\n<figure class=\"wp-block-image aligncenter size-large is-resized\"><a href=\"https:\/\/mob-media.info\/index.php\/2025\/11\/12\/lyes-louffok-enfer-foyers-moteur\/\" target=\"_blank\" rel=\" noreferrer noopener\"><img loading=\"lazy\" decoding=\"async\" width=\"747\" height=\"1024\" src=\"https:\/\/mob-media.info\/wp-content\/uploads\/2025\/11\/Miniature-RS-Lyes-e1762950937309-747x1024.png\" alt=\"\" class=\"wp-image-2208\" style=\"aspect-ratio:0.729482818768533;width:330px;height:auto\" srcset=\"https:\/\/mob-media.info\/wp-content\/uploads\/2025\/11\/Miniature-RS-Lyes-e1762950937309-747x1024.png 747w, https:\/\/mob-media.info\/wp-content\/uploads\/2025\/11\/Miniature-RS-Lyes-e1762950937309-219x300.png 219w, https:\/\/mob-media.info\/wp-content\/uploads\/2025\/11\/Miniature-RS-Lyes-e1762950937309-768x1053.png 768w, https:\/\/mob-media.info\/wp-content\/uploads\/2025\/11\/Miniature-RS-Lyes-e1762950937309-600x823.png 600w, https:\/\/mob-media.info\/wp-content\/uploads\/2025\/11\/Miniature-RS-Lyes-e1762950937309.png 1072w\" sizes=\"(max-width: 747px) 100vw, 747px\" \/><\/a><\/figure>\n<\/div>\n<\/div>\n\n\n\n<h2 class=\"wp-block-heading has-white-color has-text-color has-background has-link-color wp-elements-db8281c637c5c6b0b253a65d5d3990c9\" style=\"background-color:#9543ff\"><strong>La recommandation de la r\u00e9dac<\/strong><\/h2>\n\n\n\n<div class=\"wp-block-columns is-layout-flex wp-container-core-columns-is-layout-28f84493 wp-block-columns-is-layout-flex\">\n<div class=\"wp-block-column is-layout-flow wp-block-column-is-layout-flow\">\n<figure class=\"wp-block-image aligncenter size-full is-resized\"><img loading=\"lazy\" decoding=\"async\" width=\"690\" height=\"1000\" src=\"https:\/\/mob-media.info\/wp-content\/uploads\/2026\/04\/devenir-fasciste.jpg\" alt=\"\" class=\"wp-image-2813\" style=\"aspect-ratio:0.6899915444740045;width:280px;height:auto\" srcset=\"https:\/\/mob-media.info\/wp-content\/uploads\/2026\/04\/devenir-fasciste.jpg 690w, https:\/\/mob-media.info\/wp-content\/uploads\/2026\/04\/devenir-fasciste-207x300.jpg 207w\" sizes=\"(max-width: 690px) 100vw, 690px\" \/><\/figure>\n<\/div>\n\n\n\n<div class=\"wp-block-column is-layout-flow wp-block-column-is-layout-flow\">\n<p>Mark Fortier essaie d\u00e9sesp\u00e9r\u00e9ment de&nbsp;<a target=\"_blank\" href=\"https:\/\/www.babelio.com\/livres\/Fortier-Devenir-Fasciste--Ma-Therapie-de-conversion\/1834284\" rel=\"noreferrer noopener\"><strong>\u201cdevenir fasciste\u201d<\/strong><\/a>&nbsp;dans son livre du m\u00eame nom. Ce sociologue nous livre avec humour la m\u00e9thodologie pour (enfin !) rejoindre le courant autoritaire et fascisant qui se r\u00e9pand dans le monde : l\u00e2cher prise.<\/p>\n\n\n\n<p>Une \u201cconversion\u201d pleine d\u2019humour qu\u2019il ne parviendra pas \u00e0 accomplir, fort heureusement ! Un r\u00e9cit original de ce qui nous pend au nez si on laisse faire les fascistes qui, malheureusement, n\u2019arrivent jamais seuls au pouvoir.<\/p>\n\n\n\n<p>Alors prenez soin de vous, et de vos id\u00e9es, <\/p>\n\n\n\n<p><strong>L&rsquo;\u00e9quipe MOB<\/strong><\/p>\n<\/div>\n<\/div>\n","protected":false},"excerpt":{"rendered":"<p>Omnibus, COP 30, Budget 2026, \u00ab\u00a0Wokipedia\u00a0\u00bb &#8211; 17\/11\/26 Triste temps pour l\u2019\u00e9cologie cette semaine !\u00a0Avec Omnibus, le pacte vert europ\u00e9en \u00e0 la poubelle\u00a0(1.). Pendant qu\u2019au Br\u00e9sil, les indig\u00e8nes r\u00e9clament leur place \u00e0 la COP 30\u00a0(2.). Un sujet quasi inexistant dans les n\u00e9gociations \u00e0 la peine \u00e0 l\u2019Assembl\u00e9e nationale qui passe d\u2019ailleurs le budget 2026 au &hellip; <\/p>\n<p class=\"link-more\"><a href=\"https:\/\/mob-media.info\/index.php\/2025\/11\/17\/omnibus-cop-30-budget-2026-wokipedia\/\" class=\"more-link\">Lire la suite de<span class=\"screen-reader-text\">\u00ab\u00a0Omnibus, COP 30, Budget 2026, \u00ab\u00a0Wokipedia\u00a0\u00bb\u00a0\u00bb<\/span><\/a><\/p>\n","protected":false},"author":1,"featured_media":2808,"comment_status":"closed","ping_status":"open","sticky":false,"template":"","format":"standard","meta":{"footnotes":""},"categories":[68,5,7,12],"tags":[127,128,32,104,129],"class_list":["post-2807","post","type-post","status-publish","format-standard","has-post-thumbnail","hentry","category-infolettre","category-institutions","category-international","category-lutte-sociale","tag-autochtones","tag-budget-2026","tag-ecologie","tag-lois","tag-union-europeenne"],"featured_media_urls":{"thumbnail":["https:\/\/mob-media.info\/wp-content\/uploads\/2026\/04\/actus-21-nov-150x150.png",150,150,true],"medium":["https:\/\/mob-media.info\/wp-content\/uploads\/2026\/04\/actus-21-nov-240x300.png",240,300,true],"medium_large":["https:\/\/mob-media.info\/wp-content\/uploads\/2026\/04\/actus-21-nov.png",768,960,false],"large":["https:\/\/mob-media.info\/wp-content\/uploads\/2026\/04\/actus-21-nov-819x1024.png",819,1024,true],"1536x1536":["https:\/\/mob-media.info\/wp-content\/uploads\/2026\/04\/actus-21-nov.png",1080,1350,false],"2048x2048":["https:\/\/mob-media.info\/wp-content\/uploads\/2026\/04\/actus-21-nov.png",1080,1350,false],"inspiro-featured-image":["https:\/\/mob-media.info\/wp-content\/uploads\/2026\/04\/actus-21-nov.png",1080,1350,false],"inspiro-loop":["https:\/\/mob-media.info\/wp-content\/uploads\/2026\/04\/actus-21-nov-950x320.png",950,320,true],"inspiro-loop@2x":["https:\/\/mob-media.info\/wp-content\/uploads\/2026\/04\/actus-21-nov-1080x640.png",1080,640,true],"portfolio_item-thumbnail":["https:\/\/mob-media.info\/wp-content\/uploads\/2026\/04\/actus-21-nov-600x400.png",600,400,true],"portfolio_item-thumbnail@2x":["https:\/\/mob-media.info\/wp-content\/uploads\/2026\/04\/actus-21-nov-1080x800.png",1080,800,true],"portfolio_item-masonry":["https:\/\/mob-media.info\/wp-content\/uploads\/2026\/04\/actus-21-nov-600x750.png",600,750,true],"portfolio_item-masonry@2x":["https:\/\/mob-media.info\/wp-content\/uploads\/2026\/04\/actus-21-nov.png",1080,1350,false],"portfolio_item-thumbnail_cinema":["https:\/\/mob-media.info\/wp-content\/uploads\/2026\/04\/actus-21-nov-800x335.png",800,335,true],"portfolio_item-thumbnail_portrait":["https:\/\/mob-media.info\/wp-content\/uploads\/2026\/04\/actus-21-nov-600x900.png",600,900,true],"portfolio_item-thumbnail_portrait@2x":["https:\/\/mob-media.info\/wp-content\/uploads\/2026\/04\/actus-21-nov.png",1080,1350,false],"portfolio_item-thumbnail_square":["https:\/\/mob-media.info\/wp-content\/uploads\/2026\/04\/actus-21-nov-800x800.png",800,800,true]},"_links":{"self":[{"href":"https:\/\/mob-media.info\/index.php\/wp-json\/wp\/v2\/posts\/2807","targetHints":{"allow":["GET"]}}],"collection":[{"href":"https:\/\/mob-media.info\/index.php\/wp-json\/wp\/v2\/posts"}],"about":[{"href":"https:\/\/mob-media.info\/index.php\/wp-json\/wp\/v2\/types\/post"}],"author":[{"embeddable":true,"href":"https:\/\/mob-media.info\/index.php\/wp-json\/wp\/v2\/users\/1"}],"replies":[{"embeddable":true,"href":"https:\/\/mob-media.info\/index.php\/wp-json\/wp\/v2\/comments?post=2807"}],"version-history":[{"count":2,"href":"https:\/\/mob-media.info\/index.php\/wp-json\/wp\/v2\/posts\/2807\/revisions"}],"predecessor-version":[{"id":2815,"href":"https:\/\/mob-media.info\/index.php\/wp-json\/wp\/v2\/posts\/2807\/revisions\/2815"}],"wp:featuredmedia":[{"embeddable":true,"href":"https:\/\/mob-media.info\/index.php\/wp-json\/wp\/v2\/media\/2808"}],"wp:attachment":[{"href":"https:\/\/mob-media.info\/index.php\/wp-json\/wp\/v2\/media?parent=2807"}],"wp:term":[{"taxonomy":"category","embeddable":true,"href":"https:\/\/mob-media.info\/index.php\/wp-json\/wp\/v2\/categories?post=2807"},{"taxonomy":"post_tag","embeddable":true,"href":"https:\/\/mob-media.info\/index.php\/wp-json\/wp\/v2\/tags?post=2807"}],"curies":[{"name":"wp","href":"https:\/\/api.w.org\/{rel}","templated":true}]}}