{"id":2816,"date":"2025-11-03T08:44:00","date_gmt":"2025-11-03T07:44:00","guid":{"rendered":"https:\/\/mob-media.info\/?p=2816"},"modified":"2026-04-27T16:52:58","modified_gmt":"2026-04-27T14:52:58","slug":"zyed-bouna-droit-vote-16-ans-fake-news","status":"publish","type":"post","link":"https:\/\/mob-media.info\/index.php\/2025\/11\/03\/zyed-bouna-droit-vote-16-ans-fake-news\/","title":{"rendered":"Zyed et Bouna, droit de vote \u00e0 16 ans et fake news"},"content":{"rendered":"\n<h2 class=\"wp-block-heading has-white-color has-text-color has-background has-link-color wp-elements-71ca401273798e640e9681914684e861\" style=\"background-color:#ec6500\">Zyed et Bouna, droit de vote \u00e0 16 ans et fake news &#8211; 03\/11\/25<\/h2>\n\n\n\n<p><strong>La semaine commence avec une grosse actualit\u00e9 du m\u00e9dia pour changer ! On f\u00eate\u00a0nos deux ans\u00a0! Et, pour l\u2019occasion, comme pour notre financement participatif, on lance un magazine MOB \u201cHors s\u00e9rie\u201d. Un format papier qui compile beaucoup de nos sujets : du chantier de nos institutions \u00e0 la d\u00e9fense des contre-pouvoirs ou alternatives d\u00e9mocratiques.<\/strong><\/p>\n\n\n\n<p>Si vous voulez partager ce projet autour de vous, on a pr\u00e9par\u00e9 un petit\u00a0<a href=\"https:\/\/drive.google.com\/drive\/folders\/1M4UDqDUrmBhPzHZjRqn7YDV1U0aZxCqj?usp=drive_link\" target=\"_blank\" rel=\"noreferrer noopener\"><strong>kit de communication<\/strong><\/a>,\u00a0\u00e0 diffuser sans mod\u00e9ration d\u00e8s ce soir ! Merci d\u2019avance, on vous laisse avec les actus de la semaine bien s\u00fbr.<\/p>\n\n\n\n<p>Au vue de l\u2019actualit\u00e9 d\u00e9mocratique, quel futur pour nos jeunes ?\u00a0Zyed et Bouna\u00a0d\u00e9j\u00e0, n\u2019en auront pas, comme beaucoup d\u2019autres victimes de crimes policiers (<strong>1.<\/strong>) Une loi pour abaisser le\u00a0droit de vote \u00e0 16 ans\u00a0aux \u00e9lections municipales pourrait peut-\u00eatre changer les choses (<strong>2.<\/strong>) Un mouvement jeune, les\u00a0Victoires populaires, essaie, lui, de ramener les gens aux urnes\u00a0(<strong>3.<\/strong>)\u00a0Et, face \u00e0 la tornade de\u00a0d\u00e9sinformation climatique, l\u2019\u00e9ducation aux m\u00e9dias en rempart (<strong>4.)<\/strong> Ce sont les actus de la semaine.<\/p>\n\n\n\n<figure class=\"wp-block-image aligncenter size-large is-resized\"><img fetchpriority=\"high\" decoding=\"async\" width=\"819\" height=\"1024\" src=\"https:\/\/mob-media.info\/wp-content\/uploads\/2026\/04\/Actus-mi-nov-Une-819x1024.png\" alt=\"\" class=\"wp-image-2817\" style=\"aspect-ratio:0.799801632715343;width:348px;height:auto\" srcset=\"https:\/\/mob-media.info\/wp-content\/uploads\/2026\/04\/Actus-mi-nov-Une-819x1024.png 819w, https:\/\/mob-media.info\/wp-content\/uploads\/2026\/04\/Actus-mi-nov-Une-240x300.png 240w, https:\/\/mob-media.info\/wp-content\/uploads\/2026\/04\/Actus-mi-nov-Une-600x750.png 600w, https:\/\/mob-media.info\/wp-content\/uploads\/2026\/04\/Actus-mi-nov-Une.png 1080w\" sizes=\"(max-width: 819px) 100vw, 819px\" \/><\/figure>\n\n\n\n<p><strong>1- Mort de Zyed et Bouna, 20 ans d\u00e9j\u00e0<\/strong><\/p>\n\n\n\n<p>Les hommages se sont multipli\u00e9s ces derniers jours, dans les quartiers et la presse ind\u00e9pendante, le tout avec un constat affligeant : ce tragique anniversaire nous rappelle que rien n\u2019a chang\u00e9.<\/p>\n\n\n\n<p>Une enqu\u00eate&nbsp;<a href=\"https:\/\/basta.media\/Depuis-Zyed-et-Bouna-162-personnes-sont-mortes-suite-a-une-tentative-de-controle-de-police\"><strong>Basta!<\/strong><\/a>&nbsp;x&nbsp;<a href=\"https:\/\/www.bondyblog.fr\/societe\/a-clichy-sous-bois-la-memoire-de-2005-se-transmet-de-generation-en-generation\/\"><strong>Bondyblog<\/strong><\/a>&nbsp;d\u00e9compte des centaines de morts aux prises avec les forces de l\u2019ordre, des crimes policiers majoritairement en quartier, envers de jeunes racis\u00e9s.<\/p>\n\n\n\n<figure class=\"wp-block-image size-large is-resized\"><img decoding=\"async\" width=\"1024\" height=\"640\" src=\"https:\/\/mob-media.info\/wp-content\/uploads\/2026\/04\/3-nov-1-1024x640.png\" alt=\"\" class=\"wp-image-2819\" style=\"aspect-ratio:1.5999953075876308;width:597px;height:auto\" srcset=\"https:\/\/mob-media.info\/wp-content\/uploads\/2026\/04\/3-nov-1-1024x640.png 1024w, https:\/\/mob-media.info\/wp-content\/uploads\/2026\/04\/3-nov-1-300x188.png 300w, https:\/\/mob-media.info\/wp-content\/uploads\/2026\/04\/3-nov-1-2000x1250.png 2000w\" sizes=\"(max-width: 1024px) 100vw, 1024px\" \/><\/figure>\n\n\n\n<p><strong>2- Vote \u00e0 16 ans, c\u2019est pour maintenant ?<\/strong><\/p>\n\n\n\n<p>C\u2019est peut-\u00eatre le moment de laisser plus de place politique aux jeunes g\u00e9n\u00e9rations, \u00e0 commencer par rajeunir le droit de vote ! L\u2019occasion d\u2019accompagner, directement au lyc\u00e9e, les jeunes dans ces premi\u00e8res \u00e9lections note, entre autres,&nbsp;<a href=\"https:\/\/www.unicef.fr\/article\/vote-a-16-ans-aux-elections-municipales-parce-que-les-jeunes-ont-une-voix\/\"><strong>l\u2019UNICEF<\/strong><\/a>.<\/p>\n\n\n\n<p>Et c\u2019est ce que d\u00e9fend la d\u00e9put\u00e9e C\u00e9line Hervieu \u00e0<strong>&nbsp;<\/strong><a href=\"https:\/\/www.assemblee-nationale.fr\/dyn\/17\/textes\/l17b2031_proposition-loi\"><strong>l\u2019Assembl\u00e9e<\/strong><\/a><strong>, du moins pour les \u00e9lections locales.<\/strong><\/p>\n\n\n\n<figure class=\"wp-block-image size-large is-resized\"><img decoding=\"async\" width=\"1024\" height=\"640\" src=\"https:\/\/mob-media.info\/wp-content\/uploads\/2026\/04\/3-nov-2-1024x640.png\" alt=\"\" class=\"wp-image-2820\" style=\"aspect-ratio:1.5999953075876308;width:545px;height:auto\" srcset=\"https:\/\/mob-media.info\/wp-content\/uploads\/2026\/04\/3-nov-2-1024x640.png 1024w, https:\/\/mob-media.info\/wp-content\/uploads\/2026\/04\/3-nov-2-300x188.png 300w, https:\/\/mob-media.info\/wp-content\/uploads\/2026\/04\/3-nov-2-2000x1250.png 2000w\" sizes=\"(max-width: 1024px) 100vw, 1024px\" \/><\/figure>\n\n\n\n<p><strong>3- \u201cChaque voix compte\u201d, une campagne pour aller les chercher<\/strong><\/p>\n\n\n\n<p>Pour d\u00e9fendre leurs id\u00e9aux de justice sociale et climatique, les&nbsp;<a href=\"https:\/\/www.victoirespopulaires.fr\/chaque-voix-compte\/\"><strong>Victoires populaires<\/strong><\/a><strong>&nbsp;<\/strong>s\u2019engagent dans les Municipales 2026. Mouvement apartisan de Gauche, ils se basent sur une analyse des communes \u201cpivot\u201d pour d\u00e9fendre\/gagner des mairies localement aux prochaines \u00e9lections. La m\u00e9thode : un maximum de porte \u00e0 porte et de phoning. Des techniques qui ont d\u00e9j\u00e0 fait leur preuve !<\/p>\n\n\n\n<figure class=\"wp-block-image size-large is-resized\"><img loading=\"lazy\" decoding=\"async\" width=\"1024\" height=\"640\" src=\"https:\/\/mob-media.info\/wp-content\/uploads\/2026\/04\/3-nov-3-1024x640.png\" alt=\"\" class=\"wp-image-2821\" style=\"aspect-ratio:1.5999953075876308;width:543px;height:auto\" srcset=\"https:\/\/mob-media.info\/wp-content\/uploads\/2026\/04\/3-nov-3-1024x640.png 1024w, https:\/\/mob-media.info\/wp-content\/uploads\/2026\/04\/3-nov-3-300x188.png 300w, https:\/\/mob-media.info\/wp-content\/uploads\/2026\/04\/3-nov-3-2000x1250.png 2000w\" sizes=\"(max-width: 1024px) 100vw, 1024px\" \/><\/figure>\n\n\n\n<p><strong>4 &#8211; D\u00e9sinformation climatique en approche<\/strong><\/p>\n\n\n\n<p>Le m\u00e9dia&nbsp;<a href=\"https:\/\/vert.eco\/articles\/529-fake-news-recensees-en-huit-mois-de-cnews-a-france-televisions-la-desinformation-climatique-infuse-dans-les-medias\"><strong>Vert<\/strong><\/a>&nbsp;d\u00e9cortique le travail titanesque d\u2019assos climats comme&nbsp;<a target=\"_blank\" href=\"https:\/\/science.feedback.org\/\" rel=\"noreferrer noopener\"><strong>Science feedback<\/strong><\/a>&nbsp;ou&nbsp;<a target=\"_blank\" href=\"https:\/\/quotaclimat.org\/\" rel=\"noreferrer noopener\"><strong>QuotaClimat<\/strong><\/a>&nbsp;pour recenser les \u201cinfox\u201d \u00e9colos sur les cha\u00eenes d\u2019infos et les radios. On y retrouve sans surprise CNews mais aussi France Info.<\/p>\n\n\n\n<p>L\u2019infox principale : \u00ab\u00a0les \u00e9nergies renouvelables feraient exploser le prix de l\u2019\u00e9lectricit\u00e9\u201d. Peut-\u00eatre que la solution principale serait, de mieux \u00e9duquer nos jeunes \u00e0 les d\u00e9tecter ? (<a target=\"_blank\" href=\"https:\/\/dataforgood.fr\/\" rel=\"noreferrer noopener\"><strong>Data for good<\/strong><\/a>&nbsp;en a fait un super&nbsp;<a href=\"https:\/\/www.instagram.com\/p\/DQYq8SgDEJt\/?img_index=1\"><strong>post insta<\/strong><\/a>)<\/p>\n\n\n\n<figure class=\"wp-block-image size-large is-resized\"><img loading=\"lazy\" decoding=\"async\" width=\"1024\" height=\"640\" src=\"https:\/\/mob-media.info\/wp-content\/uploads\/2026\/04\/3-nov-4-1024x640.png\" alt=\"\" class=\"wp-image-2822\" style=\"aspect-ratio:1.5999953075876308;width:568px;height:auto\" srcset=\"https:\/\/mob-media.info\/wp-content\/uploads\/2026\/04\/3-nov-4-1024x640.png 1024w, https:\/\/mob-media.info\/wp-content\/uploads\/2026\/04\/3-nov-4-300x188.png 300w, https:\/\/mob-media.info\/wp-content\/uploads\/2026\/04\/3-nov-4-2000x1250.png 2000w\" sizes=\"(max-width: 1024px) 100vw, 1024px\" \/><\/figure>\n\n\n\n<p>&#8211;<\/p>\n\n\n\n<h2 class=\"wp-block-heading has-white-color has-text-color has-background has-link-color wp-elements-75d3286eab6f9db3a148f75cda7a0210\" style=\"background-color:#ec6500\">La recommandation de la r\u00e9dac<\/h2>\n\n\n\n<div class=\"wp-block-columns is-layout-flex wp-container-core-columns-is-layout-28f84493 wp-block-columns-is-layout-flex\">\n<div class=\"wp-block-column is-layout-flow wp-block-column-is-layout-flow\">\n<p>On est un peu \u00e0 sec cette semaine, on a eu beaucoup de boulot avec la campagne de financement ! On vous conseille quand m\u00eame&nbsp;<a target=\"_blank\" href=\"https:\/\/www.allocine.fr\/film\/fichefilm_gen_cfilm=303094.html\" rel=\"noreferrer noopener\"><strong>\u201cLa petite derni\u00e8re\u201d<\/strong><\/a>, une histoire hyper pudique de coming-out qui illustre aussi bien la religion que les enjeux de sexualit\u00e9.<\/p>\n\n\n\n<p>Le tout, \u00e0 l\u2019image du roman de Fatima Daas, avec beaucoup de finesse et de nuance. On admire beaucoup la r\u00e9alisation qui a su pr\u00e9server cette bataille int\u00e9rieure du personnage incarn\u00e9 par la brillante Nadia Melliti.<\/p>\n\n\n\n<p>Prenez soin de vous,<\/p>\n\n\n\n<p><strong>L&rsquo;\u00e9quipe MOB<\/strong><\/p>\n<\/div>\n\n\n\n<div class=\"wp-block-column is-layout-flow wp-block-column-is-layout-flow\">\n<figure class=\"wp-block-image aligncenter size-large is-resized\"><img loading=\"lazy\" decoding=\"async\" width=\"754\" height=\"1024\" src=\"https:\/\/mob-media.info\/wp-content\/uploads\/2026\/04\/petite-derniere-754x1024.jpg\" alt=\"\" class=\"wp-image-2823\" style=\"aspect-ratio:0.7363220212157225;width:381px;height:auto\" srcset=\"https:\/\/mob-media.info\/wp-content\/uploads\/2026\/04\/petite-derniere-754x1024.jpg 754w, https:\/\/mob-media.info\/wp-content\/uploads\/2026\/04\/petite-derniere-221x300.jpg 221w, https:\/\/mob-media.info\/wp-content\/uploads\/2026\/04\/petite-derniere.jpg 795w\" sizes=\"(max-width: 754px) 100vw, 754px\" \/><\/figure>\n<\/div>\n<\/div>\n","protected":false},"excerpt":{"rendered":"<p>Zyed et Bouna, droit de vote \u00e0 16 ans et fake news &#8211; 03\/11\/25 La semaine commence avec une grosse actualit\u00e9 du m\u00e9dia pour changer ! On f\u00eate\u00a0nos deux ans\u00a0! Et, pour l\u2019occasion, comme pour notre financement participatif, on lance un magazine MOB \u201cHors s\u00e9rie\u201d. Un format papier qui compile beaucoup de nos sujets : &hellip; <\/p>\n<p class=\"link-more\"><a href=\"https:\/\/mob-media.info\/index.php\/2025\/11\/03\/zyed-bouna-droit-vote-16-ans-fake-news\/\" class=\"more-link\">Lire la suite de<span class=\"screen-reader-text\">\u00ab\u00a0Zyed et Bouna, droit de vote \u00e0 16 ans et fake news\u00a0\u00bb<\/span><\/a><\/p>\n","protected":false},"author":1,"featured_media":2817,"comment_status":"closed","ping_status":"open","sticky":false,"template":"","format":"standard","meta":{"footnotes":""},"categories":[68,12,13],"tags":[64,130,48,44],"class_list":["post-2816","post","type-post","status-publish","format-standard","has-post-thumbnail","hentry","category-infolettre","category-lutte-sociale","category-participation-citoyenne","tag-cinema","tag-fake-news","tag-jeunes","tag-vote"],"featured_media_urls":{"thumbnail":["https:\/\/mob-media.info\/wp-content\/uploads\/2026\/04\/Actus-mi-nov-Une-150x150.png",150,150,true],"medium":["https:\/\/mob-media.info\/wp-content\/uploads\/2026\/04\/Actus-mi-nov-Une-240x300.png",240,300,true],"medium_large":["https:\/\/mob-media.info\/wp-content\/uploads\/2026\/04\/Actus-mi-nov-Une.png",768,960,false],"large":["https:\/\/mob-media.info\/wp-content\/uploads\/2026\/04\/Actus-mi-nov-Une-819x1024.png",819,1024,true],"1536x1536":["https:\/\/mob-media.info\/wp-content\/uploads\/2026\/04\/Actus-mi-nov-Une.png",1080,1350,false],"2048x2048":["https:\/\/mob-media.info\/wp-content\/uploads\/2026\/04\/Actus-mi-nov-Une.png",1080,1350,false],"inspiro-featured-image":["https:\/\/mob-media.info\/wp-content\/uploads\/2026\/04\/Actus-mi-nov-Une.png",1080,1350,false],"inspiro-loop":["https:\/\/mob-media.info\/wp-content\/uploads\/2026\/04\/Actus-mi-nov-Une-950x320.png",950,320,true],"inspiro-loop@2x":["https:\/\/mob-media.info\/wp-content\/uploads\/2026\/04\/Actus-mi-nov-Une-1080x640.png",1080,640,true],"portfolio_item-thumbnail":["https:\/\/mob-media.info\/wp-content\/uploads\/2026\/04\/Actus-mi-nov-Une-600x400.png",600,400,true],"portfolio_item-thumbnail@2x":["https:\/\/mob-media.info\/wp-content\/uploads\/2026\/04\/Actus-mi-nov-Une-1080x800.png",1080,800,true],"portfolio_item-masonry":["https:\/\/mob-media.info\/wp-content\/uploads\/2026\/04\/Actus-mi-nov-Une-600x750.png",600,750,true],"portfolio_item-masonry@2x":["https:\/\/mob-media.info\/wp-content\/uploads\/2026\/04\/Actus-mi-nov-Une.png",1080,1350,false],"portfolio_item-thumbnail_cinema":["https:\/\/mob-media.info\/wp-content\/uploads\/2026\/04\/Actus-mi-nov-Une-800x335.png",800,335,true],"portfolio_item-thumbnail_portrait":["https:\/\/mob-media.info\/wp-content\/uploads\/2026\/04\/Actus-mi-nov-Une-600x900.png",600,900,true],"portfolio_item-thumbnail_portrait@2x":["https:\/\/mob-media.info\/wp-content\/uploads\/2026\/04\/Actus-mi-nov-Une.png",1080,1350,false],"portfolio_item-thumbnail_square":["https:\/\/mob-media.info\/wp-content\/uploads\/2026\/04\/Actus-mi-nov-Une-800x800.png",800,800,true]},"_links":{"self":[{"href":"https:\/\/mob-media.info\/index.php\/wp-json\/wp\/v2\/posts\/2816","targetHints":{"allow":["GET"]}}],"collection":[{"href":"https:\/\/mob-media.info\/index.php\/wp-json\/wp\/v2\/posts"}],"about":[{"href":"https:\/\/mob-media.info\/index.php\/wp-json\/wp\/v2\/types\/post"}],"author":[{"embeddable":true,"href":"https:\/\/mob-media.info\/index.php\/wp-json\/wp\/v2\/users\/1"}],"replies":[{"embeddable":true,"href":"https:\/\/mob-media.info\/index.php\/wp-json\/wp\/v2\/comments?post=2816"}],"version-history":[{"count":2,"href":"https:\/\/mob-media.info\/index.php\/wp-json\/wp\/v2\/posts\/2816\/revisions"}],"predecessor-version":[{"id":2825,"href":"https:\/\/mob-media.info\/index.php\/wp-json\/wp\/v2\/posts\/2816\/revisions\/2825"}],"wp:featuredmedia":[{"embeddable":true,"href":"https:\/\/mob-media.info\/index.php\/wp-json\/wp\/v2\/media\/2817"}],"wp:attachment":[{"href":"https:\/\/mob-media.info\/index.php\/wp-json\/wp\/v2\/media?parent=2816"}],"wp:term":[{"taxonomy":"category","embeddable":true,"href":"https:\/\/mob-media.info\/index.php\/wp-json\/wp\/v2\/categories?post=2816"},{"taxonomy":"post_tag","embeddable":true,"href":"https:\/\/mob-media.info\/index.php\/wp-json\/wp\/v2\/tags?post=2816"}],"curies":[{"name":"wp","href":"https:\/\/api.w.org\/{rel}","templated":true}]}}