{"id":2828,"date":"2025-10-29T16:56:00","date_gmt":"2025-10-29T15:56:00","guid":{"rendered":"https:\/\/mob-media.info\/?p=2828"},"modified":"2026-04-27T17:08:22","modified_gmt":"2026-04-27T15:08:22","slug":"marche-trump-referendum-initiative-partagee-loi-viol","status":"publish","type":"post","link":"https:\/\/mob-media.info\/index.php\/2025\/10\/29\/marche-trump-referendum-initiative-partagee-loi-viol\/","title":{"rendered":"Marche contre Trump, r\u00e9f\u00e9rendum d&rsquo;initiative partag\u00e9e, loi sur le viol"},"content":{"rendered":"\n<h2 class=\"wp-block-heading has-white-color has-text-color has-background has-link-color wp-elements-6e35b48a68321d3224798b23aac13316\" style=\"background-color:#ec6500\">Marche contre Trump, r\u00e9f\u00e9rendum d&rsquo;initiative partag\u00e9e, loi sur le viol &#8211; 29\/10\/25<\/h2>\n\n\n\n<p><strong>La semaine derni\u00e8re\u00a0des millions de personnes ont march\u00e9 pour manifester contre\u00a0la politique de Donald Trump, ils lui reprochent de se comporter comme un roi\u00a0(1.). Si\u00a0Nicolas Sarkozy, lui, n\u2019est plus ma\u00eetre en son palais (carc\u00e9ral), il a tout de m\u00eame droit \u00e0 un traitement sp\u00e9cial. (2.) Un cas presque aussi in\u00e9dit que le\u00a0r\u00e9f\u00e9rendum\u00a0(d\u2019initiative partag\u00e9e)\u00a0que tentent de faire adopter une coalition de\u00a0\u00a020 organisations de la soci\u00e9t\u00e9 civile.\u00a0(3.)\u00a0En attendant de s\u2019en emparer, l\u2019Assembl\u00e9e nationale a, elle, d\u00e9j\u00e0 vot\u00e9 pour\u00a0red\u00e9finir le viol. Sauf le RN qui tra\u00eene la patte\u2026\u00a0(.4) Ce sont les actus de la semaine !<\/strong><\/p>\n\n\n\n<figure class=\"wp-block-image aligncenter size-large is-resized\"><img fetchpriority=\"high\" decoding=\"async\" width=\"819\" height=\"1024\" src=\"https:\/\/mob-media.info\/wp-content\/uploads\/2026\/04\/29-octobre-819x1024.png\" alt=\"\" class=\"wp-image-2829\" style=\"aspect-ratio:0.7999976537938154;width:319px;height:auto\" srcset=\"https:\/\/mob-media.info\/wp-content\/uploads\/2026\/04\/29-octobre-819x1024.png 819w, https:\/\/mob-media.info\/wp-content\/uploads\/2026\/04\/29-octobre-240x300.png 240w, https:\/\/mob-media.info\/wp-content\/uploads\/2026\/04\/29-octobre.png 1080w\" sizes=\"(max-width: 819px) 100vw, 819px\" \/><\/figure>\n\n\n\n<p><strong>1- \u201cNo Kings\u201d, Trump les emmerde (litt\u00e9ralement\u2026)<\/strong><\/p>\n\n\n\n<p>Le 18 octobre 2025, sept millions de personnes ont manifest\u00e9 dans les rues contre les politiques de l\u2019administration Trump, dont 200 000 personnes uniquement dans la ville de Washington, selon&nbsp;<a target=\"_blank\" href=\"https:\/\/www.blast-info.fr\/articles\/2025\/etats-unis-trump-ricane-devant-des-manifestations-no-kings-dune-ampleur-inedite-I3K8iymGTIyoLqBVZo4L8g\" rel=\"noreferrer noopener\"><strong>Blast<\/strong><\/a><strong>.<\/strong>&nbsp;Habill\u00e9s en v\u00eatements du dimanche ou en costumes farfelus, les manifestants scandaient leur slogan \u201cNO KING\u201d pour d\u00e9noncer leur dirigeant, dont les m\u00e9thodes basculent de plus en plus vers l\u2019autoritarisme.<\/p>\n\n\n\n<p>Donald Trump a r\u00e9pondu \u00e0 ces revendications avec une vid\u00e9o, g\u00e9n\u00e9r\u00e9e par IA, et pour le moins scabreuse : reconverti en pilote d\u2019avion virtuel, il bombarde de cacas les manifestants contre sa politique autoritaire\u2026 finesse\u2026<\/p>\n\n\n\n<figure class=\"wp-block-image size-large is-resized\"><img decoding=\"async\" width=\"1024\" height=\"640\" src=\"https:\/\/mob-media.info\/wp-content\/uploads\/2026\/04\/29-oct-1-1024x640.png\" alt=\"\" class=\"wp-image-2830\" style=\"aspect-ratio:1.5999953075876308;width:650px;height:auto\" srcset=\"https:\/\/mob-media.info\/wp-content\/uploads\/2026\/04\/29-oct-1-1024x640.png 1024w, https:\/\/mob-media.info\/wp-content\/uploads\/2026\/04\/29-oct-1-300x188.png 300w, https:\/\/mob-media.info\/wp-content\/uploads\/2026\/04\/29-oct-1-2000x1250.png 2000w\" sizes=\"(max-width: 1024px) 100vw, 1024px\" \/><\/figure>\n\n\n\n<p><strong>2- Sarkozy, prisonnier d\u2019exception ?<\/strong><\/p>\n\n\n\n<p>Apr\u00e8s l\u2019annonce de la visite de G\u00e9rald Darmanin \u00e0 Nicolas Sarkozy et le soutien apport\u00e9 par le pr\u00e9sident Emmanuel Macron, le&nbsp;<a target=\"_blank\" href=\"https:\/\/www.syndicat-magistrature.fr\/notre-action\/independance-et-service-public-de-la-justice\/independance\/communiqu%C3%A9-de-presse-les-copains-dabord\/?utm_source=chatgpt.com\" rel=\"noreferrer noopener\"><strong>Syndicat de la Magistrature<\/strong><\/a>&nbsp;tire la sonnette d\u2019alarme. Pour ce collectif de 28 avocats, ces attentions pour l\u2019ancien pr\u00e9sident constituent une atteinte au principe de s\u00e9paration des pouvoirs. Selon R\u00e9my Heitz, le plus haut procureur de France, c\u2019est aussi une atteinte&nbsp;\u00e0 l&rsquo;ind\u00e9pendance des magistrats.<\/p>\n\n\n\n<figure class=\"wp-block-image size-large is-resized\"><img decoding=\"async\" width=\"1024\" height=\"640\" src=\"https:\/\/mob-media.info\/wp-content\/uploads\/2026\/04\/29-oct-2-1024x640.png\" alt=\"\" class=\"wp-image-2831\" style=\"aspect-ratio:1.5999953075876308;width:641px;height:auto\" srcset=\"https:\/\/mob-media.info\/wp-content\/uploads\/2026\/04\/29-oct-2-1024x640.png 1024w, https:\/\/mob-media.info\/wp-content\/uploads\/2026\/04\/29-oct-2-300x188.png 300w, https:\/\/mob-media.info\/wp-content\/uploads\/2026\/04\/29-oct-2-2000x1250.png 2000w\" sizes=\"(max-width: 1024px) 100vw, 1024px\" \/><\/figure>\n\n\n\n<p><strong>3- Le r\u00e9f\u00e9rendum ? \u201cC\u2019est la base\u201d !<\/strong><\/p>\n\n\n\n<p>Ce 22 octobre, une coalition de 20 organisations lance la p\u00e9tition&nbsp;<a href=\"https:\/\/www.cestlabase.org\/?recruiter_id=918\"><strong>\u201cC\u2019est la base\u201d<\/strong><\/a>&nbsp;dans le but d\u2019obtenir un R\u00e9f\u00e9rendum d\u2019Initiative Partag\u00e9e (RIP). \u00c0 condition d\u2019obtenir 25% des voix du parlement, et que le Conseil constitutionnel valide la proposition de loi r\u00e9f\u00e9rendaire ainsi soumise, la coalition pourra demander l\u2019adoption de ses 14 mesures. Elles devront ensuite \u00eatre valid\u00e9es par 1\/10 du corps \u00e9lectoral dans les 9 mois pour \u00eatre discut\u00e9es au Parlement ou soumises \u00e0 r\u00e9f\u00e9rendum par le Pr\u00e9sident.<\/p>\n\n\n\n<p>Long p\u00e9riple pour cette coalition. Mais, apr\u00e8s le succ\u00e8s de la p\u00e9tition contre la loi Duplomb, ils r\u00eavent d\u2019une grande mobilisation citoyenne !<\/p>\n\n\n\n<figure class=\"wp-block-image size-large is-resized\"><img loading=\"lazy\" decoding=\"async\" width=\"1024\" height=\"640\" src=\"https:\/\/mob-media.info\/wp-content\/uploads\/2026\/04\/29-oct-3-1024x640.png\" alt=\"\" class=\"wp-image-2832\" style=\"aspect-ratio:1.5999953075876308;width:618px;height:auto\" srcset=\"https:\/\/mob-media.info\/wp-content\/uploads\/2026\/04\/29-oct-3-1024x640.png 1024w, https:\/\/mob-media.info\/wp-content\/uploads\/2026\/04\/29-oct-3-300x188.png 300w, https:\/\/mob-media.info\/wp-content\/uploads\/2026\/04\/29-oct-3-2000x1250.png 2000w\" sizes=\"(max-width: 1024px) 100vw, 1024px\" \/><\/figure>\n\n\n\n<p><strong>4 &#8211; Le consentement c\u2019est \u201cOUI\u201d, sauf au RN\u2026<\/strong><\/p>\n\n\n\n<p>Ce jeudi 23 octobre,&nbsp;l<a target=\"_blank\" href=\"https:\/\/www.assemblee-nationale.fr\/dyn\/17\/scrutins\/3061\" rel=\"noreferrer noopener\"><strong>\u2019Assembl\u00e9e nationale<\/strong><\/a>&nbsp;a vot\u00e9 pour inscrire la notion de \u201cnon-consentement\u201d dans la d\u00e9finition du viol. Si le texte est adopt\u00e9 par le S\u00e9nat, les agressions sexuelles seront d\u00e9sormais d\u00e9finies dans le code p\u00e9nal comme \u201c<em>tout acte sexuel non consenti<\/em>\u201d.<\/p>\n\n\n\n<p>Cette d\u00e9cision, adopt\u00e9e avec une belle majorit\u00e9, a tout de m\u00eame rencontr\u00e9 31 r\u00e9calcitrants. 31 \u201cContre\u201d et 5 \u201cAbstentions\u201d sur les 191 d\u00e9put\u00e9s votant cette loi. 27 opposants appartiennent au Rassemblement National. Dans le plus grand des calmes\u2026<\/p>\n\n\n\n<figure class=\"wp-block-image size-large is-resized\"><img loading=\"lazy\" decoding=\"async\" width=\"1024\" height=\"640\" src=\"https:\/\/mob-media.info\/wp-content\/uploads\/2026\/04\/29-oct-4-1024x640.png\" alt=\"\" class=\"wp-image-2833\" style=\"aspect-ratio:1.6000146487951366;width:604px;height:auto\" srcset=\"https:\/\/mob-media.info\/wp-content\/uploads\/2026\/04\/29-oct-4-1024x640.png 1024w, https:\/\/mob-media.info\/wp-content\/uploads\/2026\/04\/29-oct-4-300x188.png 300w, https:\/\/mob-media.info\/wp-content\/uploads\/2026\/04\/29-oct-4-2000x1250.png 2000w\" sizes=\"(max-width: 1024px) 100vw, 1024px\" \/><\/figure>\n\n\n\n<h2 class=\"wp-block-heading has-white-color has-text-color has-background has-link-color wp-elements-ec8f0551fde95937685e5d6095f806dd\" style=\"background-color:#ec6500\">Du c\u00f4t\u00e9 de chez MOB<\/h2>\n\n\n\n<div class=\"wp-block-columns is-layout-flex wp-container-core-columns-is-layout-28f84493 wp-block-columns-is-layout-flex\">\n<div class=\"wp-block-column is-layout-flow wp-block-column-is-layout-flow\">\n<figure class=\"wp-block-embed is-type-video is-provider-youtube wp-block-embed-youtube wp-embed-aspect-16-9 wp-has-aspect-ratio\"><div class=\"wp-block-embed__wrapper\">\n<iframe title=\"1000 caf\u00e9s - prot\u00e9ger la vie de village\" width=\"950\" height=\"534\" src=\"https:\/\/www.youtube.com\/embed\/2FRSV-aQkM4?feature=oembed\" frameborder=\"0\" allow=\"accelerometer; autoplay; clipboard-write; encrypted-media; gyroscope; picture-in-picture; web-share\" referrerpolicy=\"strict-origin-when-cross-origin\" allowfullscreen><\/iframe>\n<\/div><\/figure>\n<\/div>\n\n\n\n<div class=\"wp-block-column is-layout-flow wp-block-column-is-layout-flow\">\n<figure class=\"wp-block-embed is-type-video is-provider-youtube wp-block-embed-youtube wp-embed-aspect-16-9 wp-has-aspect-ratio\"><div class=\"wp-block-embed__wrapper\">\n<iframe title=\"Justice : l&#039;ind\u00e9pendance en proc\u00e8s\" width=\"950\" height=\"534\" src=\"https:\/\/www.youtube.com\/embed\/6FXutO4-33M?start=27&#038;feature=oembed\" frameborder=\"0\" allow=\"accelerometer; autoplay; clipboard-write; encrypted-media; gyroscope; picture-in-picture; web-share\" referrerpolicy=\"strict-origin-when-cross-origin\" allowfullscreen><\/iframe>\n<\/div><\/figure>\n<\/div>\n<\/div>\n\n\n\n<div class=\"wp-block-columns is-layout-flex wp-container-core-columns-is-layout-28f84493 wp-block-columns-is-layout-flex\">\n<div class=\"wp-block-column is-layout-flow wp-block-column-is-layout-flow\">\n<p><a target=\"_blank\" href=\"https:\/\/mob-media.info\/index.php\/2025\/10\/23\/1000-cafes-proteger-la-vie-de-village\/\" rel=\"noreferrer noopener\"><strong>1000 caf\u00e9s : prot\u00e9ger la vie de village<\/strong><\/a><\/p>\n\n\n\n<p>Y compris face aux id\u00e9es du Rassemblement national !&nbsp;Dans les zones rurales, les petits commerces sont en train de dispara\u00eetre, et avec eux, les espaces de coh\u00e9sion sociale.<\/p>\n\n\n\n<p>Le combat de&nbsp;<a target=\"_blank\" href=\"https:\/\/www.1000cafes.org\/\" rel=\"noreferrer noopener\"><strong>l\u2019association 1000 caf\u00e9s<\/strong><\/a>&nbsp;: pr\u00e9server voire rouvrir ces lieux de sociabilit\u00e9. Avec leur aide et celle du maire du village, deux commer\u00e7antes ont repris un caf\u00e9 \u00e0 Cottance, dans la Loire. Dernier commerce de ce village de 750 habitant-es&nbsp;et lieu essentiel du vivre-ensemble.<\/p>\n<\/div>\n\n\n\n<div class=\"wp-block-column is-layout-flow wp-block-column-is-layout-flow\">\n<p><a target=\"_blank\" href=\"https:\/\/mob-media.info\/index.php\/2025\/10\/27\/justice-lindependance-en-proces\/\" rel=\"noreferrer noopener\"><strong>Justice : l\u2019ind\u00e9pendance en proc\u00e8s<\/strong><\/a><\/p>\n\n\n\n<p>\u00ab Proc\u00e8s politique \u00bb \u00ab juges rouges, \u00ab justice partisane \u00bb\u2026&nbsp;<a target=\"_blank\" href=\"https:\/\/mob-media.info\/index.php\/2025\/10\/27\/justice-lindependance-en-proces\/\" rel=\"noreferrer noopener\"><strong>L\u2019ind\u00e9pendance de la justice est attaqu\u00e9e<\/strong><\/a>&nbsp;de toute part dans les m\u00e9dias et la classe politique. On vient de vous en parler avec l\u2019emprisonnement de Nicolas Sarkozy. Alors m\u00eame que c&rsquo;est un des piliers de notre syst\u00e8me d\u00e9mocratique.<\/p>\n\n\n\n<p>Mais alors, comment est garantie cette ind\u00e9pendance ? Comment se traduit-elle dans le travail quotidien des magistrats ? Pourquoi est-elle attaqu\u00e9e r\u00e9guli\u00e8rement ces derni\u00e8res ann\u00e9es ? Retour aux bases avec St\u00e9phane Fischesser, magistrat et secr\u00e9taire national au Syndicat de la magistrature.<\/p>\n<\/div>\n<\/div>\n\n\n\n<h2 class=\"wp-block-heading has-white-color has-text-color has-background has-link-color wp-elements-75d3286eab6f9db3a148f75cda7a0210\" style=\"background-color:#ec6500\">La recommandation de la r\u00e9dac<\/h2>\n\n\n\n<div class=\"wp-block-columns is-layout-flex wp-container-core-columns-is-layout-28f84493 wp-block-columns-is-layout-flex\">\n<div class=\"wp-block-column is-layout-flow wp-block-column-is-layout-flow\">\n<p>A l\u2019occasion des 20 ans de la mort de Zyed et Bouna, des r\u00e9voltes qui en ont d\u00e9coul\u00e9, de la hausse des d\u00e9c\u00e8s pendant les op\u00e9rations de police, il est important d\u2019interroger les violences polici\u00e8res.<\/p>\n\n\n\n<p><a target=\"_blank\" href=\"https:\/\/www.arte.tv\/fr\/videos\/120028-000-A\/soixante-sept-millisecondes\/\" rel=\"noreferrer noopener\"><strong>\u201cSoixante-sept millisecondes\u201d<\/strong><\/a>&nbsp;s\u2019inspire (librement) d\u2019une enqu\u00eate de Lib\u00e9ration pour raconter, sans montrer. T\u00e9moigner sans voyeurisme de ces r\u00e9alit\u00e9s terribles, surtout en quartier populaire. Un court m\u00e9trage saisissant pour questionner l\u2019Etat policier.<\/p>\n<\/div>\n\n\n\n<div class=\"wp-block-column is-layout-flow wp-block-column-is-layout-flow\">\n<figure class=\"wp-block-image aligncenter size-large is-resized\"><a href=\"https:\/\/www.arte.tv\/fr\/videos\/120028-000-A\/soixante-sept-millisecondes\/\" target=\"_blank\" rel=\" noreferrer noopener\"><img loading=\"lazy\" decoding=\"async\" width=\"749\" height=\"1024\" src=\"https:\/\/mob-media.info\/wp-content\/uploads\/2026\/04\/67-milli-749x1024.png\" alt=\"\" class=\"wp-image-2834\" style=\"aspect-ratio:0.7314444371570363;width:338px;height:auto\" srcset=\"https:\/\/mob-media.info\/wp-content\/uploads\/2026\/04\/67-milli-749x1024.png 749w, https:\/\/mob-media.info\/wp-content\/uploads\/2026\/04\/67-milli-220x300.png 220w, https:\/\/mob-media.info\/wp-content\/uploads\/2026\/04\/67-milli.png 802w\" sizes=\"(max-width: 749px) 100vw, 749px\" \/><\/a><\/figure>\n<\/div>\n<\/div>\n\n\n\n<div class=\"wp-block-columns is-layout-flex wp-container-core-columns-is-layout-28f84493 wp-block-columns-is-layout-flex\">\n<div class=\"wp-block-column is-layout-flow wp-block-column-is-layout-flow\">\n<figure class=\"wp-block-image aligncenter size-full is-resized\"><a href=\"https:\/\/www.librairiesindependantes.com\/product\/9782370553218\/\" target=\"_blank\" rel=\" noreferrer noopener\"><img loading=\"lazy\" decoding=\"async\" width=\"338\" height=\"495\" src=\"https:\/\/mob-media.info\/wp-content\/uploads\/2026\/04\/Paresse-pour-tous.jpg\" alt=\"\" class=\"wp-image-2835\" style=\"aspect-ratio:0.6828182707787493;width:380px;height:auto\" srcset=\"https:\/\/mob-media.info\/wp-content\/uploads\/2026\/04\/Paresse-pour-tous.jpg 338w, https:\/\/mob-media.info\/wp-content\/uploads\/2026\/04\/Paresse-pour-tous-205x300.jpg 205w\" sizes=\"(max-width: 338px) 100vw, 338px\" \/><\/a><\/figure>\n<\/div>\n\n\n\n<div class=\"wp-block-column is-layout-flow wp-block-column-is-layout-flow\">\n<p>Et l\u2019histoire de se projeter dans des mondes souhaitables, des imaginaires d\u00e9mocratiques joyeux, malgr\u00e9 l\u2019actualit\u00e9, on finira sur\u00a0<strong>une lecture enthousiasmante !<\/strong><\/p>\n\n\n\n<p>Le livre&nbsp;<a target=\"_blank\" href=\"https:\/\/www.librairiesindependantes.com\/product\/9782370553218\/\" rel=\"noreferrer noopener\"><strong>\u201cParesse pour tous\u201d<\/strong><\/a>&nbsp;nous invite \u00e0 repenser la place du travail dans nos vies, et donc nos vies tout court !<\/p>\n\n\n\n<p>Un roman intime mais aussi charg\u00e9 de pistes th\u00e9oriques tr\u00e8s digestes sur la r\u00e9duction du temps de travail, les mouvements citoyens, l\u2019hyperpersonnalisation \u00e9lectorale.<\/p>\n\n\n\n<p>Ca fait du bien et \u00e7a nous rappelle aussi de profiter des siens et d\u2019exister, malgr\u00e9 l\u2019adversit\u00e9 !<\/p>\n\n\n\n<p>Alors prenez soin de vous,<\/p>\n\n\n\n<p><strong>L\u2019\u00e9quipe MOB<\/strong><\/p>\n<\/div>\n<\/div>\n","protected":false},"excerpt":{"rendered":"<p>Marche contre Trump, r\u00e9f\u00e9rendum d&rsquo;initiative partag\u00e9e, loi sur le viol &#8211; 29\/10\/25 La semaine derni\u00e8re\u00a0des millions de personnes ont march\u00e9 pour manifester contre\u00a0la politique de Donald Trump, ils lui reprochent de se comporter comme un roi\u00a0(1.). Si\u00a0Nicolas Sarkozy, lui, n\u2019est plus ma\u00eetre en son palais (carc\u00e9ral), il a tout de m\u00eame droit \u00e0 un traitement &hellip; <\/p>\n<p class=\"link-more\"><a href=\"https:\/\/mob-media.info\/index.php\/2025\/10\/29\/marche-trump-referendum-initiative-partagee-loi-viol\/\" class=\"more-link\">Lire la suite de<span class=\"screen-reader-text\">\u00ab\u00a0Marche contre Trump, r\u00e9f\u00e9rendum d&rsquo;initiative partag\u00e9e, loi sur le viol\u00a0\u00bb<\/span><\/a><\/p>\n","protected":false},"author":1,"featured_media":0,"comment_status":"closed","ping_status":"open","sticky":false,"template":"","format":"standard","meta":{"footnotes":""},"categories":[68,5,7,12],"tags":[108,74,131,101,132],"class_list":["post-2828","post","type-post","status-publish","format-standard","hentry","category-infolettre","category-institutions","category-international","category-lutte-sociale","tag-assemblee-nationale","tag-loi","tag-manifestation","tag-prison","tag-viol"],"featured_media_urls":[],"_links":{"self":[{"href":"https:\/\/mob-media.info\/index.php\/wp-json\/wp\/v2\/posts\/2828","targetHints":{"allow":["GET"]}}],"collection":[{"href":"https:\/\/mob-media.info\/index.php\/wp-json\/wp\/v2\/posts"}],"about":[{"href":"https:\/\/mob-media.info\/index.php\/wp-json\/wp\/v2\/types\/post"}],"author":[{"embeddable":true,"href":"https:\/\/mob-media.info\/index.php\/wp-json\/wp\/v2\/users\/1"}],"replies":[{"embeddable":true,"href":"https:\/\/mob-media.info\/index.php\/wp-json\/wp\/v2\/comments?post=2828"}],"version-history":[{"count":2,"href":"https:\/\/mob-media.info\/index.php\/wp-json\/wp\/v2\/posts\/2828\/revisions"}],"predecessor-version":[{"id":2837,"href":"https:\/\/mob-media.info\/index.php\/wp-json\/wp\/v2\/posts\/2828\/revisions\/2837"}],"wp:attachment":[{"href":"https:\/\/mob-media.info\/index.php\/wp-json\/wp\/v2\/media?parent=2828"}],"wp:term":[{"taxonomy":"category","embeddable":true,"href":"https:\/\/mob-media.info\/index.php\/wp-json\/wp\/v2\/categories?post=2828"},{"taxonomy":"post_tag","embeddable":true,"href":"https:\/\/mob-media.info\/index.php\/wp-json\/wp\/v2\/tags?post=2828"}],"curies":[{"name":"wp","href":"https:\/\/api.w.org\/{rel}","templated":true}]}}