{"id":2857,"date":"2025-10-06T08:48:00","date_gmt":"2025-10-06T06:48:00","guid":{"rendered":"https:\/\/mob-media.info\/?p=2857"},"modified":"2026-04-27T18:51:09","modified_gmt":"2026-04-27T16:51:09","slug":"maroc-revolutionnaire-lecornu-casseroles-rn","status":"publish","type":"post","link":"https:\/\/mob-media.info\/index.php\/2025\/10\/06\/maroc-revolutionnaire-lecornu-casseroles-rn\/","title":{"rendered":"Maroc r\u00e9volutionnaire, Lecor-nul, casseroles RN"},"content":{"rendered":"\n<h2 class=\"wp-block-heading has-white-color has-text-color has-background has-link-color wp-elements-34c57e919df08a463ea53f08314b9e8a\" style=\"background-color:#ec6500\">Maroc r\u00e9volutionnaire, Lecor-nul, casseroles RN &#8211; 06\/10\/25<\/h2>\n\n\n\n<p>La semaine derni\u00e8re a \u00e9t\u00e9, \u00e0 nouveau, r\u00e9volutionnaire. Pas en France o\u00f9 les mobilisations ont \u00e9t\u00e9 timides mais au Maroc. Apr\u00e8s le N\u00e9pal ou le Sri-Lanka, un nouveau mouvement jeune \u201cGen Z 212\u201d prend la rue contre son gouvernement&nbsp;<strong>(1.)<\/strong>. Alors qu\u2019ici Lecornu fait des courbettes au RN pour \u00e9viter le 49.3 sur son budget gouvernemental, annon\u00e7ant m\u00eame dans le week-end la reconduction d\u2019une majeure partie du pr\u00e9c\u00e9dent gouvernement&nbsp;<strong>(2.)<\/strong>. Ce m\u00eame RN dont les d\u00e9put\u00e9s ont, majoritairement, de grosses casseroles&nbsp;<strong>(3.)<\/strong>. Et dans les recos de la r\u00e9dac : le dernier film (r\u00e9volutionnaire) de Paul Thomas Anderson.&nbsp;<strong>(4.)<\/strong>.<\/p>\n\n\n\n<p>Ce sont les actus de la semaine, restez jusqu\u2019au bout pour d\u00e9couvrir celles de MOB : on vous parle&nbsp;<strong>burn-out militant<\/strong>&nbsp;et&nbsp;<strong>Pressetacle<\/strong>&nbsp;!<\/p>\n\n\n\n<figure class=\"wp-block-image aligncenter size-large is-resized is-style-default\"><img fetchpriority=\"high\" decoding=\"async\" width=\"819\" height=\"1024\" src=\"https:\/\/mob-media.info\/wp-content\/uploads\/2026\/04\/Actus-6-octobre-Une-819x1024.png\" alt=\"\" class=\"wp-image-2858\" style=\"aspect-ratio:0.799801632715343;width:381px;height:auto\" srcset=\"https:\/\/mob-media.info\/wp-content\/uploads\/2026\/04\/Actus-6-octobre-Une-819x1024.png 819w, https:\/\/mob-media.info\/wp-content\/uploads\/2026\/04\/Actus-6-octobre-Une-240x300.png 240w, https:\/\/mob-media.info\/wp-content\/uploads\/2026\/04\/Actus-6-octobre-Une-600x750.png 600w, https:\/\/mob-media.info\/wp-content\/uploads\/2026\/04\/Actus-6-octobre-Une.png 1080w\" sizes=\"(max-width: 819px) 100vw, 819px\" \/><\/figure>\n\n\n\n<p><strong>R\u00e9volte, le Maroc ose<\/strong><\/p>\n\n\n\n<p>A l\u2019image du N\u00e9pal il y a quelques semaines, les jeunes marocains se r\u00e9voltent et prennent la rue. Leur mot d\u2019ordre, r\u00e9pandu sur Discord depuis quelques jours : la d\u00e9mission du gouvernement. Avec comme d\u00e9clencheur la mort de huit femmes enceintes dans un h\u00f4pital et l\u2019organisation de la coupe du monde de 2030. Un cri d\u2019alarme titre&nbsp;<a href=\"https:\/\/www.lemonde.fr\/idees\/article\/2025\/10\/03\/au-maroc-le-cri-d-alarme-de-la-generation-z_6644266_3232.html\"><strong>Le Monde<\/strong><\/a><strong>.&nbsp;<\/strong>Une tendance mondiale \u00e0 la d\u00e9fiance envers des gouvernements in\u00e9galitaires.<\/p>\n\n\n\n<figure class=\"wp-block-image size-large is-resized\"><img decoding=\"async\" width=\"1024\" height=\"640\" src=\"https:\/\/mob-media.info\/wp-content\/uploads\/2026\/04\/6-octobre-1-1024x640.png\" alt=\"\" class=\"wp-image-2859\" style=\"aspect-ratio:1.6000146487951366;width:602px;height:auto\" srcset=\"https:\/\/mob-media.info\/wp-content\/uploads\/2026\/04\/6-octobre-1-1024x640.png 1024w, https:\/\/mob-media.info\/wp-content\/uploads\/2026\/04\/6-octobre-1-300x188.png 300w, https:\/\/mob-media.info\/wp-content\/uploads\/2026\/04\/6-octobre-1-2000x1250.png 2000w\" sizes=\"(max-width: 1024px) 100vw, 1024px\" \/><\/figure>\n\n\n\n<p><strong>Budget de l\u2019Etat : Lecor-nul<\/strong><\/p>\n\n\n\n<p>Alors que le nouveau premier ministre joue les d\u00e9mocrates en rejetant tout usage du 49.3 pour son budget \u00e0 venir, on n\u2019est pas dupes chez&nbsp;<a href=\"https:\/\/www.politis.fr\/articles\/2025\/10\/lecornu-sans-49-3-mais-avec-un-cheque-en-blanc-au-rn\/\"><strong>Politis<\/strong><\/a>.&nbsp;Les \u201csignaux pas si faibles\u201d d\u2019une entente tacite entre le camp macroniste et le RN inqui\u00e8tent. Leur retours aux postes cl\u00e9s de l\u2019Assembl\u00e9e aussi.<\/p>\n\n\n\n<p>La Gauche pourtant majoritaire aux derni\u00e8res \u00e9lections l\u00e9gislatives est rel\u00e9gu\u00e9e sur la touche, avec encore quelques morceaux de d\u00e9mocratie. Et en derni\u00e8re minute : le gouvernement pr\u00e9c\u00e9dent est quasiment reconduit, une forme de 49.3, non ?<\/p>\n\n\n\n<figure class=\"wp-block-image size-large is-resized\"><img decoding=\"async\" width=\"1024\" height=\"640\" src=\"https:\/\/mob-media.info\/wp-content\/uploads\/2026\/04\/6-octobre-2-1024x640.png\" alt=\"\" class=\"wp-image-2860\" style=\"aspect-ratio:1.5999953075876308;width:600px;height:auto\" srcset=\"https:\/\/mob-media.info\/wp-content\/uploads\/2026\/04\/6-octobre-2-1024x640.png 1024w, https:\/\/mob-media.info\/wp-content\/uploads\/2026\/04\/6-octobre-2-300x188.png 300w, https:\/\/mob-media.info\/wp-content\/uploads\/2026\/04\/6-octobre-2-2000x1250.png 2000w\" sizes=\"(max-width: 1024px) 100vw, 1024px\" \/><\/figure>\n\n\n\n<p><strong>Les d\u00e9put\u00e9s RN au grand Jour(s)<\/strong><\/p>\n\n\n\n<p>Et si vous doutiez encore des profils probl\u00e9matiques du Rassemblement national, bienvenue \u00e0 l\u2019Assembl\u00e9e !&nbsp;<a href=\"https:\/\/lesjours.fr\/obsessions\/rn-derniere-marche-2\/ep5-appli-casseroles-deputes-rn\/\"><strong>Les Jours&nbsp;<\/strong><\/a>trombine les multiples \u201cbrebis galeuses\u201d du parti d\u2019extr\u00eame droite, les \u2154 de nos \u201cchers\u201d repr\u00e9sentants tra\u00eenent des casseroles tr\u00e8s vari\u00e9es. Au menu : antis\u00e9mitisme, racisme, violences, homophobie\u2026 voire des condamnations judiciaires.<\/p>\n\n\n\n<p>Une liste qui en dit long sur le recrutement du parti, son d\u00e9sint\u00e9r\u00eat pour la probit\u00e9 de ses membres mais surtout un indice fort de ce que d\u00e9fendent, une fois au pouvoir, ces \u00e9lus de la R\u00e9publique.<\/p>\n\n\n\n<figure class=\"wp-block-image size-large is-resized\"><img loading=\"lazy\" decoding=\"async\" width=\"1024\" height=\"640\" src=\"https:\/\/mob-media.info\/wp-content\/uploads\/2026\/04\/6-octobre-3-1024x640.png\" alt=\"\" class=\"wp-image-2861\" style=\"aspect-ratio:1.5999953075876308;width:610px;height:auto\" srcset=\"https:\/\/mob-media.info\/wp-content\/uploads\/2026\/04\/6-octobre-3-1024x640.png 1024w, https:\/\/mob-media.info\/wp-content\/uploads\/2026\/04\/6-octobre-3-300x188.png 300w, https:\/\/mob-media.info\/wp-content\/uploads\/2026\/04\/6-octobre-3-2000x1250.png 2000w\" sizes=\"(max-width: 1024px) 100vw, 1024px\" \/><\/figure>\n\n\n\n<p>&#8211;<\/p>\n\n\n\n<h2 class=\"wp-block-heading has-white-color has-text-color has-background has-link-color wp-elements-ec8f0551fde95937685e5d6095f806dd\" style=\"background-color:#ec6500\">Du c\u00f4t\u00e9 de chez MOB<\/h2>\n\n\n\n<div class=\"wp-block-columns is-layout-flex wp-container-core-columns-is-layout-28f84493 wp-block-columns-is-layout-flex\">\n<div class=\"wp-block-column is-layout-flow wp-block-column-is-layout-flow\">\n<h3 class=\"wp-block-heading\"><a href=\"https:\/\/mob-media.info\/index.php\/2025\/10\/02\/bournout-militant-soin-luttes\/\" target=\"_blank\" rel=\"noreferrer noopener\">Militer sans s&rsquo;\u00e9puiser<\/a><\/h3>\n\n\n\n<p>A l\u2019inverse du RN, nos combats n\u2019ont pas le vent en poupe. \u00c9cologie, f\u00e9minisme, antiracisme, d\u00e9mocratie sont \u00e0 la peine. Autant de luttes intenses et \u00e9nergivores qui peuvent \u00e9puiser, sans que ce soit une fatalit\u00e9.<\/p>\n\n\n\n<p>Ces derni\u00e8res ann\u00e9es, le terme d\u2019\u00e9puisement ou de\u00a0<a href=\"https:\/\/mob-media.info\/index.php\/2025\/10\/02\/bournout-militant-soin-luttes\/\" target=\"_blank\" rel=\"noreferrer noopener\"><strong>burn-out militant a fait son entr\u00e9e dans les espaces de lutte<\/strong><\/a>. Un moyen de souligner l&rsquo;in\u00e9gal rapport de force des camps en pr\u00e9sence, le manque de moyens financiers, et donc humains, mais aussi de pr\u00e9server les forces vives. Des solutions parfois tr\u00e8s simples \u00e0 l\u2019\u00e9puisement, \u00e0 coup d&rsquo;horizontalit\u00e9 et de d\u00e9mocratie dans ces combats.<\/p>\n<\/div>\n\n\n\n<div class=\"wp-block-column is-layout-flow wp-block-column-is-layout-flow\">\n<figure class=\"wp-block-image aligncenter size-large is-resized\"><a href=\"https:\/\/mob-media.info\/index.php\/2025\/10\/02\/bournout-militant-soin-luttes\/\" target=\"_blank\" rel=\" noreferrer noopener\"><img loading=\"lazy\" decoding=\"async\" width=\"761\" height=\"1024\" src=\"https:\/\/mob-media.info\/wp-content\/uploads\/2025\/10\/Couv-Burnout-IG-e1759318715675-761x1024.png\" alt=\"\" class=\"wp-image-2043\" style=\"aspect-ratio:0.7431585961794758;width:357px;height:auto\" srcset=\"https:\/\/mob-media.info\/wp-content\/uploads\/2025\/10\/Couv-Burnout-IG-e1759318715675-761x1024.png 761w, https:\/\/mob-media.info\/wp-content\/uploads\/2025\/10\/Couv-Burnout-IG-e1759318715675-223x300.png 223w, https:\/\/mob-media.info\/wp-content\/uploads\/2025\/10\/Couv-Burnout-IG-e1759318715675-768x1033.png 768w, https:\/\/mob-media.info\/wp-content\/uploads\/2025\/10\/Couv-Burnout-IG-e1759318715675-600x807.png 600w, https:\/\/mob-media.info\/wp-content\/uploads\/2025\/10\/Couv-Burnout-IG-e1759318715675.png 1078w\" sizes=\"(max-width: 761px) 100vw, 761px\" \/><\/a><\/figure>\n<\/div>\n<\/div>\n\n\n\n<h2 class=\"wp-block-heading has-white-color has-text-color has-background has-link-color wp-elements-6d91fef99b5723d11e42a8eab53fb8bf\" style=\"background-color:#ec6500\">Les recommandations de la r\u00e9dac<\/h2>\n\n\n\n<div class=\"wp-block-columns is-layout-flex wp-container-core-columns-is-layout-28f84493 wp-block-columns-is-layout-flex\">\n<div class=\"wp-block-column is-layout-flow wp-block-column-is-layout-flow\">\n<h3 class=\"wp-block-heading\"><a href=\"https:\/\/www.allocine.fr\/film\/fichefilm_gen_cfilm=311364.html\" target=\"_blank\" rel=\"noreferrer noopener\">Une bataille apr\u00e8s l&rsquo;autre (cin\u00e9ma)<\/a><\/h3>\n\n\n\n<p>En parlant de lutte, si le vent de r\u00e9volte marocain vous inspire, et aux vues du paysage politique national, on vous conseille le dernier film de Paul Thomas Anderson. Echo puissant \u00e0 des Etats-Unis en crise d\u00e9mocratique.<\/p>\n\n\n\n<p>Sorti en salles le 24 septembre,&nbsp;<a target=\"_blank\" href=\"https:\/\/www.allocine.fr\/film\/fichefilm_gen_cfilm=311364.html\" rel=\"noreferrer noopener\"><strong>\u201cUne bataille apr\u00e8s l\u2019autre\u201d<\/strong><\/a>&nbsp;interroge avec humour la d\u00e9sob\u00e9issance civile, la r\u00e9pression \u00e9tatique et, comme souvent dans les films du r\u00e9alisateur, les contours chaotiques de notre Humanit\u00e9.<\/p>\n<\/div>\n\n\n\n<div class=\"wp-block-column is-layout-flow wp-block-column-is-layout-flow\">\n<figure class=\"wp-block-image aligncenter size-large is-resized\"><a href=\"https:\/\/www.allocine.fr\/film\/fichefilm_gen_cfilm=311364.html\" target=\"_blank\" rel=\" noreferrer noopener\"><img loading=\"lazy\" decoding=\"async\" width=\"819\" height=\"1024\" src=\"https:\/\/mob-media.info\/wp-content\/uploads\/2026\/04\/bataille-apres-lautre-819x1024.png\" alt=\"\" class=\"wp-image-2862\" style=\"aspect-ratio:0.7997944157582711;width:368px;height:auto\" srcset=\"https:\/\/mob-media.info\/wp-content\/uploads\/2026\/04\/bataille-apres-lautre-819x1024.png 819w, https:\/\/mob-media.info\/wp-content\/uploads\/2026\/04\/bataille-apres-lautre-240x300.png 240w, https:\/\/mob-media.info\/wp-content\/uploads\/2026\/04\/bataille-apres-lautre.png 1080w\" sizes=\"(max-width: 819px) 100vw, 819px\" \/><\/a><\/figure>\n<\/div>\n<\/div>\n\n\n\n<div class=\"wp-block-columns is-layout-flex wp-container-core-columns-is-layout-28f84493 wp-block-columns-is-layout-flex\">\n<div class=\"wp-block-column is-layout-flow wp-block-column-is-layout-flow\">\n<figure class=\"wp-block-image aligncenter size-large is-resized\"><a href=\"https:\/\/www.weezevent.com\/widget_billeterie.php?id_evenement=1370882&amp;widget_key=016db68f-c776-4887-b610-2f0a5ba9939b&amp;locale=fr_FR&amp;color_primary=\" target=\"_blank\" rel=\" noreferrer noopener\"><img loading=\"lazy\" decoding=\"async\" width=\"724\" height=\"1024\" src=\"https:\/\/mob-media.info\/wp-content\/uploads\/2026\/04\/trois-ours-724x1024.png\" alt=\"\" class=\"wp-image-2863\" style=\"aspect-ratio:0.7067235588601846;width:354px;height:auto\" srcset=\"https:\/\/mob-media.info\/wp-content\/uploads\/2026\/04\/trois-ours-724x1024.png 724w, https:\/\/mob-media.info\/wp-content\/uploads\/2026\/04\/trois-ours-212x300.png 212w, https:\/\/mob-media.info\/wp-content\/uploads\/2026\/04\/trois-ours.png 1723w\" sizes=\"(max-width: 724px) 100vw, 724px\" \/><\/a><\/figure>\n<\/div>\n\n\n\n<div class=\"wp-block-column is-layout-flow wp-block-column-is-layout-flow\">\n<h3 class=\"wp-block-heading\"><a href=\"https:\/\/www.weezevent.com\/widget_billeterie.php?id_evenement=1370882&amp;widget_key=016db68f-c776-4887-b610-2f0a5ba9939b&amp;locale=fr_FR&amp;color_primary=\" target=\"_blank\" rel=\"noreferrer noopener\">Les trois ours &#8211; M\u00e9dias en sc\u00e8ne (spectacle)<\/a><\/h3>\n\n\n\n<p>Enfin, on vous pr\u00e9vient un peu en avance : Elliot Clarke, directeur de la r\u00e9daction, va faire un Pressetacle \u00e0 Rennes le 16 octobre. A l\u2019initiative de&nbsp;<a target=\"_blank\" href=\"https:\/\/www.3ours.fr\/spectacles\" rel=\"noreferrer noopener\"><strong>3 ours M\u00e9dia<\/strong><\/a>.<\/p>\n\n\n\n<p>Entour\u00e9 de journalistes (de renom !), il racontera les balbutiements de MOB, les difficult\u00e9s de parler d\u00e9mocratie, notre travail quoi !<\/p>\n\n\n\n<p><a target=\"_blank\" href=\"https:\/\/www.weezevent.com\/widget_billeterie.php?id_evenement=1370882&amp;widget_key=016db68f-c776-4887-b610-2f0a5ba9939b&amp;locale=fr_FR&amp;color_primary=\" rel=\"noreferrer noopener\"><strong>R\u00e9servez votre place&nbsp;<\/strong><\/a>si vous \u00eates dans le coin. Et prenez soin de vous,<\/p>\n\n\n\n<p><strong>L\u2019\u00e9quipe MOB<\/strong><\/p>\n<\/div>\n<\/div>\n","protected":false},"excerpt":{"rendered":"<p>Maroc r\u00e9volutionnaire, Lecor-nul, casseroles RN &#8211; 06\/10\/25 La semaine derni\u00e8re a \u00e9t\u00e9, \u00e0 nouveau, r\u00e9volutionnaire. Pas en France o\u00f9 les mobilisations ont \u00e9t\u00e9 timides mais au Maroc. Apr\u00e8s le N\u00e9pal ou le Sri-Lanka, un nouveau mouvement jeune \u201cGen Z 212\u201d prend la rue contre son gouvernement&nbsp;(1.). Alors qu\u2019ici Lecornu fait des courbettes au RN pour &hellip; <\/p>\n<p class=\"link-more\"><a href=\"https:\/\/mob-media.info\/index.php\/2025\/10\/06\/maroc-revolutionnaire-lecornu-casseroles-rn\/\" class=\"more-link\">Lire la suite de<span class=\"screen-reader-text\">\u00ab\u00a0Maroc r\u00e9volutionnaire, Lecor-nul, casseroles RN\u00a0\u00bb<\/span><\/a><\/p>\n","protected":false},"author":1,"featured_media":2858,"comment_status":"closed","ping_status":"open","sticky":false,"template":"","format":"standard","meta":{"footnotes":""},"categories":[68,5,12],"tags":[105,64,28,72,140],"class_list":["post-2857","post","type-post","status-publish","format-standard","has-post-thumbnail","hentry","category-infolettre","category-institutions","category-lutte-sociale","tag-budget","tag-cinema","tag-extreme-droite","tag-revolte","tag-revolution"],"featured_media_urls":{"thumbnail":["https:\/\/mob-media.info\/wp-content\/uploads\/2026\/04\/Actus-6-octobre-Une-150x150.png",150,150,true],"medium":["https:\/\/mob-media.info\/wp-content\/uploads\/2026\/04\/Actus-6-octobre-Une-240x300.png",240,300,true],"medium_large":["https:\/\/mob-media.info\/wp-content\/uploads\/2026\/04\/Actus-6-octobre-Une.png",768,960,false],"large":["https:\/\/mob-media.info\/wp-content\/uploads\/2026\/04\/Actus-6-octobre-Une-819x1024.png",819,1024,true],"1536x1536":["https:\/\/mob-media.info\/wp-content\/uploads\/2026\/04\/Actus-6-octobre-Une.png",1080,1350,false],"2048x2048":["https:\/\/mob-media.info\/wp-content\/uploads\/2026\/04\/Actus-6-octobre-Une.png",1080,1350,false],"inspiro-featured-image":["https:\/\/mob-media.info\/wp-content\/uploads\/2026\/04\/Actus-6-octobre-Une.png",1080,1350,false],"inspiro-loop":["https:\/\/mob-media.info\/wp-content\/uploads\/2026\/04\/Actus-6-octobre-Une-950x320.png",950,320,true],"inspiro-loop@2x":["https:\/\/mob-media.info\/wp-content\/uploads\/2026\/04\/Actus-6-octobre-Une-1080x640.png",1080,640,true],"portfolio_item-thumbnail":["https:\/\/mob-media.info\/wp-content\/uploads\/2026\/04\/Actus-6-octobre-Une-600x400.png",600,400,true],"portfolio_item-thumbnail@2x":["https:\/\/mob-media.info\/wp-content\/uploads\/2026\/04\/Actus-6-octobre-Une-1080x800.png",1080,800,true],"portfolio_item-masonry":["https:\/\/mob-media.info\/wp-content\/uploads\/2026\/04\/Actus-6-octobre-Une-600x750.png",600,750,true],"portfolio_item-masonry@2x":["https:\/\/mob-media.info\/wp-content\/uploads\/2026\/04\/Actus-6-octobre-Une.png",1080,1350,false],"portfolio_item-thumbnail_cinema":["https:\/\/mob-media.info\/wp-content\/uploads\/2026\/04\/Actus-6-octobre-Une-800x335.png",800,335,true],"portfolio_item-thumbnail_portrait":["https:\/\/mob-media.info\/wp-content\/uploads\/2026\/04\/Actus-6-octobre-Une-600x900.png",600,900,true],"portfolio_item-thumbnail_portrait@2x":["https:\/\/mob-media.info\/wp-content\/uploads\/2026\/04\/Actus-6-octobre-Une.png",1080,1350,false],"portfolio_item-thumbnail_square":["https:\/\/mob-media.info\/wp-content\/uploads\/2026\/04\/Actus-6-octobre-Une-800x800.png",800,800,true]},"_links":{"self":[{"href":"https:\/\/mob-media.info\/index.php\/wp-json\/wp\/v2\/posts\/2857","targetHints":{"allow":["GET"]}}],"collection":[{"href":"https:\/\/mob-media.info\/index.php\/wp-json\/wp\/v2\/posts"}],"about":[{"href":"https:\/\/mob-media.info\/index.php\/wp-json\/wp\/v2\/types\/post"}],"author":[{"embeddable":true,"href":"https:\/\/mob-media.info\/index.php\/wp-json\/wp\/v2\/users\/1"}],"replies":[{"embeddable":true,"href":"https:\/\/mob-media.info\/index.php\/wp-json\/wp\/v2\/comments?post=2857"}],"version-history":[{"count":2,"href":"https:\/\/mob-media.info\/index.php\/wp-json\/wp\/v2\/posts\/2857\/revisions"}],"predecessor-version":[{"id":2865,"href":"https:\/\/mob-media.info\/index.php\/wp-json\/wp\/v2\/posts\/2857\/revisions\/2865"}],"wp:featuredmedia":[{"embeddable":true,"href":"https:\/\/mob-media.info\/index.php\/wp-json\/wp\/v2\/media\/2858"}],"wp:attachment":[{"href":"https:\/\/mob-media.info\/index.php\/wp-json\/wp\/v2\/media?parent=2857"}],"wp:term":[{"taxonomy":"category","embeddable":true,"href":"https:\/\/mob-media.info\/index.php\/wp-json\/wp\/v2\/categories?post=2857"},{"taxonomy":"post_tag","embeddable":true,"href":"https:\/\/mob-media.info\/index.php\/wp-json\/wp\/v2\/tags?post=2857"}],"curies":[{"name":"wp","href":"https:\/\/api.w.org\/{rel}","templated":true}]}}