{"id":2879,"date":"2025-09-15T10:56:00","date_gmt":"2025-09-15T08:56:00","guid":{"rendered":"https:\/\/mob-media.info\/?p=2879"},"modified":"2026-04-28T10:57:30","modified_gmt":"2026-04-28T08:57:30","slug":"bloquonstout-info-bolsociao","status":"publish","type":"post","link":"https:\/\/mob-media.info\/index.php\/2025\/09\/15\/bloquonstout-info-bolsociao\/","title":{"rendered":"#Bloquons(pas)tout, atteinte \u00e0 l\u2019info et BolsoCIAO !"},"content":{"rendered":"\n<h2 class=\"wp-block-heading has-white-color has-text-color has-background has-link-color wp-elements-e2ba5781207b3a1ba428b9a6c3c9018f\" style=\"background-color:#ec6500\">#Bloquons(pas)tout, atteinte \u00e0 l\u2019info et BolsoCIAO\u00a0! &#8211; 15\/09\/25<\/h2>\n\n\n\n<p><strong>La semaine a \u00e9t\u00e9 charg\u00e9e avec le mouvement du 10 septembre. Malgr\u00e9 la tentative de Bayrou d\u2019affaiblir les mobilisations avec une \u201cd\u00e9mission\u201d par vote de confiance, l\u2019arriv\u00e9e instantan\u00e9e d\u2019un clone macroniste, S\u00e9bastien Lecornu, n\u2019a pas affaibli la mobilisation. Le nouveau 1er ministre suit la ligne du camp (minoritaire) pr\u00e9sidentiel, sans grande surprise ! Alors mardi dernier, au lancement de #BloquonsTout, on est all\u00e9 voir, tendre l\u2019oreille et la cam\u00e9ra. Malgr\u00e9 les atteintes \u00e0 la libert\u00e9 de la presse lors des \u201cviolences urbaines\u201d.<\/strong><\/p>\n\n\n\n<p>Avant de tirer le bilan de cette journ\u00e9e de \u201cbloquages\u201d, pas franchement attrist\u00e9s de la mort de Charlie Kirk, un influenceur trumpiste assassin\u00e9, on a \u00e9t\u00e9 ravi d\u2019apprendre la condamnation de Jair Bolsonaro, ancien dicta\u2026Pr\u00e9sident br\u00e9silien pour \u201ctentative de coup d\u2019Etat\u201d. Et on compte se pencher prochainement sur l\u2019intriguante r\u00e9volte populaire n\u00e9palaise. On vous a aussi trouv\u00e9 deux recommandations sympas pour \u201cprendre soin du collectif\u201d.<\/p>\n\n\n\n<figure class=\"wp-block-image aligncenter size-large is-resized\"><img fetchpriority=\"high\" decoding=\"async\" width=\"819\" height=\"1024\" src=\"https:\/\/mob-media.info\/wp-content\/uploads\/2026\/04\/15-septembre-Une-819x1024.png\" alt=\"\" class=\"wp-image-2880\" style=\"aspect-ratio:0.7999976537938154;width:360px;height:auto\" srcset=\"https:\/\/mob-media.info\/wp-content\/uploads\/2026\/04\/15-septembre-Une-819x1024.png 819w, https:\/\/mob-media.info\/wp-content\/uploads\/2026\/04\/15-septembre-Une-240x300.png 240w, https:\/\/mob-media.info\/wp-content\/uploads\/2026\/04\/15-septembre-Une-600x750.png 600w, https:\/\/mob-media.info\/wp-content\/uploads\/2026\/04\/15-septembre-Une.png 1080w\" sizes=\"(max-width: 819px) 100vw, 819px\" \/><\/figure>\n\n\n\n<p><strong>#Bloquons(pas) tout ?<\/strong><\/p>\n\n\n\n<p>Le premier constat chiffr\u00e9 de la journ\u00e9e de mobilisation du 10 septembre est int\u00e9ressant, surtout au regard de la r\u00e9pression polici\u00e8re. Il montre que la machine est lanc\u00e9e, malgr\u00e9 les tentatives de muselage politico-m\u00e9diatique. Pour un mouvement populaire sans \u201cleaders\u201d, c\u2019est symptomatique d\u2019une vraie col\u00e8re. Affaire \u00e0 suivre le 18 septembre avec les syndicats mobilis\u00e9s. Et Lecornu 1er (ministre).<\/p>\n\n\n\n<figure class=\"wp-block-image size-large is-resized\"><img decoding=\"async\" width=\"1024\" height=\"640\" src=\"https:\/\/mob-media.info\/wp-content\/uploads\/2026\/04\/15-septembre-1-1024x640.png\" alt=\"\" class=\"wp-image-2881\" style=\"aspect-ratio:1.5999953075876308;width:548px;height:auto\" srcset=\"https:\/\/mob-media.info\/wp-content\/uploads\/2026\/04\/15-septembre-1-1024x640.png 1024w, https:\/\/mob-media.info\/wp-content\/uploads\/2026\/04\/15-septembre-1-300x188.png 300w, https:\/\/mob-media.info\/wp-content\/uploads\/2026\/04\/15-septembre-1-2000x1250.png 2000w\" sizes=\"(max-width: 1024px) 100vw, 1024px\" \/><\/figure>\n\n\n\n<p><strong>Journalistes emp\u00each\u00e9s, info en danger !<\/strong><\/p>\n\n\n\n<p>Le 10 septembre, 7 journalistes ont \u00e9t\u00e9 bless\u00e9s par les forces de l\u2019ordre&nbsp;<a target=\"_blank\" href=\"https:\/\/rsf.org\/fr\/france-la-libert%C3%A9-de-la-presse-entrav%C3%A9e-par-des-violences-polici%C3%A8res-au-cours-des-manifestations\" rel=\"noreferrer noopener\"><strong>rapporte RSF<\/strong><\/a>. Un chiffre inqui\u00e9tant qui fait suite \u00e0 la fragilisation du statut des journalistes dans un guide op\u00e9rationnel des forces de l\u2019ordre. La recommandation a \u201cdisparu\u201d ce 11 septembre, apr\u00e8s sa mise en lumi\u00e8re m\u00e9diatique et&nbsp;<a target=\"_blank\" href=\"https:\/\/www.lemonde.fr\/societe\/article\/2025\/09\/11\/violences-urbaines-le-ministere-de-l-interieur-renonce-a-une-directive-contestee-par-les-journalistes_6640430_3224.html\" rel=\"noreferrer noopener\"><strong>une audience au Conseil d\u2019Etat<\/strong><\/a>. La suggestion en dit quand m\u00eame long sur leur vision du droit \u00e0 l\u2019information.<\/p>\n\n\n\n<figure class=\"wp-block-image size-large is-resized\"><img decoding=\"async\" width=\"1024\" height=\"640\" src=\"https:\/\/mob-media.info\/wp-content\/uploads\/2026\/04\/15-septembre-2-1024x640.png\" alt=\"\" class=\"wp-image-2882\" style=\"aspect-ratio:1.5999953075876308;width:523px;height:auto\" srcset=\"https:\/\/mob-media.info\/wp-content\/uploads\/2026\/04\/15-septembre-2-1024x640.png 1024w, https:\/\/mob-media.info\/wp-content\/uploads\/2026\/04\/15-septembre-2-300x188.png 300w, https:\/\/mob-media.info\/wp-content\/uploads\/2026\/04\/15-septembre-2-2000x1250.png 2000w\" sizes=\"(max-width: 1024px) 100vw, 1024px\" \/><\/figure>\n\n\n\n<p><strong>BolsoCIAO ! Condamner l\u2019extr\u00eame droite.<\/strong><\/p>\n\n\n\n<p>On ne se r\u00e9jouit que rarement de mises sous \u00e9crou mais quand l\u2019extr\u00eame droite br\u00e9silienne, plus pr\u00e9cis\u00e9ment Jair Bolsonaro, se retrouve avec une peine de 27 ans de prison pour tentative de coup d\u2019Etat, on se dit que la Justice fait quand m\u00eame bien son travail.&nbsp;Un peu d\u2019espoir quant \u00e0 nos propres gestions, en Europe, des abus de pouvoir\/corruption et autres affaires.<\/p>\n\n\n\n<figure class=\"wp-block-image size-large is-resized\"><img loading=\"lazy\" decoding=\"async\" width=\"1024\" height=\"640\" src=\"https:\/\/mob-media.info\/wp-content\/uploads\/2026\/04\/15-septembre-3-1024x640.png\" alt=\"\" class=\"wp-image-2883\" style=\"aspect-ratio:1.5999953075876308;width:523px;height:auto\" srcset=\"https:\/\/mob-media.info\/wp-content\/uploads\/2026\/04\/15-septembre-3-1024x640.png 1024w, https:\/\/mob-media.info\/wp-content\/uploads\/2026\/04\/15-septembre-3-300x188.png 300w, https:\/\/mob-media.info\/wp-content\/uploads\/2026\/04\/15-septembre-3-2000x1250.png 2000w\" sizes=\"(max-width: 1024px) 100vw, 1024px\" \/><\/figure>\n\n\n\n<h2 class=\"wp-block-heading has-white-color has-text-color has-background has-link-color wp-elements-ec8f0551fde95937685e5d6095f806dd\" style=\"background-color:#ec6500\">Du c\u00f4t\u00e9 de chez MOB<\/h2>\n\n\n\n<p>Avant le 10, on a caus\u00e9 du mouvement #BloquonsTout pour en retracer les origines mais aussi d\u00e9samorcer le cataloguage \u00e0 Gauche.\u00a0<a href=\"https:\/\/mob-media.info\/index.php\/2025\/09\/06\/10-septembre-bloquons-tout\/\" target=\"_blank\" rel=\"noreferrer noopener\"><strong>Notre vid\u00e9o\/sources<\/strong><\/a>\u00a0valent toujours pour comprendre d\u2019o\u00f9 vient tout cela en cette 2\u00e8me semaine de mobilisation.<\/p>\n\n\n\n<figure class=\"wp-block-image size-large is-resized\"><a href=\"https:\/\/mob-media.info\/index.php\/2025\/09\/06\/10-septembre-bloquons-tout\/\" target=\"_blank\" rel=\" noreferrer noopener\"><img loading=\"lazy\" decoding=\"async\" width=\"1024\" height=\"576\" src=\"https:\/\/mob-media.info\/wp-content\/uploads\/2026\/04\/10-septembre-1024x576.webp\" alt=\"\" class=\"wp-image-2884\" style=\"aspect-ratio:1.7777988769226596;width:524px;height:auto\" srcset=\"https:\/\/mob-media.info\/wp-content\/uploads\/2026\/04\/10-septembre-1024x576.webp 1024w, https:\/\/mob-media.info\/wp-content\/uploads\/2026\/04\/10-septembre-300x169.webp 300w, https:\/\/mob-media.info\/wp-content\/uploads\/2026\/04\/10-septembre.webp 1280w\" sizes=\"(max-width: 1024px) 100vw, 1024px\" \/><\/a><\/figure>\n\n\n\n<p>Et puis, on a continu\u00e9 un nouveau format t\u00e9moignage, lanc\u00e9 en catimini cet \u00e9t\u00e9. Des histoires \u00e9mouvantes, inspirantes, en tout cas toujours significatives. Une mani\u00e8re plus personnelle et singuli\u00e8re de raconter la d\u00e9mocratie, \u00e0 travers celles et ceux qui s\u2019engagent au quotidien pour le bien commun. Athithiya, jeune femme, enfant d\u2019immigr\u00e9e et \u00e9lue \u00e0 Pontault-Combault nous a racont\u00e9\u00a0<a href=\"https:\/\/mob-media.info\/index.php\/2025\/09\/11\/jeune-elue-mais-engagee-depuis-toujours\/\" target=\"_blank\" rel=\"noreferrer noopener\"><strong>cette \u00e9vidence de l\u2019engagement<\/strong><\/a>, depuis le plus jeune \u00e2ge.<\/p>\n\n\n\n<figure class=\"wp-block-image size-large is-resized\"><a href=\"https:\/\/mob-media.info\/index.php\/2025\/09\/11\/jeune-elue-mais-engagee-depuis-toujours\/\" target=\"_blank\" rel=\" noreferrer noopener\"><img loading=\"lazy\" decoding=\"async\" width=\"1024\" height=\"576\" src=\"https:\/\/mob-media.info\/wp-content\/uploads\/2026\/04\/athithiya-1024x576.webp\" alt=\"\" class=\"wp-image-2885\" style=\"aspect-ratio:1.7777988769226596;width:528px;height:auto\" srcset=\"https:\/\/mob-media.info\/wp-content\/uploads\/2026\/04\/athithiya-1024x576.webp 1024w, https:\/\/mob-media.info\/wp-content\/uploads\/2026\/04\/athithiya-300x169.webp 300w, https:\/\/mob-media.info\/wp-content\/uploads\/2026\/04\/athithiya.webp 1280w\" sizes=\"(max-width: 1024px) 100vw, 1024px\" \/><\/a><\/figure>\n\n\n\n<h2 class=\"wp-block-heading has-white-color has-text-color has-background has-link-color wp-elements-21eb86b8187b97f633cb20dd987c0a16\" style=\"background-color:#ec6500\">Les recommandations de la r\u00e9dac<\/h2>\n\n\n\n<div class=\"wp-block-columns is-layout-flex wp-container-core-columns-is-layout-28f84493 wp-block-columns-is-layout-flex\">\n<div class=\"wp-block-column is-layout-flow wp-block-column-is-layout-flow\">\n<figure class=\"wp-block-image aligncenter size-full is-resized\"><a href=\"https:\/\/www.cultura.com\/p-le-burn-out-militant-comment-s-engager-sans-se-cramer-9782228939713.html\" target=\"_blank\" rel=\" noreferrer noopener\"><img loading=\"lazy\" decoding=\"async\" width=\"600\" height=\"878\" src=\"https:\/\/mob-media.info\/wp-content\/uploads\/2026\/04\/15-septembre-reco.jpg\" alt=\"\" class=\"wp-image-2886\" style=\"aspect-ratio:0.6833677158438693;width:283px;height:auto\" srcset=\"https:\/\/mob-media.info\/wp-content\/uploads\/2026\/04\/15-septembre-reco.jpg 600w, https:\/\/mob-media.info\/wp-content\/uploads\/2026\/04\/15-septembre-reco-205x300.jpg 205w\" sizes=\"(max-width: 600px) 100vw, 600px\" \/><\/a><\/figure>\n<\/div>\n\n\n\n<div class=\"wp-block-column is-layout-flow wp-block-column-is-layout-flow\">\n<h3 class=\"wp-block-heading\">Burn-out militant (lecture)<\/h3>\n\n\n\n<p>Militants associatifs, r\u00e9volt\u00e9s du 10 septembre, journalistes engag\u00e9s et autres d\u00e9fenseurs de la d\u00e9mocratie, quelles que soient vos motivations, vous avez s\u00fbrement besoin de vous pr\u00e9server.<\/p>\n\n\n\n<p>C\u2019est le sujet du livre d\u2019H\u00e9l\u00e8ne Balazard et Simon Cottin-Marx,&nbsp;<a target=\"_blank\" href=\"https:\/\/www.cultura.com\/p-le-burn-out-militant-comment-s-engager-sans-se-cramer-9782228939713.html\" rel=\"noreferrer noopener\"><em><strong>Burn-out militant &#8211; Comment s\u2019engager sans se cramer.<\/strong><\/em><\/a>&nbsp;Une inspiration \u00e9vidente pour une prochaine vid\u00e9o !<\/p>\n<\/div>\n<\/div>\n\n\n\n<div class=\"wp-block-columns is-layout-flex wp-container-core-columns-is-layout-28f84493 wp-block-columns-is-layout-flex\">\n<div class=\"wp-block-column is-layout-flow wp-block-column-is-layout-flow\">\n<h3 class=\"wp-block-heading\"><strong>Festival du renouveau d\u00e9mocratique &#8211; Samedi 20 septembre, 14h, Th\u00e9\u00e2tre de la Concorde \u00e0 Paris.<\/strong><\/h3>\n\n\n\n<p>Pour penser l\u2019apr\u00e8s Macron, pourquoi pas des Etats g\u00e9n\u00e9raux de la d\u00e9mocratie ? De nombreuses associations, structures, institutions participent. Il y aura m\u00eame Cl\u00e9ment Viktorovitch ! On y passera nous-m\u00eames \u00a0des reportages MOB dans la\u00a0\u201csalle de cin\u00e9ma\u201d.<\/p>\n\n\n\n<p>Ce sera quoi qu\u2019il arrive l\u2019occasion de faire corps, de se retrouver entre d\u00e9fenseur-euses de la d\u00e9mocratie, des m\u00e9dias, du vivre-ensemble. Et de prendre soin de nos combats.<\/p>\n\n\n\n<p>En attendant, prenez soin de vous,<\/p>\n\n\n\n<p><strong>L\u2019\u00e9quipe MOB<\/strong><\/p>\n<\/div>\n\n\n\n<div class=\"wp-block-column is-layout-flow wp-block-column-is-layout-flow\">\n<figure class=\"wp-block-image size-large\"><img loading=\"lazy\" decoding=\"async\" width=\"1024\" height=\"796\" src=\"https:\/\/mob-media.info\/wp-content\/uploads\/2026\/04\/15-septembre-reco-2-1024x796.png\" alt=\"\" class=\"wp-image-2887\" srcset=\"https:\/\/mob-media.info\/wp-content\/uploads\/2026\/04\/15-septembre-reco-2-1024x796.png 1024w, https:\/\/mob-media.info\/wp-content\/uploads\/2026\/04\/15-septembre-reco-2-300x233.png 300w, https:\/\/mob-media.info\/wp-content\/uploads\/2026\/04\/15-septembre-reco-2.png 1080w\" sizes=\"(max-width: 1024px) 100vw, 1024px\" \/><\/figure>\n<\/div>\n<\/div>\n\n\n\n<h3 class=\"wp-block-heading has-text-align-center has-white-color has-text-color has-background has-link-color wp-elements-a7ca048e1c85cc4f1f409306625e368d\" style=\"background-color:#ec6500\">Et pour ne rien rater de nos contenus, on vous propose une newsletter toutes les semaines, pour s&rsquo;abonner :<\/h3>\n\n\n\n<div class=\"wp-block-columns has-background is-layout-flex wp-container-core-columns-is-layout-28f84493 wp-block-columns-is-layout-flex\" style=\"background-color:#ec6500\">\n<div class=\"wp-block-column is-layout-flow wp-block-column-is-layout-flow\">\n<figure class=\"wp-block-image size-large is-resized is-style-default\"><a href=\"https:\/\/mob-media.us21.list-manage.com\/subscribe?u=8a80eecf9dcb7e85d7c18aa10&amp;id=a2edb6c814\" target=\"_blank\" rel=\" noreferrer noopener\"><img loading=\"lazy\" decoding=\"async\" width=\"840\" height=\"1024\" src=\"https:\/\/mob-media.info\/wp-content\/uploads\/2026\/03\/Newsletter-modele-e1775037288407-840x1024.png\" alt=\"\" class=\"wp-image-2564\" style=\"aspect-ratio:0.8203059873486;width:334px;height:auto\" srcset=\"https:\/\/mob-media.info\/wp-content\/uploads\/2026\/03\/Newsletter-modele-e1775037288407-840x1024.png 840w, https:\/\/mob-media.info\/wp-content\/uploads\/2026\/03\/Newsletter-modele-e1775037288407-246x300.png 246w, https:\/\/mob-media.info\/wp-content\/uploads\/2026\/03\/Newsletter-modele-e1775037288407-768x936.png 768w, https:\/\/mob-media.info\/wp-content\/uploads\/2026\/03\/Newsletter-modele-e1775037288407-600x731.png 600w, https:\/\/mob-media.info\/wp-content\/uploads\/2026\/03\/Newsletter-modele-e1775037288407.png 1075w\" sizes=\"(max-width: 840px) 100vw, 840px\" \/><\/a><\/figure>\n<\/div>\n\n\n\n<div class=\"wp-block-column is-layout-flow wp-block-column-is-layout-flow\"><script>(function() {\n\twindow.mc4wp = window.mc4wp || {\n\t\tlisteners: [],\n\t\tforms: {\n\t\t\ton: function(evt, cb) {\n\t\t\t\twindow.mc4wp.listeners.push(\n\t\t\t\t\t{\n\t\t\t\t\t\tevent   : evt,\n\t\t\t\t\t\tcallback: cb\n\t\t\t\t\t}\n\t\t\t\t);\n\t\t\t}\n\t\t}\n\t}\n})();\n<\/script><!-- Mailchimp for WordPress v4.12.1 - https:\/\/wordpress.org\/plugins\/mailchimp-for-wp\/ --><form id=\"mc4wp-form-1\" class=\"mc4wp-form mc4wp-form-2563\" method=\"post\" data-id=\"2563\" data-name=\"Je m&#039;abonne \u00e0 la newsletter !\" data-typo-check=\"1\" ><div class=\"mc4wp-form-fields\"><\/p>\r\n<p>\r\n    <label>Pr\u00e9nom<\/label>\r\n    <input type=\"text\" name=\"FNAME\" autocomplete=\"given-name\">\r\n<\/p>\r\n<p>\r\n    <label>Nom de famille<\/label>\r\n    <input type=\"text\" name=\"LNAME\" autocomplete=\"family-name\">\r\n<\/p>\r\n<p>\r\n\t<label for=\"email\">Adresse e-mail: \r\n\t\t<input type=\"email\" id=\"email\" name=\"EMAIL\" placeholder=\"Votre adresse e-mail\" autocomplete=\"email\" required>\r\n\t<\/label>\r\n<\/p>\r\n\r\n<input type=\"hidden\" name=\"procaptcha\">\r\n\r\n\r\n<p>\r\n\t<input type=\"submit\" value=\"Je m'abonne\">\r\n<\/p><\/div><label style=\"display: none !important;\">Laissez ce champ vide si vous \u00eates humain\u00a0: <input type=\"text\" name=\"_mc4wp_honeypot\" value=\"\" tabindex=\"-1\" autocomplete=\"off\" \/><\/label><input type=\"hidden\" name=\"_mc4wp_timestamp\" value=\"1777518076\" \/><input type=\"hidden\" name=\"_mc4wp_form_id\" value=\"2563\" \/><input type=\"hidden\" name=\"_mc4wp_form_element_id\" value=\"mc4wp-form-1\" \/><div class=\"mc4wp-response\"><\/div><\/form><!-- \/ Mailchimp for WordPress Plugin --><\/div>\n<\/div>\n","protected":false},"excerpt":{"rendered":"<p>#Bloquons(pas)tout, atteinte \u00e0 l\u2019info et BolsoCIAO\u00a0! &#8211; 15\/09\/25 La semaine a \u00e9t\u00e9 charg\u00e9e avec le mouvement du 10 septembre. Malgr\u00e9 la tentative de Bayrou d\u2019affaiblir les mobilisations avec une \u201cd\u00e9mission\u201d par vote de confiance, l\u2019arriv\u00e9e instantan\u00e9e d\u2019un clone macroniste, S\u00e9bastien Lecornu, n\u2019a pas affaibli la mobilisation. Le nouveau 1er ministre suit la ligne du camp &hellip; <\/p>\n<p class=\"link-more\"><a href=\"https:\/\/mob-media.info\/index.php\/2025\/09\/15\/bloquonstout-info-bolsociao\/\" class=\"more-link\">Lire la suite de<span class=\"screen-reader-text\">\u00ab\u00a0#Bloquons(pas)tout, atteinte \u00e0 l\u2019info et BolsoCIAO !\u00a0\u00bb<\/span><\/a><\/p>\n","protected":false},"author":1,"featured_media":2880,"comment_status":"closed","ping_status":"open","sticky":false,"template":"","format":"standard","meta":{"footnotes":""},"categories":[68,7,12],"tags":[142,143,144,55],"class_list":["post-2879","post","type-post","status-publish","format-standard","has-post-thumbnail","hentry","category-infolettre","category-international","category-lutte-sociale","tag-bloquonstout","tag-bolsonaro","tag-lecornu","tag-medias"],"featured_media_urls":{"thumbnail":["https:\/\/mob-media.info\/wp-content\/uploads\/2026\/04\/15-septembre-Une-150x150.png",150,150,true],"medium":["https:\/\/mob-media.info\/wp-content\/uploads\/2026\/04\/15-septembre-Une-240x300.png",240,300,true],"medium_large":["https:\/\/mob-media.info\/wp-content\/uploads\/2026\/04\/15-septembre-Une.png",768,960,false],"large":["https:\/\/mob-media.info\/wp-content\/uploads\/2026\/04\/15-septembre-Une-819x1024.png",819,1024,true],"1536x1536":["https:\/\/mob-media.info\/wp-content\/uploads\/2026\/04\/15-septembre-Une.png",1080,1350,false],"2048x2048":["https:\/\/mob-media.info\/wp-content\/uploads\/2026\/04\/15-septembre-Une.png",1080,1350,false],"inspiro-featured-image":["https:\/\/mob-media.info\/wp-content\/uploads\/2026\/04\/15-septembre-Une.png",1080,1350,false],"inspiro-loop":["https:\/\/mob-media.info\/wp-content\/uploads\/2026\/04\/15-septembre-Une-950x320.png",950,320,true],"inspiro-loop@2x":["https:\/\/mob-media.info\/wp-content\/uploads\/2026\/04\/15-septembre-Une-1080x640.png",1080,640,true],"portfolio_item-thumbnail":["https:\/\/mob-media.info\/wp-content\/uploads\/2026\/04\/15-septembre-Une-600x400.png",600,400,true],"portfolio_item-thumbnail@2x":["https:\/\/mob-media.info\/wp-content\/uploads\/2026\/04\/15-septembre-Une-1080x800.png",1080,800,true],"portfolio_item-masonry":["https:\/\/mob-media.info\/wp-content\/uploads\/2026\/04\/15-septembre-Une-600x750.png",600,750,true],"portfolio_item-masonry@2x":["https:\/\/mob-media.info\/wp-content\/uploads\/2026\/04\/15-septembre-Une.png",1080,1350,false],"portfolio_item-thumbnail_cinema":["https:\/\/mob-media.info\/wp-content\/uploads\/2026\/04\/15-septembre-Une-800x335.png",800,335,true],"portfolio_item-thumbnail_portrait":["https:\/\/mob-media.info\/wp-content\/uploads\/2026\/04\/15-septembre-Une-600x900.png",600,900,true],"portfolio_item-thumbnail_portrait@2x":["https:\/\/mob-media.info\/wp-content\/uploads\/2026\/04\/15-septembre-Une.png",1080,1350,false],"portfolio_item-thumbnail_square":["https:\/\/mob-media.info\/wp-content\/uploads\/2026\/04\/15-septembre-Une-800x800.png",800,800,true]},"_links":{"self":[{"href":"https:\/\/mob-media.info\/index.php\/wp-json\/wp\/v2\/posts\/2879","targetHints":{"allow":["GET"]}}],"collection":[{"href":"https:\/\/mob-media.info\/index.php\/wp-json\/wp\/v2\/posts"}],"about":[{"href":"https:\/\/mob-media.info\/index.php\/wp-json\/wp\/v2\/types\/post"}],"author":[{"embeddable":true,"href":"https:\/\/mob-media.info\/index.php\/wp-json\/wp\/v2\/users\/1"}],"replies":[{"embeddable":true,"href":"https:\/\/mob-media.info\/index.php\/wp-json\/wp\/v2\/comments?post=2879"}],"version-history":[{"count":3,"href":"https:\/\/mob-media.info\/index.php\/wp-json\/wp\/v2\/posts\/2879\/revisions"}],"predecessor-version":[{"id":2890,"href":"https:\/\/mob-media.info\/index.php\/wp-json\/wp\/v2\/posts\/2879\/revisions\/2890"}],"wp:featuredmedia":[{"embeddable":true,"href":"https:\/\/mob-media.info\/index.php\/wp-json\/wp\/v2\/media\/2880"}],"wp:attachment":[{"href":"https:\/\/mob-media.info\/index.php\/wp-json\/wp\/v2\/media?parent=2879"}],"wp:term":[{"taxonomy":"category","embeddable":true,"href":"https:\/\/mob-media.info\/index.php\/wp-json\/wp\/v2\/categories?post=2879"},{"taxonomy":"post_tag","embeddable":true,"href":"https:\/\/mob-media.info\/index.php\/wp-json\/wp\/v2\/tags?post=2879"}],"curies":[{"name":"wp","href":"https:\/\/api.w.org\/{rel}","templated":true}]}}