{"id":2891,"date":"2025-09-03T08:58:00","date_gmt":"2025-09-03T06:58:00","guid":{"rendered":"https:\/\/mob-media.info\/?p=2891"},"modified":"2026-04-28T11:13:01","modified_gmt":"2026-04-28T09:13:01","slug":"10-septembre-municipales-rentree-scolaire","status":"publish","type":"post","link":"https:\/\/mob-media.info\/index.php\/2025\/09\/03\/10-septembre-municipales-rentree-scolaire\/","title":{"rendered":"10 septembre, Municipales, rentr\u00e9e scol\u00e8re"},"content":{"rendered":"\n<h2 class=\"wp-block-heading has-white-color has-text-color has-background has-link-color wp-elements-8a705be5582338eaf0c3e5f2f14c228c\" style=\"background-color:#ec6500\">10 septembre, Municipales, rentr\u00e9e scol\u00e8re &#8211; 03\/09\/25<\/h2>\n\n\n\n<p><strong>On a un peu disparu depuis quelques temps, mais pour de bonnes raisons ! L\u2019accompagnement avec\u00a0<a href=\"https:\/\/www.medianes.org\/\" target=\"_blank\" rel=\"noreferrer noopener\">M\u00e9dianes,<\/a>\u00a0la coupure estivale et l\u2019envie de \u00ab\u00a0faire mieux\u201d sont pass\u00e9es par l\u00e0. Et, du coup, on veut remettre les choses \u00e0 plat. Cette Newsletter, on la veut plus riche et fr\u00e9quente, un rendez-vous hebdomadaire avec des actus d\u00e9mocratiques et des sujets phares de notre m\u00e9dia.<\/strong><\/p>\n\n\n\n<p>Un moyen de vous retrouver plus souvent mais aussi de rendre le contenu plus digeste. Une vraie revue de presse qui incluera nos contenus quoi. On esp\u00e8re que \u00e7a vous parle,&nbsp;<a target=\"_blank\" href=\"https:\/\/mob-media.us21.list-manage.com\/subscribe?u=8a80eecf9dcb7e85d7c18aa10&amp;id=a2edb6c814\" rel=\"noreferrer noopener\"><strong>n\u2019h\u00e9sitez pas \u00e0 inscrire<\/strong><\/a>&nbsp;vos enfants ou parents, coll\u00e8gues ou meilleures amies, plus on est de fous plus on rit !<\/p>\n\n\n\n<figure class=\"wp-block-image aligncenter size-large is-resized\"><img fetchpriority=\"high\" decoding=\"async\" width=\"819\" height=\"1024\" src=\"https:\/\/mob-media.info\/wp-content\/uploads\/2026\/04\/3-septembre-Une-819x1024.png\" alt=\"\" class=\"wp-image-2892\" style=\"aspect-ratio:0.7999976537938154;width:378px;height:auto\" srcset=\"https:\/\/mob-media.info\/wp-content\/uploads\/2026\/04\/3-septembre-Une-819x1024.png 819w, https:\/\/mob-media.info\/wp-content\/uploads\/2026\/04\/3-septembre-Une-240x300.png 240w, https:\/\/mob-media.info\/wp-content\/uploads\/2026\/04\/3-septembre-Une.png 1080w\" sizes=\"(max-width: 819px) 100vw, 819px\" \/><\/figure>\n\n\n\n<p><strong>Bayrou va-t-on le 8 septembre ?<\/strong><\/p>\n\n\n\n<p>Difficile de passer \u00e0 c\u00f4t\u00e9 de l\u2019annonce du Premier ministre le plus impopulaire du Macronisme ! Face \u00e0 la d\u00e9fiance g\u00e9n\u00e9rale et aux appels \u00e9pars mais grandissants \u00e0 bloquer le pays le 10 Septembre (une vid\u00e9o sort bient\u00f4t sur MOB sur cette mobilisation citoyenne), Bayrou tente un coup. Un vote de confiance qui va mal finir, entre remaniement et dissolution programm\u00e9e.&nbsp;<\/p>\n\n\n\n<figure class=\"wp-block-image size-large is-resized\"><img decoding=\"async\" width=\"1024\" height=\"640\" src=\"https:\/\/mob-media.info\/wp-content\/uploads\/2026\/04\/3-septembre-1-1024x640.png\" alt=\"\" class=\"wp-image-2894\" style=\"aspect-ratio:1.5999953075876308;width:510px;height:auto\" srcset=\"https:\/\/mob-media.info\/wp-content\/uploads\/2026\/04\/3-septembre-1-1024x640.png 1024w, https:\/\/mob-media.info\/wp-content\/uploads\/2026\/04\/3-septembre-1-300x188.png 300w, https:\/\/mob-media.info\/wp-content\/uploads\/2026\/04\/3-septembre-1-2000x1250.png 2000w\" sizes=\"(max-width: 1024px) 100vw, 1024px\" \/><\/figure>\n\n\n\n<p><strong>Go go gadgeto Municipales !<\/strong><\/p>\n\n\n\n<p>Les dates sont fix\u00e9es pour ces \u00e9lections locales majeures. Un rendez-vous important mais boud\u00e9 par une grande partie des fran\u00e7ais en 2020. C\u2019est pourtant le premier contrepoids aux politiques nationales, l\u2019occasion de retrouver du pouvoir d\u2019agir \u201cpar le bas\u201d. Pas d\u2019inspecteurs mais de nouveaux \u201cgadgets\u201d (<em>vous avez la ref j\u2019esp\u00e8re ?<\/em>) pour les \u00e9lections Municipales de 2026. Quelques nouvelles r\u00e8gles pour ce moment \u00e9lectoral.<\/p>\n\n\n\n<figure class=\"wp-block-image size-large is-resized\"><img decoding=\"async\" width=\"1024\" height=\"640\" src=\"https:\/\/mob-media.info\/wp-content\/uploads\/2026\/04\/3-septembre-2-1024x640.png\" alt=\"\" class=\"wp-image-2895\" style=\"aspect-ratio:1.5999953075876308;width:530px;height:auto\" srcset=\"https:\/\/mob-media.info\/wp-content\/uploads\/2026\/04\/3-septembre-2-1024x640.png 1024w, https:\/\/mob-media.info\/wp-content\/uploads\/2026\/04\/3-septembre-2-300x188.png 300w, https:\/\/mob-media.info\/wp-content\/uploads\/2026\/04\/3-septembre-2-2000x1250.png 2000w\" sizes=\"(max-width: 1024px) 100vw, 1024px\" \/><\/figure>\n\n\n\n<p><strong>C\u2019est la rentr\u00e9e scolaire, on joue collectif ?<\/strong><\/p>\n\n\n\n<p>Qui dit rentr\u00e9e dit programme scolaire et, l\u00e0 aussi, on a le droit \u00e0 quelques mises \u00e0 jour : l\u2019IA s\u2019invite en classe, le Pass Culture tient le coup et l\u2019\u00e9ducation affective, qui d\u00e9plaisait tant aux conservateurs\/droites dures, sera bien enseign\u00e9e. Si les profs arrivent \u00e0 caser \u00e7a dans leurs programmes\u2026 ! De timides renforcements de l&rsquo;\u00e9ducation civique, morale et m\u00e9diatique, pourtant essentiels \u00e0 la formation de \u201cnouveaux citoyens\u201d outill\u00e9s !<\/p>\n\n\n\n<figure class=\"wp-block-image size-large is-resized\"><img loading=\"lazy\" decoding=\"async\" width=\"1024\" height=\"640\" src=\"https:\/\/mob-media.info\/wp-content\/uploads\/2026\/04\/3-septembre-3-1024x640.png\" alt=\"\" class=\"wp-image-2896\" style=\"aspect-ratio:1.6000146487951366;width:527px;height:auto\" srcset=\"https:\/\/mob-media.info\/wp-content\/uploads\/2026\/04\/3-septembre-3-1024x640.png 1024w, https:\/\/mob-media.info\/wp-content\/uploads\/2026\/04\/3-septembre-3-300x188.png 300w, https:\/\/mob-media.info\/wp-content\/uploads\/2026\/04\/3-septembre-3-2000x1250.png 2000w\" sizes=\"(max-width: 1024px) 100vw, 1024px\" \/><\/figure>\n\n\n\n<h2 class=\"wp-block-heading has-white-color has-text-color has-background has-link-color wp-elements-ec8f0551fde95937685e5d6095f806dd\" style=\"background-color:#ec6500\">Du c\u00f4t\u00e9 de chez MOB<\/h2>\n\n\n\n<p>On se l\u2019ai jou\u00e9 tr\u00e8s connect\u00e9 pour notre reprise des tournages ! Elliot s\u2019est amus\u00e9 avec une\u00a0<a href=\"https:\/\/www.youtube.com\/watch?v=gK2RY_-6-S8\" target=\"_blank\" rel=\"noreferrer noopener\"><strong>\u201ccommunaut\u00e9 pixellis\u00e9e\u201d sur Wplace<\/strong><\/a>. L\u2019occasion de parler de d\u00e9mocratie autrement. Et pour \u00e9viter la fatigue de l\u2019info, Perrine vous parle\u00a0<a href=\"https:\/\/www.youtube.com\/watch?v=IGHq9jKlSrQ&amp;t=26s\" target=\"_blank\" rel=\"noreferrer noopener\"><strong>\u00e9conomie de l\u2019attention, algorithmes et temps de cerveau<\/strong><\/a>. L\u2019histoire de vous pr\u00e9parer \u00e0 g\u00e9rer l\u2019actualit\u00e9 bouillonnante de septembre.<\/p>\n\n\n\n<div class=\"wp-block-columns is-layout-flex wp-container-core-columns-is-layout-28f84493 wp-block-columns-is-layout-flex\">\n<div class=\"wp-block-column is-layout-flow wp-block-column-is-layout-flow\">\n<figure class=\"wp-block-embed is-type-video is-provider-youtube wp-block-embed-youtube wp-embed-aspect-16-9 wp-has-aspect-ratio\"><div class=\"wp-block-embed__wrapper\">\n<iframe title=\"Wplace, communaut\u00e9s pixellis\u00e9es\" width=\"950\" height=\"534\" src=\"https:\/\/www.youtube.com\/embed\/gK2RY_-6-S8?feature=oembed\" frameborder=\"0\" allow=\"accelerometer; autoplay; clipboard-write; encrypted-media; gyroscope; picture-in-picture; web-share\" referrerpolicy=\"strict-origin-when-cross-origin\" allowfullscreen><\/iframe>\n<\/div><\/figure>\n<\/div>\n\n\n\n<div class=\"wp-block-column is-layout-flow wp-block-column-is-layout-flow\">\n<figure class=\"wp-block-embed is-type-video is-provider-youtube wp-block-embed-youtube wp-embed-aspect-16-9 wp-has-aspect-ratio\"><div class=\"wp-block-embed__wrapper\">\n<iframe title=\"Algorithmes, r\u00e9seaux, infos, temps de cerveau\" width=\"950\" height=\"534\" src=\"https:\/\/www.youtube.com\/embed\/IGHq9jKlSrQ?start=15&#038;feature=oembed\" frameborder=\"0\" allow=\"accelerometer; autoplay; clipboard-write; encrypted-media; gyroscope; picture-in-picture; web-share\" referrerpolicy=\"strict-origin-when-cross-origin\" allowfullscreen><\/iframe>\n<\/div><\/figure>\n<\/div>\n<\/div>\n\n\n\n<p><strong>Et si vous l\u2019aviez manqu\u00e9e : on a enfin fini\u00a0<\/strong><a href=\"https:\/\/mob-media.info\/index.php\/2025\/08\/21\/assemblee-citoyenne-4-4-clap-de-faim\/\" target=\"_blank\" rel=\"noreferrer noopener\"><strong>notre s\u00e9rie<\/strong><\/a><strong>\u00a0sur l\u2019Assembl\u00e9e citoyenne et populaire de Poitiers.<\/strong><\/p>\n\n\n\n<p>Clap de faim (<em>oui oui les jeux de mots sont de retour<\/em>) pour cette exp\u00e9rience de d\u00e9mocratie participative.&nbsp;Lors de&nbsp;<a target=\"_blank\" href=\"https:\/\/www.youtube.com\/watch?v=8SUmFb2uA_c\" rel=\"noreferrer noopener\"><strong>ce 4\u00e8me week-end de travail<\/strong><\/a>, en mars dernier, cette petite centaine de Poitevins ont \u00e9labor\u00e9 et vot\u00e9 un projet de cuisine participative et solidaire \u00e0 mettre en place d&rsquo;ici 2026.Le moment pour nous aussi de dresser le bilan de cette exp\u00e9rience de d\u00e9mocratie participative ! On attend bien s\u00fbr de voir ce qui en sera fait par la mairie, d\u2019ici la fin du mandat\u2026<\/p>\n\n\n\n<figure class=\"wp-block-image aligncenter size-large is-resized\"><a href=\"https:\/\/mob-media.info\/index.php\/2025\/08\/21\/assemblee-citoyenne-4-4-clap-de-faim\/\" target=\"_blank\" rel=\" noreferrer noopener\"><img loading=\"lazy\" decoding=\"async\" width=\"1024\" height=\"576\" src=\"https:\/\/mob-media.info\/wp-content\/uploads\/2026\/04\/assemblee-poitiers-1024x576.jpg\" alt=\"\" class=\"wp-image-2897\" style=\"aspect-ratio:1.7777988769226596;width:499px;height:auto\" srcset=\"https:\/\/mob-media.info\/wp-content\/uploads\/2026\/04\/assemblee-poitiers-1024x576.jpg 1024w, https:\/\/mob-media.info\/wp-content\/uploads\/2026\/04\/assemblee-poitiers-300x169.jpg 300w, https:\/\/mob-media.info\/wp-content\/uploads\/2026\/04\/assemblee-poitiers.jpg 1280w\" sizes=\"(max-width: 1024px) 100vw, 1024px\" \/><\/a><\/figure>\n\n\n\n<h2 class=\"wp-block-heading has-white-color has-text-color has-background has-link-color wp-elements-21eb86b8187b97f633cb20dd987c0a16\" style=\"background-color:#ec6500\">Les recommandations de la r\u00e9dac<\/h2>\n\n\n\n<div class=\"wp-block-columns is-layout-flex wp-container-core-columns-is-layout-28f84493 wp-block-columns-is-layout-flex\">\n<div class=\"wp-block-column is-layout-flow wp-block-column-is-layout-flow\">\n<p><strong>Pour finir, les recommandations de la r\u00e9dac !<\/strong><\/p>\n\n\n\n<p>Autre \u00e9v\u00e9nement tr\u00e8s chouette avec le m\u00eame \u00e9cosyst\u00e8me (<a target=\"_blank\" href=\"https:\/\/www.democratieouverte.org\/\" rel=\"noreferrer noopener\"><em>D\u00e9mocratie ouverte<\/em><\/a>&nbsp;oblige), le&nbsp;<strong>D\u00e9mocratalk #2<\/strong>&nbsp;revient au Point Eph\u00e9m\u00e8re. Sujet parfait pour la rentr\u00e9e :&nbsp;<a target=\"_blank\" href=\"https:\/\/www.helloasso.com\/associations\/democratie-ouverte\/evenements\/democratalks-2-enfance-et-democratie\" rel=\"noreferrer noopener\"><strong>enfance et d\u00e9mocratie !<\/strong><\/a><\/p>\n\n\n\n<p>Vous y retrouverez entre autres No\u00e9mie Herv\u00e9 qu&rsquo;on avait interview\u00e9 sur <a href=\"https:\/\/mob-media.info\/index.php\/2023\/12\/18\/unicef-moins-de-18-ans-citoyens-pour-autant-18-12-23\/\" target=\"_blank\" rel=\"noreferrer noopener\">le plaidoyer de l&rsquo;UNICEF pour la participation (politique) des enfants<\/a>.<\/p>\n<\/div>\n\n\n\n<div class=\"wp-block-column is-layout-flow wp-block-column-is-layout-flow\">\n<figure class=\"wp-block-image aligncenter size-large is-resized\"><img loading=\"lazy\" decoding=\"async\" width=\"1024\" height=\"1021\" src=\"https:\/\/mob-media.info\/wp-content\/uploads\/2026\/04\/Actu-1-1024x1021.png\" alt=\"\" class=\"wp-image-2898\" style=\"aspect-ratio:1.0029377379417848;width:343px;height:auto\" srcset=\"https:\/\/mob-media.info\/wp-content\/uploads\/2026\/04\/Actu-1-1024x1021.png 1024w, https:\/\/mob-media.info\/wp-content\/uploads\/2026\/04\/Actu-1-300x300.png 300w, https:\/\/mob-media.info\/wp-content\/uploads\/2026\/04\/Actu-1-150x150.png 150w, https:\/\/mob-media.info\/wp-content\/uploads\/2026\/04\/Actu-1.png 1178w\" sizes=\"(max-width: 1024px) 100vw, 1024px\" \/><\/figure>\n<\/div>\n<\/div>\n\n\n\n<div class=\"wp-block-columns is-layout-flex wp-container-core-columns-is-layout-28f84493 wp-block-columns-is-layout-flex\">\n<div class=\"wp-block-column is-layout-flow wp-block-column-is-layout-flow\">\n<figure class=\"wp-block-image aligncenter size-full is-resized\"><a href=\"https:\/\/www.socialter.fr\/\" target=\"_blank\" rel=\" noreferrer noopener\"><img loading=\"lazy\" decoding=\"async\" width=\"584\" height=\"780\" src=\"https:\/\/mob-media.info\/wp-content\/uploads\/2026\/04\/3-septembre-reco-2.png\" alt=\"\" class=\"wp-image-2899\" style=\"aspect-ratio:0.7487132435214608;width:281px;height:auto\" srcset=\"https:\/\/mob-media.info\/wp-content\/uploads\/2026\/04\/3-septembre-reco-2.png 584w, https:\/\/mob-media.info\/wp-content\/uploads\/2026\/04\/3-septembre-reco-2-225x300.png 225w\" sizes=\"(max-width: 584px) 100vw, 584px\" \/><\/a><\/figure>\n<\/div>\n\n\n\n<div class=\"wp-block-column is-layout-flow wp-block-column-is-layout-flow\">\n<p><strong>Barricade 2049 !<\/strong><\/p>\n\n\n\n<p>On a eu un vrai coup de c\u0153ur pour&nbsp;<a target=\"_blank\" href=\"https:\/\/www.socialter.fr\/\" rel=\"noreferrer noopener\"><strong>ce num\u00e9ro de Socialter<\/strong><\/a>. Deux sujets qu\u2019on a aux tripes \u00e0 la r\u00e9dac\u2019 : la science-fiction et l\u2019\u00e9cologie !<\/p>\n\n\n\n<p>Le tout dans une logique r\u00e9volutionnaire qui file, sur plein de th\u00e9matiques, les derniers num\u00e9ros du magazine.<\/p>\n\n\n\n<p>C\u2019est valid\u00e9 ! Et en kiosque (<em>pas dans les Relay de Bollor\u00e9 SVP !<\/em>)<\/p>\n<\/div>\n<\/div>\n\n\n\n<p>On esp\u00e8re que cette nouvelle formule hebdo vous a plu. On perfectionne \u00e7a dans les semaines \u00e0 venir, et promis on all\u00e8ge un peu apr\u00e8s la rentr\u00e9e. Et&nbsp;<em>on est l\u00e0, on est l\u00e0, m\u00eame si Macr<\/em>\u2026. bonne journ\u00e9e !<\/p>\n\n\n\n<p><strong>L\u2019\u00e9quipe MOB<\/strong><\/p>\n\n\n\n<h3 class=\"wp-block-heading has-text-align-center has-white-color has-text-color has-background has-link-color wp-elements-a7ca048e1c85cc4f1f409306625e368d\" style=\"background-color:#ec6500\">Et pour ne rien rater de nos contenus, on vous propose une newsletter toutes les semaines, pour s&rsquo;abonner :<\/h3>\n\n\n\n<div class=\"wp-block-columns has-background is-layout-flex wp-container-core-columns-is-layout-28f84493 wp-block-columns-is-layout-flex\" style=\"background-color:#ec6500\">\n<div class=\"wp-block-column is-layout-flow wp-block-column-is-layout-flow\">\n<figure class=\"wp-block-image size-large is-resized is-style-default\"><a href=\"https:\/\/mob-media.us21.list-manage.com\/subscribe?u=8a80eecf9dcb7e85d7c18aa10&amp;id=a2edb6c814\" target=\"_blank\" rel=\" noreferrer noopener\"><img loading=\"lazy\" decoding=\"async\" width=\"840\" height=\"1024\" src=\"https:\/\/mob-media.info\/wp-content\/uploads\/2026\/03\/Newsletter-modele-e1775037288407-840x1024.png\" alt=\"\" class=\"wp-image-2564\" style=\"aspect-ratio:0.8203059873486;width:334px;height:auto\" srcset=\"https:\/\/mob-media.info\/wp-content\/uploads\/2026\/03\/Newsletter-modele-e1775037288407-840x1024.png 840w, https:\/\/mob-media.info\/wp-content\/uploads\/2026\/03\/Newsletter-modele-e1775037288407-246x300.png 246w, https:\/\/mob-media.info\/wp-content\/uploads\/2026\/03\/Newsletter-modele-e1775037288407-768x936.png 768w, https:\/\/mob-media.info\/wp-content\/uploads\/2026\/03\/Newsletter-modele-e1775037288407-600x731.png 600w, https:\/\/mob-media.info\/wp-content\/uploads\/2026\/03\/Newsletter-modele-e1775037288407.png 1075w\" sizes=\"(max-width: 840px) 100vw, 840px\" \/><\/a><\/figure>\n<\/div>\n\n\n\n<div class=\"wp-block-column is-layout-flow wp-block-column-is-layout-flow\"><script>(function() {\n\twindow.mc4wp = window.mc4wp || {\n\t\tlisteners: [],\n\t\tforms: {\n\t\t\ton: function(evt, cb) {\n\t\t\t\twindow.mc4wp.listeners.push(\n\t\t\t\t\t{\n\t\t\t\t\t\tevent   : evt,\n\t\t\t\t\t\tcallback: cb\n\t\t\t\t\t}\n\t\t\t\t);\n\t\t\t}\n\t\t}\n\t}\n})();\n<\/script><!-- Mailchimp for WordPress v4.12.1 - https:\/\/wordpress.org\/plugins\/mailchimp-for-wp\/ --><form id=\"mc4wp-form-1\" class=\"mc4wp-form mc4wp-form-2563\" method=\"post\" data-id=\"2563\" data-name=\"Je m&#039;abonne \u00e0 la newsletter !\" data-typo-check=\"1\" ><div class=\"mc4wp-form-fields\"><\/p>\r\n<p>\r\n    <label>Pr\u00e9nom<\/label>\r\n    <input type=\"text\" name=\"FNAME\" autocomplete=\"given-name\">\r\n<\/p>\r\n<p>\r\n    <label>Nom de famille<\/label>\r\n    <input type=\"text\" name=\"LNAME\" autocomplete=\"family-name\">\r\n<\/p>\r\n<p>\r\n\t<label for=\"email\">Adresse e-mail: \r\n\t\t<input type=\"email\" id=\"email\" name=\"EMAIL\" placeholder=\"Votre adresse e-mail\" autocomplete=\"email\" required>\r\n\t<\/label>\r\n<\/p>\r\n\r\n<input type=\"hidden\" name=\"procaptcha\">\r\n\r\n\r\n<p>\r\n\t<input type=\"submit\" value=\"Je m'abonne\">\r\n<\/p><\/div><label style=\"display: none !important;\">Laissez ce champ vide si vous \u00eates humain\u00a0: <input type=\"text\" name=\"_mc4wp_honeypot\" value=\"\" tabindex=\"-1\" autocomplete=\"off\" \/><\/label><input type=\"hidden\" name=\"_mc4wp_timestamp\" value=\"1777528926\" \/><input type=\"hidden\" name=\"_mc4wp_form_id\" value=\"2563\" \/><input type=\"hidden\" name=\"_mc4wp_form_element_id\" value=\"mc4wp-form-1\" \/><div class=\"mc4wp-response\"><\/div><\/form><!-- \/ Mailchimp for WordPress Plugin --><\/div>\n<\/div>\n\n\n\n<p><\/p>\n","protected":false},"excerpt":{"rendered":"<p>10 septembre, Municipales, rentr\u00e9e scol\u00e8re &#8211; 03\/09\/25 On a un peu disparu depuis quelques temps, mais pour de bonnes raisons ! L\u2019accompagnement avec\u00a0M\u00e9dianes,\u00a0la coupure estivale et l\u2019envie de \u00ab\u00a0faire mieux\u201d sont pass\u00e9es par l\u00e0. Et, du coup, on veut remettre les choses \u00e0 plat. Cette Newsletter, on la veut plus riche et fr\u00e9quente, un rendez-vous &hellip; <\/p>\n<p class=\"link-more\"><a href=\"https:\/\/mob-media.info\/index.php\/2025\/09\/03\/10-septembre-municipales-rentree-scolaire\/\" class=\"more-link\">Lire la suite de<span class=\"screen-reader-text\">\u00ab\u00a010 septembre, Municipales, rentr\u00e9e scol\u00e8re\u00a0\u00bb<\/span><\/a><\/p>\n","protected":false},"author":1,"featured_media":2893,"comment_status":"closed","ping_status":"open","sticky":false,"template":"","format":"standard","meta":{"footnotes":""},"categories":[9,68,5,12],"tags":[147,142,146,27,145],"class_list":["post-2891","post","type-post","status-publish","format-standard","has-post-thumbnail","hentry","category-ecole","category-infolettre","category-institutions","category-lutte-sociale","tag-bayrou","tag-bloquonstout","tag-ecole","tag-municipales","tag-rentree"],"featured_media_urls":{"thumbnail":["https:\/\/mob-media.info\/wp-content\/uploads\/2026\/04\/3-septembre-Une-1-150x150.png",150,150,true],"medium":["https:\/\/mob-media.info\/wp-content\/uploads\/2026\/04\/3-septembre-Une-1-240x300.png",240,300,true],"medium_large":["https:\/\/mob-media.info\/wp-content\/uploads\/2026\/04\/3-septembre-Une-1.png",768,960,false],"large":["https:\/\/mob-media.info\/wp-content\/uploads\/2026\/04\/3-septembre-Une-1-819x1024.png",819,1024,true],"1536x1536":["https:\/\/mob-media.info\/wp-content\/uploads\/2026\/04\/3-septembre-Une-1.png",1080,1350,false],"2048x2048":["https:\/\/mob-media.info\/wp-content\/uploads\/2026\/04\/3-septembre-Une-1.png",1080,1350,false],"inspiro-featured-image":["https:\/\/mob-media.info\/wp-content\/uploads\/2026\/04\/3-septembre-Une-1.png",1080,1350,false],"inspiro-loop":["https:\/\/mob-media.info\/wp-content\/uploads\/2026\/04\/3-septembre-Une-1-950x320.png",950,320,true],"inspiro-loop@2x":["https:\/\/mob-media.info\/wp-content\/uploads\/2026\/04\/3-septembre-Une-1-1080x640.png",1080,640,true],"portfolio_item-thumbnail":["https:\/\/mob-media.info\/wp-content\/uploads\/2026\/04\/3-septembre-Une-1-600x400.png",600,400,true],"portfolio_item-thumbnail@2x":["https:\/\/mob-media.info\/wp-content\/uploads\/2026\/04\/3-septembre-Une-1-1080x800.png",1080,800,true],"portfolio_item-masonry":["https:\/\/mob-media.info\/wp-content\/uploads\/2026\/04\/3-septembre-Une-1-600x750.png",600,750,true],"portfolio_item-masonry@2x":["https:\/\/mob-media.info\/wp-content\/uploads\/2026\/04\/3-septembre-Une-1.png",1080,1350,false],"portfolio_item-thumbnail_cinema":["https:\/\/mob-media.info\/wp-content\/uploads\/2026\/04\/3-septembre-Une-1-800x335.png",800,335,true],"portfolio_item-thumbnail_portrait":["https:\/\/mob-media.info\/wp-content\/uploads\/2026\/04\/3-septembre-Une-1-600x900.png",600,900,true],"portfolio_item-thumbnail_portrait@2x":["https:\/\/mob-media.info\/wp-content\/uploads\/2026\/04\/3-septembre-Une-1.png",1080,1350,false],"portfolio_item-thumbnail_square":["https:\/\/mob-media.info\/wp-content\/uploads\/2026\/04\/3-septembre-Une-1-800x800.png",800,800,true]},"_links":{"self":[{"href":"https:\/\/mob-media.info\/index.php\/wp-json\/wp\/v2\/posts\/2891","targetHints":{"allow":["GET"]}}],"collection":[{"href":"https:\/\/mob-media.info\/index.php\/wp-json\/wp\/v2\/posts"}],"about":[{"href":"https:\/\/mob-media.info\/index.php\/wp-json\/wp\/v2\/types\/post"}],"author":[{"embeddable":true,"href":"https:\/\/mob-media.info\/index.php\/wp-json\/wp\/v2\/users\/1"}],"replies":[{"embeddable":true,"href":"https:\/\/mob-media.info\/index.php\/wp-json\/wp\/v2\/comments?post=2891"}],"version-history":[{"count":4,"href":"https:\/\/mob-media.info\/index.php\/wp-json\/wp\/v2\/posts\/2891\/revisions"}],"predecessor-version":[{"id":2903,"href":"https:\/\/mob-media.info\/index.php\/wp-json\/wp\/v2\/posts\/2891\/revisions\/2903"}],"wp:featuredmedia":[{"embeddable":true,"href":"https:\/\/mob-media.info\/index.php\/wp-json\/wp\/v2\/media\/2893"}],"wp:attachment":[{"href":"https:\/\/mob-media.info\/index.php\/wp-json\/wp\/v2\/media?parent=2891"}],"wp:term":[{"taxonomy":"category","embeddable":true,"href":"https:\/\/mob-media.info\/index.php\/wp-json\/wp\/v2\/categories?post=2891"},{"taxonomy":"post_tag","embeddable":true,"href":"https:\/\/mob-media.info\/index.php\/wp-json\/wp\/v2\/tags?post=2891"}],"curies":[{"name":"wp","href":"https:\/\/api.w.org\/{rel}","templated":true}]}}