{"id":2934,"date":"2026-04-16T11:56:00","date_gmt":"2026-04-16T09:56:00","guid":{"rendered":"https:\/\/mob-media.info\/?p=2934"},"modified":"2026-04-28T14:37:29","modified_gmt":"2026-04-28T12:37:29","slug":"revoltes-revolution-francaise-equation-parfaite","status":"publish","type":"post","link":"https:\/\/mob-media.info\/index.php\/2026\/04\/16\/revoltes-revolution-francaise-equation-parfaite\/","title":{"rendered":"R\u00e9voltes #1 : r\u00e9volution fran\u00e7aise, l&rsquo;\u00e9quation parfaite ?"},"content":{"rendered":"\n<h2 class=\"wp-block-heading has-white-color has-text-color has-background has-link-color wp-elements-ed9bdec9eb632edd9089374cc20bbc46\" style=\"background-color:#ec6500\">R\u00e9voltes #1 : r\u00e9volution fran\u00e7aise, l&rsquo;\u00e9quation parfaite ? &#8211; 16\/04\/26<\/h2>\n\n\n\n<p><strong>Gilets jaunes, Retraites, Climat, violences polici\u00e8res, de nombreuses mobilisations citoyennes ont marqu\u00e9 ces derni\u00e8res ann\u00e9es. Urbains, ruraux, minoris\u00e9s, jeunes, syndiqu\u00e9s sont descendus dans les rues pour se faire entendre par la classe politique. M\u00eame si nos dirigeants sont souvent rest\u00e9s insensibles \u00e0 leurs revendications.<\/strong> <strong>Dans cette s\u00e9rie th\u00e9matique, on analyse les moteurs et freins \u00e0 la r\u00e9volte populaire. Psychologiques, sociologiques, m\u00e9diatiques ou culturels, les obstacles sont nombreux. Des m\u00e9canismes qui peuvent nous animer comme nous paralyser, individuellement mais aussi collectivement. Bienvenue dans \u00ab\u00a0R\u00e9voltes\u00a0\u00bb.<\/strong><\/p>\n\n\n\n<figure class=\"wp-block-image aligncenter size-large is-resized\"><img fetchpriority=\"high\" decoding=\"async\" width=\"1024\" height=\"576\" src=\"https:\/\/mob-media.info\/wp-content\/uploads\/2026\/04\/Miniature-YT-Revol-fr-1024x576.png\" alt=\"\" class=\"wp-image-2935\" style=\"aspect-ratio:1.7777632950990616;width:588px;height:auto\" srcset=\"https:\/\/mob-media.info\/wp-content\/uploads\/2026\/04\/Miniature-YT-Revol-fr-1024x576.png 1024w, https:\/\/mob-media.info\/wp-content\/uploads\/2026\/04\/Miniature-YT-Revol-fr-300x169.png 300w, https:\/\/mob-media.info\/wp-content\/uploads\/2026\/04\/Miniature-YT-Revol-fr.png 1280w\" sizes=\"(max-width: 1024px) 100vw, 1024px\" \/><\/figure>\n\n\n\n<p>C\u2019est dans l\u2019Histoire qu\u2019on commencera notre s\u00e9rie d\u2019entretiens. Plus pr\u00e9cis\u00e9ment en 1789. La R\u00e9volution fran\u00e7aise, est, de par le monde, LE moment r\u00e9volutionnaire de r\u00e9f\u00e9rence. Une p\u00e9riode peu connue malgr\u00e9 son importance et souvent r\u00e9sum\u00e9e \u00e0 une prise arm\u00e9e du pouvoir par le peuple, le Tiers-Etat.<\/p>\n\n\n\n<p>Le moment est beaucoup plus complexe et politique\u00a0: des bourgeois en qu\u00eate de pouvoir, des grands propri\u00e9taires ruraux tr\u00e8s \u00e9duqu\u00e9s, un clerg\u00e9 puissant mais partag\u00e9 entre son r\u00f4le d\u2019\u00e9ducateur du peuple et son attachement religieux \u00e0 la Noblesse au pouvoir. Et surtout au roi, monarque absolu, qui perdra la t\u00eate seulement en 1793 apr\u00e8s de longues ann\u00e9es de r\u00e9volution institutionnelle \u00e0 tous les \u00e9chelons du pays. Le point de bascule nous int\u00e9resse particuli\u00e8rement, entre mai et juillet 1789. Qu\u2019est-ce qui a mis le feu aux poudres\u00a0? Derri\u00e8re la lutte arm\u00e9e, quels ressorts et m\u00e9caniques ont permis de renverser la noblesse et le Roi\u00a0? Et comment le peuple en a eu l\u2019envie et la capacit\u00e9\u00a0?<\/p>\n\n\n\n<h3 class=\"wp-block-heading\">La R\u00e9volution am\u00e8ne le capitalisme<\/h3>\n\n\n\n<p>Un grand soul\u00e8vement soci\u00e9tal dont Sophie Wahnich, historienne de la R\u00e9volution fran\u00e7aise, est sp\u00e9cialiste et dont elle pense que nous devrions tirer des enseignements, \u00e0 notre \u00e9poque. \u00ab\u00a0<em>On a le sentiment d&rsquo;\u00eatre arriv\u00e9 au bout du r\u00e9gime dit d\u00e9mocratique, articul\u00e9 \u00e0 l&rsquo;\u00e9conomie de march\u00e9 et donc au capitalisme, alors on va revisiter les d\u00e9buts de cette Histoire<\/em>.\u00a0\u00bb Avant tout, pour interroger la notion de souverainet\u00e9.<\/p>\n\n\n\n<p class=\"has-white-color has-text-color has-background has-link-color wp-elements-da856c52ebf3622e602b1d8f6928b25c\" style=\"background-color:#ec6500\">\u00ab\u00a0<em>Il n&rsquo;y avait pas de d\u00e9mocratie avant la R\u00e9volution fran\u00e7aise et il y a imm\u00e9diatement capitalisme avec la R\u00e9volution fran\u00e7aise pour comprendre et nos amis et nos ennemis, on a besoin de la R\u00e9volution fran\u00e7aise et une capacit\u00e9 aussi \u00e0 ressaisir la question d&rsquo;une souverainet\u00e9 politique \u00e0 la fois individuelle et collective.<\/em>\u00a0\u00bb <strong>Sophie Wahnich, historienne<\/strong><\/p>\n\n\n\n<p>Alors, qui gouverne en 1789 ? Jusqu\u2019\u00e0 la R\u00e9volution fran\u00e7aise, c\u2019est le Roi, et ses nobles, qui d\u00e9cident de tout, r\u00e9coltent les imp\u00f4ts, font appliquer la loi divine. Sans que le peuple ait r\u00e9ellement son mot \u00e0 dire. Et surtout sans \u00e9lection. Seul moment de d\u00e9lib\u00e9ration avec le peuple\u00a0: les \u00e9tats g\u00e9n\u00e9raux. Une sorte d\u2019Assembl\u00e9e nationale ou des repr\u00e9sentants de chaque ordre venaient livrer les dol\u00e9ances de leur circonscription nous dit Sophie Wahnich. \u00ab\u00a0<em>On est dans un mouvement d&rsquo;\u00e9laboration des districts, ces assembl\u00e9es de quartier qui se politisent. Et dans ces districts, il y a un va et vient de ceux qu&rsquo;on appelle les gardes fran\u00e7aises. Ils viennent raconter tous les jours ce qui se passe \u00e0 Versailles et \u00e0 Paris dans les districts.<\/em> <em>Il y a une attente extr\u00eamement importante \u00e0 l&rsquo;\u00e9gard des \u00e9lus aux \u00e9tats g\u00e9n\u00e9raux et que donc la s\u00e9quence entre le 5 mai et le 14 juillet, c&rsquo;est une s\u00e9quence plut\u00f4t de dialogue tr\u00e8s intense<\/em>.\u00a0\u00bb <\/p>\n\n\n\n<h3 class=\"wp-block-heading\">Etats g\u00e9n\u00e9raux : le dialogue social<\/h3>\n\n\n\n<p>Ce sont ces \u00e9tats g\u00e9n\u00e9raux, lanc\u00e9s par le Louis XVI en 1789 qui permettent la r\u00e9volte. Le peuple, partout en France, exprime sa col\u00e8re, port\u00e9e dans les assembl\u00e9es parisiennes o\u00f9 les porte-paroles cherchent des compromis mais surtout des changements dans les r\u00e8gles du jeu politique. Le passage du droit divin, incarn\u00e9 et pratiqu\u00e9 par le Roi, \u00e0 une d\u00e9claration des droits de l\u2019Homme. \u00ab\u00a0<em>Et donc, le 14 juillet, si on cherche \u00e0 avoir des armes, c&rsquo;est aussi pour prot\u00e9ger ses d\u00e9put\u00e9s &#8211; <\/em>rappelle l&rsquo;historienne<em> &#8211; On a une grande foi en l&rsquo;impossible de cette assembl\u00e9e et o\u00f9 on esp\u00e8re beaucoup d&rsquo;une transformation radicale, un changement de r\u00e8gles. Le serment du Jeu de Paume, le 20 juin 1789, est donc un moment tout aussi r\u00e9volutionnaire que le 14 juillet, parce que c&rsquo;est un changement de main en ce qui concerne la souverainet\u00e9.<\/em>\u00ab\u00a0<\/p>\n\n\n\n<div class=\"wp-block-columns has-background is-layout-flex wp-container-core-columns-is-layout-28f84493 wp-block-columns-is-layout-flex\" style=\"background-color:#ec6500\">\n<div class=\"wp-block-column is-layout-flow wp-block-column-is-layout-flow\">\n<figure class=\"wp-block-embed is-type-video is-provider-youtube wp-block-embed-youtube wp-embed-aspect-16-9 wp-has-aspect-ratio\"><div class=\"wp-block-embed__wrapper\">\n<iframe title=\"R\u00e9voltes #1 - R\u00e9volution fran\u00e7aise, l&#039;alignement des plan\u00e8tes\" width=\"950\" height=\"534\" src=\"https:\/\/www.youtube.com\/embed\/dT6FTTroQWs?feature=oembed\" frameborder=\"0\" allow=\"accelerometer; autoplay; clipboard-write; encrypted-media; gyroscope; picture-in-picture; web-share\" referrerpolicy=\"strict-origin-when-cross-origin\" allowfullscreen><\/iframe>\n<\/div><\/figure>\n<\/div>\n\n\n\n<div class=\"wp-block-column is-layout-flow wp-block-column-is-layout-flow\">\n<p class=\"has-white-color has-text-color has-link-color wp-elements-a6bcfd1536dfef778c55e15508ee1f1d\">\u00ab\u00a0<em>La R\u00e9volution c&rsquo;est une articulation entre une critique sociale, une critique politique et une demande de bonheur, vraiment li\u00e9e \u00e0 ce qui se joue au XVIII\u1d49 si\u00e8cle. On veut \u00eatre heureux et \u00e7a, c&rsquo;est nouveau. Donc la question politique est centrale : sortir de l&rsquo;oppression, redevenir libre et chercher le bonheur.\u00a0\u00bb<\/em> <strong>Sophie Wahnich, historienne<\/strong><\/p>\n\n\n\n<p class=\"has-white-color has-text-color has-link-color wp-elements-07fe115a414a966691d8ec6d49ea5d65\">Un sujet \u00e0 retrouver \u00e9galement en vid\u00e9o sur <a href=\"https:\/\/linktr.ee\/mob_media\" target=\"_blank\" rel=\"noreferrer noopener\">notre cha\u00eene Youtube et\/ou nos r\u00e9seaux<\/a>.<\/p>\n<\/div>\n<\/div>\n\n\n\n<p><\/p>\n\n\n\n<p>Ce qu\u2019on comprend avec Sophie Wahnich, c\u2019est que la Prise de la Bastille est l\u2019aboutissement d\u2019un ensemble de facteurs tr\u00e8s vari\u00e9s et politiques\u00a0: des repr\u00e9sentants du Tiers-Etat qui veulent changer les choses, un pouvoir en place, royal, sacr\u00e9, attach\u00e9 \u00e0 ses privil\u00e8ges et une vive \u00e9motion populaire dans les districts. Une col\u00e8re \u00ab\u00a0venue d&rsquo;en bas\u00a0\u00bb qui ne peut que nous rappeler un mouvement r\u00e9cent\u00a0: celui des Gilets jaunes, r\u00e9unis sur les ronds-points, mobilis\u00e9s partout en France, jusqu&rsquo;\u00e0 leur mont\u00e9e sur Paris. <\/p>\n\n\n\n<h3 class=\"wp-block-heading\">La recherche du bonheur<\/h3>\n\n\n\n<p>La r\u00e9volte populaire semble avoir besoin, historiquement, d&rsquo;une conscientisation collective des injustices mais surtout, <a href=\"https:\/\/www.seuil.com\/ouvrage\/la-revolution-des-sentiments-sophie-wahnich\/9782021508581\" target=\"_blank\" rel=\"noreferrer noopener\">selon les travaux de l\u2019historienne<\/a>, d\u2019une capacit\u00e9 \u00e0 imaginer une soci\u00e9t\u00e9 plus heureuse. \u00ab\u00a0<em>Lynn Hunt explique que c&rsquo;est gr\u00e2ce \u00e0 la lecture des romans et le fait qu&rsquo;au XVIII\u00e8me si\u00e8cle, la question des droits de l&rsquo;homme et du citoyen est mise au th\u00e9\u00e2tre. Elle est pr\u00e9sente aussi, \u00e9videmment, dans <\/em>Le Mariage de Figaro<em> et dans plein d&rsquo;objets sensibles, artistiques. Des id\u00e9es qui deviennent sensibles parce qu&rsquo;on s&rsquo;identifie aux personnages et qu&rsquo;on va r\u00e9agir en fonction de cette incorporation.<\/em>\u00a0\u00bb Un m\u00e9lange d\u2019acculturation sociale et culturelle, donc, au concept de \u00ab\u00a0droits de l\u2019Homme\u00a0\u00bb.<\/p>\n\n\n\n<p>Un moteur suffisant pour se r\u00e9volter ? Pas sans une recherche plus personnelle et individuelle de bonheur selon l&rsquo;historienne. \u00ab\u00a0C<em>&lsquo;est une esp\u00e8ce d&rsquo;articulation entre une critique sociale, une critique politique et une demande qui est une demande vraiment li\u00e9e \u00e0 ce qui se joue au XVIII\u1d49 si\u00e8cle. Il y a une demande de bonheur. On veut \u00eatre heureux et \u00e7a, c&rsquo;est nouveau. Donc la question politique est centrale : sortir de l&rsquo;oppression, redevenir libre et chercher le bonheur.\u00a0\u00bb<\/em> Aujourd\u2019hui, on parlerait de bataille culturelle, au m\u00eame titre que celle qui se joue pour d\u00e9fendre la justice sociale. Et la R\u00e9volution a entre guillemets \u00ab\u00a0institutionnalis\u00e9\u00a0\u00bb ce besoin\u00a0de dignit\u00e9 humaine. Pas de r\u00e9volte sans \u00e9motion, sans sentiment individuel puis collectif d\u2019injustice. Des ressorts psychologiques et sociologiques, qu\u2019on analysera dans les prochains \u00e9pisodes, mais que Sophie Wahnich corrobore en faisant elle-m\u00eame le pont avec les Gilets jaunes et les enjeux, tr\u00e8s actuels, de pouvoir d\u2019achat. <\/p>\n\n\n\n<h3 class=\"wp-block-heading\"><em>\u00ab\u00a0<\/em>Pour les uns, des couilles en or pour les autres, des p\u00e2tes encore<em>\u00ab\u00a0<\/em><\/h3>\n\n\n\n<p><em>\u00ab\u00a0L&rsquo;\u00e9galit\u00e9 devant l&rsquo;imp\u00f4t et donc l&rsquo;intuition de justice. Elle est li\u00e9e aussi au fait que si on paye plus cher l&rsquo;essence, par exemple pour les Gilets jaunes, eh bien \u00e0 la fin du mois, on mange des p\u00e2tes. \u00ab\u00a0<\/em>Pour les uns, des couilles en or pour les autres, des p\u00e2tes encore<em>\u00ab\u00a0. Et donc c&rsquo;est cet \u00e9cart de richesse qui se creuse, qui produit aussi l&rsquo;urgence de se r\u00e9volter pour des raisons de dignit\u00e9.\u00a0\u00bb<\/em> Plus de 200 ans nous s\u00e9parent de la R\u00e9volution fran\u00e7aise, et pourtant, les similitudes historiques sont nombreuses\u00a0: le lien entre cours du bl\u00e9 et co\u00fbt de l\u2019essence, l\u2019in\u00e9galit\u00e9 permanente devant l\u2019imp\u00f4t (ultra riches) et les r\u00e9pressions \u00ab\u00a0polici\u00e8res\u00a0\u00bb violentes parcourent notre Histoire\u00a0: est-ce qu\u2019on pourrait donc imaginer la France se r\u00e9volter comme en 1789\u00a0? Sophie Wahnich a du mal \u00e0 y croire, compte tenu de la violence, des souffrances et de l\u2019\u00e9clatement soci\u00e9tal actuel produit par le n\u00e9olib\u00e9ralisme.<\/p>\n\n\n\n<p class=\"has-white-color has-text-color has-background has-link-color wp-elements-9b7f4836590e71e3d80bca595353c773\" style=\"background-color:#ec6500\">\u00ab\u00a0<em>A l&rsquo;\u00e9poque, on consid\u00e8re que oui, c&rsquo;est possible de mettre \u00e0 bas l&rsquo;absolutisme. Et cette foi en l&rsquo;impossible, cette esp\u00e9rance<\/em>, c<em>&lsquo;est quelque chose qui, aujourd&rsquo;hui, est particuli\u00e8rement absent.<\/em> <em>Le sentiment qui domine, ce n&rsquo;est pas la peur, c&rsquo;est l&rsquo;impuissance.<\/em> <em>Et donc l\u00e0, on tombe sur la question actuelle, mais qui n&rsquo;est pas celle des r\u00e9volutionnaires fran\u00e7ais, qu&rsquo;est la question du <\/em>care [soin]<em>.<\/em>\u00a0\u00bb <strong>Sophie Wahnich, historienne<\/strong><\/p>\n\n\n\n<p>Pour l&rsquo;historienne, m\u00eame si la fin du XVIII\u00e8me \u00e9tait une \u00e9poque complexe, avec des r\u00e9coltes difficiles et des in\u00e9galit\u00e9s, la p\u00e9riode \u00e9tait \u00ab\u00a0ascendante\u00a0\u00bb. Aujourd&rsquo;hui, nous vivons une p\u00e9riode r\u00e9gressive, violente et il est donc difficile d&rsquo;\u00eatre r\u00e9volutionnaire. On a plut\u00f4t envie de se soigner, de gu\u00e9rir de ces blessures avant d&rsquo;esp\u00e9rer, \u00e0 nouveau, des changements soci\u00e9taux. \u00ab\u00a0<em>On en est au stade o\u00f9 il s&rsquo;agit de sortir de l&rsquo;apathie en se r\u00e9parant. Retrouver de la sensibilit\u00e9, ce n&rsquo;est pas si simple. Quand cette formation sociale se sera r\u00e9par\u00e9e, alors il lui reviendra d&rsquo;\u00eatre capable de penser une strat\u00e9gie, une tactique, une invention politique. Mais on n&rsquo;en est pas l\u00e0.<\/em>\u00ab\u00a0<\/p>\n\n\n\n<p>Il est vrai que les r\u00e9cents mouvements sociaux ont \u00e9t\u00e9 rapidement d\u00e9bout\u00e9s\u00a0: les Gilets jaunes r\u00e9prim\u00e9s, les Retraites ignor\u00e9es, l\u2019\u00e9cologie abandonn\u00e9e, malgr\u00e9 de grandes mobilisations. Prendre soin de soi pour r\u00e9ussir \u00e0 lutter, faire collectif, se sentir l\u00e9gitime \u00e0 se r\u00e9volter, d\u00e9passer les blocages individuels \u00e0 l\u2019engagement sont autant de conditions pour permettre les mouvements sociaux. Pas n\u00e9cessairement pour renverser le syst\u00e8me en place mais pour essayer de d\u00e9fendre sa dignit\u00e9, ses id\u00e9es, ou sa plan\u00e8te. <\/p>\n\n\n\n<p>Et tout \u00e7a commence dans la t\u00eate. Ce sera le sujet de notre 2\u00e8me \u00e9pisode de R\u00e9voltes sur les biais neuropsychologiqyes qui nous entravent ou nous stimulent pour passer \u00e0 l\u2019action.<\/p>\n\n\n\n<p>&#8211;<\/p>\n\n\n\n<p><strong>Article, r\u00e9alisation et montage : Elliot Clarke<\/strong> <strong>\/\/ Une s\u00e9rie co-\u00e9crite avec Perrine Bontemps<\/strong><\/p>\n\n\n\n<h3 class=\"wp-block-heading has-text-align-center has-white-color has-text-color has-background has-link-color wp-elements-a7ca048e1c85cc4f1f409306625e368d\" style=\"background-color:#ec6500\">Et pour ne rien rater de nos contenus, on vous propose une newsletter toutes les semaines, pour s&rsquo;abonner :<\/h3>\n\n\n\n<div class=\"wp-block-columns has-background is-layout-flex wp-container-core-columns-is-layout-28f84493 wp-block-columns-is-layout-flex\" style=\"background-color:#ec6500\">\n<div class=\"wp-block-column is-layout-flow wp-block-column-is-layout-flow\">\n<figure class=\"wp-block-image size-large is-resized is-style-default\"><a href=\"https:\/\/mob-media.us21.list-manage.com\/subscribe?u=8a80eecf9dcb7e85d7c18aa10&amp;id=a2edb6c814\" target=\"_blank\" rel=\" noreferrer noopener\"><img decoding=\"async\" width=\"840\" height=\"1024\" src=\"https:\/\/mob-media.info\/wp-content\/uploads\/2026\/03\/Newsletter-modele-e1775037288407-840x1024.png\" alt=\"\" class=\"wp-image-2564\" style=\"aspect-ratio:0.8203059873486;width:334px;height:auto\" srcset=\"https:\/\/mob-media.info\/wp-content\/uploads\/2026\/03\/Newsletter-modele-e1775037288407-840x1024.png 840w, https:\/\/mob-media.info\/wp-content\/uploads\/2026\/03\/Newsletter-modele-e1775037288407-246x300.png 246w, https:\/\/mob-media.info\/wp-content\/uploads\/2026\/03\/Newsletter-modele-e1775037288407-768x936.png 768w, https:\/\/mob-media.info\/wp-content\/uploads\/2026\/03\/Newsletter-modele-e1775037288407-600x731.png 600w, https:\/\/mob-media.info\/wp-content\/uploads\/2026\/03\/Newsletter-modele-e1775037288407.png 1075w\" sizes=\"(max-width: 840px) 100vw, 840px\" \/><\/a><\/figure>\n<\/div>\n\n\n\n<div class=\"wp-block-column is-layout-flow wp-block-column-is-layout-flow\"><script>(function() {\n\twindow.mc4wp = window.mc4wp || {\n\t\tlisteners: [],\n\t\tforms: {\n\t\t\ton: function(evt, cb) {\n\t\t\t\twindow.mc4wp.listeners.push(\n\t\t\t\t\t{\n\t\t\t\t\t\tevent   : evt,\n\t\t\t\t\t\tcallback: cb\n\t\t\t\t\t}\n\t\t\t\t);\n\t\t\t}\n\t\t}\n\t}\n})();\n<\/script><!-- Mailchimp for WordPress v4.12.1 - https:\/\/wordpress.org\/plugins\/mailchimp-for-wp\/ --><form id=\"mc4wp-form-1\" class=\"mc4wp-form mc4wp-form-2563\" method=\"post\" data-id=\"2563\" data-name=\"Je m&#039;abonne \u00e0 la newsletter !\" data-typo-check=\"1\" ><div class=\"mc4wp-form-fields\"><\/p>\r\n<p>\r\n    <label>Pr\u00e9nom<\/label>\r\n    <input type=\"text\" name=\"FNAME\" autocomplete=\"given-name\">\r\n<\/p>\r\n<p>\r\n    <label>Nom de famille<\/label>\r\n    <input type=\"text\" name=\"LNAME\" autocomplete=\"family-name\">\r\n<\/p>\r\n<p>\r\n\t<label for=\"email\">Adresse e-mail: \r\n\t\t<input type=\"email\" id=\"email\" name=\"EMAIL\" placeholder=\"Votre adresse e-mail\" autocomplete=\"email\" required>\r\n\t<\/label>\r\n<\/p>\r\n\r\n<input type=\"hidden\" name=\"procaptcha\">\r\n\r\n\r\n<p>\r\n\t<input type=\"submit\" value=\"Je m'abonne\">\r\n<\/p><\/div><label style=\"display: none !important;\">Laissez ce champ vide si vous \u00eates humain\u00a0: <input type=\"text\" name=\"_mc4wp_honeypot\" value=\"\" tabindex=\"-1\" autocomplete=\"off\" \/><\/label><input type=\"hidden\" name=\"_mc4wp_timestamp\" value=\"1777468888\" \/><input type=\"hidden\" name=\"_mc4wp_form_id\" value=\"2563\" \/><input type=\"hidden\" name=\"_mc4wp_form_element_id\" value=\"mc4wp-form-1\" \/><div class=\"mc4wp-response\"><\/div><\/form><!-- \/ Mailchimp for WordPress Plugin --><\/div>\n<\/div>\n","protected":false},"excerpt":{"rendered":"<p>R\u00e9voltes #1 : r\u00e9volution fran\u00e7aise, l&rsquo;\u00e9quation parfaite ? &#8211; 16\/04\/26 Gilets jaunes, Retraites, Climat, violences polici\u00e8res, de nombreuses mobilisations citoyennes ont marqu\u00e9 ces derni\u00e8res ann\u00e9es. Urbains, ruraux, minoris\u00e9s, jeunes, syndiqu\u00e9s sont descendus dans les rues pour se faire entendre par la classe politique. M\u00eame si nos dirigeants sont souvent rest\u00e9s insensibles \u00e0 leurs revendications. Dans &hellip; <\/p>\n<p class=\"link-more\"><a href=\"https:\/\/mob-media.info\/index.php\/2026\/04\/16\/revoltes-revolution-francaise-equation-parfaite\/\" class=\"more-link\">Lire la suite de<span class=\"screen-reader-text\">\u00ab\u00a0R\u00e9voltes #1 : r\u00e9volution fran\u00e7aise, l&rsquo;\u00e9quation parfaite ?\u00a0\u00bb<\/span><\/a><\/p>\n","protected":false},"author":1,"featured_media":2936,"comment_status":"closed","ping_status":"open","sticky":false,"template":"","format":"standard","meta":{"footnotes":""},"categories":[5,12],"tags":[150,107,149,72,148],"class_list":["post-2934","post","type-post","status-publish","format-standard","has-post-thumbnail","hentry","category-institutions","category-lutte-sociale","tag-emotions","tag-gilets-jaunes","tag-histoire","tag-revolte","tag-revolution-francaise"],"featured_media_urls":{"thumbnail":["https:\/\/mob-media.info\/wp-content\/uploads\/2026\/04\/Miniature-Insta-Revolte-1-e1777378665141-150x150.png",150,150,true],"medium":["https:\/\/mob-media.info\/wp-content\/uploads\/2026\/04\/Miniature-Insta-Revolte-1-e1777378665141-228x300.png",228,300,true],"medium_large":["https:\/\/mob-media.info\/wp-content\/uploads\/2026\/04\/Miniature-Insta-Revolte-1-e1777378665141-768x1010.png",768,1010,true],"large":["https:\/\/mob-media.info\/wp-content\/uploads\/2026\/04\/Miniature-Insta-Revolte-1-e1777378665141-778x1024.png",778,1024,true],"1536x1536":["https:\/\/mob-media.info\/wp-content\/uploads\/2026\/04\/Miniature-Insta-Revolte-1-e1777378665141.png",1078,1418,false],"2048x2048":["https:\/\/mob-media.info\/wp-content\/uploads\/2026\/04\/Miniature-Insta-Revolte-1-e1777378665141.png",1078,1418,false],"inspiro-featured-image":["https:\/\/mob-media.info\/wp-content\/uploads\/2026\/04\/Miniature-Insta-Revolte-1-e1777378665141.png",1078,1418,false],"inspiro-loop":["https:\/\/mob-media.info\/wp-content\/uploads\/2026\/04\/Miniature-Insta-Revolte-1-e1777378665141-950x320.png",950,320,true],"inspiro-loop@2x":["https:\/\/mob-media.info\/wp-content\/uploads\/2026\/04\/Miniature-Insta-Revolte-1-e1777378665141-1078x640.png",1078,640,true],"portfolio_item-thumbnail":["https:\/\/mob-media.info\/wp-content\/uploads\/2026\/04\/Miniature-Insta-Revolte-1-e1777378665141-600x400.png",600,400,true],"portfolio_item-thumbnail@2x":["https:\/\/mob-media.info\/wp-content\/uploads\/2026\/04\/Miniature-Insta-Revolte-1-e1777378665141-1078x800.png",1078,800,true],"portfolio_item-masonry":["https:\/\/mob-media.info\/wp-content\/uploads\/2026\/04\/Miniature-Insta-Revolte-1-e1777378665141-600x789.png",600,789,true],"portfolio_item-masonry@2x":["https:\/\/mob-media.info\/wp-content\/uploads\/2026\/04\/Miniature-Insta-Revolte-1-e1777378665141.png",1078,1418,false],"portfolio_item-thumbnail_cinema":["https:\/\/mob-media.info\/wp-content\/uploads\/2026\/04\/Miniature-Insta-Revolte-1-e1777378665141-800x335.png",800,335,true],"portfolio_item-thumbnail_portrait":["https:\/\/mob-media.info\/wp-content\/uploads\/2026\/04\/Miniature-Insta-Revolte-1-e1777378665141-600x900.png",600,900,true],"portfolio_item-thumbnail_portrait@2x":["https:\/\/mob-media.info\/wp-content\/uploads\/2026\/04\/Miniature-Insta-Revolte-1-e1777378665141.png",1078,1418,false],"portfolio_item-thumbnail_square":["https:\/\/mob-media.info\/wp-content\/uploads\/2026\/04\/Miniature-Insta-Revolte-1-e1777378665141-800x800.png",800,800,true]},"_links":{"self":[{"href":"https:\/\/mob-media.info\/index.php\/wp-json\/wp\/v2\/posts\/2934","targetHints":{"allow":["GET"]}}],"collection":[{"href":"https:\/\/mob-media.info\/index.php\/wp-json\/wp\/v2\/posts"}],"about":[{"href":"https:\/\/mob-media.info\/index.php\/wp-json\/wp\/v2\/types\/post"}],"author":[{"embeddable":true,"href":"https:\/\/mob-media.info\/index.php\/wp-json\/wp\/v2\/users\/1"}],"replies":[{"embeddable":true,"href":"https:\/\/mob-media.info\/index.php\/wp-json\/wp\/v2\/comments?post=2934"}],"version-history":[{"count":4,"href":"https:\/\/mob-media.info\/index.php\/wp-json\/wp\/v2\/posts\/2934\/revisions"}],"predecessor-version":[{"id":2942,"href":"https:\/\/mob-media.info\/index.php\/wp-json\/wp\/v2\/posts\/2934\/revisions\/2942"}],"wp:featuredmedia":[{"embeddable":true,"href":"https:\/\/mob-media.info\/index.php\/wp-json\/wp\/v2\/media\/2936"}],"wp:attachment":[{"href":"https:\/\/mob-media.info\/index.php\/wp-json\/wp\/v2\/media?parent=2934"}],"wp:term":[{"taxonomy":"category","embeddable":true,"href":"https:\/\/mob-media.info\/index.php\/wp-json\/wp\/v2\/categories?post=2934"},{"taxonomy":"post_tag","embeddable":true,"href":"https:\/\/mob-media.info\/index.php\/wp-json\/wp\/v2\/tags?post=2934"}],"curies":[{"name":"wp","href":"https:\/\/api.w.org\/{rel}","templated":true}]}}