{"id":2943,"date":"2026-04-28T18:26:16","date_gmt":"2026-04-28T16:26:16","guid":{"rendered":"https:\/\/mob-media.info\/?p=2943"},"modified":"2026-04-29T11:21:58","modified_gmt":"2026-04-29T09:21:58","slug":"revoltes-2-passer-a-laction-cest-aussi-dans-la-tete","status":"publish","type":"post","link":"https:\/\/mob-media.info\/index.php\/2026\/04\/28\/revoltes-2-passer-a-laction-cest-aussi-dans-la-tete\/","title":{"rendered":"R\u00e9voltes #2 : la lutte climatique, c&rsquo;est (aussi) dans la t\u00eate"},"content":{"rendered":"\n<h2 class=\"wp-block-heading has-white-color has-text-color has-background has-link-color wp-elements-813623366df8b644feb1bc8ce05cd7f4\" style=\"background-color:#9860e0\">R\u00e9voltes #2 : la lutte climatique, c&rsquo;est (aussi) dans la t\u00eate &#8211; 28\/04\/26<\/h2>\n\n\n\n<p><strong>Dans <a href=\"https:\/\/mob-media.info\/index.php\/2026\/04\/16\/revoltes-revolution-francaise-equation-parfaite\/\" target=\"_blank\" rel=\"noreferrer noopener\">le premier \u00e9pisode de <em>R\u00e9voltes<\/em>,<\/a> on a abord\u00e9 l\u2019histoire de la R\u00e9volution fran\u00e7aise et les sentiments r\u00e9volutionnaires qui l\u2019ont accompagn\u00e9. Des \u00e9motions qui nous manqueraient \u00e0 nous, \u00e0 notre \u00e9poque. Les leviers individuels sont pourtant obligatoires \u00e0 toute mobilisation. Que se passe-t-il dans nos t\u00eates justement, quand on parle de r\u00e9volte ? Aurore Grandin est docteure en sciences cognitives. Elle a justement d\u00e9di\u00e9 sa th\u00e8se aux barri\u00e8res psychologiques \u00e0 d\u00e9passer pour prendre part \u00e0 la lutte contre le changement climatique.<\/strong><\/p>\n\n\n\n<figure class=\"wp-block-image aligncenter size-large is-resized\"><img fetchpriority=\"high\" decoding=\"async\" width=\"1024\" height=\"576\" src=\"https:\/\/mob-media.info\/wp-content\/uploads\/2026\/04\/Miniatures-YT-psycho-1024x576.png\" alt=\"\" class=\"wp-image-2952\" style=\"width:516px;height:auto\" srcset=\"https:\/\/mob-media.info\/wp-content\/uploads\/2026\/04\/Miniatures-YT-psycho-1024x576.png 1024w, https:\/\/mob-media.info\/wp-content\/uploads\/2026\/04\/Miniatures-YT-psycho-300x169.png 300w, https:\/\/mob-media.info\/wp-content\/uploads\/2026\/04\/Miniatures-YT-psycho.png 1280w\" sizes=\"(max-width: 1024px) 100vw, 1024px\" \/><\/figure>\n\n\n\n<p>Pour la chercheuse en sciences cognitives, les obstacles individuels sont, pour beaucoup, des <strong>biais cognitifs<\/strong>. Ces m\u00e9canismes, des r\u00e9flexes psychologiques, souvent d\u00e9finis comme des \u201c<em>d\u00e9viations syst\u00e9matiques \u00e0 la logique<\/em>\u201d. Une mani\u00e8re de toujours aller \u00e0 contre-courant de la r\u00e9ponse rationnelle. Et des r\u00e9flexes de ce type, nous en avons beaucoup. Ils influent d\u2019ailleurs sur tout un tas d\u2019aspects de nos vies et de nos mani\u00e8res d\u2019agir. Pour Aurore Grandin, c\u2019est avant tout une mani\u00e8re de nous prot\u00e9ger de ce qui pourrait nous impacter, de ce qui nous fait peur. Typiquement, au regard de la crise climatique.<\/p>\n\n\n\n<p>\u00ab\u00a0<em>Le changement climatique va \u00eatre per\u00e7u comme lointain dans le temps, dans l&rsquo;espace, quelque chose qui est abstrait, qui arrive \u00e0 d&rsquo;autres personnes et pas \u00e0 nous.<\/em> <em>Mais c&rsquo;est un peu controvers\u00e9 car, quand on demande aux gens sur toute la plan\u00e8te, \u201c<\/em>Est-ce que vous pensez que le changement climatique c&rsquo;est maintenant ?<em>\u201d, les gens r\u00e9pondent de mani\u00e8re assez massive que oui<\/em>\u00ab\u00a0. Une contradiction qu&rsquo;on retrouve dans les sondages d&rsquo;opinion o\u00f9 le Climat arrive bien en-dessous de certaines consid\u00e9rations du quotidien : le pouvoir d&rsquo;achat ou le ch\u00f4mage par exemple.<\/p>\n\n\n\n<h3 class=\"wp-block-heading\">L&rsquo;\u00e9cologie ? On verra plus tard<\/h3>\n\n\n\n<p>Un des biais cognitifs pour expliquer cette mise \u00e0 distance, c&rsquo;est le <strong>biais d&rsquo;imm\u00e9diatet\u00e9<\/strong> : \u00ab\u00a0<em>Les gens, de mani\u00e8re g\u00e9n\u00e9rale, ont plus tendance \u00e0 pr\u00e9f\u00e9rer \u00eatre focalis\u00e9s sur le pr\u00e9sent, donc pr\u00e9f\u00e9rer une r\u00e9compense pr\u00e9sente plut\u00f4t qu&rsquo;une r\u00e9compense plus \u00e9lev\u00e9e, mais qui a lieu plus tard, dans le futur.<\/em> <em>A l&rsquo;inverse, ils vont pr\u00eater plus attention \u00e0 une menace imm\u00e9diate plut\u00f4t que quelque chose qui est per\u00e7u comme arrivant dans le futur.<\/em>\u00a0\u00bb d\u00e9taille Aurore Grandin.<\/p>\n\n\n\n<p>Ce que nous dit la chercheuse, c&rsquo;est qu&rsquo;on r\u00e8gle d&rsquo;abord le concret, puis on verra ensuite pour \u00ab\u00a0le reste\u00a0\u00bb. Pourquoi s&rsquo;engager pour quelque chose qui nous d\u00e9passe, alors que l&rsquo;on est confront\u00e9 \u00e0 des probl\u00e9matiques concr\u00e8tes, l\u00e0, tout de suite ? Peut-\u00eatre m\u00eame que, \u00ab\u00a0le reste\u00a0\u00bb n&rsquo;arrivera pas vraiment, pas \u00e0 nous en tout cas\u2026&nbsp;on appelle \u00e7a le biais d&rsquo;optimisme. \u00ab\u00a0<em>C\u2019est une tendance \u00e0 sous-estimer la probabilit\u00e9 que quelque chose de n\u00e9gatif nous arrive et de surestimer que quelque chose de positif nous arrive. Donc on va avoir tendance \u00e0 croire qu&rsquo;on a plus de chances de gagner \u00e0 la loterie qu&rsquo;en r\u00e9alit\u00e9 on en a. Ou qu&rsquo;on a moins de chances de contracter un cancer, d&rsquo;avoir un accident de la route, qu&rsquo;en r\u00e9alit\u00e9.<\/em>\u00a0\u00bb Autrement dit, un <strong>biais comparatif<\/strong> selon Aurore Grandin. On imagine plus les malheurs arriver aux autres qu&rsquo;\u00e0 nous-m\u00eames, et \u00e7a vaut aussi pour les risques environnementaux.<\/p>\n\n\n\n<div class=\"wp-block-columns has-background is-layout-flex wp-container-core-columns-is-layout-28f84493 wp-block-columns-is-layout-flex\" style=\"background-color:#9860e0\">\n<div class=\"wp-block-column is-layout-flow wp-block-column-is-layout-flow\">\n<figure class=\"wp-block-embed is-type-video is-provider-youtube wp-block-embed-youtube wp-embed-aspect-16-9 wp-has-aspect-ratio\"><div class=\"wp-block-embed__wrapper\">\n<iframe title=\"R\u00e9voltes #2 - La lutte climatique, c&#039;est (aussi) dans la t\u00eate\" width=\"950\" height=\"534\" src=\"https:\/\/www.youtube.com\/embed\/EyxlOHxxfmk?start=21&#038;feature=oembed\" frameborder=\"0\" allow=\"accelerometer; autoplay; clipboard-write; encrypted-media; gyroscope; picture-in-picture; web-share\" referrerpolicy=\"strict-origin-when-cross-origin\" allowfullscreen><\/iframe>\n<\/div><\/figure>\n<\/div>\n\n\n\n<div class=\"wp-block-column is-layout-flow wp-block-column-is-layout-flow\">\n<p class=\"has-white-color has-text-color has-link-color wp-elements-6980f1320ca137a7944b11df12723020\">\u00ab\u00a0<em>Notre cerveau est pr\u00e9sent dans un monde social. Il s&rsquo;incarne dans une personne, dans des groupes et donc il y a tous ces aspects l\u00e0, aussi, qui interviennent et qui vont moduler l&rsquo;expression d&rsquo;un biais cognitif.<\/em>\u00a0\u00bb <strong>Aurore Grandin, docteure en sciences cognitives<\/strong><\/p>\n\n\n\n<p class=\"has-white-color has-text-color has-link-color wp-elements-07fe115a414a966691d8ec6d49ea5d65\">Un sujet \u00e0 retrouver \u00e9galement en vid\u00e9o sur <a href=\"https:\/\/linktr.ee\/mob_media\" target=\"_blank\" rel=\"noreferrer noopener\">notre cha\u00eene Youtube et\/ou nos r\u00e9seaux<\/a>.<\/p>\n<\/div>\n<\/div>\n\n\n\n<p><\/p>\n\n\n\n<p>Elle prend l&rsquo;exemple des USA o\u00f9, dans des \u00e9tudes d&rsquo;opinion, 70% des \u00e9tasuniens croient au changement climatique, 60% pensent que \u00e7a va toucher la population am\u00e9ricaine et seulement 45% que \u00e7a leur arrivera \u00e0 eux. \u00ab\u00a0<em>Ils ont l&rsquo;impression que c&rsquo;est quelque chose qui a lieu dans d&rsquo;autres pays. Et certes, les pays du Sud sont un peu plus expos\u00e9s, mais c&rsquo;est une r\u00e9alit\u00e9 aussi chez nous.<\/em>\u00a0\u00bb rappelle-t-elle. Un biais compl\u00e9t\u00e9 par un<strong> biais de \u00ab\u00a0sup\u00e9riorit\u00e9 \u00e0 la moyenne\u00a0\u00bb<\/strong>. Vous vous sentez g\u00e9n\u00e9reux ? Probablement plus qu&rsquo;\u00e0 la moyenne non ? Plus intelligent ? Belle ? Sportive ? Probablement pas (d\u00e9sol\u00e9) et \u00e7a impacte aussi les luttes environnementales dit Aurore Grandin : \u00ab\u00a0<em>On demande aux gens : \u201c<\/em>Est-ce que vous \u00eates plus ou moins \u00e9coresponsables que la moyenne des Fran\u00e7ais ?<em>\u201d On a massivement des r\u00e9ponses o\u00f9 les gens disent qu&rsquo;ils sont plus \u00e9coresponsables que la moyenne.<\/em>\u00ab\u00a0<\/p>\n\n\n\n<h3 class=\"wp-block-heading\">Le Climat ? Commence-toi !<\/h3>\n\n\n\n<p>Et du coup, on pense faire les efforts n\u00e9cessaires pour ralentir la crise climatique. Mais certains s&rsquo;engagent pourtant. Ces biais cognitifs sont-ils donc les m\u00eames pour tout le monde ? \u00ab\u00a0<em>Notre cerveau est pr\u00e9sent dans un monde social. Il s&rsquo;incarne dans une personne, dans des groupes et donc il y a tous ces aspects l\u00e0, aussi, qui interviennent et qui vont moduler l&rsquo;expression d&rsquo;un biais cognitif.<\/em>\u00a0\u00bb Notre culture, notre genre, notre \u00e2ge ou notre classe sociale vont aussi influer sur ces biais individuels. Autrement dit, d\u2019autres \u00e9l\u00e9ments de psychologie sociale jouent dans les questions de r\u00e9volte, d\u2019activisme et de mobilisations, pas seulement environnementales.<\/p>\n\n\n\n<p>Ces biais cognitifs sont pr\u00e9sents dans tous les pans de notre vie : la scolarit\u00e9, le travail, les relations interpersonnelles, la prise de d\u00e9cision, etc. Si on prend par exemple le <strong>biais de confirmation<\/strong>, qui consiste \u00e0 privil\u00e9gier les informations qui viennent confirmer nos id\u00e9es pr\u00e9con\u00e7ues ou nos hypoth\u00e8ses. Aurore Grandin explique qu&rsquo;il peut jouer dans les adh\u00e9sions politiques, mais aussi dans la croyance <a href=\"https:\/\/www.radiofrance.fr\/franceinfo\/podcasts\/le-vrai-ou-faux\/biais-cognitifs-ces-erreurs-de-jugements-qui-nous-font-deformer-la-realite-et-croire-en-de-fausses-informations-9911598\"><\/a>en la science ou au contraire, <a href=\"https:\/\/www.radiofrance.fr\/franceinfo\/podcasts\/le-vrai-ou-faux\/biais-cognitifs-ces-erreurs-de-jugements-qui-nous-font-deformer-la-realite-et-croire-en-de-fausses-informations-9911598\" target=\"_blank\" rel=\"noreferrer noopener\">aux fakes news<\/a>.&nbsp;<\/p>\n\n\n\n<p>Et donc de la m\u00eame mani\u00e8re, chacun des biais peut avoir un effet dans diff\u00e9rents types de r\u00e9voltes, qu&rsquo;elles soient syndicales, politiques ou encore sociales. Aurore Grandin nous explique aussi qu&rsquo;une fois identifi\u00e9s, on peut jouer sur ces biais pour influencer les gens et les pousser \u00e0 agir, y compris en faveur du Climat. Par exemple, le <strong>biais de statut quo<\/strong> : \u00ab\u00a0<em>C&rsquo;est peut-\u00eatre un mot un peu compliqu\u00e9 pour juste parler de la force des habitudes. Ca veut dire que si on est install\u00e9s dans une habitude polluante, \u00e7a va \u00eatre difficile d&rsquo;en changer. Mais \u00e7a veut aussi dire que si on met en place des habitudes \u00e9coresponsables, c&rsquo;est quelque chose qui peut devenir assez stable.<\/em>\u00ab\u00a0<\/p>\n\n\n\n<h3 class=\"wp-block-heading\">Communiquer pour collaborer<\/h3>\n\n\n\n<p>Reste que, la plupart du temps, la comparaison aux autres mais surtout l&rsquo;envie de ne pas \u00eatre la seule ou le premier \u00e0 agir freine l&rsquo;engagement, surtout sur des sujets clivants comme l&rsquo;\u00e9cologie. On aura tendance \u00e0 agir si on sait qu&rsquo;on fera partie d&rsquo;une action collective, locale, nationale voire plan\u00e9taire souligne Aurore Grandin. \u00ab\u00a0<em>Je me mets \u00e0 agir pour le changement climatique seulement si je sais que le reste de la plan\u00e8te s\u2019y met, que le reste des Fran\u00e7ais s\u2019y met.<\/em>\u00a0\u00bb Elle mentionne <a href=\"https:\/\/www.arte.tv\/fr\/videos\/097454-006-A\/voyages-au-pays-des-maths\/\" target=\"_blank\" rel=\"noreferrer noopener\"><strong>le dilemme du prisonnier<\/strong><\/a> pour comprendre pourquoi beaucoup de situations rationnelles de collaboration sont pourtant vou\u00e9es \u00e0 l&rsquo;\u00e9chec : en l&rsquo;absence de communication sur nos intentions respectives, nous penserons \u00e0 nous avant la collectivit\u00e9.<\/p>\n\n\n\n<p class=\"has-white-color has-text-color has-background has-link-color wp-elements-d3821770c1967c532ed4019d7bc254bc\" style=\"background-color:#9860e0\">\u00ab\u00a0<em>Si on est install\u00e9s dans une habitude polluante, \u00e7a va \u00eatre difficile d&rsquo;en changer. Mais \u00e7a veut aussi dire que si on met en place des habitudes \u00e9coresponsables, c&rsquo;est quelque chose qui peut devenir assez stable.<\/em>\u00a0\u00bb <strong>Aurore Grandin, docteure en sciences cognitives<\/strong><\/p>\n\n\n\n<p>Et alors, m\u00eame quand la machine est lanc\u00e9e, certains pr\u00e9f\u00e8rent encore s&rsquo;abstenir d&rsquo;agir et se positionnent en <strong>passagers clandestins<\/strong> : \u00ab\u00a0<em>Si des milliards de personnes sur la plan\u00e8te font des efforts \u00e9normes pour baisser leur empreinte carbone jusqu&rsquo;\u00e0 deux tonnes et que moi je reste \u00e0 dix ou vingt tonnes, c&rsquo;est rien. A l&rsquo;\u00e9chelle mondiale, \u00e7a fait aucune diff\u00e9rence.<\/em>\u00a0\u00bb Une tentation assez forte, et individualiste, \u00e0 vouloir se pr\u00e9server quand on pense que la majorit\u00e9 fait d\u00e9j\u00e0 le sale boulot. Et une raison pour les autres de se m\u00e9fier et donc de ne pas agir non plus.<\/p>\n\n\n\n<h3 class=\"wp-block-heading\">Jouer collectif bien s\u00fbr !<\/h3>\n\n\n\n<p>S&rsquo;il y a autant de freins cognitifs \u00e0 la r\u00e9volte, comment \u00e7a se fait que <a href=\"https:\/\/reporterre.net\/Ces-militantes-ecologistes-se-rendent-a-la-COP30-en-voilier-Nous-voulons-remettre-les\" target=\"_blank\" rel=\"noreferrer noopener\">Camille Etienne et 5 autres activistes se soient rendues au Br\u00e9sil en voilier pour militer \u00e0 la COP30<\/a> ? Q<a href=\"https:\/\/vert.eco\/articles\/nous-sommes-les-temoins-directs-des-effets-du-changement-climatique-50-000-autochtones-et-activistes-manifestent-a-la-cop30\" target=\"_blank\" rel=\"noreferrer noopener\">ue 50 000 autochtones et activistes manifestent \u00e0 la COP30<\/a> ? O<a href=\"https:\/\/reporterre.net\/Elles-empoisonnent-le-territoire-les-riverains-de-l-A69-veulent-stopper-les-centrales-a-bitume\" target=\"_blank\" rel=\"noreferrer noopener\">u encore que les riverains de l&rsquo;A69 ne cessent de se mobiliser contre&nbsp; la construction de l&rsquo;autoroute<\/a> ? C\u2019est quoi le d\u00e9clic cognitif \u00e0 la r\u00e9volte ?<\/p>\n\n\n\n<p>Les normes sociales viennent lisser ou au contraire accentuer ces biais individuels. \u00a0\u00bb <em>Si on est dans un groupe pour qui c&rsquo;est normal de ne pas manger beaucoup de viande, d&rsquo;aller en manifestation, de faire les marches pour le climat, etc. C&rsquo;est quelque chose qui va forc\u00e9ment \u00eatre beaucoup plus simple.<\/em> [&#8230;] J<em>e dirais que ce collectif va forc\u00e9ment nous entra\u00eener plus facilement vers d\u2019autres actions.<\/em>\u00a0\u00bb conclut Aurore Grandin.<\/p>\n\n\n\n<p>L&rsquo;une des r\u00e9ponses serait donc de chercher \u00e0 faire collectif. Que ce soit \u00e0 travers des groupes militants, nos proches ou des groupes sociaux qui nous ressemblent, cela d\u00e9pend s\u00fbrement de la lutte en question. Dans le prochain \u00e9pisode, on s\u2019int\u00e9ressera au cas des Gilets jaunes. Pourquoi cette lutte a pris et a perdur\u00e9 dans le temps ? Qu&rsquo;est-ce qui fait qu&rsquo;ils aient pu r\u00e9inventer les modes de r\u00e9volte et motiver des personnes souvent loin des milieux militants&nbsp;\u00e0 s&rsquo;engager ? R\u00e9ponse dans l&rsquo;\u00e9pisode #3 de R\u00e9voltes !<\/p>\n\n\n\n<p>&#8211;<\/p>\n\n\n\n<p><strong>Article, r\u00e9alisation et montage : Perrine Bontemps<\/strong> <strong>\/\/ Une s\u00e9rie co-\u00e9crite avec Elliot Clarke<\/strong><\/p>\n\n\n\n<h3 class=\"wp-block-heading has-text-align-center has-white-color has-text-color has-background has-link-color wp-elements-c01b8e31be79c907089487afac1f4915\" style=\"background-color:#9860e0\">Et pour ne rien rater de nos contenus, on vous propose une newsletter toutes les semaines, pour s&rsquo;abonner :<\/h3>\n\n\n\n<div class=\"wp-block-columns has-background is-layout-flex wp-container-core-columns-is-layout-28f84493 wp-block-columns-is-layout-flex\" style=\"background-color:#9860e0\">\n<div class=\"wp-block-column is-layout-flow wp-block-column-is-layout-flow\">\n<figure class=\"wp-block-image size-large is-resized is-style-default\"><a href=\"https:\/\/mob-media.us21.list-manage.com\/subscribe?u=8a80eecf9dcb7e85d7c18aa10&amp;id=a2edb6c814\" target=\"_blank\" rel=\" noreferrer noopener\"><img decoding=\"async\" width=\"840\" height=\"1024\" src=\"https:\/\/mob-media.info\/wp-content\/uploads\/2026\/03\/Newsletter-modele-e1775037288407-840x1024.png\" alt=\"\" class=\"wp-image-2564\" style=\"aspect-ratio:0.8203059873486;width:334px;height:auto\" srcset=\"https:\/\/mob-media.info\/wp-content\/uploads\/2026\/03\/Newsletter-modele-e1775037288407-840x1024.png 840w, https:\/\/mob-media.info\/wp-content\/uploads\/2026\/03\/Newsletter-modele-e1775037288407-246x300.png 246w, https:\/\/mob-media.info\/wp-content\/uploads\/2026\/03\/Newsletter-modele-e1775037288407-768x936.png 768w, https:\/\/mob-media.info\/wp-content\/uploads\/2026\/03\/Newsletter-modele-e1775037288407-600x731.png 600w, https:\/\/mob-media.info\/wp-content\/uploads\/2026\/03\/Newsletter-modele-e1775037288407.png 1075w\" sizes=\"(max-width: 840px) 100vw, 840px\" \/><\/a><\/figure>\n<\/div>\n\n\n\n<div class=\"wp-block-column is-layout-flow wp-block-column-is-layout-flow\"><script>(function() {\n\twindow.mc4wp = window.mc4wp || {\n\t\tlisteners: [],\n\t\tforms: {\n\t\t\ton: function(evt, cb) {\n\t\t\t\twindow.mc4wp.listeners.push(\n\t\t\t\t\t{\n\t\t\t\t\t\tevent   : evt,\n\t\t\t\t\t\tcallback: cb\n\t\t\t\t\t}\n\t\t\t\t);\n\t\t\t}\n\t\t}\n\t}\n})();\n<\/script><!-- Mailchimp for WordPress v4.12.1 - https:\/\/wordpress.org\/plugins\/mailchimp-for-wp\/ --><form id=\"mc4wp-form-1\" class=\"mc4wp-form mc4wp-form-2563\" method=\"post\" data-id=\"2563\" data-name=\"Je m&#039;abonne \u00e0 la newsletter !\" data-typo-check=\"1\" ><div class=\"mc4wp-form-fields\"><\/p>\r\n<p>\r\n    <label>Pr\u00e9nom<\/label>\r\n    <input type=\"text\" name=\"FNAME\" autocomplete=\"given-name\">\r\n<\/p>\r\n<p>\r\n    <label>Nom de famille<\/label>\r\n    <input type=\"text\" name=\"LNAME\" autocomplete=\"family-name\">\r\n<\/p>\r\n<p>\r\n\t<label for=\"email\">Adresse e-mail: \r\n\t\t<input type=\"email\" id=\"email\" name=\"EMAIL\" placeholder=\"Votre adresse e-mail\" autocomplete=\"email\" required>\r\n\t<\/label>\r\n<\/p>\r\n\r\n<input type=\"hidden\" name=\"procaptcha\">\r\n\r\n\r\n<p>\r\n\t<input type=\"submit\" value=\"Je m'abonne\">\r\n<\/p><\/div><label style=\"display: none !important;\">Laissez ce champ vide si vous \u00eates humain\u00a0: <input type=\"text\" name=\"_mc4wp_honeypot\" value=\"\" tabindex=\"-1\" autocomplete=\"off\" \/><\/label><input type=\"hidden\" name=\"_mc4wp_timestamp\" value=\"1777468546\" \/><input type=\"hidden\" name=\"_mc4wp_form_id\" value=\"2563\" \/><input type=\"hidden\" name=\"_mc4wp_form_element_id\" value=\"mc4wp-form-1\" \/><div class=\"mc4wp-response\"><\/div><\/form><!-- \/ Mailchimp for WordPress Plugin --><\/div>\n<\/div>\n","protected":false},"excerpt":{"rendered":"<p>R\u00e9voltes #2 : la lutte climatique, c&rsquo;est (aussi) dans la t\u00eate &#8211; 28\/04\/26 Dans le premier \u00e9pisode de R\u00e9voltes, on a abord\u00e9 l\u2019histoire de la R\u00e9volution fran\u00e7aise et les sentiments r\u00e9volutionnaires qui l\u2019ont accompagn\u00e9. Des \u00e9motions qui nous manqueraient \u00e0 nous, \u00e0 notre \u00e9poque. Les leviers individuels sont pourtant obligatoires \u00e0 toute mobilisation. Que se &hellip; <\/p>\n<p class=\"link-more\"><a href=\"https:\/\/mob-media.info\/index.php\/2026\/04\/28\/revoltes-2-passer-a-laction-cest-aussi-dans-la-tete\/\" class=\"more-link\">Lire la suite de<span class=\"screen-reader-text\">\u00ab\u00a0R\u00e9voltes #2 : la lutte climatique, c&rsquo;est (aussi) dans la t\u00eate\u00a0\u00bb<\/span><\/a><\/p>\n","protected":false},"author":1,"featured_media":2954,"comment_status":"closed","ping_status":"open","sticky":false,"template":"","format":"standard","meta":{"footnotes":""},"categories":[6,18,12,1],"tags":[154,151,32,155,153,152,72],"class_list":["post-2943","post","type-post","status-publish","format-standard","has-post-thumbnail","hentry","category-ecologie","category-entretien","category-lutte-sociale","category-non-classe","tag-biais-cognitifs","tag-climat","tag-ecologie","tag-mobilisation","tag-neurosciences","tag-psychologie","tag-revolte"],"featured_media_urls":{"thumbnail":["https:\/\/mob-media.info\/wp-content\/uploads\/2026\/04\/Miniatures-Site-psycho-e1777392460627-150x150.png",150,150,true],"medium":["https:\/\/mob-media.info\/wp-content\/uploads\/2026\/04\/Miniatures-Site-psycho-e1777392460627-222x300.png",222,300,true],"medium_large":["https:\/\/mob-media.info\/wp-content\/uploads\/2026\/04\/Miniatures-Site-psycho-e1777392460627-768x1036.png",768,1036,true],"large":["https:\/\/mob-media.info\/wp-content\/uploads\/2026\/04\/Miniatures-Site-psycho-e1777392460627-759x1024.png",759,1024,true],"1536x1536":["https:\/\/mob-media.info\/wp-content\/uploads\/2026\/04\/Miniatures-Site-psycho-e1777392460627.png",1072,1446,false],"2048x2048":["https:\/\/mob-media.info\/wp-content\/uploads\/2026\/04\/Miniatures-Site-psycho-e1777392460627.png",1072,1446,false],"inspiro-featured-image":["https:\/\/mob-media.info\/wp-content\/uploads\/2026\/04\/Miniatures-Site-psycho-e1777392460627.png",1072,1446,false],"inspiro-loop":["https:\/\/mob-media.info\/wp-content\/uploads\/2026\/04\/Miniatures-Site-psycho-e1777392460627-950x320.png",950,320,true],"inspiro-loop@2x":["https:\/\/mob-media.info\/wp-content\/uploads\/2026\/04\/Miniatures-Site-psycho-e1777392460627-1072x640.png",1072,640,true],"portfolio_item-thumbnail":["https:\/\/mob-media.info\/wp-content\/uploads\/2026\/04\/Miniatures-Site-psycho-e1777392460627-600x400.png",600,400,true],"portfolio_item-thumbnail@2x":["https:\/\/mob-media.info\/wp-content\/uploads\/2026\/04\/Miniatures-Site-psycho-e1777392460627-1072x800.png",1072,800,true],"portfolio_item-masonry":["https:\/\/mob-media.info\/wp-content\/uploads\/2026\/04\/Miniatures-Site-psycho-e1777392460627-600x809.png",600,809,true],"portfolio_item-masonry@2x":["https:\/\/mob-media.info\/wp-content\/uploads\/2026\/04\/Miniatures-Site-psycho-e1777392460627.png",1072,1446,false],"portfolio_item-thumbnail_cinema":["https:\/\/mob-media.info\/wp-content\/uploads\/2026\/04\/Miniatures-Site-psycho-e1777392460627-800x335.png",800,335,true],"portfolio_item-thumbnail_portrait":["https:\/\/mob-media.info\/wp-content\/uploads\/2026\/04\/Miniatures-Site-psycho-e1777392460627-600x900.png",600,900,true],"portfolio_item-thumbnail_portrait@2x":["https:\/\/mob-media.info\/wp-content\/uploads\/2026\/04\/Miniatures-Site-psycho-e1777392460627.png",1072,1446,false],"portfolio_item-thumbnail_square":["https:\/\/mob-media.info\/wp-content\/uploads\/2026\/04\/Miniatures-Site-psycho-e1777392460627-800x800.png",800,800,true]},"_links":{"self":[{"href":"https:\/\/mob-media.info\/index.php\/wp-json\/wp\/v2\/posts\/2943","targetHints":{"allow":["GET"]}}],"collection":[{"href":"https:\/\/mob-media.info\/index.php\/wp-json\/wp\/v2\/posts"}],"about":[{"href":"https:\/\/mob-media.info\/index.php\/wp-json\/wp\/v2\/types\/post"}],"author":[{"embeddable":true,"href":"https:\/\/mob-media.info\/index.php\/wp-json\/wp\/v2\/users\/1"}],"replies":[{"embeddable":true,"href":"https:\/\/mob-media.info\/index.php\/wp-json\/wp\/v2\/comments?post=2943"}],"version-history":[{"count":6,"href":"https:\/\/mob-media.info\/index.php\/wp-json\/wp\/v2\/posts\/2943\/revisions"}],"predecessor-version":[{"id":2959,"href":"https:\/\/mob-media.info\/index.php\/wp-json\/wp\/v2\/posts\/2943\/revisions\/2959"}],"wp:featuredmedia":[{"embeddable":true,"href":"https:\/\/mob-media.info\/index.php\/wp-json\/wp\/v2\/media\/2954"}],"wp:attachment":[{"href":"https:\/\/mob-media.info\/index.php\/wp-json\/wp\/v2\/media?parent=2943"}],"wp:term":[{"taxonomy":"category","embeddable":true,"href":"https:\/\/mob-media.info\/index.php\/wp-json\/wp\/v2\/categories?post=2943"},{"taxonomy":"post_tag","embeddable":true,"href":"https:\/\/mob-media.info\/index.php\/wp-json\/wp\/v2\/tags?post=2943"}],"curies":[{"name":"wp","href":"https:\/\/api.w.org\/{rel}","templated":true}]}}