{"id":3312,"date":"2026-09-01T12:32:21","date_gmt":"2026-09-01T10:32:21","guid":{"rendered":"https:\/\/mob-media.info\/?p=3312"},"modified":"2026-09-01T12:32:21","modified_gmt":"2026-09-01T10:32:21","slug":"assemblees-citoyennes-data-centers-presidentielle-education","status":"publish","type":"post","link":"https:\/\/mob-media.info\/index.php\/2026\/09\/01\/assemblees-citoyennes-data-centers-presidentielle-education\/","title":{"rendered":"Assembl\u00e9es citoyennes, data centers, candidatour et \u00e9ducation mortelle"},"content":{"rendered":"\n<h2 class=\"wp-block-heading has-light-background-color has-secondary-background-color has-text-color has-background has-link-color wp-elements-1\"><strong>Assembl\u00e9es citoyennes, data centers, candida-tour et \u00e9ducation mortelle &#8211; 01\/09\/26<\/strong><\/h2>\n\n\n\n<p class=\"wp-block-paragraph\"><strong>Jean-Marc Jancovici lance une Assembl\u00e9e citoyenne ambitieuse, et d\u00e9j\u00e0 tr\u00e8s suivie et \u00e7a va faire du bien \u00e0 la campagne pr\u00e9sidentielle (1.). Plus localement, de nombreux collectifs d\u2019habitants ruraux d\u00e9fendent leur territoire contre l\u2019arriv\u00e9e, non-consentie, de gros data centers probl\u00e9matiques (2.). Francis Lalanne joue aux candidats, mais les m\u00e9dias, ils jouent \u00e0 quoi en en parlant ? (3.). C\u2019est aussi la rentr\u00e9e des classes, l\u2019occasion de parler un peu plus de la mort, de l\u2019argent et donc, bizarrement, de citoyennet\u00e9\u00a0(4.)<\/strong> <strong>Ce sont les actus de la semaine !<\/strong><\/p>\n\n\n\n<figure class=\"wp-block-image aligncenter size-large is-resized\"><img fetchpriority=\"high\" decoding=\"async\" width=\"1024\" height=\"576\" src=\"https:\/\/mob-media.info\/wp-content\/uploads\/2026\/09\/Une-actus-1-septembre-1024x576.png\" alt=\"\" class=\"wp-image-3313\" style=\"width:572px;height:auto\" srcset=\"https:\/\/mob-media.info\/wp-content\/uploads\/2026\/09\/Une-actus-1-septembre-1024x576.png 1024w, https:\/\/mob-media.info\/wp-content\/uploads\/2026\/09\/Une-actus-1-septembre-300x169.png 300w, https:\/\/mob-media.info\/wp-content\/uploads\/2026\/09\/Une-actus-1-septembre-768x432.png 768w, https:\/\/mob-media.info\/wp-content\/uploads\/2026\/09\/Une-actus-1-septembre-599x337.png 599w, https:\/\/mob-media.info\/wp-content\/uploads\/2026\/09\/Une-actus-1-septembre-1200x675.png 1200w, https:\/\/mob-media.info\/wp-content\/uploads\/2026\/09\/Une-actus-1-septembre.png 1280w\" sizes=\"(max-width: 1024px) 100vw, 1024px\" \/><\/figure>\n\n\n\n<h3 class=\"wp-block-heading\"><strong>1- Avant la Pr\u00e9sidentielle, Jancovici joue l\u2019accord commun<\/strong><\/h3>\n\n\n\n<p class=\"wp-block-paragraph\"><a href=\"https:\/\/theshiftproject.org\/\" target=\"_blank\" rel=\"noopener\"><strong>The Shift Project<\/strong><\/a>, think tank pour d\u00e9carboner l\u2019\u00e9conomie, et son tr\u00e8s m\u00e9diatis\u00e9 fondateur, Jean-Marc Jancovici, se lancent dans l\u2019organisation d\u2019une assembl\u00e9e citoyenne s\u2019enthousiasme&nbsp;<a href=\"https:\/\/www.carenews.com\/carenews-info\/news\/jean-marc-jancovici-lance-une-assemblee-citoyenne-en-perspective-de-2027\" target=\"_blank\" rel=\"noopener\"><strong>Carenews<\/strong><\/a>. A quelques mois de la Pr\u00e9sidentielle, l\u2019initiative, apartisane, est louable : r\u00e9unir 150 citoyen-nes tir\u00e9-es au sort dans toute la France pour trouver&nbsp;<a href=\"https:\/\/www.uncommunaccord.fr\/\" target=\"_blank\" rel=\"noopener\"><strong>\u201cUn commun accord\u201d<\/strong><\/a>&nbsp;sur les grands d\u00e9fis \u00e9cologiques et sociaux de demain. \u201c<em>Comment arbitrer entre la libert\u00e9 de voyager des gens et le co\u00fbt environnemental de ces transports ?\u201d, \u201cVeut-on des voitures moins ch\u00e8res mais chinoises ou du made in France co\u00fbteux ?\u201d<\/em>&nbsp;Autant de questions qui pourront \u00eatre pos\u00e9es aux participant-es. Tout le monde pourra aussi proposer des sujets et hi\u00e9rarchiser ces d\u00e9fis et discussions \u00e0 venir sur une plateforme participative.&nbsp;<\/p>\n\n\n\n<p class=\"wp-block-paragraph\">Le dispositif d\u00e9j\u00e0 soutenu sur&nbsp;<a href=\"https:\/\/fr.ulule.com\/un-commun-accord\/\" target=\"_blank\" rel=\"noopener\"><strong>Ulule<\/strong><\/a>&nbsp;par plus de 119 000 personnes indemnisera les participant-es.&nbsp;<a href=\"https:\/\/www.respublica-conseil.fr\/\"><strong>Res Publica<\/strong><\/a>, un cabinet de conseil en concertation garantira aussi le bon d\u00e9roulement des \u00e9changes avec des expert-es, scientifiques, associations ainsi que l\u2019\u00e9laboration de recommandations citoyennes. Ce sera \u00e0 l\u2019Assembl\u00e9e citoyenne de d\u00e9cider ce qu\u2019iels voudront en faire \u00e0 la cl\u00f4ture du dispositif, juste avant l\u2019\u00e9lection pr\u00e9sidentielle. Sans aucune certitude que les candidat-es int\u00e9greront leurs conclusions aux programmes, Jean-Marc Jancovici esp\u00e8re, avec ce dispositif, garder l\u2019\u00e9cologie au centre des d\u00e9bats.<\/p>\n\n\n\n<p class=\"wp-block-paragraph\">Le panel se r\u00e9unira le week-end du 19 septembre prochain aux Arts et m\u00e9tiers \u00e0 Paris. Une semaine apr\u00e8s celui de la&nbsp;<a href=\"https:\/\/www.ouest-france.fr\/elections\/presidentielle\/elle-se-reunira-a-lille-a-la-rentree-une-convention-citoyenne-au-chevet-de-la-democratie-d8819770-711b-11f1-a0e7-4fa27dc4c816\"><strong>Convention citoyenne sur la d\u00e9mocratie<\/strong><\/a><strong>&nbsp;<\/strong>organis\u00e9e \u00e0 l\u2019Universit\u00e9 de Lille.&nbsp;\u00c9galement issue de la soci\u00e9t\u00e9 civile, cette assembl\u00e9e de co-d\u00e9cision r\u00e9unira citoyen-nes, expert-es et d\u00e9put\u00e9-es qui d\u00e9finiront ensemble de mesures de renouveau d\u00e9mocratique pour 2027. En cette rentr\u00e9e en campagne, la parole citoyenne va essayer de compter !<\/p>\n\n\n\n<figure class=\"wp-block-image aligncenter size-large is-resized\"><img decoding=\"async\" width=\"1024\" height=\"576\" src=\"https:\/\/mob-media.info\/wp-content\/uploads\/2026\/09\/Cube-participation-1024x576.png\" alt=\"\" class=\"wp-image-3314\" style=\"width:597px;height:auto\" srcset=\"https:\/\/mob-media.info\/wp-content\/uploads\/2026\/09\/Cube-participation-1024x576.png 1024w, https:\/\/mob-media.info\/wp-content\/uploads\/2026\/09\/Cube-participation-300x169.png 300w, https:\/\/mob-media.info\/wp-content\/uploads\/2026\/09\/Cube-participation-768x432.png 768w, https:\/\/mob-media.info\/wp-content\/uploads\/2026\/09\/Cube-participation-599x337.png 599w, https:\/\/mob-media.info\/wp-content\/uploads\/2026\/09\/Cube-participation-1200x675.png 1200w, https:\/\/mob-media.info\/wp-content\/uploads\/2026\/09\/Cube-participation.png 1280w\" sizes=\"(max-width: 1024px) 100vw, 1024px\" \/><\/figure>\n\n\n\n<h3 class=\"wp-block-heading\"><strong>2- Dans l\u2019Oise ou en Seine et Marne : y a pas moyen Data<\/strong><\/h3>\n\n\n\n<p class=\"wp-block-paragraph\">A Rantigny dans l\u2019Oise comme \u00e0 Fouju en Seine et Marne, le mois d\u2019ao\u00fbt est br\u00fblant, la s\u00e9cheresse ravage les champs et les projets de data centers font enrager les habitant-es.&nbsp;<a href=\"https:\/\/france3-regions.franceinfo.fr\/paris-ile-de-france\/c-est-10-a-15-fois-plus-gros-qu-un-data-center-classique-la-contestation-s-organise-contre-un-gigantesque-projet-de-centre-de-donnees-pour-l-ia-3407471.html\" target=\"_blank\" rel=\"noopener\"><strong>France 3<\/strong><\/a>&nbsp;a suivi la rencontre citoyenne de \u201cStop Campus IA\u201d face \u00e0 l\u2019un des plus gros projets europ\u00e9ens de centre de donn\u00e9es.&nbsp;<a href=\"https:\/\/reporterre.net\/Dans-l-Oise-l-opposition-grandit-contre-un-projet-de-data-centers-On-a-investi-dans-une\" target=\"_blank\" rel=\"noopener\"><strong>Reporterre<\/strong><\/a>&nbsp;a particip\u00e9 \u00e0 la cl\u00f4ture de l\u2019enqu\u00eate publique \u00e0 Rantigny pour d\u00e9cider de l\u2019ouverture de deux \u201cradiateurs g\u00e9ants\u201d \u00e0 horizon 2029. Deux salles, une seule ambiance et des constats d\u00e9mocratiques accablants.<\/p>\n\n\n\n<p class=\"wp-block-paragraph\">Les habitants ne semblent pas s\u00e9duits par l\u2019arriv\u00e9e de ces structures du num\u00e9rique dans des territoires ruraux tr\u00e8s attach\u00e9s \u00e0 leur agriculture, leur tranquillit\u00e9 ou leur environnement. Malgr\u00e9 des probables pollutions issues de ces centres de donn\u00e9es (PFAS), le r\u00e9chauffement des alentours (jusqu\u2019\u00e0 +2 degr\u00e9s) ou la forte consommation en eau de ces structures (3-4 piscines olympiques par an\u2026), les autorit\u00e9s vont de l\u2019avant. \u00c9lus, pr\u00e9fets, r\u00e9gions restent sourds \u00e0 la m\u00e9fiance populaire comme aux constats des experts environnementaux. Ils se cachent derri\u00e8re des enqu\u00eates publiques jug\u00e9es \u201cb\u00e2cl\u00e9es\u201d, trop courtes et pr\u00e9sentant \u201c<em>des anomalies<\/em>\u201d. Dans les deux d\u00e9partements, comme dans beaucoup de localit\u00e9s, comme \u00e0&nbsp;<a href=\"https:\/\/www.ouest-france.fr\/high-tech\/tout-un-projet-de-societe-que-lon-conteste-a-mulhouse-des-habitants-mobilises-contre-un-projet-de-data-center-3269e704-a300-11f1-94d9-ff4da0548a19\" target=\"_blank\" rel=\"noopener\"><strong>Mulhouse<\/strong><\/a>, les citoyen-nes ne comptent pas abandonner leur habitat \u00e0 la course \u00e0 l\u2019IA\u2026<\/p>\n\n\n\n<p class=\"wp-block-paragraph\">Et parfois, \u00e7a marche !<strong>&nbsp;<\/strong><a href=\"https:\/\/france3-regions.franceinfo.fr\/paris-ile-de-france\/seine-saint-denis\/c-est-une-opposition-de-la-population-par-rapport-a-la-qualite-de-vie-le-projet-de-data-center-au-bourget-annule-3394021.html\" target=\"_blank\" rel=\"noopener\"><strong>Au Bourget<\/strong><\/a>, le maire a soutenu le collectif local en lutte et le projet de data center a m\u00eame \u00e9t\u00e9 annul\u00e9.<\/p>\n\n\n\n<hr class=\"wp-block-separator has-text-color has-secondary-color has-alpha-channel-opacity has-secondary-background-color has-background is-style-wide\" style=\"margin-top:var(--wp--preset--spacing--small);margin-bottom:var(--wp--preset--spacing--small)\"\/>\n\n\n\n<h3 class=\"wp-block-heading\"><strong>3- Comment traiter les \u201cpetites\u201d candidatures pr\u00e9sidentielles ?<\/strong><\/h3>\n\n\n\n<p class=\"wp-block-paragraph\"><a href=\"https:\/\/lapresselibre.info\/arretsurimages\/presidentielle-2027-vous-aussi-portez-vous-officiellement-candidat\" target=\"_blank\" rel=\"noopener\"><strong>Arr\u00eat sur Images<\/strong><\/a>&nbsp;a bugg\u00e9 sur l\u2019annonce de candidature pr\u00e9sidentielle de Francis Lalanne (oui oui\u2026 avec Dieudonn\u00e9\u2026). Pas tellement pour ce qu\u2019elle est, une d\u00e9j\u00e0 trop vaste blague, mais pour le traitement m\u00e9diatique qui lui a \u00e9t\u00e9 r\u00e9serv\u00e9e. Contrairement \u00e0 Anasse Kazib, candidat trotskiste de R\u00e9volution permanente ayant obtenu 122 parrainages en 2022, Lalanne est \u201cofficiellement\u201d d\u00e9fini comme candidat d\u00e8s son annonce. Une divergence des traitements m\u00e9diatiques qui en dit long sur les in\u00e9galit\u00e9s entre les candidatures et relev\u00e9e en d\u00e9tails par Arr\u00eat sur images.<\/p>\n\n\n\n<p class=\"wp-block-paragraph\">C\u2019est un peu comme&nbsp;<a href=\"https:\/\/www.liberation.fr\/politique\/campagne-pour-2027-zut-le-medef-a-oublie-dinviter-lutte-ouvriere-a-son-debat-de-rentree-20260730_OGCZOTIOKFADPLD5I7MLRCB3M4\/?redirected=2472\" target=\"_blank\" rel=\"noopener\"><strong>le MEDEF qui se passe d\u2019inviter Nathalie Arthaud<\/strong><\/a>, candidate de Lutte ouvri\u00e8re, alors qu\u2019elle a de fortes chances d\u2019obtenir ses 500 parrainages comme en 2022, en 2017 et\u2026 en 2012. La hi\u00e9rarchie m\u00e9diatique des candidatures leur donne, ou non, un poids id\u00e9ologique dans les d\u00e9bats, une chance ou non d\u2019obtenir les parrainages pour entrer \u201cofficiellement\u201d dans la course.&nbsp;<\/p>\n\n\n\n<p class=\"wp-block-paragraph\"><a href=\"https:\/\/www.instagram.com\/reel\/Dak0GJ9NM2O\/\" target=\"_blank\" rel=\"noopener\"><strong>HugoD\u00e9crypte<\/strong><\/a>&nbsp;a, par exemple, fait ressortir la candidature quasi anonyme du jeune Manolo Mlekuz qui d\u00e9fend une assembl\u00e9e constituante pour r\u00e9former nos institutions. La vid\u00e9o a fait 5 millions de vues et ses r\u00e9seaux sociaux ont d\u00e9coll\u00e9. De quoi alimenter les d\u00e9bats plus que les clics faciles avec Francis Lalanne !<\/p>\n\n\n\n<figure class=\"wp-block-image aligncenter size-large is-resized\"><img decoding=\"async\" width=\"1024\" height=\"576\" src=\"https:\/\/mob-media.info\/wp-content\/uploads\/2026\/09\/Candidatures-alternatives-1024x576.png\" alt=\"\" class=\"wp-image-3315\" style=\"width:634px;height:auto\" srcset=\"https:\/\/mob-media.info\/wp-content\/uploads\/2026\/09\/Candidatures-alternatives-1024x576.png 1024w, https:\/\/mob-media.info\/wp-content\/uploads\/2026\/09\/Candidatures-alternatives-300x169.png 300w, https:\/\/mob-media.info\/wp-content\/uploads\/2026\/09\/Candidatures-alternatives-768x432.png 768w, https:\/\/mob-media.info\/wp-content\/uploads\/2026\/09\/Candidatures-alternatives-599x337.png 599w, https:\/\/mob-media.info\/wp-content\/uploads\/2026\/09\/Candidatures-alternatives-1200x675.png 1200w, https:\/\/mob-media.info\/wp-content\/uploads\/2026\/09\/Candidatures-alternatives.png 1280w\" sizes=\"(max-width: 1024px) 100vw, 1024px\" \/><\/figure>\n\n\n\n<p class=\"wp-block-paragraph\"><strong>4- Eduquer \u00e0 la mortalit\u00e9, c\u2019est faire soci\u00e9t\u00e9<\/strong><\/p>\n\n\n\n<p class=\"wp-block-paragraph\">C\u2019est la rentr\u00e9e, direction les salles de classe, le bureau, le ch\u00f4mage. En tout cas, un jour de plus vers la mort ! (<em>rires\u2026&nbsp;<\/em>?) Autant savoir en parler et appr\u00e9hender le concept d\u00e8s le jeune \u00e2ge, non ? A l\u2019image des&nbsp;<a href=\"https:\/\/mob-media.info\/index.php\/2025\/12\/09\/cooperative-funeraire-mortel\/\" target=\"_blank\" rel=\"noopener\"><strong>Caf\u00e9s mortels rennais dont on avait fait un reportage<\/strong><\/a>, des enseignants se sont lanc\u00e9s dans \u201cl\u2019\u00e9ducation \u00e0 la mortalit\u00e9\u201d dans l\u2019Yonne, raconte&nbsp;<a href=\"https:\/\/www.politis.fr\/articles\/2026\/08\/education-au-college-des-ateliers-deducation-a-la-mortalite\/\" target=\"_blank\" rel=\"noopener\"><strong>Politis<\/strong><\/a>. Un espace d\u2019\u00e9change sur notre finitude, jug\u00e9 salutaire par les \u00e9l\u00e8ves participants et d\u00e9mocratique par le personnel \u00e9ducatif. Eduquer \u00e0 notre propre finitude comme \u00e0 celle du Vivant ouvre les r\u00e9flexions \u00e9cologiques, fraternelles, des chemins d\u2019universalit\u00e9 peu explor\u00e9s en France. La mort, le deuil, sont des exp\u00e9riences collectives, des portes d\u2019entr\u00e9e parall\u00e8les \u00e0 la citoyennet\u00e9.<\/p>\n\n\n\n<p class=\"wp-block-paragraph\">Une possibilit\u00e9 qui interroge aussi\u00a0<a href=\"https:\/\/lenouveauparadigme.fr\/cette-annee-lecole-apprendra-a-gerer-son-argent-mais-apprendra-t-elle-a-mieux-et-moins-consommer\/\" target=\"_blank\" rel=\"noopener\"><strong>Le nouveau paradigme<\/strong><\/a>\u00a0mais c\u00f4t\u00e9 \u201cArgent\u201d. Tous les \u00e9l\u00e8ves de quatri\u00e8me vont s\u2019initier \u00e0 des rudiments d\u2019\u00e9conomie, du moins de gestion de leurs premi\u00e8res d\u00e9penses. On va apprendre \u00e0 nos jeunes \u00e0 consommer mais pas forc\u00e9ment \u00e0 comprendre la nature des d\u00e9penses, la part de TVA (donc d\u2019imp\u00f4ts) dans nos achats, la finance verte ou juste l\u2019importance de r\u00e9guler ses envies de consommation. Mort, argent ou m\u00eame sexualit\u00e9 reviennent quoi qu\u2019il en soit, un peu toujours, \u00e0 parler de citoyennet\u00e9. Dommage qu\u2019on y accorde si peu de temps dans les programmes.<\/p>\n\n\n\n<h2 class=\"wp-block-heading has-light-background-color has-secondary-background-color has-text-color has-background has-link-color wp-elements-2\"><strong>Les recommandations de la r\u00e9dac<\/strong><\/h2>\n\n\n\n<div class=\"wp-block-columns is-layout-flex wp-container-core-columns-is-layout-0e47273b wp-block-columns-is-layout-flex\">\n<div class=\"wp-block-column is-layout-flow wp-block-column-is-layout-flow\">\n<p class=\"wp-block-paragraph\"><strong>Faire le job (Matthias Vaysse, 2026)<\/strong><\/p>\n\n\n\n<p class=\"wp-block-paragraph\"><a href=\"https:\/\/www.arte.tv\/fr\/videos\/125547-004-A\/faire-le-job-4-4\/\" target=\"_blank\" rel=\"noopener\"><strong>Faire le job<\/strong><\/a>&nbsp;est une s\u00e9rie courte \u00e0 retrouver sur Arte. Une porte d\u2019entr\u00e9e accessible dans les r\u00e9flexions sur la place du travail dans nos vies, des relations qui le fa\u00e7onnent comme des possibilit\u00e9s de faire autrement.<\/p>\n\n\n\n<p class=\"wp-block-paragraph\">Du management toxique \u00e0 la possibilit\u00e9 d\u2019un travail \u00e9cologique, \u00e7a se d\u00e9vore en une heure avant d\u2019aller creuser ce qui se fait par ailleurs dans les SCOP et SCIC partout en France par exemple !<\/p>\n<\/div>\n\n\n\n<div class=\"wp-block-column is-layout-flow wp-block-column-is-layout-flow\">\n<figure class=\"wp-block-image aligncenter size-full is-resized\"><a href=\"https:\/\/www.arte.tv\/fr\/videos\/125547-004-A\/faire-le-job-4-4\/\" target=\"_blank\" rel=\" noopener\"><img loading=\"lazy\" decoding=\"async\" width=\"428\" height=\"568\" src=\"https:\/\/mob-media.info\/wp-content\/uploads\/2026\/09\/faire-le-job.png\" alt=\"\" class=\"wp-image-3316\" style=\"aspect-ratio:0.7535401750198886;width:318px;height:auto\" srcset=\"https:\/\/mob-media.info\/wp-content\/uploads\/2026\/09\/faire-le-job.png 428w, https:\/\/mob-media.info\/wp-content\/uploads\/2026\/09\/faire-le-job-226x300.png 226w\" sizes=\"(max-width: 428px) 100vw, 428px\" \/><\/a><\/figure>\n<\/div>\n<\/div>\n\n\n\n<div class=\"wp-block-columns is-layout-flex wp-container-core-columns-is-layout-0e47273b wp-block-columns-is-layout-flex\">\n<div class=\"wp-block-column is-layout-flow wp-block-column-is-layout-flow\">\n<figure class=\"wp-block-image aligncenter size-large is-resized\"><a href=\"https:\/\/www.helloasso.com\/associations\/fake-off\/collectes\/1-for-the-planet-double-votre-don-2026?_gl=1%2artavcw%2a_gcl_aw%2aR0NMLjE3ODcyOTUwODQuQ2p3S0NBand5NXJVQmhCNUVpd0FJb0F0Q2s5MUFEREV0TW5fNWI0cl9rejhPWERwM3FzYjY4SGhIcG03U2tWaGQyU2x4MmtjTFNDSDZSb0NCU0VRQXZEX0J3RQ..%2a_gcl_au%2aMTk0NzUxNzM0OC4xNzgyMjkyNjM0Li0uLS4xNzg2NTk3OTY2LjUzODk3MTkyOC4xNzg3Mjk1MDkwLjE3ODcyOTUwOTM\" target=\"_blank\" rel=\" noopener\"><img loading=\"lazy\" decoding=\"async\" width=\"819\" height=\"1024\" src=\"https:\/\/mob-media.info\/wp-content\/uploads\/2026\/09\/Copie-de-\ud83c\udfa8Visuels_associations_personnalisable_dons-doubles_RPP20261-819x1024.png\" alt=\"\" class=\"wp-image-3317\" style=\"aspect-ratio:0.7998232434821034;width:314px;height:auto\" srcset=\"https:\/\/mob-media.info\/wp-content\/uploads\/2026\/09\/Copie-de-\ud83c\udfa8Visuels_associations_personnalisable_dons-doubles_RPP20261-819x1024.png 819w, https:\/\/mob-media.info\/wp-content\/uploads\/2026\/09\/Copie-de-\ud83c\udfa8Visuels_associations_personnalisable_dons-doubles_RPP20261-240x300.png 240w, https:\/\/mob-media.info\/wp-content\/uploads\/2026\/09\/Copie-de-\ud83c\udfa8Visuels_associations_personnalisable_dons-doubles_RPP20261-768x960.png 768w, https:\/\/mob-media.info\/wp-content\/uploads\/2026\/09\/Copie-de-\ud83c\udfa8Visuels_associations_personnalisable_dons-doubles_RPP20261-600x750.png 600w, https:\/\/mob-media.info\/wp-content\/uploads\/2026\/09\/Copie-de-\ud83c\udfa8Visuels_associations_personnalisable_dons-doubles_RPP20261.png 1080w\" sizes=\"(max-width: 819px) 100vw, 819px\" \/><\/a><\/figure>\n<\/div>\n\n\n\n<div class=\"wp-block-column is-layout-flow wp-block-column-is-layout-flow\">\n<p class=\"wp-block-paragraph\"><a href=\"https:\/\/www.helloasso.com\/associations\/fake-off\/collectes\/1-for-the-planet-double-votre-don-2026?_gl=1%2artavcw%2a_gcl_aw%2aR0NMLjE3ODcyOTUwODQuQ2p3S0NBand5NXJVQmhCNUVpd0FJb0F0Q2s5MUFEREV0TW5fNWI0cl9rejhPWERwM3FzYjY4SGhIcG03U2tWaGQyU2x4MmtjTFNDSDZSb0NCU0VRQXZEX0J3RQ..%2a_gcl_au%2aMTk0NzUxNzM0OC4xNzgyMjkyNjM0Li0uLS4xNzg2NTk3OTY2LjUzODk3MTkyOC4xNzg3Mjk1MDkwLjE3ODcyOTUwOTM\" target=\"_blank\" rel=\"noopener\"><strong>Fake Off\u00a0<\/strong><\/a>s\u2019attaque \u00e0 la d\u00e9sinformation climatique et monte des ateliers d\u2019\u00e9ducation aux m\u00e9dias (EMI) \u00e0 destination des jeunes sur le sujet. Forts de leur exp\u00e9rience en EMI et d\u2019une \u00e9quipe de journalistes aguerris (dont certain-es de MOB !), ils ont besoin de notre soutien pour lancer ce projet \u00e9colo-\u00e9ducatif !<\/p>\n\n\n\n<p class=\"wp-block-paragraph\">Et pour l\u2019occasion l\u2019association&nbsp;<a href=\"https:\/\/www.onepercentfortheplanet.fr\/\" target=\"_blank\" rel=\"noopener\"><strong>1% for the planet double votre don<\/strong><\/a>&nbsp;(jusqu\u2019\u00e0 3000\u20ac\/asso soutenue). Puis globalement, Fake Off comme le&nbsp;<a href=\"https:\/\/www.bondyblog.fr\/category\/education-aux-medias\/\" target=\"_blank\" rel=\"noopener\"><strong>Bondy Blog<\/strong><\/a>&nbsp;participent \u00e0 l\u2019empouvoirement m\u00e9diatique des jeunes, et \u00e7a c\u2019est tr\u00e8s cool.<\/p>\n\n\n\n<p class=\"wp-block-paragraph\"><\/p>\n<\/div>\n<\/div>\n\n\n\n<p class=\"wp-block-paragraph\">A la semaine prochaine pour plus d\u2019actus d\u00e9mocratiques. Et, en attendant,&nbsp;prenez soin de vous,<\/p>\n\n\n\n<p class=\"wp-block-paragraph\">&#8211;<\/p>\n\n\n\n<p class=\"wp-block-paragraph\"><strong>L&rsquo;\u00e9quipe MOB<\/strong><\/p>\n\n\n\n<h3 class=\"wp-block-heading has-text-align-center has-white-color has-secondary-background-color has-text-color has-background has-link-color wp-elements-3\">Et pour ne rien rater de nos contenus, on vous propose une newsletter toutes les semaines,                           pour s&rsquo;abonner :<\/h3>\n\n\n\n<div class=\"wp-block-columns has-secondary-background-color has-background is-layout-flex wp-container-core-columns-is-layout-0e47273b wp-block-columns-is-layout-flex\">\n<div class=\"wp-block-column is-layout-flow wp-block-column-is-layout-flow\">\n<figure class=\"wp-block-image size-large is-resized is-style-default\"><a href=\"https:\/\/mob-media.us21.list-manage.com\/subscribe?u=8a80eecf9dcb7e85d7c18aa10&amp;id=a2edb6c814\" target=\"_blank\" rel=\" noreferrer noopener\"><img loading=\"lazy\" decoding=\"async\" width=\"840\" height=\"1024\" src=\"https:\/\/mob-media.info\/wp-content\/uploads\/2026\/03\/Newsletter-modele-e1775037288407-840x1024.png\" alt=\"\" class=\"wp-image-2564\" style=\"aspect-ratio:0.8203059873486;width:334px;height:auto\" srcset=\"https:\/\/mob-media.info\/wp-content\/uploads\/2026\/03\/Newsletter-modele-e1775037288407-840x1024.png 840w, https:\/\/mob-media.info\/wp-content\/uploads\/2026\/03\/Newsletter-modele-e1775037288407-246x300.png 246w, https:\/\/mob-media.info\/wp-content\/uploads\/2026\/03\/Newsletter-modele-e1775037288407-768x936.png 768w, https:\/\/mob-media.info\/wp-content\/uploads\/2026\/03\/Newsletter-modele-e1775037288407-600x731.png 600w, https:\/\/mob-media.info\/wp-content\/uploads\/2026\/03\/Newsletter-modele-e1775037288407.png 1075w\" sizes=\"(max-width: 840px) 100vw, 840px\" \/><\/a><\/figure>\n<\/div>\n\n\n\n<div class=\"wp-block-column is-layout-flow wp-block-column-is-layout-flow\"><script>(function() {\n\twindow.mc4wp = window.mc4wp || {\n\t\tlisteners: [],\n\t\tforms: {\n\t\t\ton: function(evt, cb) {\n\t\t\t\twindow.mc4wp.listeners.push(\n\t\t\t\t\t{\n\t\t\t\t\t\tevent   : evt,\n\t\t\t\t\t\tcallback: cb\n\t\t\t\t\t}\n\t\t\t\t);\n\t\t\t}\n\t\t}\n\t}\n})();\n<\/script><!-- Mailchimp for WordPress v4.12.5 - https:\/\/wordpress.org\/plugins\/mailchimp-for-wp\/ --><form id=\"mc4wp-form-1\" class=\"mc4wp-form mc4wp-form-2563\" method=\"post\" data-id=\"2563\" data-name=\"Je m&#039;abonne \u00e0 la newsletter !\" data-typo-check=\"1\" ><div class=\"mc4wp-form-fields\"><\/p>\r\n<p>\r\n    <label>Pr\u00e9nom<\/label>\r\n    <input type=\"text\" name=\"FNAME\" autocomplete=\"given-name\">\r\n<\/p>\r\n<p>\r\n    <label>Nom de famille<\/label>\r\n    <input type=\"text\" name=\"LNAME\" autocomplete=\"family-name\">\r\n<\/p>\r\n<p>\r\n\t<label for=\"email\">Adresse e-mail: \r\n\t\t<input type=\"email\" id=\"email\" name=\"EMAIL\" placeholder=\"Votre adresse e-mail\" autocomplete=\"email\" required>\r\n\t<\/label>\r\n<\/p>\r\n\r\n<input type=\"hidden\" name=\"procaptcha\">\r\n\r\n\r\n<p>\r\n\t<input type=\"submit\" value=\"Je m'abonne\">\r\n<\/p><\/div><label style=\"display: none !important;\">Laissez ce champ vide si vous \u00eates humain\u00a0: <input type=\"text\" name=\"_mc4wp_honeypot\" value=\"\" tabindex=\"-1\" autocomplete=\"off\" \/><\/label><input type=\"hidden\" name=\"_mc4wp_timestamp\" value=\"1788330003\" \/><input type=\"hidden\" name=\"_mc4wp_form_id\" value=\"2563\" \/><input type=\"hidden\" name=\"_mc4wp_form_element_id\" value=\"mc4wp-form-1\" \/><div class=\"mc4wp-response\"><\/div><\/form><!-- \/ Mailchimp for WordPress Plugin --><\/div>\n<\/div>\n","protected":false},"excerpt":{"rendered":"<p>Assembl\u00e9es citoyennes, data centers, candida-tour et \u00e9ducation mortelle &#8211; 01\/09\/26 Jean-Marc Jancovici lance une Assembl\u00e9e citoyenne ambitieuse, et d\u00e9j\u00e0 tr\u00e8s suivie et \u00e7a va faire du bien \u00e0 la campagne pr\u00e9sidentielle (1.). Plus localement, de nombreux collectifs d\u2019habitants ruraux d\u00e9fendent leur territoire contre l\u2019arriv\u00e9e, non-consentie, de gros data centers probl\u00e9matiques (2.). Francis Lalanne joue aux &hellip; <\/p>\n<p class=\"link-more\"><a href=\"https:\/\/mob-media.info\/index.php\/2026\/09\/01\/assemblees-citoyennes-data-centers-presidentielle-education\/\" class=\"more-link\">Lire la suite de<span class=\"screen-reader-text\">\u00ab\u00a0Assembl\u00e9es citoyennes, data centers, candidatour et \u00e9ducation mortelle\u00a0\u00bb<\/span><\/a><\/p>\n","protected":false},"author":1,"featured_media":3320,"comment_status":"closed","ping_status":"open","sticky":false,"template":"","format":"standard","meta":{"footnotes":""},"categories":[9,68,10,13],"tags":[234,235,208,86,223,49],"class_list":["post-3312","post","type-post","status-publish","format-standard","has-post-thumbnail","hentry","category-ecole","category-infolettre","category-medias","category-participation-citoyenne","tag-assemblee-citoyenne","tag-candidature","tag-democratie-directe","tag-education","tag-participation","tag-presidentielle"],"featured_media_urls":{"thumbnail":["https:\/\/mob-media.info\/wp-content\/uploads\/2026\/09\/Une-site-actus-e1788258699763-150x150.png",150,150,true],"medium":["https:\/\/mob-media.info\/wp-content\/uploads\/2026\/09\/Une-site-actus-e1788258699763-215x300.png",215,300,true],"medium_large":["https:\/\/mob-media.info\/wp-content\/uploads\/2026\/09\/Une-site-actus-e1788258699763-768x1070.png",768,1070,true],"large":["https:\/\/mob-media.info\/wp-content\/uploads\/2026\/09\/Une-site-actus-e1788258699763-735x1024.png",735,1024,true],"1536x1536":["https:\/\/mob-media.info\/wp-content\/uploads\/2026\/09\/Une-site-actus-e1788258699763.png",1080,1504,false],"2048x2048":["https:\/\/mob-media.info\/wp-content\/uploads\/2026\/09\/Une-site-actus-e1788258699763.png",1080,1504,false],"inspiro-featured-image":["https:\/\/mob-media.info\/wp-content\/uploads\/2026\/09\/Une-site-actus-e1788258699763.png",1080,1504,false],"inspiro-loop":["https:\/\/mob-media.info\/wp-content\/uploads\/2026\/09\/Une-site-actus-e1788258699763-950x320.png",950,320,true],"inspiro-loop@2x":["https:\/\/mob-media.info\/wp-content\/uploads\/2026\/09\/Une-site-actus-e1788258699763-1080x640.png",1080,640,true],"portfolio_item-thumbnail":["https:\/\/mob-media.info\/wp-content\/uploads\/2026\/09\/Une-site-actus-e1788258699763-600x400.png",600,400,true],"portfolio_item-thumbnail@2x":["https:\/\/mob-media.info\/wp-content\/uploads\/2026\/09\/Une-site-actus-e1788258699763-1080x800.png",1080,800,true],"portfolio_item-masonry":["https:\/\/mob-media.info\/wp-content\/uploads\/2026\/09\/Une-site-actus-e1788258699763-600x836.png",600,836,true],"portfolio_item-masonry@2x":["https:\/\/mob-media.info\/wp-content\/uploads\/2026\/09\/Une-site-actus-e1788258699763.png",1080,1504,false],"portfolio_item-thumbnail_cinema":["https:\/\/mob-media.info\/wp-content\/uploads\/2026\/09\/Une-site-actus-e1788258699763-800x335.png",800,335,true],"portfolio_item-thumbnail_portrait":["https:\/\/mob-media.info\/wp-content\/uploads\/2026\/09\/Une-site-actus-e1788258699763-600x900.png",600,900,true],"portfolio_item-thumbnail_portrait@2x":["https:\/\/mob-media.info\/wp-content\/uploads\/2026\/09\/Une-site-actus-e1788258699763.png",1080,1504,false],"portfolio_item-thumbnail_square":["https:\/\/mob-media.info\/wp-content\/uploads\/2026\/09\/Une-site-actus-e1788258699763-800x800.png",800,800,true]},"_links":{"self":[{"href":"https:\/\/mob-media.info\/index.php\/wp-json\/wp\/v2\/posts\/3312","targetHints":{"allow":["GET"]}}],"collection":[{"href":"https:\/\/mob-media.info\/index.php\/wp-json\/wp\/v2\/posts"}],"about":[{"href":"https:\/\/mob-media.info\/index.php\/wp-json\/wp\/v2\/types\/post"}],"author":[{"embeddable":true,"href":"https:\/\/mob-media.info\/index.php\/wp-json\/wp\/v2\/users\/1"}],"replies":[{"embeddable":true,"href":"https:\/\/mob-media.info\/index.php\/wp-json\/wp\/v2\/comments?post=3312"}],"version-history":[{"count":2,"href":"https:\/\/mob-media.info\/index.php\/wp-json\/wp\/v2\/posts\/3312\/revisions"}],"predecessor-version":[{"id":3319,"href":"https:\/\/mob-media.info\/index.php\/wp-json\/wp\/v2\/posts\/3312\/revisions\/3319"}],"wp:featuredmedia":[{"embeddable":true,"href":"https:\/\/mob-media.info\/index.php\/wp-json\/wp\/v2\/media\/3320"}],"wp:attachment":[{"href":"https:\/\/mob-media.info\/index.php\/wp-json\/wp\/v2\/media?parent=3312"}],"wp:term":[{"taxonomy":"category","embeddable":true,"href":"https:\/\/mob-media.info\/index.php\/wp-json\/wp\/v2\/categories?post=3312"},{"taxonomy":"post_tag","embeddable":true,"href":"https:\/\/mob-media.info\/index.php\/wp-json\/wp\/v2\/tags?post=3312"}],"curies":[{"name":"wp","href":"https:\/\/api.w.org\/{rel}","templated":true}]}}