{"id":599,"date":"2024-10-31T16:41:13","date_gmt":"2024-10-31T15:41:13","guid":{"rendered":"https:\/\/mob-media.info\/?p=599"},"modified":"2025-11-18T19:33:09","modified_gmt":"2025-11-18T18:33:09","slug":"assemblee-citoyenne-1-4-a-poitiers-le-tirage-au-sort-rassemble","status":"publish","type":"post","link":"https:\/\/mob-media.info\/index.php\/2024\/10\/31\/assemblee-citoyenne-1-4-a-poitiers-le-tirage-au-sort-rassemble\/","title":{"rendered":"Assembl\u00e9e citoyenne (1\/4) &#8211; \u00c0 Poitiers, le tirage au sort rassemble"},"content":{"rendered":"\n<h2 class=\"wp-block-heading has-white-color has-luminous-vivid-orange-background-color has-text-color has-background has-link-color wp-elements-75320e69d7852879db3cd2fd260c447c\">ASSEMBL\u00c9E CITOYENNE (1\/4) &#8211; \u00c0 POITIERS, LE TIRAGE AU SORT RASSEMBLE &#8211; 31\/10\/24<\/h2>\n\n\n\n<p>Des \u00e9lus, des fonctionnaires et des citoyens qui travaillent mains dans la main pour am\u00e9liorer une ville de plus de 100 000 habitants, est-ce que c\u2019est possible&nbsp;? C\u2019est en tout cas le pari de Poitiers avec leur <a href=\"https:\/\/www.poitiers.fr\/lassemblee-citoyenne-et-populaire-quest-ce-que-cest\">Assembl\u00e9e citoyenne et populaire<\/a>. Une liste citoyenne a remport\u00e9 la mairie en 2020, Poitiers Collectif, et depuis deux ans, ils exp\u00e9rimentent cette assembl\u00e9e tir\u00e9e au sort. <\/p>\n\n\n\n<p>Une tentative pour renouer la confiance entre les \u00e9lus, donc la classe politique et les citoyens mais aussi d\u2019am\u00e9liorer la ville o\u00f9 toutes et tous habitent par une vraie d\u00e9cision collective. Un dispositif de d\u00e9mocratie participative qui a fait ses preuves et qu\u2019on a donc voulu raconter.<\/p>\n\n\n\n<figure class=\"wp-block-embed is-type-video is-provider-youtube wp-block-embed-youtube wp-embed-aspect-16-9 wp-has-aspect-ratio\"><div class=\"wp-block-embed__wrapper\">\n<iframe title=\"Assembl\u00e9e citoyenne - \u00c0 Poitiers, le tirage au sort rassemble  (1\/4)\" width=\"950\" height=\"534\" src=\"https:\/\/www.youtube.com\/embed\/_TIF2w_VhBI?start=7&#038;feature=oembed\" frameborder=\"0\" allow=\"accelerometer; autoplay; clipboard-write; encrypted-media; gyroscope; picture-in-picture; web-share\" referrerpolicy=\"strict-origin-when-cross-origin\" allowfullscreen><\/iframe>\n<\/div><\/figure>\n\n\n\n<p>50 citoyens \u00e9taient invit\u00e9s mi-octobre \u00e0 participer avec des gens de la mairie \u00e0 la 2<sup>\u00e8me<\/sup> \u00e9dition. Le premier de 4 week-end pour d\u00e9cider, ensemble, d\u2019une grande mesure publique et populaire qui devra \u00eatre appliqu\u00e9e par la mairie. La 1<sup>\u00e8re<\/sup> assembl\u00e9e avait, par exemple, d\u00e9cid\u00e9 fin 2023 de lutter contre les incivilit\u00e9s dans l\u2019espace public. Supervis\u00e9s par <a href=\"https:\/\/www.frequencecommune.fr\/\">Fr\u00e9quence commune<\/a> dont on vous a parl\u00e9 r\u00e9cemment et qui s\u2019assure de la bonne organisation de tout cela.<\/p>\n\n\n\n<p>Dans ce premier \u00e9pisode de notre s\u00e9rie sur le sujet, on a assist\u00e9 au lancement de cette nouvelle Assembl\u00e9e. Un reportage pour mieux comprendre l\u2019int\u00e9r\u00eat pour la mairie de l\u2019organiser et pour les citoyens d\u2019y participer. A la recherche d\u2019un nouveau sujet pour am\u00e9liorer le quotidien des habitants.<\/p>\n\n\n\n<p class=\"has-white-color has-luminous-vivid-orange-background-color has-text-color has-background has-link-color wp-elements-cdd38aae4b59b0cac167d2f097800de9\"><em>On a les trois acteurs de la d\u00e9mocratie locale : les citoyens tir\u00e9s au sort, les agents et les \u00e9lus. Et apr\u00e8s tout le monde peut venir. Tous les habitants, tous les curieux qui ont envie d&rsquo;exp\u00e9rimenter une d\u00e9mocratie plus d\u00e9lib\u00e9rative.<\/em> <em>L&rsquo;objectif c&rsquo;est d&rsquo;accompagner la possibilit\u00e9 de participer. <\/em><strong>Ombelyne Dagicour, adjointe \u00e0 la d\u00e9mocratie locale \u00e0 Poitiers<\/strong><\/p>\n\n\n\n<p>Ils sont nombreuses et nombreux \u00e0 participer \u00e0 cette premi\u00e8re r\u00e9union fin octobre. Toutes et tous n&rsquo;ont pas \u00e9t\u00e9 tir\u00e9 au sort, contrairement \u00e0 ce qui \u00e9tait pr\u00e9vu pour ce lancement. Mady en a entendu parl\u00e9 \u00e0 la sortie de l&rsquo;\u00e9cole par une autre maman de son quartier. Et \u00e7a l&rsquo;a tout de suite int\u00e9ress\u00e9e. Geoffrey, lui, a suivi sa campagne qui avait ouvert aux \u00e9lus de Poitiers lors de leur session de porte \u00e0 porte. Si la m\u00e9thodologie du tirage au sort est un peu brouillonne, le panel citoyen pr\u00e9sent lors de cette rencontre est diversifi\u00e9. M\u00eame si les jeunes y sont peu repr\u00e9sent\u00e9s.<\/p>\n\n\n\n<p>Beaucoup d&rsquo;exercices pour briser la glace lors de la soir\u00e9e d&rsquo;inauguration, le but \u00e9tant de faire connaissance et de d\u00e9tendre l&rsquo;atmosph\u00e8re entre des citoyens\/habitants, des agents de la ville et des \u00e9lus dispers\u00e9s dans la petite foule. Le travail de fond commencera doucement en fin de soir\u00e9e et continuera le lendemain pour faire \u00e9merger une dizaine de proposition concr\u00e8tes \u00e0 soumettre \u00e0 l&rsquo;Assembl\u00e9e ouverte le 16 novembre. <\/p>\n\n\n\n<p class=\"has-white-color has-luminous-vivid-orange-background-color has-text-color has-background has-link-color wp-elements-7e1b5c76f2acdaba7a7db0d775e181bb\"><em>On veut faire en sorte que ce qui ressorte de l&rsquo;assembl\u00e9e citoyenne ce ne soit pas que des belles paroles et des voeux pieux. Notre assembl\u00e9e mixte est le gage d&rsquo;une r\u00e9ussite dans l&rsquo;ex\u00e9cution et dans la r\u00e9alisation parce qu&rsquo;il n&rsquo;y a pas de blocages.<\/em> <em>La participation citoyenne g\u00e9n\u00e8re de la frustration quand elle est uniquement consultative. Donc, nous ce qu&rsquo;on attend de cette assembl\u00e9e c&rsquo;est peut-\u00eatre des sujets plus resserr\u00e9s mais r\u00e9alisables. <\/em><strong>Ombelyne Dagicour, adjointe \u00e0 la d\u00e9mocratie locale \u00e0 Poitiers<\/strong><\/p>\n\n\n\n<p class=\"has-white-color has-vivid-purple-background-color has-text-color has-background has-link-color wp-elements-fdf13927c46efdfa8f8c854285df5434\"><em>Moi je suis Gilet jaune donc des assembl\u00e9es populaires, j&rsquo;en ai fait ! Je me suis remis \u00e0 voter il n&rsquo;y a pas si longtemps. Mais l\u00e0, que des politiques me permettent de m&rsquo;exprimer \u00e7a m&rsquo;a redonn\u00e9 confiance. Et c&rsquo;est pour \u00e7a que je suis l\u00e0 aussi, pour parler aux gens et leur dire : \u00ab\u00a0ayez confiance\u00a0\u00bb.<\/em> <strong>Patrick, participant \u00e0 la 1\u00e8re Assembl\u00e9e citoyenne et populaire de Poitiers<\/strong> <\/p>\n\n\n\n<p>Que Patrick, un gilet jaune et abstentionniste convaincu devienne le porte-parole d\u2019une mairie de ville moyenne et donc de ses \u00e9lus, c\u2019est vraiment la preuve qu\u2019il se passe quelque chose de fort dans ces assembl\u00e9es. Et on l\u2019a vu, pass\u00e9 la timidit\u00e9, chacun chacune s\u2019empare des sujets, accepte les conseils des agents de la mairie et des \u00e9lus et se questionne sur la chose la plus importante \u00e0 am\u00e9liorer dans leur ville. Cet \u00e9quilibre est assur\u00e9 par Fr\u00e9quence Commune qui mod\u00e8re avec bienveillance ces \u00e9changes et oriente tout ce petit monde vers la recherche de solutions applicables. Le tirage au sort fonctionne, m\u00eame si il n\u2019est pas consciencieusement respect\u00e9. Le mix entre citoyens, fonctionnaires et agents aussi et chacun y trouve sa place.<\/p>\n\n\n\n<p>Rendez-vous le 16 novembre en Assembl\u00e9e ouverte \u00e0 tous les habitants de Poitiers pour<a href=\"https:\/\/mob-media.info\/index.php\/2025\/01\/30\/assemblee-citoyenne-2-4-arbitrer-la-decision-politique\/\" target=\"_blank\" rel=\"noreferrer noopener\"> notre deuxi\u00e8me \u00e9pisode<\/a>. On verra comment ils font pour choisir, ensemble, en bonne intelligence collective, parmi les 10 propositions retenues \u00e0 la premi\u00e8re session.<\/p>\n\n\n\n<p>&#8211;<\/p>\n\n\n\n<p><strong>R\u00e9alisation et montage : Elliot Clarke<\/strong><\/p>\n","protected":false},"excerpt":{"rendered":"<p>ASSEMBL\u00c9E CITOYENNE (1\/4) &#8211; \u00c0 POITIERS, LE TIRAGE AU SORT RASSEMBLE &#8211; 31\/10\/24 Des \u00e9lus, des fonctionnaires et des citoyens qui travaillent mains dans la main pour am\u00e9liorer une ville de plus de 100 000 habitants, est-ce que c\u2019est possible&nbsp;? C\u2019est en tout cas le pari de Poitiers avec leur Assembl\u00e9e citoyenne et populaire. Une &hellip; <\/p>\n<p class=\"link-more\"><a href=\"https:\/\/mob-media.info\/index.php\/2024\/10\/31\/assemblee-citoyenne-1-4-a-poitiers-le-tirage-au-sort-rassemble\/\" class=\"more-link\">Lire la suite de<span class=\"screen-reader-text\">\u00ab\u00a0Assembl\u00e9e citoyenne (1\/4) &#8211; \u00c0 Poitiers, le tirage au sort rassemble\u00a0\u00bb<\/span><\/a><\/p>\n","protected":false},"author":1,"featured_media":601,"comment_status":"closed","ping_status":"open","sticky":false,"template":"","format":"standard","meta":{"footnotes":""},"categories":[5,13,4],"tags":[],"class_list":["post-599","post","type-post","status-publish","format-standard","has-post-thumbnail","hentry","category-institutions","category-participation-citoyenne","category-video"],"featured_media_urls":{"thumbnail":["https:\/\/mob-media.info\/wp-content\/uploads\/2024\/10\/maxresCarre-150x150.png",150,150,true],"medium":["https:\/\/mob-media.info\/wp-content\/uploads\/2024\/10\/maxresCarre-300x300.png",300,300,true],"medium_large":["https:\/\/mob-media.info\/wp-content\/uploads\/2024\/10\/maxresCarre.png",450,450,false],"large":["https:\/\/mob-media.info\/wp-content\/uploads\/2024\/10\/maxresCarre.png",450,450,false],"1536x1536":["https:\/\/mob-media.info\/wp-content\/uploads\/2024\/10\/maxresCarre.png",450,450,false],"2048x2048":["https:\/\/mob-media.info\/wp-content\/uploads\/2024\/10\/maxresCarre.png",450,450,false],"inspiro-featured-image":["https:\/\/mob-media.info\/wp-content\/uploads\/2024\/10\/maxresCarre.png",450,450,false],"inspiro-loop":["https:\/\/mob-media.info\/wp-content\/uploads\/2024\/10\/maxresCarre-450x320.png",450,320,true],"inspiro-loop@2x":["https:\/\/mob-media.info\/wp-content\/uploads\/2024\/10\/maxresCarre.png",450,450,false],"portfolio_item-thumbnail":["https:\/\/mob-media.info\/wp-content\/uploads\/2024\/10\/maxresCarre-450x400.png",450,400,true],"portfolio_item-thumbnail@2x":["https:\/\/mob-media.info\/wp-content\/uploads\/2024\/10\/maxresCarre.png",450,450,false],"portfolio_item-masonry":["https:\/\/mob-media.info\/wp-content\/uploads\/2024\/10\/maxresCarre.png",450,450,false],"portfolio_item-masonry@2x":["https:\/\/mob-media.info\/wp-content\/uploads\/2024\/10\/maxresCarre.png",450,450,false],"portfolio_item-thumbnail_cinema":["https:\/\/mob-media.info\/wp-content\/uploads\/2024\/10\/maxresCarre-450x335.png",450,335,true],"portfolio_item-thumbnail_portrait":["https:\/\/mob-media.info\/wp-content\/uploads\/2024\/10\/maxresCarre.png",450,450,false],"portfolio_item-thumbnail_portrait@2x":["https:\/\/mob-media.info\/wp-content\/uploads\/2024\/10\/maxresCarre.png",450,450,false],"portfolio_item-thumbnail_square":["https:\/\/mob-media.info\/wp-content\/uploads\/2024\/10\/maxresCarre.png",450,450,false]},"_links":{"self":[{"href":"https:\/\/mob-media.info\/index.php\/wp-json\/wp\/v2\/posts\/599","targetHints":{"allow":["GET"]}}],"collection":[{"href":"https:\/\/mob-media.info\/index.php\/wp-json\/wp\/v2\/posts"}],"about":[{"href":"https:\/\/mob-media.info\/index.php\/wp-json\/wp\/v2\/types\/post"}],"author":[{"embeddable":true,"href":"https:\/\/mob-media.info\/index.php\/wp-json\/wp\/v2\/users\/1"}],"replies":[{"embeddable":true,"href":"https:\/\/mob-media.info\/index.php\/wp-json\/wp\/v2\/comments?post=599"}],"version-history":[{"count":5,"href":"https:\/\/mob-media.info\/index.php\/wp-json\/wp\/v2\/posts\/599\/revisions"}],"predecessor-version":[{"id":2220,"href":"https:\/\/mob-media.info\/index.php\/wp-json\/wp\/v2\/posts\/599\/revisions\/2220"}],"wp:featuredmedia":[{"embeddable":true,"href":"https:\/\/mob-media.info\/index.php\/wp-json\/wp\/v2\/media\/601"}],"wp:attachment":[{"href":"https:\/\/mob-media.info\/index.php\/wp-json\/wp\/v2\/media?parent=599"}],"wp:term":[{"taxonomy":"category","embeddable":true,"href":"https:\/\/mob-media.info\/index.php\/wp-json\/wp\/v2\/categories?post=599"},{"taxonomy":"post_tag","embeddable":true,"href":"https:\/\/mob-media.info\/index.php\/wp-json\/wp\/v2\/tags?post=599"}],"curies":[{"name":"wp","href":"https:\/\/api.w.org\/{rel}","templated":true}]}}