{"id":849,"date":"2024-11-18T11:12:00","date_gmt":"2024-11-18T10:12:00","guid":{"rendered":"https:\/\/mob-media.info\/?p=849"},"modified":"2024-12-12T12:26:49","modified_gmt":"2024-12-12T11:26:49","slug":"medias-et-si-les-proprios-cetait-nous","status":"publish","type":"post","link":"https:\/\/mob-media.info\/index.php\/2024\/11\/18\/medias-et-si-les-proprios-cetait-nous\/","title":{"rendered":"M\u00e9dias : Et si les proprios c&rsquo;\u00e9tait nous ?"},"content":{"rendered":"\n<h2 class=\"wp-block-heading has-white-color has-luminous-vivid-orange-background-color has-text-color has-background has-link-color wp-elements-46e9b51c38ddf4d0d9759b3fcce194eb\"><strong>COOP-M\u00c9DIAS : ET SI LES PROPRIOS C&rsquo;\u00c9TAIT NOUS ?<\/strong> &#8211; 18\/12\/24<\/h2>\n\n\n\n<p>La <a href=\"https:\/\/www.monde-diplomatique.fr\/cartes\/PPA\">concentration des m\u00e9dias en France<\/a> est un ph\u00e9nom\u00e8ne bien connu. Des figures comme Vincent Bollor\u00e9, \u00e0 travers son empire m\u00e9diatique, contr\u00f4lent des groupes tels que Canal+, Europe 1, le Journal du Dimanche, et de nombreuses maisons d&rsquo;\u00e9dition. Cette domination s&rsquo;\u00e9tend aux manuels scolaires, aux livres de poche, et \u00e0 une part significative de la presse \u00e9crite et audiovisuelle.<\/p>\n\n\n\n<p>Face \u00e0 cette h\u00e9g\u00e9monie, des initiatives alternatives tentent d&rsquo;\u00e9merger. Parmi elles, la <a href=\"https:\/\/www.coop-medias.org\/\">Coop\u00e9rative Citoyenne Coop-m\u00e9dias<\/a>, lanc\u00e9e en octobre, incarne une nouvelle voie pour soutenir les m\u00e9dias ind\u00e9pendants.<\/p>\n\n\n\n<figure class=\"wp-block-embed is-type-video is-provider-youtube wp-block-embed-youtube wp-embed-aspect-16-9 wp-has-aspect-ratio\"><div class=\"wp-block-embed__wrapper\">\n<iframe title=\"M\u00e9dias : Et si les proprios c&#039;\u00e9tait nous ?\" width=\"950\" height=\"534\" src=\"https:\/\/www.youtube.com\/embed\/j5gaCMycrBo?start=13&#038;feature=oembed\" frameborder=\"0\" allow=\"accelerometer; autoplay; clipboard-write; encrypted-media; gyroscope; picture-in-picture; web-share\" referrerpolicy=\"strict-origin-when-cross-origin\" allowfullscreen><\/iframe>\n<\/div><\/figure>\n\n\n\n<p>Plut\u00f4t que de cr\u00e9er un nouveau m\u00e9dia, les fondateurs de Coop-m\u00e9dias ont opt\u00e9 pour la mise en place d&rsquo;une Soci\u00e9t\u00e9 Coop\u00e9rative d&rsquo;Int\u00e9r\u00eat Collectif (SCIC). Ce mod\u00e8le permet de rassembler autour de la m\u00eame table des acteurs vari\u00e9s : des structures de l&rsquo;\u00e9conomie sociale et solidaire (ESS), des m\u00e9dias ind\u00e9pendants, des citoyens, des ONG et des coop\u00e9ratives.<\/p>\n\n\n\n<p>\u00ab\u00a0<em>Au d\u00e9part, on s&rsquo;est demand\u00e9 si on devait cr\u00e9er un m\u00e9dia, mais on a vite \u00e9vacu\u00e9 cette id\u00e9e<\/em>\u00ab\u00a0, explique Lucie Anizon, directrice g\u00e9n\u00e9rale de la coop\u00e9rative. \u00ab\u00a0<em>Il existe d\u00e9j\u00e0 plein de m\u00e9dias, port\u00e9s par des gens dont c\u2019est le m\u00e9tier. Notre objectif \u00e9tait de trouver un v\u00e9hicule juridique qui nous permette de rassembler \u00e0 la fois des acteurs de l\u2019ESS, des m\u00e9dias ind\u00e9pendants et des citoyens engag\u00e9s.<\/em>\u00ab\u00a0<\/p>\n\n\n\n<p>Contrairement \u00e0 une SCOP (r\u00e9serv\u00e9e aux salari\u00e9s) ou \u00e0 une coop\u00e9rative de consommateurs (o\u00f9 seuls les clients participent), la SCIC int\u00e8gre toutes les parties prenantes int\u00e9ress\u00e9es par le projet. Chaque soci\u00e9taire, qu\u2019il soit citoyen, organisation ou m\u00e9dia, peut acheter une part sociale de 100 euros et dispose d\u2019une voix au sein de l\u2019assembl\u00e9e g\u00e9n\u00e9rale, ind\u00e9pendamment du nombre de parts d\u00e9tenues.<\/p>\n\n\n\n<p>\u00ab\u00a0<em>Ce qu&rsquo;on voulait, c&rsquo;\u00e9tait vraiment permettre \u00e0 toutes les parties prenantes d&rsquo;avoir une voix au chapitre<\/em>\u00ab\u00a0, pr\u00e9cise Lucie Anizon. \u00ab\u00a0<em>Pas uniquement les salari\u00e9s, comme dans une SCOP, mais aussi les ONG, les journalistes, les coop\u00e9ratives, les lecteurs et les citoyens concern\u00e9s par la libert\u00e9 de la presse.<\/em>\u00ab\u00a0<\/p>\n\n\n\n<h3 class=\"wp-block-heading\"><strong>Un financement participatif au service de l\u2019ind\u00e9pendance<\/strong><\/h3>\n\n\n\n<p>Le financement de Coop-m\u00e9dias repose sur des lev\u00e9es de fonds permanentes. Depuis le lancement en octobre, la coop\u00e9rative a d\u00e9j\u00e0 collect\u00e9 environ 250 000 euros, r\u00e9unissant pr\u00e8s de 800 \u00e0 900 soci\u00e9taires. L&rsquo;objectif est ambitieux : lever 2 \u00e0 3 millions d&rsquo;euros la premi\u00e8re ann\u00e9e.<\/p>\n\n\n\n<p>\u00ab\u00a0<em>On a lanc\u00e9 le 9 octobre, et aujourd&rsquo;hui, on a d\u00e9j\u00e0 collect\u00e9 250 000 euros avec pr\u00e8s de 900 soci\u00e9taires<\/em>\u00ab\u00a0, se f\u00e9licite Lucie Anizon. \u00ab\u00a0<em>C&rsquo;est un bon d\u00e9but, mais on a des ambitions importantes, avec une collecte permanente qui nous permettra de soutenir les m\u00e9dias sur le long terme. L&rsquo;objectif est d&rsquo;atteindre 2 \u00e0 3 millions d&rsquo;euros d\u00e8s la premi\u00e8re ann\u00e9e.<\/em>\u00ab\u00a0<\/p>\n\n\n\n<p>Ces fonds sont ensuite investis pour soutenir les m\u00e9dias ind\u00e9pendants \u00e0 travers divers projets :<\/p>\n\n\n\n<ul class=\"wp-block-list\">\n<li><strong>Soutien financier direct aux m\u00e9dias<\/strong> : subventions et aides \u00e9conomiques.<\/li>\n\n\n\n<li><strong>Mise en commun d&rsquo;outils<\/strong> : mutualisation des ressources pour r\u00e9duire les co\u00fbts de fonctionnement de chaque m\u00e9dia.<\/li>\n\n\n\n<li><strong>Visibilit\u00e9 et communication<\/strong> : mise en avant des m\u00e9dias ind\u00e9pendants via une newsletter, un portail web et une revue sp\u00e9cialis\u00e9e.<\/li>\n\n\n\n<li><strong>Plaidoyer et \u00e9ducation populaire<\/strong> : sensibilisation sur l\u2019importance des m\u00e9dias ind\u00e9pendants au sein de la d\u00e9mocratie.<\/li>\n<\/ul>\n\n\n\n<p>\u00ab\u00a0<em>Notre ambition n&rsquo;est pas de renforcer les m\u00e9dias pour eux-m\u00eames, mais de renforcer un pilier d\u00e9mocratique essentiel, \u00e0 savoir l\u2019ind\u00e9pendance des m\u00e9dias<\/em>\u00ab\u00a0, insiste Lucie Anizon. \u00ab\u00a0<em>Il ne s&rsquo;agit pas de faire pour les m\u00e9dias sans eux, mais de construire ce projet avec eux.<\/em>\u00ab\u00a0<\/p>\n\n\n\n<p>Les capitaux collect\u00e9s sont plac\u00e9s et g\u00e9n\u00e8rent des int\u00e9r\u00eats. Ce syst\u00e8me de \u00ab\u00a0capital-investissement\u00a0\u00bb permet de financer les projets tout en assurant une rentabilit\u00e9 du capital initial. \u00c0 terme, l&rsquo;objectif est d&rsquo;atteindre l&rsquo;autofinancement complet de Coop M\u00e9dias et de la presse ind\u00e9pendante.<\/p>\n\n\n\n<p>\u00ab\u00a0<em>Les fonds collect\u00e9s ne dorment pas<\/em>\u00ab\u00a0, assure Lucie Anizon. \u00ab\u00a0<em>Ils sont plac\u00e9s sur des comptes qui g\u00e9n\u00e8rent des int\u00e9r\u00eats. Ces int\u00e9r\u00eats permettent de financer des projets et de soutenir la presse ind\u00e9pendante sans entamer le capital initial. Ce mod\u00e8le de capital-investissement est au c\u0153ur de notre strat\u00e9gie d&rsquo;autofinancement.<\/em>\u00ab\u00a0<\/p>\n\n\n\n<h3 class=\"wp-block-heading\"><strong>Un projet au service de la d\u00e9mocratie<\/strong><\/h3>\n\n\n\n<p>Le projet Coop-m\u00e9dias ne vise pas seulement \u00e0 renforcer les m\u00e9dias pour eux-m\u00eames, mais \u00e0 solidifier un pilier essentiel de la d\u00e9mocratie : l\u2019ind\u00e9pendance de la presse. En tissant des liens \u00e9troits avec des acteurs de l&rsquo;ESS, des ONG, des citoyens et des m\u00e9dias ind\u00e9pendants, la coop\u00e9rative veut r\u00e9tablir l&rsquo;\u00e9quilibre face \u00e0 la domination des grands groupes de presse.<\/p>\n\n\n\n<p>\u00ab\u00a0<em>On a \u00e9t\u00e9 tr\u00e8s bien re\u00e7us par la communaut\u00e9 des m\u00e9dias ind\u00e9pendants<\/em>\u00ab\u00a0, affirme Lucie Anizon. \u00ab\u00a0<em>De nombreux m\u00e9dias nous ont rejoints et d&rsquo;autres nous contactent chaque jour. Notre approche est collective : on est venus avec un projet d\u00e9j\u00e0 pens\u00e9, mais on a laiss\u00e9 la place \u00e0 la co-construction avec eux.<\/em>\u00ab\u00a0<\/p>\n\n\n\n<p>Gr\u00e2ce \u00e0 cette d\u00e9marche participative, Coop-m\u00e9dias r\u00e9unit d\u00e9j\u00e0 une \u00ab\u00a0belle brochette de m\u00e9dias ind\u00e9pendants\u00a0\u00bb, selon Lucie Anizon. \u00ab\u00a0<em>Chaque acteur n&rsquo;est pas l\u00e0 pour d\u00e9fendre ses int\u00e9r\u00eats propres, mais pour d\u00e9fendre ensemble la cause de l\u2019ind\u00e9pendance des m\u00e9dias<\/em>\u00ab\u00a0, pr\u00e9cise-t-elle.<\/p>\n\n\n\n<p>Ce mod\u00e8le inspir\u00e9 d&rsquo;autres secteurs de l&rsquo;ESS, comme l&rsquo;\u00e9nergie ou la mobilit\u00e9, pourrait bien devenir un mod\u00e8le de r\u00e9f\u00e9rence pour l\u2019avenir des m\u00e9dias libres. \u00ab\u00a0<em>On peut prendre exemple sur des initiatives comme Enercoop, qui regroupe des consommateurs, des producteurs d&rsquo;\u00e9nergie et des partenaires dans son conseil d&rsquo;administration<\/em>\u00ab\u00a0, explique Lucie Anizon. \u00ab\u00a0<em>Aujourd&rsquo;hui, Enercoop a 100 000 clients et l\u00e8ve chaque ann\u00e9e 3 \u00e0 4 millions d&rsquo;euros. Nous voulons suivre ce chemin et faire de Coop-m\u00e9dias un mod\u00e8le durable.<\/em>\u00ab\u00a0<\/p>\n\n\n\n<p>Si vous souhaitez participer, soutenir le projet ou simplement en savoir plus, il est possible de <a href=\"https:\/\/www.coop-medias.org\/devenir-societaire\">devenir soci\u00e9taire de Coop-m\u00e9dias<\/a> pour un montant minimum de 100 euros. Une initiative accessible \u00e0 tous, qui permet de d\u00e9fendre une information libre et ind\u00e9pendante, \u00e0 l&rsquo;abri des grands empires m\u00e9diatiques. Un pas que MOB a d\u00e9j\u00e0 franchi !<\/p>\n\n\n\n<p>&#8211;<\/p>\n\n\n\n<p><strong>R\u00e9alisation et montage : Perrine Bontemps<\/strong><\/p>\n","protected":false},"excerpt":{"rendered":"<p>COOP-M\u00c9DIAS : ET SI LES PROPRIOS C&rsquo;\u00c9TAIT NOUS ? &#8211; 18\/12\/24 La concentration des m\u00e9dias en France est un ph\u00e9nom\u00e8ne bien connu. Des figures comme Vincent Bollor\u00e9, \u00e0 travers son empire m\u00e9diatique, contr\u00f4lent des groupes tels que Canal+, Europe 1, le Journal du Dimanche, et de nombreuses maisons d&rsquo;\u00e9dition. Cette domination s&rsquo;\u00e9tend aux manuels scolaires, &hellip; <\/p>\n<p class=\"link-more\"><a href=\"https:\/\/mob-media.info\/index.php\/2024\/11\/18\/medias-et-si-les-proprios-cetait-nous\/\" class=\"more-link\">Lire la suite de<span class=\"screen-reader-text\">\u00ab\u00a0M\u00e9dias : Et si les proprios c&rsquo;\u00e9tait nous ?\u00a0\u00bb<\/span><\/a><\/p>\n","protected":false},"author":3,"featured_media":850,"comment_status":"closed","ping_status":"open","sticky":false,"template":"","format":"standard","meta":{"footnotes":""},"categories":[18,10,8,4],"tags":[],"class_list":["post-849","post","type-post","status-publish","format-standard","has-post-thumbnail","hentry","category-entretien","category-medias","category-travail","category-video"],"featured_media_urls":{"thumbnail":["https:\/\/mob-media.info\/wp-content\/uploads\/2024\/12\/maxresVertical-9-e1733739622809-150x150.png",150,150,true],"medium":["https:\/\/mob-media.info\/wp-content\/uploads\/2024\/12\/maxresVertical-9-e1733739622809-296x300.png",296,300,true],"medium_large":["https:\/\/mob-media.info\/wp-content\/uploads\/2024\/12\/maxresVertical-9-e1733739622809.png",450,456,false],"large":["https:\/\/mob-media.info\/wp-content\/uploads\/2024\/12\/maxresVertical-9-e1733739622809.png",450,456,false],"1536x1536":["https:\/\/mob-media.info\/wp-content\/uploads\/2024\/12\/maxresVertical-9-e1733739622809.png",450,456,false],"2048x2048":["https:\/\/mob-media.info\/wp-content\/uploads\/2024\/12\/maxresVertical-9-e1733739622809.png",450,456,false],"inspiro-featured-image":["https:\/\/mob-media.info\/wp-content\/uploads\/2024\/12\/maxresVertical-9-e1733739622809.png",450,456,false],"inspiro-loop":["https:\/\/mob-media.info\/wp-content\/uploads\/2024\/12\/maxresVertical-9-e1733739622809-450x320.png",450,320,true],"inspiro-loop@2x":["https:\/\/mob-media.info\/wp-content\/uploads\/2024\/12\/maxresVertical-9-450x640.png",450,640,true],"portfolio_item-thumbnail":["https:\/\/mob-media.info\/wp-content\/uploads\/2024\/12\/maxresVertical-9-e1733739622809-450x400.png",450,400,true],"portfolio_item-thumbnail@2x":["https:\/\/mob-media.info\/wp-content\/uploads\/2024\/12\/maxresVertical-9-e1733739622809.png",450,456,false],"portfolio_item-masonry":["https:\/\/mob-media.info\/wp-content\/uploads\/2024\/12\/maxresVertical-9-e1733739622809.png",450,456,false],"portfolio_item-masonry@2x":["https:\/\/mob-media.info\/wp-content\/uploads\/2024\/12\/maxresVertical-9-e1733739622809.png",450,456,false],"portfolio_item-thumbnail_cinema":["https:\/\/mob-media.info\/wp-content\/uploads\/2024\/12\/maxresVertical-9-e1733739622809-450x335.png",450,335,true],"portfolio_item-thumbnail_portrait":["https:\/\/mob-media.info\/wp-content\/uploads\/2024\/12\/maxresVertical-9-e1733739622809.png",450,456,false],"portfolio_item-thumbnail_portrait@2x":["https:\/\/mob-media.info\/wp-content\/uploads\/2024\/12\/maxresVertical-9-e1733739622809.png",450,456,false],"portfolio_item-thumbnail_square":["https:\/\/mob-media.info\/wp-content\/uploads\/2024\/12\/maxresVertical-9-e1733739622809.png",450,456,false]},"_links":{"self":[{"href":"https:\/\/mob-media.info\/index.php\/wp-json\/wp\/v2\/posts\/849","targetHints":{"allow":["GET"]}}],"collection":[{"href":"https:\/\/mob-media.info\/index.php\/wp-json\/wp\/v2\/posts"}],"about":[{"href":"https:\/\/mob-media.info\/index.php\/wp-json\/wp\/v2\/types\/post"}],"author":[{"embeddable":true,"href":"https:\/\/mob-media.info\/index.php\/wp-json\/wp\/v2\/users\/3"}],"replies":[{"embeddable":true,"href":"https:\/\/mob-media.info\/index.php\/wp-json\/wp\/v2\/comments?post=849"}],"version-history":[{"count":6,"href":"https:\/\/mob-media.info\/index.php\/wp-json\/wp\/v2\/posts\/849\/revisions"}],"predecessor-version":[{"id":1039,"href":"https:\/\/mob-media.info\/index.php\/wp-json\/wp\/v2\/posts\/849\/revisions\/1039"}],"wp:featuredmedia":[{"embeddable":true,"href":"https:\/\/mob-media.info\/index.php\/wp-json\/wp\/v2\/media\/850"}],"wp:attachment":[{"href":"https:\/\/mob-media.info\/index.php\/wp-json\/wp\/v2\/media?parent=849"}],"wp:term":[{"taxonomy":"category","embeddable":true,"href":"https:\/\/mob-media.info\/index.php\/wp-json\/wp\/v2\/categories?post=849"},{"taxonomy":"post_tag","embeddable":true,"href":"https:\/\/mob-media.info\/index.php\/wp-json\/wp\/v2\/tags?post=849"}],"curies":[{"name":"wp","href":"https:\/\/api.w.org\/{rel}","templated":true}]}}